{"id":78259,"date":"2022-04-01T20:10:25","date_gmt":"2022-04-02T01:10:25","guid":{"rendered":"https:\/\/futbolhoy.co\/?p=78259"},"modified":"2022-04-02T16:12:14","modified_gmt":"2022-04-02T21:12:14","slug":"lasarte-no-va-mas-en-chile","status":"publish","type":"post","link":"https:\/\/futbolhoy.co\/index.php\/2022\/04\/01\/lasarte-no-va-mas-en-chile\/","title":{"rendered":"Lasarte no va m\u00e1s en Chile"},"content":{"rendered":"<p style=\"text-align: justify;\"><span style=\"font-family: helvetica, arial, sans-serif;\">El entrenador uruguayo\u00a0<b>Mart\u00edn Lasarte<\/b>\u00a0fue destituido como\u00a0<b>seleccionador de Chile<\/b>, tras no lograr el objetivo de llevar al equipo austral al\u00a0<b>Mundial de Qatar 2022<\/b>, anunci\u00f3 el director deportivo de la\u00a0<b>Asociaci\u00f3n Nacional de F\u00fatbol Profesional (ANFP), Francis Cagigao<\/b>.<\/span><\/p>\n<p style=\"text-align: justify;\"><span style=\"font-family: helvetica, arial, sans-serif;\">\u201cHe estado en conversaciones con Mart\u00edn Lasarte, director t\u00e9cnico de la selecci\u00f3n chilena, y con\u00a0<b>Pablo Milad,<\/b>\u00a0el presidente de la ANFP y\u00a0<b>Federaci\u00f3n Chilena<\/b>. Hemos llegado a un consenso conjuntamente las tres partes de que no se renovar\u00e1 el contrato del entrenador\u201d, inform\u00f3 el dirigente.<\/span><\/p>\n<p style=\"text-align: justify;\"><span style=\"font-family: helvetica, arial, sans-serif;\">\u201cQuiero personalmente agradecer a Mart\u00edn. No vamos a olvidar que llega en plena pandemia a\u00a0<b>Chile<\/b>. Hab\u00eda muchos obst\u00e1culos y queda para un profundo an\u00e1lisis del f\u00fatbol chileno\u201d, agreg\u00f3 Cagigao.<\/span><\/p>\n<p style=\"text-align: justify;\"><span style=\"font-family: helvetica, arial, sans-serif;\">En conferencia de prensa desde la sede de la\u00a0<b>ANFP<\/b>, el dirigente manifest\u00f3 su voluntad de apresurar la elecci\u00f3n de un nuevo entrenador para el equipo de le estrella solitaria y no esperar a las elecciones del organismo.<\/span><\/p>\n<p style=\"text-align: justify;\"><span style=\"font-family: helvetica, arial, sans-serif;\">\u201cLo mejor para el f\u00fatbol chileno es que en forma inmediata se intente formar una comisi\u00f3n, l\u00f3gicamente conmigo y con el actual presidente, que sean los candidatos de las futuras selecciones o no, que lo decidan ellos. Pero que haya una comisi\u00f3n que trabaje de cara a la contrataci\u00f3n del nuevo director t\u00e9cnico\u201d, sostuvo.<\/span><\/p>\n<p style=\"text-align: justify;\"><span style=\"font-family: helvetica, arial, sans-serif;\">Desde ya la prensa adelant\u00f3 algunos de los candidatos a ocupar el banquillo de\u00a0<b>\u2018La Roja\u2019<\/b>, liderados por el chileno\u00a0<b>Manuel Pellegrini, del Betis espa\u00f1ol<\/b>; y los argentinos\u00a0<b>Sebasti\u00e1n Beccacece de Defensa y Justicia, y Eduardo Berizzo<\/b>, actualmente sin equipo.<\/span><\/p>\n","protected":false},"excerpt":{"rendered":"<p>El entrenador uruguayo\u00a0Mart\u00edn Lasarte\u00a0fue destituido como\u00a0seleccionador de Chile, tras no lograr el objetivo de llevar al equipo austral al\u00a0Mundial de Qatar 2022, anunci\u00f3 el director deportivo de la\u00a0Asociaci\u00f3n Nacional de F\u00fatbol Profesional (ANFP), Francis Cagigao. \u201cHe estado en conversaciones con Mart\u00edn Lasarte, director t\u00e9cnico de la selecci\u00f3n chilena, y con\u00a0Pablo Milad,\u00a0el presidente de la ANFP [&hellip;]<\/p>\n","protected":false},"author":5,"featured_media":78267,"comment_status":"open","ping_status":"open","sticky":false,"template":"","format":"standard","meta":{"_acf_changed":false,"footnotes":""},"categories":[152],"tags":[],"class_list":{"0":"post-78259","1":"post","2":"type-post","3":"status-publish","4":"format-standard","5":"has-post-thumbnail","7":"category-mundo-futbol"},"acf":[],"yoast_head":"<!-- This site is optimized with the Yoast SEO plugin v26.8 - https:\/\/yoast.com\/product\/yoast-seo-wordpress\/ -->\n<title>Lasarte no va m\u00e1s en Chile -<\/title>\n<meta name=\"robots\" content=\"index, follow, max-snippet:-1, max-image-preview:large, max-video-preview:-1\" \/>\n<link rel=\"canonical\" href=\"https:\/\/futbolhoy.co\/index.php\/2022\/04\/01\/lasarte-no-va-mas-en-chile\/\" \/>\n<meta property=\"og:locale\" content=\"es_ES\" \/>\n<meta property=\"og:type\" content=\"article\" \/>\n<meta property=\"og:title\" content=\"Lasarte no va m\u00e1s en Chile -\" \/>\n<meta property=\"og:description\" content=\"El entrenador uruguayo\u00a0Mart\u00edn Lasarte\u00a0fue destituido como\u00a0seleccionador de Chile, tras no lograr el objetivo de llevar al equipo austral al\u00a0Mundial de Qatar 2022, anunci\u00f3 el director deportivo de la\u00a0Asociaci\u00f3n Nacional de F\u00fatbol Profesional (ANFP), Francis Cagigao. \u201cHe estado en conversaciones con Mart\u00edn Lasarte, director t\u00e9cnico de la selecci\u00f3n chilena, y con\u00a0Pablo Milad,\u00a0el presidente de la ANFP [&hellip;]\" \/>\n<meta property=\"og:url\" content=\"https:\/\/futbolhoy.co\/index.php\/2022\/04\/01\/lasarte-no-va-mas-en-chile\/\" \/>\n<meta property=\"article:publisher\" content=\"https:\/\/www.facebook.com\/FutbolHoyCol\/\" \/>\n<meta property=\"article:published_time\" content=\"2022-04-02T01:10:25+00:00\" \/>\n<meta property=\"article:modified_time\" content=\"2022-04-02T21:12:14+00:00\" \/>\n<meta property=\"og:image\" content=\"https:\/\/futbolhoy.co\/wp-content\/uploads\/2022\/04\/FPTHmDxXMAUA7KO.png\" \/>\n\t<meta property=\"og:image:width\" content=\"679\" \/>\n\t<meta property=\"og:image:height\" content=\"419\" \/>\n\t<meta property=\"og:image:type\" content=\"image\/png\" \/>\n<meta name=\"author\" content=\"Laura Hern\u00e1ndez\" \/>\n<meta name=\"twitter:card\" content=\"summary_large_image\" \/>\n<meta name=\"twitter:creator\" content=\"@FutbolHoyCol\" \/>\n<meta name=\"twitter:site\" content=\"@FutbolHoyCol\" \/>\n<meta name=\"twitter:label1\" content=\"Escrito por\" \/>\n\t<meta name=\"twitter:data1\" content=\"Laura Hern\u00e1ndez\" \/>\n\t<meta name=\"twitter:label2\" content=\"Tiempo de lectura\" \/>\n\t<meta name=\"twitter:data2\" content=\"2 minutos\" \/>\n<script type=\"application\/ld+json\" class=\"yoast-schema-graph\">{\"@context\":\"https:\/\/schema.org\",\"@graph\":[{\"@type\":\"Article\",\"@id\":\"https:\/\/futbolhoy.co\/index.php\/2022\/04\/01\/lasarte-no-va-mas-en-chile\/#article\",\"isPartOf\":{\"@id\":\"https:\/\/futbolhoy.co\/index.php\/2022\/04\/01\/lasarte-no-va-mas-en-chile\/\"},\"author\":{\"name\":\"Laura Hern\u00e1ndez\",\"@id\":\"https:\/\/futbolhoy.co\/#\/schema\/person\/c4a353a512b127643723a34bb1812f7d\"},\"headline\":\"Lasarte no va m\u00e1s en Chile\",\"datePublished\":\"2022-04-02T01:10:25+00:00\",\"dateModified\":\"2022-04-02T21:12:14+00:00\",\"mainEntityOfPage\":{\"@id\":\"https:\/\/futbolhoy.co\/index.php\/2022\/04\/01\/lasarte-no-va-mas-en-chile\/\"},\"wordCount\":275,\"commentCount\":0,\"publisher\":{\"@id\":\"https:\/\/futbolhoy.co\/#organization\"},\"image\":{\"@id\":\"https:\/\/futbolhoy.co\/index.php\/2022\/04\/01\/lasarte-no-va-mas-en-chile\/#primaryimage\"},\"thumbnailUrl\":\"https:\/\/futbolhoy.co\/wp-content\/uploads\/2022\/04\/FPTHmDxXMAUA7KO.png\",\"articleSection\":[\"Mundo Futbol\"],\"inLanguage\":\"es\",\"potentialAction\":[{\"@type\":\"CommentAction\",\"name\":\"Comment\",\"target\":[\"https:\/\/futbolhoy.co\/index.php\/2022\/04\/01\/lasarte-no-va-mas-en-chile\/#respond\"]}]},{\"@type\":\"WebPage\",\"@id\":\"https:\/\/futbolhoy.co\/index.php\/2022\/04\/01\/lasarte-no-va-mas-en-chile\/\",\"url\":\"https:\/\/futbolhoy.co\/index.php\/2022\/04\/01\/lasarte-no-va-mas-en-chile\/\",\"name\":\"Lasarte no va m\u00e1s en Chile -\",\"isPartOf\":{\"@id\":\"https:\/\/futbolhoy.co\/#website\"},\"primaryImageOfPage\":{\"@id\":\"https:\/\/futbolhoy.co\/index.php\/2022\/04\/01\/lasarte-no-va-mas-en-chile\/#primaryimage\"},\"image\":{\"@id\":\"https:\/\/futbolhoy.co\/index.php\/2022\/04\/01\/lasarte-no-va-mas-en-chile\/#primaryimage\"},\"thumbnailUrl\":\"https:\/\/futbolhoy.co\/wp-content\/uploads\/2022\/04\/FPTHmDxXMAUA7KO.png\",\"datePublished\":\"2022-04-02T01:10:25+00:00\",\"dateModified\":\"2022-04-02T21:12:14+00:00\",\"breadcrumb\":{\"@id\":\"https:\/\/futbolhoy.co\/index.php\/2022\/04\/01\/lasarte-no-va-mas-en-chile\/#breadcrumb\"},\"inLanguage\":\"es\",\"potentialAction\":[{\"@type\":\"ReadAction\",\"target\":[\"https:\/\/futbolhoy.co\/index.php\/2022\/04\/01\/lasarte-no-va-mas-en-chile\/\"]}]},{\"@type\":\"ImageObject\",\"inLanguage\":\"es\",\"@id\":\"https:\/\/futbolhoy.co\/index.php\/2022\/04\/01\/lasarte-no-va-mas-en-chile\/#primaryimage\",\"url\":\"https:\/\/futbolhoy.co\/wp-content\/uploads\/2022\/04\/FPTHmDxXMAUA7KO.png\",\"contentUrl\":\"https:\/\/futbolhoy.co\/wp-content\/uploads\/2022\/04\/FPTHmDxXMAUA7KO.png\",\"width\":679,\"height\":419},{\"@type\":\"BreadcrumbList\",\"@id\":\"https:\/\/futbolhoy.co\/index.php\/2022\/04\/01\/lasarte-no-va-mas-en-chile\/#breadcrumb\",\"itemListElement\":[{\"@type\":\"ListItem\",\"position\":1,\"name\":\"Portada\",\"item\":\"https:\/\/futbolhoy.co\/\"},{\"@type\":\"ListItem\",\"position\":2,\"name\":\"Lasarte no va m\u00e1s en Chile\"}]},{\"@type\":\"WebSite\",\"@id\":\"https:\/\/futbolhoy.co\/#website\",\"url\":\"https:\/\/futbolhoy.co\/\",\"name\":\"FutbolHoy\",\"description\":\"\",\"publisher\":{\"@id\":\"https:\/\/futbolhoy.co\/#organization\"},\"potentialAction\":[{\"@type\":\"SearchAction\",\"target\":{\"@type\":\"EntryPoint\",\"urlTemplate\":\"https:\/\/futbolhoy.co\/?s={search_term_string}\"},\"query-input\":{\"@type\":\"PropertyValueSpecification\",\"valueRequired\":true,\"valueName\":\"search_term_string\"}}],\"inLanguage\":\"es\"},{\"@type\":\"Organization\",\"@id\":\"https:\/\/futbolhoy.co\/#organization\",\"name\":\"Futbolhoy.co\",\"url\":\"https:\/\/futbolhoy.co\/\",\"logo\":{\"@type\":\"ImageObject\",\"inLanguage\":\"es\",\"@id\":\"https:\/\/futbolhoy.co\/#\/schema\/logo\/image\/\",\"url\":\"https:\/\/futbolhoy.co\/wp-content\/uploads\/2018\/08\/17426380_1906371736249227_6326180412931521141_n.jpg\",\"contentUrl\":\"https:\/\/futbolhoy.co\/wp-content\/uploads\/2018\/08\/17426380_1906371736249227_6326180412931521141_n.jpg\",\"width\":960,\"height\":960,\"caption\":\"Futbolhoy.co\"},\"image\":{\"@id\":\"https:\/\/futbolhoy.co\/#\/schema\/logo\/image\/\"},\"sameAs\":[\"https:\/\/www.facebook.com\/FutbolHoyCol\/\",\"https:\/\/x.com\/FutbolHoyCol\",\"https:\/\/www.instagram.com\/futbolhoycol\/\"]},{\"@type\":\"Person\",\"@id\":\"https:\/\/futbolhoy.co\/#\/schema\/person\/c4a353a512b127643723a34bb1812f7d\",\"name\":\"Laura Hern\u00e1ndez\",\"image\":{\"@type\":\"ImageObject\",\"inLanguage\":\"es\",\"@id\":\"https:\/\/futbolhoy.co\/#\/schema\/person\/image\/\",\"url\":\"https:\/\/secure.gravatar.com\/avatar\/d25959a15b9b293a743f99181c7cfd01?s=96&d=mm&r=g\",\"contentUrl\":\"https:\/\/secure.gravatar.com\/avatar\/d25959a15b9b293a743f99181c7cfd01?s=96&d=mm&r=g\",\"caption\":\"Laura Hern\u00e1ndez\"}}]}<\/script>\n<!-- \/ Yoast SEO plugin. -->","yoast_head_json":{"title":"Lasarte no va m\u00e1s en Chile -","robots":{"index":"index","follow":"follow","max-snippet":"max-snippet:-1","max-image-preview":"max-image-preview:large","max-video-preview":"max-video-preview:-1"},"canonical":"https:\/\/futbolhoy.co\/index.php\/2022\/04\/01\/lasarte-no-va-mas-en-chile\/","og_locale":"es_ES","og_type":"article","og_title":"Lasarte no va m\u00e1s en Chile -","og_description":"El entrenador uruguayo\u00a0Mart\u00edn Lasarte\u00a0fue destituido como\u00a0seleccionador de Chile, tras no lograr el objetivo de llevar al equipo austral al\u00a0Mundial de Qatar 2022, anunci\u00f3 el director deportivo de la\u00a0Asociaci\u00f3n Nacional de F\u00fatbol Profesional (ANFP), Francis Cagigao. \u201cHe estado en conversaciones con Mart\u00edn Lasarte, director t\u00e9cnico de la selecci\u00f3n chilena, y con\u00a0Pablo Milad,\u00a0el presidente de la ANFP [&hellip;]","og_url":"https:\/\/futbolhoy.co\/index.php\/2022\/04\/01\/lasarte-no-va-mas-en-chile\/","article_publisher":"https:\/\/www.facebook.com\/FutbolHoyCol\/","article_published_time":"2022-04-02T01:10:25+00:00","article_modified_time":"2022-04-02T21:12:14+00:00","og_image":[{"width":679,"height":419,"url":"https:\/\/futbolhoy.co\/wp-content\/uploads\/2022\/04\/FPTHmDxXMAUA7KO.png","type":"image\/png"}],"author":"Laura Hern\u00e1ndez","twitter_card":"summary_large_image","twitter_creator":"@FutbolHoyCol","twitter_site":"@FutbolHoyCol","twitter_misc":{"Escrito por":"Laura Hern\u00e1ndez","Tiempo de lectura":"2 minutos"},"schema":{"@context":"https:\/\/schema.org","@graph":[{"@type":"Article","@id":"https:\/\/futbolhoy.co\/index.php\/2022\/04\/01\/lasarte-no-va-mas-en-chile\/#article","isPartOf":{"@id":"https:\/\/futbolhoy.co\/index.php\/2022\/04\/01\/lasarte-no-va-mas-en-chile\/"},"author":{"name":"Laura Hern\u00e1ndez","@id":"https:\/\/futbolhoy.co\/#\/schema\/person\/c4a353a512b127643723a34bb1812f7d"},"headline":"Lasarte no va m\u00e1s en Chile","datePublished":"2022-04-02T01:10:25+00:00","dateModified":"2022-04-02T21:12:14+00:00","mainEntityOfPage":{"@id":"https:\/\/futbolhoy.co\/index.php\/2022\/04\/01\/lasarte-no-va-mas-en-chile\/"},"wordCount":275,"commentCount":0,"publisher":{"@id":"https:\/\/futbolhoy.co\/#organization"},"image":{"@id":"https:\/\/futbolhoy.co\/index.php\/2022\/04\/01\/lasarte-no-va-mas-en-chile\/#primaryimage"},"thumbnailUrl":"https:\/\/futbolhoy.co\/wp-content\/uploads\/2022\/04\/FPTHmDxXMAUA7KO.png","articleSection":["Mundo Futbol"],"inLanguage":"es","potentialAction":[{"@type":"CommentAction","name":"Comment","target":["https:\/\/futbolhoy.co\/index.php\/2022\/04\/01\/lasarte-no-va-mas-en-chile\/#respond"]}]},{"@type":"WebPage","@id":"https:\/\/futbolhoy.co\/index.php\/2022\/04\/01\/lasarte-no-va-mas-en-chile\/","url":"https:\/\/futbolhoy.co\/index.php\/2022\/04\/01\/lasarte-no-va-mas-en-chile\/","name":"Lasarte no va m\u00e1s en Chile -","isPartOf":{"@id":"https:\/\/futbolhoy.co\/#website"},"primaryImageOfPage":{"@id":"https:\/\/futbolhoy.co\/index.php\/2022\/04\/01\/lasarte-no-va-mas-en-chile\/#primaryimage"},"image":{"@id":"https:\/\/futbolhoy.co\/index.php\/2022\/04\/01\/lasarte-no-va-mas-en-chile\/#primaryimage"},"thumbnailUrl":"https:\/\/futbolhoy.co\/wp-content\/uploads\/2022\/04\/FPTHmDxXMAUA7KO.png","datePublished":"2022-04-02T01:10:25+00:00","dateModified":"2022-04-02T21:12:14+00:00","breadcrumb":{"@id":"https:\/\/futbolhoy.co\/index.php\/2022\/04\/01\/lasarte-no-va-mas-en-chile\/#breadcrumb"},"inLanguage":"es","potentialAction":[{"@type":"ReadAction","target":["https:\/\/futbolhoy.co\/index.php\/2022\/04\/01\/lasarte-no-va-mas-en-chile\/"]}]},{"@type":"ImageObject","inLanguage":"es","@id":"https:\/\/futbolhoy.co\/index.php\/2022\/04\/01\/lasarte-no-va-mas-en-chile\/#primaryimage","url":"https:\/\/futbolhoy.co\/wp-content\/uploads\/2022\/04\/FPTHmDxXMAUA7KO.png","contentUrl":"https:\/\/futbolhoy.co\/wp-content\/uploads\/2022\/04\/FPTHmDxXMAUA7KO.png","width":679,"height":419},{"@type":"BreadcrumbList","@id":"https:\/\/futbolhoy.co\/index.php\/2022\/04\/01\/lasarte-no-va-mas-en-chile\/#breadcrumb","itemListElement":[{"@type":"ListItem","position":1,"name":"Portada","item":"https:\/\/futbolhoy.co\/"},{"@type":"ListItem","position":2,"name":"Lasarte no va m\u00e1s en Chile"}]},{"@type":"WebSite","@id":"https:\/\/futbolhoy.co\/#website","url":"https:\/\/futbolhoy.co\/","name":"FutbolHoy","description":"","publisher":{"@id":"https:\/\/futbolhoy.co\/#organization"},"potentialAction":[{"@type":"SearchAction","target":{"@type":"EntryPoint","urlTemplate":"https:\/\/futbolhoy.co\/?s={search_term_string}"},"query-input":{"@type":"PropertyValueSpecification","valueRequired":true,"valueName":"search_term_string"}}],"inLanguage":"es"},{"@type":"Organization","@id":"https:\/\/futbolhoy.co\/#organization","name":"Futbolhoy.co","url":"https:\/\/futbolhoy.co\/","logo":{"@type":"ImageObject","inLanguage":"es","@id":"https:\/\/futbolhoy.co\/#\/schema\/logo\/image\/","url":"https:\/\/futbolhoy.co\/wp-content\/uploads\/2018\/08\/17426380_1906371736249227_6326180412931521141_n.jpg","contentUrl":"https:\/\/futbolhoy.co\/wp-content\/uploads\/2018\/08\/17426380_1906371736249227_6326180412931521141_n.jpg","width":960,"height":960,"caption":"Futbolhoy.co"},"image":{"@id":"https:\/\/futbolhoy.co\/#\/schema\/logo\/image\/"},"sameAs":["https:\/\/www.facebook.com\/FutbolHoyCol\/","https:\/\/x.com\/FutbolHoyCol","https:\/\/www.instagram.com\/futbolhoycol\/"]},{"@type":"Person","@id":"https:\/\/futbolhoy.co\/#\/schema\/person\/c4a353a512b127643723a34bb1812f7d","name":"Laura Hern\u00e1ndez","image":{"@type":"ImageObject","inLanguage":"es","@id":"https:\/\/futbolhoy.co\/#\/schema\/person\/image\/","url":"https:\/\/secure.gravatar.com\/avatar\/d25959a15b9b293a743f99181c7cfd01?s=96&d=mm&r=g","contentUrl":"https:\/\/secure.gravatar.com\/avatar\/d25959a15b9b293a743f99181c7cfd01?s=96&d=mm&r=g","caption":"Laura Hern\u00e1ndez"}}]}},"publishpress_future_action":{"enabled":false,"date":"2026-05-06 08:22:10","action":"change-status","newStatus":"draft","terms":[],"taxonomy":"category","extraData":[]},"publishpress_future_workflow_manual_trigger":{"enabledWorkflows":[]},"_links":{"self":[{"href":"https:\/\/futbolhoy.co\/index.php\/wp-json\/wp\/v2\/posts\/78259","targetHints":{"allow":["GET"]}}],"collection":[{"href":"https:\/\/futbolhoy.co\/index.php\/wp-json\/wp\/v2\/posts"}],"about":[{"href":"https:\/\/futbolhoy.co\/index.php\/wp-json\/wp\/v2\/types\/post"}],"author":[{"embeddable":true,"href":"https:\/\/futbolhoy.co\/index.php\/wp-json\/wp\/v2\/users\/5"}],"replies":[{"embeddable":true,"href":"https:\/\/futbolhoy.co\/index.php\/wp-json\/wp\/v2\/comments?post=78259"}],"version-history":[{"count":1,"href":"https:\/\/futbolhoy.co\/index.php\/wp-json\/wp\/v2\/posts\/78259\/revisions"}],"predecessor-version":[{"id":78268,"href":"https:\/\/futbolhoy.co\/index.php\/wp-json\/wp\/v2\/posts\/78259\/revisions\/78268"}],"wp:featuredmedia":[{"embeddable":true,"href":"https:\/\/futbolhoy.co\/index.php\/wp-json\/wp\/v2\/media\/78267"}],"wp:attachment":[{"href":"https:\/\/futbolhoy.co\/index.php\/wp-json\/wp\/v2\/media?parent=78259"}],"wp:term":[{"taxonomy":"category","embeddable":true,"href":"https:\/\/futbolhoy.co\/index.php\/wp-json\/wp\/v2\/categories?post=78259"},{"taxonomy":"post_tag","embeddable":true,"href":"https:\/\/futbolhoy.co\/index.php\/wp-json\/wp\/v2\/tags?post=78259"}],"curies":[{"name":"wp","href":"https:\/\/api.w.org\/{rel}","templated":true}]}}