{"id":78260,"date":"2022-04-01T20:08:01","date_gmt":"2022-04-02T01:08:01","guid":{"rendered":"https:\/\/futbolhoy.co\/?p=78260"},"modified":"2022-04-02T12:19:07","modified_gmt":"2022-04-02T17:19:07","slug":"colombia-femenina-ante-venezuela","status":"publish","type":"post","link":"https:\/\/futbolhoy.co\/index.php\/2022\/04\/01\/colombia-femenina-ante-venezuela\/","title":{"rendered":"Colombia femenina ante Venezuela"},"content":{"rendered":"<p style=\"text-align: justify;\"><span style=\"font-family: helvetica, arial, sans-serif;\">La volante del\u00a0<b>Atl\u00e9tico de Madrid, Leicy Santos<\/b>, lidera la lista de 12 jugadoras que militan en el extranjero y fueron convocadas a la\u00a0<b>selecci\u00f3n Colombia femenimna<\/b>\u00a0para enfrentar a\u00a0<b>Venezuela<\/b>\u00a0en dos partidos amistosos el 9 y 12 de abril en\u00a0<b>Cali<\/b>.<\/span><\/p>\n<p style=\"text-align: justify;\"><span style=\"font-family: helvetica, arial, sans-serif;\">Adem\u00e1s, en el grupo citado por el t\u00e9cnico\u00a0<b>Nelson Abad\u00eda<\/b>\u00a0se destacan la defensora\u00a0<b>Manuela Vanegas, de la Real Sociedad;\u00a0<\/b>la portera<b>\u00a0Sandra Sep\u00falveda, del Hapoel Marmorek Rehovot de Israel y\u00a0<\/b>la volante<b>\u00a0Liana Salazar, del Corinthians.<\/b><\/span><\/p>\n<p style=\"text-align: justify;\"><span style=\"font-family: helvetica, arial, sans-serif;\">Siguen sin ser llamadas\u00a0<b>Natalia Gait\u00e1n e Isabella Echeverri, del Sevilla<\/b>, la portera\u00a0<b>Vanessa C\u00f3rdoba, de Gallos Blancos de Quert\u00e9taro<\/b>, y la volante\u00a0<b>Yoreli Rinc\u00f3n, de la Sampdoria<\/b>, de quienes se ha especulado est\u00e1n vetadas por la dirigencia de la Federaci\u00f3n, y aunque esto se niega, parece evidente.<\/span><\/p>\n<p style=\"text-align: justify;\"><span style=\"font-family: helvetica, arial, sans-serif;\">Los compromisos servir\u00e1n de preparaci\u00f3n para ambos equipos de cara a la\u00a0<b>Copa Am\u00e9rica de Colombia 2022<\/b>, prevista del 8 al 30 de julio.<\/span><\/p>\n<p style=\"text-align: justify;\"><span style=\"font-family: helvetica, arial, sans-serif;\"><b>Convocatoria completa:<\/b><\/span><\/p>\n<p style=\"text-align: justify;\"><span style=\"font-family: helvetica, arial, sans-serif;\"><b>Porteras:<\/b>\u00a0Catalina P\u00e9rez (Real Betis-ESP), Stefany Casta\u00f1o (Deportivo Cali) y Sandra Sep\u00falveda (Hapoel Marmorek Rehovot-ISR).<\/span><\/p>\n<p style=\"text-align: justify;\"><span style=\"font-family: helvetica, arial, sans-serif;\"><b>Defensas:<\/b>\u00a0\u00c1ngela Clavijo (Cruzeiro-BRA), Carolina Arias (Deportivo Cali), Daniela Arias (Pachuca-MEX), Daniela Caracas (Espanyol-ESP), Jorelyn Carabal\u00ed (Deportivo Cali), Lorena Bedoya (Atl\u00e9tico Nacional), Manuela Vanegas (Real Sociedad-ESP) y Viviana Acosta (Ind. Santa Fe).<\/span><\/p>\n<p style=\"text-align: justify;\"><span style=\"font-family: helvetica, arial, sans-serif;\"><b>Volantes:<\/b>\u00a0Gabriela Huertas (Ind. Santa Fe), Daniela Montoya (Junior), Diana Ospina (Am\u00e9rica de Cali), Leicy Santos (Atl\u00e9tico de Madrid-ESP), Liana Salazar (Corinthians-BRA), Mar\u00eda Morales (Deportivo Cali), M\u00f3nica Ramos (Gremio-BRA) y Tatiana Ariza (Deportivo Cali).<\/span><\/p>\n<p style=\"text-align: justify;\"><span style=\"font-family: helvetica, arial, sans-serif;\"><b>Delanteras:<\/b>\u00a0Angie Casta\u00f1eda (C\u00e1ceres-ESP), Elexa Bhar (Racing de Santander-ESP), Catalina Usme (Am\u00e9rica de Cali) y Mayra Ram\u00edrez (Sporting Club de Huelva-ESP).<\/span><\/p>\n","protected":false},"excerpt":{"rendered":"<p>La volante del\u00a0Atl\u00e9tico de Madrid, Leicy Santos, lidera la lista de 12 jugadoras que militan en el extranjero y fueron convocadas a la\u00a0selecci\u00f3n Colombia femenimna\u00a0para enfrentar a\u00a0Venezuela\u00a0en dos partidos amistosos el 9 y 12 de abril en\u00a0Cali. Adem\u00e1s, en el grupo citado por el t\u00e9cnico\u00a0Nelson Abad\u00eda\u00a0se destacan la defensora\u00a0Manuela Vanegas, de la Real Sociedad;\u00a0la portera\u00a0Sandra [&hellip;]<\/p>\n","protected":false},"author":5,"featured_media":78264,"comment_status":"open","ping_status":"open","sticky":false,"template":"","format":"standard","meta":{"_acf_changed":false,"footnotes":""},"categories":[418],"tags":[],"class_list":{"0":"post-78260","1":"post","2":"type-post","3":"status-publish","4":"format-standard","5":"has-post-thumbnail","7":"category-colombia"},"acf":[],"yoast_head":"<!-- This site is optimized with the Yoast SEO plugin v26.8 - https:\/\/yoast.com\/product\/yoast-seo-wordpress\/ -->\n<title>Colombia femenina ante Venezuela -<\/title>\n<meta name=\"robots\" content=\"index, follow, max-snippet:-1, max-image-preview:large, max-video-preview:-1\" \/>\n<link rel=\"canonical\" href=\"https:\/\/futbolhoy.co\/index.php\/2022\/04\/01\/colombia-femenina-ante-venezuela\/\" \/>\n<meta property=\"og:locale\" content=\"es_ES\" \/>\n<meta property=\"og:type\" content=\"article\" \/>\n<meta property=\"og:title\" content=\"Colombia femenina ante Venezuela -\" \/>\n<meta property=\"og:description\" content=\"La volante del\u00a0Atl\u00e9tico de Madrid, Leicy Santos, lidera la lista de 12 jugadoras que militan en el extranjero y fueron convocadas a la\u00a0selecci\u00f3n Colombia femenimna\u00a0para enfrentar a\u00a0Venezuela\u00a0en dos partidos amistosos el 9 y 12 de abril en\u00a0Cali. Adem\u00e1s, en el grupo citado por el t\u00e9cnico\u00a0Nelson Abad\u00eda\u00a0se destacan la defensora\u00a0Manuela Vanegas, de la Real Sociedad;\u00a0la portera\u00a0Sandra [&hellip;]\" \/>\n<meta property=\"og:url\" content=\"https:\/\/futbolhoy.co\/index.php\/2022\/04\/01\/colombia-femenina-ante-venezuela\/\" \/>\n<meta property=\"article:publisher\" content=\"https:\/\/www.facebook.com\/FutbolHoyCol\/\" \/>\n<meta property=\"article:published_time\" content=\"2022-04-02T01:08:01+00:00\" \/>\n<meta property=\"article:modified_time\" content=\"2022-04-02T17:19:07+00:00\" \/>\n<meta property=\"og:image\" content=\"https:\/\/futbolhoy.co\/wp-content\/uploads\/2022\/04\/FPRatddUcAIIq3P.jpg\" \/>\n\t<meta property=\"og:image:width\" content=\"680\" \/>\n\t<meta property=\"og:image:height\" content=\"400\" \/>\n\t<meta property=\"og:image:type\" content=\"image\/jpeg\" \/>\n<meta name=\"author\" content=\"Laura Hern\u00e1ndez\" \/>\n<meta name=\"twitter:card\" content=\"summary_large_image\" \/>\n<meta name=\"twitter:creator\" content=\"@FutbolHoyCol\" \/>\n<meta name=\"twitter:site\" content=\"@FutbolHoyCol\" \/>\n<meta name=\"twitter:label1\" content=\"Escrito por\" \/>\n\t<meta name=\"twitter:data1\" content=\"Laura Hern\u00e1ndez\" \/>\n\t<meta name=\"twitter:label2\" content=\"Tiempo de lectura\" \/>\n\t<meta name=\"twitter:data2\" content=\"2 minutos\" \/>\n<script type=\"application\/ld+json\" class=\"yoast-schema-graph\">{\"@context\":\"https:\/\/schema.org\",\"@graph\":[{\"@type\":\"Article\",\"@id\":\"https:\/\/futbolhoy.co\/index.php\/2022\/04\/01\/colombia-femenina-ante-venezuela\/#article\",\"isPartOf\":{\"@id\":\"https:\/\/futbolhoy.co\/index.php\/2022\/04\/01\/colombia-femenina-ante-venezuela\/\"},\"author\":{\"name\":\"Laura Hern\u00e1ndez\",\"@id\":\"https:\/\/futbolhoy.co\/#\/schema\/person\/c4a353a512b127643723a34bb1812f7d\"},\"headline\":\"Colombia femenina ante Venezuela\",\"datePublished\":\"2022-04-02T01:08:01+00:00\",\"dateModified\":\"2022-04-02T17:19:07+00:00\",\"mainEntityOfPage\":{\"@id\":\"https:\/\/futbolhoy.co\/index.php\/2022\/04\/01\/colombia-femenina-ante-venezuela\/\"},\"wordCount\":281,\"commentCount\":0,\"publisher\":{\"@id\":\"https:\/\/futbolhoy.co\/#organization\"},\"image\":{\"@id\":\"https:\/\/futbolhoy.co\/index.php\/2022\/04\/01\/colombia-femenina-ante-venezuela\/#primaryimage\"},\"thumbnailUrl\":\"https:\/\/futbolhoy.co\/wp-content\/uploads\/2022\/04\/FPRatddUcAIIq3P.jpg\",\"articleSection\":[\"Colombia\"],\"inLanguage\":\"es\",\"potentialAction\":[{\"@type\":\"CommentAction\",\"name\":\"Comment\",\"target\":[\"https:\/\/futbolhoy.co\/index.php\/2022\/04\/01\/colombia-femenina-ante-venezuela\/#respond\"]}]},{\"@type\":\"WebPage\",\"@id\":\"https:\/\/futbolhoy.co\/index.php\/2022\/04\/01\/colombia-femenina-ante-venezuela\/\",\"url\":\"https:\/\/futbolhoy.co\/index.php\/2022\/04\/01\/colombia-femenina-ante-venezuela\/\",\"name\":\"Colombia femenina ante Venezuela -\",\"isPartOf\":{\"@id\":\"https:\/\/futbolhoy.co\/#website\"},\"primaryImageOfPage\":{\"@id\":\"https:\/\/futbolhoy.co\/index.php\/2022\/04\/01\/colombia-femenina-ante-venezuela\/#primaryimage\"},\"image\":{\"@id\":\"https:\/\/futbolhoy.co\/index.php\/2022\/04\/01\/colombia-femenina-ante-venezuela\/#primaryimage\"},\"thumbnailUrl\":\"https:\/\/futbolhoy.co\/wp-content\/uploads\/2022\/04\/FPRatddUcAIIq3P.jpg\",\"datePublished\":\"2022-04-02T01:08:01+00:00\",\"dateModified\":\"2022-04-02T17:19:07+00:00\",\"breadcrumb\":{\"@id\":\"https:\/\/futbolhoy.co\/index.php\/2022\/04\/01\/colombia-femenina-ante-venezuela\/#breadcrumb\"},\"inLanguage\":\"es\",\"potentialAction\":[{\"@type\":\"ReadAction\",\"target\":[\"https:\/\/futbolhoy.co\/index.php\/2022\/04\/01\/colombia-femenina-ante-venezuela\/\"]}]},{\"@type\":\"ImageObject\",\"inLanguage\":\"es\",\"@id\":\"https:\/\/futbolhoy.co\/index.php\/2022\/04\/01\/colombia-femenina-ante-venezuela\/#primaryimage\",\"url\":\"https:\/\/futbolhoy.co\/wp-content\/uploads\/2022\/04\/FPRatddUcAIIq3P.jpg\",\"contentUrl\":\"https:\/\/futbolhoy.co\/wp-content\/uploads\/2022\/04\/FPRatddUcAIIq3P.jpg\",\"width\":680,\"height\":400},{\"@type\":\"BreadcrumbList\",\"@id\":\"https:\/\/futbolhoy.co\/index.php\/2022\/04\/01\/colombia-femenina-ante-venezuela\/#breadcrumb\",\"itemListElement\":[{\"@type\":\"ListItem\",\"position\":1,\"name\":\"Portada\",\"item\":\"https:\/\/futbolhoy.co\/\"},{\"@type\":\"ListItem\",\"position\":2,\"name\":\"Colombia femenina ante Venezuela\"}]},{\"@type\":\"WebSite\",\"@id\":\"https:\/\/futbolhoy.co\/#website\",\"url\":\"https:\/\/futbolhoy.co\/\",\"name\":\"FutbolHoy\",\"description\":\"\",\"publisher\":{\"@id\":\"https:\/\/futbolhoy.co\/#organization\"},\"potentialAction\":[{\"@type\":\"SearchAction\",\"target\":{\"@type\":\"EntryPoint\",\"urlTemplate\":\"https:\/\/futbolhoy.co\/?s={search_term_string}\"},\"query-input\":{\"@type\":\"PropertyValueSpecification\",\"valueRequired\":true,\"valueName\":\"search_term_string\"}}],\"inLanguage\":\"es\"},{\"@type\":\"Organization\",\"@id\":\"https:\/\/futbolhoy.co\/#organization\",\"name\":\"Futbolhoy.co\",\"url\":\"https:\/\/futbolhoy.co\/\",\"logo\":{\"@type\":\"ImageObject\",\"inLanguage\":\"es\",\"@id\":\"https:\/\/futbolhoy.co\/#\/schema\/logo\/image\/\",\"url\":\"https:\/\/futbolhoy.co\/wp-content\/uploads\/2018\/08\/17426380_1906371736249227_6326180412931521141_n.jpg\",\"contentUrl\":\"https:\/\/futbolhoy.co\/wp-content\/uploads\/2018\/08\/17426380_1906371736249227_6326180412931521141_n.jpg\",\"width\":960,\"height\":960,\"caption\":\"Futbolhoy.co\"},\"image\":{\"@id\":\"https:\/\/futbolhoy.co\/#\/schema\/logo\/image\/\"},\"sameAs\":[\"https:\/\/www.facebook.com\/FutbolHoyCol\/\",\"https:\/\/x.com\/FutbolHoyCol\",\"https:\/\/www.instagram.com\/futbolhoycol\/\"]},{\"@type\":\"Person\",\"@id\":\"https:\/\/futbolhoy.co\/#\/schema\/person\/c4a353a512b127643723a34bb1812f7d\",\"name\":\"Laura Hern\u00e1ndez\",\"image\":{\"@type\":\"ImageObject\",\"inLanguage\":\"es\",\"@id\":\"https:\/\/futbolhoy.co\/#\/schema\/person\/image\/\",\"url\":\"https:\/\/secure.gravatar.com\/avatar\/d25959a15b9b293a743f99181c7cfd01?s=96&d=mm&r=g\",\"contentUrl\":\"https:\/\/secure.gravatar.com\/avatar\/d25959a15b9b293a743f99181c7cfd01?s=96&d=mm&r=g\",\"caption\":\"Laura Hern\u00e1ndez\"}}]}<\/script>\n<!-- \/ Yoast SEO plugin. -->","yoast_head_json":{"title":"Colombia femenina ante Venezuela -","robots":{"index":"index","follow":"follow","max-snippet":"max-snippet:-1","max-image-preview":"max-image-preview:large","max-video-preview":"max-video-preview:-1"},"canonical":"https:\/\/futbolhoy.co\/index.php\/2022\/04\/01\/colombia-femenina-ante-venezuela\/","og_locale":"es_ES","og_type":"article","og_title":"Colombia femenina ante Venezuela -","og_description":"La volante del\u00a0Atl\u00e9tico de Madrid, Leicy Santos, lidera la lista de 12 jugadoras que militan en el extranjero y fueron convocadas a la\u00a0selecci\u00f3n Colombia femenimna\u00a0para enfrentar a\u00a0Venezuela\u00a0en dos partidos amistosos el 9 y 12 de abril en\u00a0Cali. Adem\u00e1s, en el grupo citado por el t\u00e9cnico\u00a0Nelson Abad\u00eda\u00a0se destacan la defensora\u00a0Manuela Vanegas, de la Real Sociedad;\u00a0la portera\u00a0Sandra [&hellip;]","og_url":"https:\/\/futbolhoy.co\/index.php\/2022\/04\/01\/colombia-femenina-ante-venezuela\/","article_publisher":"https:\/\/www.facebook.com\/FutbolHoyCol\/","article_published_time":"2022-04-02T01:08:01+00:00","article_modified_time":"2022-04-02T17:19:07+00:00","og_image":[{"width":680,"height":400,"url":"https:\/\/futbolhoy.co\/wp-content\/uploads\/2022\/04\/FPRatddUcAIIq3P.jpg","type":"image\/jpeg"}],"author":"Laura Hern\u00e1ndez","twitter_card":"summary_large_image","twitter_creator":"@FutbolHoyCol","twitter_site":"@FutbolHoyCol","twitter_misc":{"Escrito por":"Laura Hern\u00e1ndez","Tiempo de lectura":"2 minutos"},"schema":{"@context":"https:\/\/schema.org","@graph":[{"@type":"Article","@id":"https:\/\/futbolhoy.co\/index.php\/2022\/04\/01\/colombia-femenina-ante-venezuela\/#article","isPartOf":{"@id":"https:\/\/futbolhoy.co\/index.php\/2022\/04\/01\/colombia-femenina-ante-venezuela\/"},"author":{"name":"Laura Hern\u00e1ndez","@id":"https:\/\/futbolhoy.co\/#\/schema\/person\/c4a353a512b127643723a34bb1812f7d"},"headline":"Colombia femenina ante Venezuela","datePublished":"2022-04-02T01:08:01+00:00","dateModified":"2022-04-02T17:19:07+00:00","mainEntityOfPage":{"@id":"https:\/\/futbolhoy.co\/index.php\/2022\/04\/01\/colombia-femenina-ante-venezuela\/"},"wordCount":281,"commentCount":0,"publisher":{"@id":"https:\/\/futbolhoy.co\/#organization"},"image":{"@id":"https:\/\/futbolhoy.co\/index.php\/2022\/04\/01\/colombia-femenina-ante-venezuela\/#primaryimage"},"thumbnailUrl":"https:\/\/futbolhoy.co\/wp-content\/uploads\/2022\/04\/FPRatddUcAIIq3P.jpg","articleSection":["Colombia"],"inLanguage":"es","potentialAction":[{"@type":"CommentAction","name":"Comment","target":["https:\/\/futbolhoy.co\/index.php\/2022\/04\/01\/colombia-femenina-ante-venezuela\/#respond"]}]},{"@type":"WebPage","@id":"https:\/\/futbolhoy.co\/index.php\/2022\/04\/01\/colombia-femenina-ante-venezuela\/","url":"https:\/\/futbolhoy.co\/index.php\/2022\/04\/01\/colombia-femenina-ante-venezuela\/","name":"Colombia femenina ante Venezuela -","isPartOf":{"@id":"https:\/\/futbolhoy.co\/#website"},"primaryImageOfPage":{"@id":"https:\/\/futbolhoy.co\/index.php\/2022\/04\/01\/colombia-femenina-ante-venezuela\/#primaryimage"},"image":{"@id":"https:\/\/futbolhoy.co\/index.php\/2022\/04\/01\/colombia-femenina-ante-venezuela\/#primaryimage"},"thumbnailUrl":"https:\/\/futbolhoy.co\/wp-content\/uploads\/2022\/04\/FPRatddUcAIIq3P.jpg","datePublished":"2022-04-02T01:08:01+00:00","dateModified":"2022-04-02T17:19:07+00:00","breadcrumb":{"@id":"https:\/\/futbolhoy.co\/index.php\/2022\/04\/01\/colombia-femenina-ante-venezuela\/#breadcrumb"},"inLanguage":"es","potentialAction":[{"@type":"ReadAction","target":["https:\/\/futbolhoy.co\/index.php\/2022\/04\/01\/colombia-femenina-ante-venezuela\/"]}]},{"@type":"ImageObject","inLanguage":"es","@id":"https:\/\/futbolhoy.co\/index.php\/2022\/04\/01\/colombia-femenina-ante-venezuela\/#primaryimage","url":"https:\/\/futbolhoy.co\/wp-content\/uploads\/2022\/04\/FPRatddUcAIIq3P.jpg","contentUrl":"https:\/\/futbolhoy.co\/wp-content\/uploads\/2022\/04\/FPRatddUcAIIq3P.jpg","width":680,"height":400},{"@type":"BreadcrumbList","@id":"https:\/\/futbolhoy.co\/index.php\/2022\/04\/01\/colombia-femenina-ante-venezuela\/#breadcrumb","itemListElement":[{"@type":"ListItem","position":1,"name":"Portada","item":"https:\/\/futbolhoy.co\/"},{"@type":"ListItem","position":2,"name":"Colombia femenina ante Venezuela"}]},{"@type":"WebSite","@id":"https:\/\/futbolhoy.co\/#website","url":"https:\/\/futbolhoy.co\/","name":"FutbolHoy","description":"","publisher":{"@id":"https:\/\/futbolhoy.co\/#organization"},"potentialAction":[{"@type":"SearchAction","target":{"@type":"EntryPoint","urlTemplate":"https:\/\/futbolhoy.co\/?s={search_term_string}"},"query-input":{"@type":"PropertyValueSpecification","valueRequired":true,"valueName":"search_term_string"}}],"inLanguage":"es"},{"@type":"Organization","@id":"https:\/\/futbolhoy.co\/#organization","name":"Futbolhoy.co","url":"https:\/\/futbolhoy.co\/","logo":{"@type":"ImageObject","inLanguage":"es","@id":"https:\/\/futbolhoy.co\/#\/schema\/logo\/image\/","url":"https:\/\/futbolhoy.co\/wp-content\/uploads\/2018\/08\/17426380_1906371736249227_6326180412931521141_n.jpg","contentUrl":"https:\/\/futbolhoy.co\/wp-content\/uploads\/2018\/08\/17426380_1906371736249227_6326180412931521141_n.jpg","width":960,"height":960,"caption":"Futbolhoy.co"},"image":{"@id":"https:\/\/futbolhoy.co\/#\/schema\/logo\/image\/"},"sameAs":["https:\/\/www.facebook.com\/FutbolHoyCol\/","https:\/\/x.com\/FutbolHoyCol","https:\/\/www.instagram.com\/futbolhoycol\/"]},{"@type":"Person","@id":"https:\/\/futbolhoy.co\/#\/schema\/person\/c4a353a512b127643723a34bb1812f7d","name":"Laura Hern\u00e1ndez","image":{"@type":"ImageObject","inLanguage":"es","@id":"https:\/\/futbolhoy.co\/#\/schema\/person\/image\/","url":"https:\/\/secure.gravatar.com\/avatar\/d25959a15b9b293a743f99181c7cfd01?s=96&d=mm&r=g","contentUrl":"https:\/\/secure.gravatar.com\/avatar\/d25959a15b9b293a743f99181c7cfd01?s=96&d=mm&r=g","caption":"Laura Hern\u00e1ndez"}}]}},"publishpress_future_action":{"enabled":false,"date":"2026-05-04 19:33:50","action":"change-status","newStatus":"draft","terms":[],"taxonomy":"category","extraData":[]},"publishpress_future_workflow_manual_trigger":{"enabledWorkflows":[]},"_links":{"self":[{"href":"https:\/\/futbolhoy.co\/index.php\/wp-json\/wp\/v2\/posts\/78260","targetHints":{"allow":["GET"]}}],"collection":[{"href":"https:\/\/futbolhoy.co\/index.php\/wp-json\/wp\/v2\/posts"}],"about":[{"href":"https:\/\/futbolhoy.co\/index.php\/wp-json\/wp\/v2\/types\/post"}],"author":[{"embeddable":true,"href":"https:\/\/futbolhoy.co\/index.php\/wp-json\/wp\/v2\/users\/5"}],"replies":[{"embeddable":true,"href":"https:\/\/futbolhoy.co\/index.php\/wp-json\/wp\/v2\/comments?post=78260"}],"version-history":[{"count":1,"href":"https:\/\/futbolhoy.co\/index.php\/wp-json\/wp\/v2\/posts\/78260\/revisions"}],"predecessor-version":[{"id":78265,"href":"https:\/\/futbolhoy.co\/index.php\/wp-json\/wp\/v2\/posts\/78260\/revisions\/78265"}],"wp:featuredmedia":[{"embeddable":true,"href":"https:\/\/futbolhoy.co\/index.php\/wp-json\/wp\/v2\/media\/78264"}],"wp:attachment":[{"href":"https:\/\/futbolhoy.co\/index.php\/wp-json\/wp\/v2\/media?parent=78260"}],"wp:term":[{"taxonomy":"category","embeddable":true,"href":"https:\/\/futbolhoy.co\/index.php\/wp-json\/wp\/v2\/categories?post=78260"},{"taxonomy":"post_tag","embeddable":true,"href":"https:\/\/futbolhoy.co\/index.php\/wp-json\/wp\/v2\/tags?post=78260"}],"curies":[{"name":"wp","href":"https:\/\/api.w.org\/{rel}","templated":true}]}}