{"id":78283,"date":"2022-04-02T12:23:28","date_gmt":"2022-04-02T17:23:28","guid":{"rendered":"https:\/\/futbolhoy.co\/?p=78283"},"modified":"2022-04-03T07:28:39","modified_gmt":"2022-04-03T12:28:39","slug":"bayern-perderia-ante-friburgo-por-jugar-con-12","status":"publish","type":"post","link":"https:\/\/futbolhoy.co\/index.php\/2022\/04\/02\/bayern-perderia-ante-friburgo-por-jugar-con-12\/","title":{"rendered":"Bayern perder\u00eda ante Friburgo por jugar con 12"},"content":{"rendered":"<p style=\"text-align: justify;\"><span style=\"font-family: helvetica, arial, sans-serif;\">El <strong>Bayern M\u00fanich<\/strong> venci\u00f3 1-4 al <strong>Friburgo<\/strong> en la jornada 28 de <strong>Bundesliga,<\/strong> ampliando su ventaja al frente de la tabla de posiciones, aunque su derrota qued\u00f3 en entredicho, al emplear, durante 20 segundos, 12 hombres en el terreno de juego.<\/span><\/p>\n<p style=\"text-align: justify;\"><span style=\"font-family: helvetica, arial, sans-serif;\">En el tr\u00e1mite del compromiso marcaron por los b\u00e1varos <strong>Leon Goretzka (58\u2019), Serge Gnabry (73\u2019),<\/strong> <strong>Kingsley Coman (82\u2019)<\/strong> y <strong>Marcel Sabitzer (90+6\u2019),<\/strong> con descuento de <strong>Nils Petersen (63\u2019).<\/strong><\/span><\/p>\n<p style=\"text-align: justify;\"><span style=\"font-family: helvetica, arial, sans-serif;\">A falta de seis jornadas para el final del campeonato, el Bayern lidera con 66 puntos la tabla de posiciones y el <strong>Borussia Dortmund<\/strong> se mantiene segundo con 57.<\/span><\/p>\n<p style=\"text-align: justify;\"><span style=\"font-family: helvetica, arial, sans-serif;\">En los minutos finales del partido, se vivi\u00f3 un extra\u00f1o incidente, cuando el \u00e1rbitro <strong>Christian Dingert<\/strong> tuvo que detener varios minutos el partido al constatar que el Bayern llevaba 20 segundos con 12 jugadores sobre el terreno de juego, con Coman, quien deb\u00eda salir y alcanz\u00f3 incluso a tocar el bal\u00f3n, y Sabitzer, su reemplazante en cancha.<\/span><\/p>\n<p style=\"text-align: justify;\"><span style=\"font-family: helvetica, arial, sans-serif;\">A\u00fan se desconoce si esta infracci\u00f3n del reglamento tendr\u00e1 consecuencias sobre el resultado del partido, pero si <strong>Friburgo<\/strong> interpone alg\u00fan recurso, seguramente ser\u00e1 victoria para el local 2-0.<\/span><\/p>\n","protected":false},"excerpt":{"rendered":"<p>El Bayern M\u00fanich venci\u00f3 1-4 al Friburgo en la jornada 28 de Bundesliga, ampliando su ventaja al frente de la tabla de posiciones, aunque su derrota qued\u00f3 en entredicho, al emplear, durante 20 segundos, 12 hombres en el terreno de juego. En el tr\u00e1mite del compromiso marcaron por los b\u00e1varos Leon Goretzka (58\u2019), Serge Gnabry [&hellip;]<\/p>\n","protected":false},"author":5,"featured_media":78284,"comment_status":"open","ping_status":"closed","sticky":false,"template":"","format":"standard","meta":{"_acf_changed":false,"footnotes":""},"categories":[152],"tags":[],"class_list":["post-78283","post","type-post","status-publish","format-standard","has-post-thumbnail","category-mundo-futbol"],"acf":[],"yoast_head":"<!-- This site is optimized with the Yoast SEO plugin v28.4 - https:\/\/yoast.com\/product\/yoast-seo-wordpress\/ -->\n<title>Bayern perder\u00eda ante Friburgo por jugar con 12 -<\/title>\n<meta name=\"robots\" content=\"index, follow, max-snippet:-1, max-image-preview:large, max-video-preview:-1\" \/>\n<link rel=\"canonical\" href=\"https:\/\/futbolhoy.co\/index.php\/2022\/04\/02\/bayern-perderia-ante-friburgo-por-jugar-con-12\/\" \/>\n<meta property=\"og:locale\" content=\"es_ES\" \/>\n<meta property=\"og:type\" content=\"article\" \/>\n<meta property=\"og:title\" content=\"Bayern perder\u00eda ante Friburgo por jugar con 12 -\" \/>\n<meta property=\"og:description\" content=\"El Bayern M\u00fanich venci\u00f3 1-4 al Friburgo en la jornada 28 de Bundesliga, ampliando su ventaja al frente de la tabla de posiciones, aunque su derrota qued\u00f3 en entredicho, al emplear, durante 20 segundos, 12 hombres en el terreno de juego. En el tr\u00e1mite del compromiso marcaron por los b\u00e1varos Leon Goretzka (58\u2019), Serge Gnabry [&hellip;]\" \/>\n<meta property=\"og:url\" content=\"https:\/\/futbolhoy.co\/index.php\/2022\/04\/02\/bayern-perderia-ante-friburgo-por-jugar-con-12\/\" \/>\n<meta property=\"article:publisher\" content=\"https:\/\/www.facebook.com\/FutbolHoyCol\/\" \/>\n<meta property=\"article:published_time\" content=\"2022-04-02T17:23:28+00:00\" \/>\n<meta property=\"article:modified_time\" content=\"2022-04-03T12:28:39+00:00\" \/>\n<meta property=\"og:image\" content=\"https:\/\/futbolhoy.co\/wp-content\/uploads\/2022\/04\/FPWcy2kWYAEeoEP-scaled.jpg\" \/>\n\t<meta property=\"og:image:width\" content=\"2560\" \/>\n\t<meta property=\"og:image:height\" content=\"1440\" \/>\n\t<meta property=\"og:image:type\" content=\"image\/jpeg\" \/>\n<meta name=\"author\" content=\"Laura Hern\u00e1ndez\" \/>\n<meta name=\"twitter:card\" content=\"summary_large_image\" \/>\n<meta name=\"twitter:creator\" content=\"@FutbolHoyCol\" \/>\n<meta name=\"twitter:site\" content=\"@FutbolHoyCol\" \/>\n<meta name=\"twitter:label1\" content=\"Escrito por\" \/>\n\t<meta name=\"twitter:data1\" content=\"Laura Hern\u00e1ndez\" \/>\n\t<meta name=\"twitter:label2\" content=\"Tiempo de lectura\" \/>\n\t<meta name=\"twitter:data2\" content=\"1 minuto\" \/>\n<script type=\"application\/ld+json\" class=\"yoast-schema-graph\">{\"@context\":\"https:\\\/\\\/schema.org\",\"@graph\":[{\"@type\":\"Article\",\"@id\":\"https:\\\/\\\/futbolhoy.co\\\/index.php\\\/2022\\\/04\\\/02\\\/bayern-perderia-ante-friburgo-por-jugar-con-12\\\/#article\",\"isPartOf\":{\"@id\":\"https:\\\/\\\/futbolhoy.co\\\/index.php\\\/2022\\\/04\\\/02\\\/bayern-perderia-ante-friburgo-por-jugar-con-12\\\/\"},\"author\":{\"name\":\"Laura Hern\u00e1ndez\",\"@id\":\"https:\\\/\\\/futbolhoy.co\\\/#\\\/schema\\\/person\\\/c4a353a512b127643723a34bb1812f7d\"},\"headline\":\"Bayern perder\u00eda ante Friburgo por jugar con 12\",\"datePublished\":\"2022-04-02T17:23:28+00:00\",\"dateModified\":\"2022-04-03T12:28:39+00:00\",\"mainEntityOfPage\":{\"@id\":\"https:\\\/\\\/futbolhoy.co\\\/index.php\\\/2022\\\/04\\\/02\\\/bayern-perderia-ante-friburgo-por-jugar-con-12\\\/\"},\"wordCount\":188,\"commentCount\":0,\"image\":{\"@id\":\"https:\\\/\\\/futbolhoy.co\\\/index.php\\\/2022\\\/04\\\/02\\\/bayern-perderia-ante-friburgo-por-jugar-con-12\\\/#primaryimage\"},\"thumbnailUrl\":\"https:\\\/\\\/futbolhoy.co\\\/wp-content\\\/uploads\\\/2022\\\/04\\\/FPWcy2kWYAEeoEP-scaled.jpg\",\"articleSection\":[\"Mundo Futbol\"],\"inLanguage\":\"es\",\"potentialAction\":[{\"@type\":\"CommentAction\",\"name\":\"Comment\",\"target\":[\"https:\\\/\\\/futbolhoy.co\\\/index.php\\\/2022\\\/04\\\/02\\\/bayern-perderia-ante-friburgo-por-jugar-con-12\\\/#respond\"]}]},{\"@type\":\"WebPage\",\"@id\":\"https:\\\/\\\/futbolhoy.co\\\/index.php\\\/2022\\\/04\\\/02\\\/bayern-perderia-ante-friburgo-por-jugar-con-12\\\/\",\"url\":\"https:\\\/\\\/futbolhoy.co\\\/index.php\\\/2022\\\/04\\\/02\\\/bayern-perderia-ante-friburgo-por-jugar-con-12\\\/\",\"name\":\"Bayern perder\u00eda ante Friburgo por jugar con 12 -\",\"isPartOf\":{\"@id\":\"https:\\\/\\\/futbolhoy.co\\\/#website\"},\"primaryImageOfPage\":{\"@id\":\"https:\\\/\\\/futbolhoy.co\\\/index.php\\\/2022\\\/04\\\/02\\\/bayern-perderia-ante-friburgo-por-jugar-con-12\\\/#primaryimage\"},\"image\":{\"@id\":\"https:\\\/\\\/futbolhoy.co\\\/index.php\\\/2022\\\/04\\\/02\\\/bayern-perderia-ante-friburgo-por-jugar-con-12\\\/#primaryimage\"},\"thumbnailUrl\":\"https:\\\/\\\/futbolhoy.co\\\/wp-content\\\/uploads\\\/2022\\\/04\\\/FPWcy2kWYAEeoEP-scaled.jpg\",\"datePublished\":\"2022-04-02T17:23:28+00:00\",\"dateModified\":\"2022-04-03T12:28:39+00:00\",\"author\":{\"@id\":\"https:\\\/\\\/futbolhoy.co\\\/#\\\/schema\\\/person\\\/c4a353a512b127643723a34bb1812f7d\"},\"breadcrumb\":{\"@id\":\"https:\\\/\\\/futbolhoy.co\\\/index.php\\\/2022\\\/04\\\/02\\\/bayern-perderia-ante-friburgo-por-jugar-con-12\\\/#breadcrumb\"},\"inLanguage\":\"es\",\"potentialAction\":[{\"@type\":\"ReadAction\",\"target\":[\"https:\\\/\\\/futbolhoy.co\\\/index.php\\\/2022\\\/04\\\/02\\\/bayern-perderia-ante-friburgo-por-jugar-con-12\\\/\"]}]},{\"@type\":\"ImageObject\",\"inLanguage\":\"es\",\"@id\":\"https:\\\/\\\/futbolhoy.co\\\/index.php\\\/2022\\\/04\\\/02\\\/bayern-perderia-ante-friburgo-por-jugar-con-12\\\/#primaryimage\",\"url\":\"https:\\\/\\\/futbolhoy.co\\\/wp-content\\\/uploads\\\/2022\\\/04\\\/FPWcy2kWYAEeoEP-scaled.jpg\",\"contentUrl\":\"https:\\\/\\\/futbolhoy.co\\\/wp-content\\\/uploads\\\/2022\\\/04\\\/FPWcy2kWYAEeoEP-scaled.jpg\",\"width\":2560,\"height\":1440},{\"@type\":\"BreadcrumbList\",\"@id\":\"https:\\\/\\\/futbolhoy.co\\\/index.php\\\/2022\\\/04\\\/02\\\/bayern-perderia-ante-friburgo-por-jugar-con-12\\\/#breadcrumb\",\"itemListElement\":[{\"@type\":\"ListItem\",\"position\":1,\"name\":\"Portada\",\"item\":\"https:\\\/\\\/futbolhoy.co\\\/\"},{\"@type\":\"ListItem\",\"position\":2,\"name\":\"Bayern perder\u00eda ante Friburgo por jugar con 12\"}]},{\"@type\":\"WebSite\",\"@id\":\"https:\\\/\\\/futbolhoy.co\\\/#website\",\"url\":\"https:\\\/\\\/futbolhoy.co\\\/\",\"name\":\"FutbolHoy\",\"description\":\"\",\"potentialAction\":[{\"@type\":\"SearchAction\",\"target\":{\"@type\":\"EntryPoint\",\"urlTemplate\":\"https:\\\/\\\/futbolhoy.co\\\/?s={search_term_string}\"},\"query-input\":{\"@type\":\"PropertyValueSpecification\",\"valueRequired\":true,\"valueName\":\"search_term_string\"}}],\"inLanguage\":\"es\"},{\"@type\":\"Person\",\"@id\":\"https:\\\/\\\/futbolhoy.co\\\/#\\\/schema\\\/person\\\/c4a353a512b127643723a34bb1812f7d\",\"name\":\"Laura Hern\u00e1ndez\",\"image\":{\"@type\":\"ImageObject\",\"inLanguage\":\"es\",\"@id\":\"https:\\\/\\\/secure.gravatar.com\\\/avatar\\\/1ae6b7966942c60c822ea71afe0e5cf4105b8e983193883c6d026db4d508431d?s=96&d=mm&r=g\",\"url\":\"https:\\\/\\\/secure.gravatar.com\\\/avatar\\\/1ae6b7966942c60c822ea71afe0e5cf4105b8e983193883c6d026db4d508431d?s=96&d=mm&r=g\",\"contentUrl\":\"https:\\\/\\\/secure.gravatar.com\\\/avatar\\\/1ae6b7966942c60c822ea71afe0e5cf4105b8e983193883c6d026db4d508431d?s=96&d=mm&r=g\",\"caption\":\"Laura Hern\u00e1ndez\"}}]}<\/script>\n<!-- \/ Yoast SEO plugin. -->","yoast_head_json":{"title":"Bayern perder\u00eda ante Friburgo por jugar con 12 -","robots":{"index":"index","follow":"follow","max-snippet":"max-snippet:-1","max-image-preview":"max-image-preview:large","max-video-preview":"max-video-preview:-1"},"canonical":"https:\/\/futbolhoy.co\/index.php\/2022\/04\/02\/bayern-perderia-ante-friburgo-por-jugar-con-12\/","og_locale":"es_ES","og_type":"article","og_title":"Bayern perder\u00eda ante Friburgo por jugar con 12 -","og_description":"El Bayern M\u00fanich venci\u00f3 1-4 al Friburgo en la jornada 28 de Bundesliga, ampliando su ventaja al frente de la tabla de posiciones, aunque su derrota qued\u00f3 en entredicho, al emplear, durante 20 segundos, 12 hombres en el terreno de juego. En el tr\u00e1mite del compromiso marcaron por los b\u00e1varos Leon Goretzka (58\u2019), Serge Gnabry [&hellip;]","og_url":"https:\/\/futbolhoy.co\/index.php\/2022\/04\/02\/bayern-perderia-ante-friburgo-por-jugar-con-12\/","article_publisher":"https:\/\/www.facebook.com\/FutbolHoyCol\/","article_published_time":"2022-04-02T17:23:28+00:00","article_modified_time":"2022-04-03T12:28:39+00:00","og_image":[{"width":2560,"height":1440,"url":"https:\/\/futbolhoy.co\/wp-content\/uploads\/2022\/04\/FPWcy2kWYAEeoEP-scaled.jpg","type":"image\/jpeg"}],"author":"Laura Hern\u00e1ndez","twitter_card":"summary_large_image","twitter_creator":"@FutbolHoyCol","twitter_site":"@FutbolHoyCol","twitter_misc":{"Escrito por":"Laura Hern\u00e1ndez","Tiempo de lectura":"1 minuto"},"schema":{"@context":"https:\/\/schema.org","@graph":[{"@type":"Article","@id":"https:\/\/futbolhoy.co\/index.php\/2022\/04\/02\/bayern-perderia-ante-friburgo-por-jugar-con-12\/#article","isPartOf":{"@id":"https:\/\/futbolhoy.co\/index.php\/2022\/04\/02\/bayern-perderia-ante-friburgo-por-jugar-con-12\/"},"author":{"name":"Laura Hern\u00e1ndez","@id":"https:\/\/futbolhoy.co\/#\/schema\/person\/c4a353a512b127643723a34bb1812f7d"},"headline":"Bayern perder\u00eda ante Friburgo por jugar con 12","datePublished":"2022-04-02T17:23:28+00:00","dateModified":"2022-04-03T12:28:39+00:00","mainEntityOfPage":{"@id":"https:\/\/futbolhoy.co\/index.php\/2022\/04\/02\/bayern-perderia-ante-friburgo-por-jugar-con-12\/"},"wordCount":188,"commentCount":0,"image":{"@id":"https:\/\/futbolhoy.co\/index.php\/2022\/04\/02\/bayern-perderia-ante-friburgo-por-jugar-con-12\/#primaryimage"},"thumbnailUrl":"https:\/\/futbolhoy.co\/wp-content\/uploads\/2022\/04\/FPWcy2kWYAEeoEP-scaled.jpg","articleSection":["Mundo Futbol"],"inLanguage":"es","potentialAction":[{"@type":"CommentAction","name":"Comment","target":["https:\/\/futbolhoy.co\/index.php\/2022\/04\/02\/bayern-perderia-ante-friburgo-por-jugar-con-12\/#respond"]}]},{"@type":"WebPage","@id":"https:\/\/futbolhoy.co\/index.php\/2022\/04\/02\/bayern-perderia-ante-friburgo-por-jugar-con-12\/","url":"https:\/\/futbolhoy.co\/index.php\/2022\/04\/02\/bayern-perderia-ante-friburgo-por-jugar-con-12\/","name":"Bayern perder\u00eda ante Friburgo por jugar con 12 -","isPartOf":{"@id":"https:\/\/futbolhoy.co\/#website"},"primaryImageOfPage":{"@id":"https:\/\/futbolhoy.co\/index.php\/2022\/04\/02\/bayern-perderia-ante-friburgo-por-jugar-con-12\/#primaryimage"},"image":{"@id":"https:\/\/futbolhoy.co\/index.php\/2022\/04\/02\/bayern-perderia-ante-friburgo-por-jugar-con-12\/#primaryimage"},"thumbnailUrl":"https:\/\/futbolhoy.co\/wp-content\/uploads\/2022\/04\/FPWcy2kWYAEeoEP-scaled.jpg","datePublished":"2022-04-02T17:23:28+00:00","dateModified":"2022-04-03T12:28:39+00:00","author":{"@id":"https:\/\/futbolhoy.co\/#\/schema\/person\/c4a353a512b127643723a34bb1812f7d"},"breadcrumb":{"@id":"https:\/\/futbolhoy.co\/index.php\/2022\/04\/02\/bayern-perderia-ante-friburgo-por-jugar-con-12\/#breadcrumb"},"inLanguage":"es","potentialAction":[{"@type":"ReadAction","target":["https:\/\/futbolhoy.co\/index.php\/2022\/04\/02\/bayern-perderia-ante-friburgo-por-jugar-con-12\/"]}]},{"@type":"ImageObject","inLanguage":"es","@id":"https:\/\/futbolhoy.co\/index.php\/2022\/04\/02\/bayern-perderia-ante-friburgo-por-jugar-con-12\/#primaryimage","url":"https:\/\/futbolhoy.co\/wp-content\/uploads\/2022\/04\/FPWcy2kWYAEeoEP-scaled.jpg","contentUrl":"https:\/\/futbolhoy.co\/wp-content\/uploads\/2022\/04\/FPWcy2kWYAEeoEP-scaled.jpg","width":2560,"height":1440},{"@type":"BreadcrumbList","@id":"https:\/\/futbolhoy.co\/index.php\/2022\/04\/02\/bayern-perderia-ante-friburgo-por-jugar-con-12\/#breadcrumb","itemListElement":[{"@type":"ListItem","position":1,"name":"Portada","item":"https:\/\/futbolhoy.co\/"},{"@type":"ListItem","position":2,"name":"Bayern perder\u00eda ante Friburgo por jugar con 12"}]},{"@type":"WebSite","@id":"https:\/\/futbolhoy.co\/#website","url":"https:\/\/futbolhoy.co\/","name":"FutbolHoy","description":"","potentialAction":[{"@type":"SearchAction","target":{"@type":"EntryPoint","urlTemplate":"https:\/\/futbolhoy.co\/?s={search_term_string}"},"query-input":{"@type":"PropertyValueSpecification","valueRequired":true,"valueName":"search_term_string"}}],"inLanguage":"es"},{"@type":"Person","@id":"https:\/\/futbolhoy.co\/#\/schema\/person\/c4a353a512b127643723a34bb1812f7d","name":"Laura Hern\u00e1ndez","image":{"@type":"ImageObject","inLanguage":"es","@id":"https:\/\/secure.gravatar.com\/avatar\/1ae6b7966942c60c822ea71afe0e5cf4105b8e983193883c6d026db4d508431d?s=96&d=mm&r=g","url":"https:\/\/secure.gravatar.com\/avatar\/1ae6b7966942c60c822ea71afe0e5cf4105b8e983193883c6d026db4d508431d?s=96&d=mm&r=g","contentUrl":"https:\/\/secure.gravatar.com\/avatar\/1ae6b7966942c60c822ea71afe0e5cf4105b8e983193883c6d026db4d508431d?s=96&d=mm&r=g","caption":"Laura Hern\u00e1ndez"}}]}},"_links":{"self":[{"href":"https:\/\/futbolhoy.co\/index.php\/wp-json\/wp\/v2\/posts\/78283","targetHints":{"allow":["GET"]}}],"collection":[{"href":"https:\/\/futbolhoy.co\/index.php\/wp-json\/wp\/v2\/posts"}],"about":[{"href":"https:\/\/futbolhoy.co\/index.php\/wp-json\/wp\/v2\/types\/post"}],"author":[{"embeddable":true,"href":"https:\/\/futbolhoy.co\/index.php\/wp-json\/wp\/v2\/users\/5"}],"replies":[{"embeddable":true,"href":"https:\/\/futbolhoy.co\/index.php\/wp-json\/wp\/v2\/comments?post=78283"}],"version-history":[{"count":1,"href":"https:\/\/futbolhoy.co\/index.php\/wp-json\/wp\/v2\/posts\/78283\/revisions"}],"predecessor-version":[{"id":78285,"href":"https:\/\/futbolhoy.co\/index.php\/wp-json\/wp\/v2\/posts\/78283\/revisions\/78285"}],"wp:featuredmedia":[{"embeddable":true,"href":"https:\/\/futbolhoy.co\/index.php\/wp-json\/wp\/v2\/media\/78284"}],"wp:attachment":[{"href":"https:\/\/futbolhoy.co\/index.php\/wp-json\/wp\/v2\/media?parent=78283"}],"wp:term":[{"taxonomy":"category","embeddable":true,"href":"https:\/\/futbolhoy.co\/index.php\/wp-json\/wp\/v2\/categories?post=78283"},{"taxonomy":"post_tag","embeddable":true,"href":"https:\/\/futbolhoy.co\/index.php\/wp-json\/wp\/v2\/tags?post=78283"}],"curies":[{"name":"wp","href":"https:\/\/api.w.org\/{rel}","templated":true}]}}