{"id":7836,"date":"2017-10-17T16:16:01","date_gmt":"2017-10-17T21:16:01","guid":{"rendered":"http:\/\/futbolhoy.co\/?p=7836"},"modified":"2017-10-21T13:24:20","modified_gmt":"2017-10-21T18:24:20","slug":"panama-buscara-amistosos-contra-selecciones-de-peso","status":"publish","type":"post","link":"https:\/\/futbolhoy.co\/index.php\/2017\/10\/17\/panama-buscara-amistosos-contra-selecciones-de-peso\/","title":{"rendered":"Panam\u00e1 buscar\u00e1 amistosos contra selecciones de peso"},"content":{"rendered":"<p style=\"text-align: justify;\">El asistente de la selecci\u00f3n de Panam\u00e1, el colombiano<strong> \u00c9dgar &#8216;El P\u00e1nzer&#8217; Carvajal<\/strong>, asegur\u00f3 que el cuerpo t\u00e9cnico que lidera <strong>Hern\u00e1n Dar\u00edo &#8216;Bolillo&#8217; G\u00f3mez<\/strong>, pretende que los partidos amistosos del equipo previos al Mundial de Rusia sean contra equipos clasificados al torneo del pr\u00f3ximo a\u00f1o.<\/p>\n<p style=\"text-align: justify;\">\u00abNos gustar\u00eda foguearnos con equipos ya clasificados al <strong>Mundial<\/strong>, esperemos que eso se pueda dar. Lo importante es medirse a selecciones de peso que nos exijan, nos midan y miremos en qu\u00e9 nivel estamos\u00bb, declar\u00f3 &#8216;El P\u00e1nzer&#8217;, antes del amistoso que sostendr\u00e1 el martes contra <strong>Granada<\/strong>.<\/p>\n<p style=\"text-align: justify;\">Esta ser\u00e1 la primera vez que Panam\u00e1 dispute una <strong>Copa del Mundo.<\/strong><\/p>\n","protected":false},"excerpt":{"rendered":"<p>El asistente de la selecci\u00f3n de Panam\u00e1, el colombiano \u00c9dgar &#8216;El P\u00e1nzer&#8217; Carvajal, asegur\u00f3 que el cuerpo t\u00e9cnico que lidera Hern\u00e1n Dar\u00edo &#8216;Bolillo&#8217; G\u00f3mez, pretende que los partidos amistosos del equipo previos al Mundial de Rusia sean contra equipos clasificados al torneo del pr\u00f3ximo a\u00f1o. \u00abNos gustar\u00eda foguearnos con equipos ya clasificados al Mundial, esperemos [&hellip;]<\/p>\n","protected":false},"author":5,"featured_media":7837,"comment_status":"open","ping_status":"closed","sticky":false,"template":"","format":"standard","meta":{"_acf_changed":false,"footnotes":""},"categories":[152],"tags":[208],"class_list":{"0":"post-7836","1":"post","2":"type-post","3":"status-publish","4":"format-standard","5":"has-post-thumbnail","7":"category-mundo-futbol","8":"tag-seleccion-panama"},"acf":[],"_links":{"self":[{"href":"https:\/\/futbolhoy.co\/index.php\/wp-json\/wp\/v2\/posts\/7836","targetHints":{"allow":["GET"]}}],"collection":[{"href":"https:\/\/futbolhoy.co\/index.php\/wp-json\/wp\/v2\/posts"}],"about":[{"href":"https:\/\/futbolhoy.co\/index.php\/wp-json\/wp\/v2\/types\/post"}],"author":[{"embeddable":true,"href":"https:\/\/futbolhoy.co\/index.php\/wp-json\/wp\/v2\/users\/5"}],"replies":[{"embeddable":true,"href":"https:\/\/futbolhoy.co\/index.php\/wp-json\/wp\/v2\/comments?post=7836"}],"version-history":[{"count":3,"href":"https:\/\/futbolhoy.co\/index.php\/wp-json\/wp\/v2\/posts\/7836\/revisions"}],"predecessor-version":[{"id":7862,"href":"https:\/\/futbolhoy.co\/index.php\/wp-json\/wp\/v2\/posts\/7836\/revisions\/7862"}],"wp:featuredmedia":[{"embeddable":true,"href":"https:\/\/futbolhoy.co\/index.php\/wp-json\/wp\/v2\/media\/7837"}],"wp:attachment":[{"href":"https:\/\/futbolhoy.co\/index.php\/wp-json\/wp\/v2\/media?parent=7836"}],"wp:term":[{"taxonomy":"category","embeddable":true,"href":"https:\/\/futbolhoy.co\/index.php\/wp-json\/wp\/v2\/categories?post=7836"},{"taxonomy":"post_tag","embeddable":true,"href":"https:\/\/futbolhoy.co\/index.php\/wp-json\/wp\/v2\/tags?post=7836"}],"curies":[{"name":"wp","href":"https:\/\/api.w.org\/{rel}","templated":true}]}}