{"id":78396,"date":"2022-04-05T15:20:07","date_gmt":"2022-04-05T20:20:07","guid":{"rendered":"https:\/\/futbolhoy.co\/?p=78396"},"modified":"2022-04-06T06:29:52","modified_gmt":"2022-04-06T11:29:52","slug":"camilo-vargas-sera-zorro-hasta-2026","status":"publish","type":"post","link":"https:\/\/futbolhoy.co\/index.php\/2022\/04\/05\/camilo-vargas-sera-zorro-hasta-2026\/","title":{"rendered":"Camilo Vargas ser\u00e1 \u2018Zorro\u2019 hasta 2026"},"content":{"rendered":"<p style=\"text-align: justify;\"><span style=\"font-family: helvetica, arial, sans-serif;\">El portero bogotano, <strong>Camilo Vargas<\/strong>, lleg\u00f3 a un acuerdo para ampliar su contrato con <strong>Atlas<\/strong> de M\u00e9xico hasta 2026, cuando cumpla 37 a\u00f1os.<\/span><\/p>\n<p style=\"text-align: justify;\"><span style=\"font-family: helvetica, arial, sans-serif;\"><strong>Vargas<\/strong>, quien adem\u00e1s es el segundo arquero de la <strong>selecci\u00f3n Colombia,<\/strong> lleg\u00f3 al futbol azteca desde el <strong>Deportivo\u00a0Cali<\/strong>.<\/span><\/p>\n<p style=\"text-align: justify;\"><span style=\"font-family: helvetica, arial, sans-serif;\">\u201cEl hist\u00f3rico Superh\u00e9roe Colombiano, <strong>Camilo Vargas,<\/strong> seguir\u00e1 siendo Rojinegro hasta 2026. El Superh\u00e9roe de la Ciudad de la Furia\", escribi\u00f3 Atlas en sus redes sociales.<\/span><\/p>\n<p style=\"text-align: justify;\"><span style=\"font-family: helvetica, arial, sans-serif;\"><strong>Vargas<\/strong>, campe\u00f3n en el Apertura del 2021, fue exaltado como el \u2018Jugador m\u00e1s Valioso\u2019 (MVP), por su aporte para el segundo t\u00edtulo en la historia del equipo tras atajar dos penales en la definici\u00f3n de la <strong>Liga MX.<\/strong><\/span><\/p>\n<p style=\"text-align: justify;\"><span style=\"font-family: helvetica, arial, sans-serif;\">El colombiano ha disputado 97 partidos con los \u2019Zorros del Atlas\u2019, de los cuales en 34 dej\u00f3 su arco en ceros, confirmo el club.<\/span><\/p>\n","protected":false},"excerpt":{"rendered":"<p>El portero bogotano, Camilo Vargas, lleg\u00f3 a un acuerdo para ampliar su contrato con Atlas de M\u00e9xico hasta 2026, cuando cumpla 37 a\u00f1os. Vargas, quien adem\u00e1s es el segundo arquero de la selecci\u00f3n Colombia, lleg\u00f3 al futbol azteca desde el Deportivo\u00a0Cali. \u201cEl hist\u00f3rico Superh\u00e9roe Colombiano, Camilo Vargas, seguir\u00e1 siendo Rojinegro hasta 2026. El Superh\u00e9roe de [&hellip;]<\/p>\n","protected":false},"author":5,"featured_media":78397,"comment_status":"open","ping_status":"open","sticky":false,"template":"","format":"standard","meta":{"_acf_changed":false,"footnotes":""},"categories":[418],"tags":[],"class_list":{"0":"post-78396","1":"post","2":"type-post","3":"status-publish","4":"format-standard","5":"has-post-thumbnail","7":"category-colombia"},"acf":[],"yoast_head":"<!-- This site is optimized with the Yoast SEO plugin v26.8 - https:\/\/yoast.com\/product\/yoast-seo-wordpress\/ -->\n<title>Camilo Vargas ser\u00e1 \u2018Zorro\u2019 hasta 2026 -<\/title>\n<meta name=\"robots\" content=\"index, follow, max-snippet:-1, max-image-preview:large, max-video-preview:-1\" \/>\n<link rel=\"canonical\" href=\"https:\/\/futbolhoy.co\/index.php\/2022\/04\/05\/camilo-vargas-sera-zorro-hasta-2026\/\" \/>\n<meta property=\"og:locale\" content=\"es_ES\" \/>\n<meta property=\"og:type\" content=\"article\" \/>\n<meta property=\"og:title\" content=\"Camilo Vargas ser\u00e1 \u2018Zorro\u2019 hasta 2026 -\" \/>\n<meta property=\"og:description\" content=\"El portero bogotano, Camilo Vargas, lleg\u00f3 a un acuerdo para ampliar su contrato con Atlas de M\u00e9xico hasta 2026, cuando cumpla 37 a\u00f1os. Vargas, quien adem\u00e1s es el segundo arquero de la selecci\u00f3n Colombia, lleg\u00f3 al futbol azteca desde el Deportivo\u00a0Cali. \u201cEl hist\u00f3rico Superh\u00e9roe Colombiano, Camilo Vargas, seguir\u00e1 siendo Rojinegro hasta 2026. El Superh\u00e9roe de [&hellip;]\" \/>\n<meta property=\"og:url\" content=\"https:\/\/futbolhoy.co\/index.php\/2022\/04\/05\/camilo-vargas-sera-zorro-hasta-2026\/\" \/>\n<meta property=\"article:publisher\" content=\"https:\/\/www.facebook.com\/FutbolHoyCol\/\" \/>\n<meta property=\"article:published_time\" content=\"2022-04-05T20:20:07+00:00\" \/>\n<meta property=\"article:modified_time\" content=\"2022-04-06T11:29:52+00:00\" \/>\n<meta property=\"og:image\" content=\"https:\/\/futbolhoy.co\/wp-content\/uploads\/2022\/04\/FPilgh-XoA0Y8Jx.jpg\" \/>\n\t<meta property=\"og:image:width\" content=\"544\" \/>\n\t<meta property=\"og:image:height\" content=\"680\" \/>\n\t<meta property=\"og:image:type\" content=\"image\/jpeg\" \/>\n<meta name=\"author\" content=\"Laura Hern\u00e1ndez\" \/>\n<meta name=\"twitter:card\" content=\"summary_large_image\" \/>\n<meta name=\"twitter:creator\" content=\"@FutbolHoyCol\" \/>\n<meta name=\"twitter:site\" content=\"@FutbolHoyCol\" \/>\n<meta name=\"twitter:label1\" content=\"Escrito por\" \/>\n\t<meta name=\"twitter:data1\" content=\"Laura Hern\u00e1ndez\" \/>\n\t<meta name=\"twitter:label2\" content=\"Tiempo de lectura\" \/>\n\t<meta name=\"twitter:data2\" content=\"1 minuto\" \/>\n<script type=\"application\/ld+json\" class=\"yoast-schema-graph\">{\"@context\":\"https:\/\/schema.org\",\"@graph\":[{\"@type\":\"Article\",\"@id\":\"https:\/\/futbolhoy.co\/index.php\/2022\/04\/05\/camilo-vargas-sera-zorro-hasta-2026\/#article\",\"isPartOf\":{\"@id\":\"https:\/\/futbolhoy.co\/index.php\/2022\/04\/05\/camilo-vargas-sera-zorro-hasta-2026\/\"},\"author\":{\"name\":\"Laura Hern\u00e1ndez\",\"@id\":\"https:\/\/futbolhoy.co\/#\/schema\/person\/c4a353a512b127643723a34bb1812f7d\"},\"headline\":\"Camilo Vargas ser\u00e1 \u2018Zorro\u2019 hasta 2026\",\"datePublished\":\"2022-04-05T20:20:07+00:00\",\"dateModified\":\"2022-04-06T11:29:52+00:00\",\"mainEntityOfPage\":{\"@id\":\"https:\/\/futbolhoy.co\/index.php\/2022\/04\/05\/camilo-vargas-sera-zorro-hasta-2026\/\"},\"wordCount\":139,\"commentCount\":0,\"publisher\":{\"@id\":\"https:\/\/futbolhoy.co\/#organization\"},\"image\":{\"@id\":\"https:\/\/futbolhoy.co\/index.php\/2022\/04\/05\/camilo-vargas-sera-zorro-hasta-2026\/#primaryimage\"},\"thumbnailUrl\":\"https:\/\/futbolhoy.co\/wp-content\/uploads\/2022\/04\/FPilgh-XoA0Y8Jx.jpg\",\"articleSection\":[\"Colombia\"],\"inLanguage\":\"es\",\"potentialAction\":[{\"@type\":\"CommentAction\",\"name\":\"Comment\",\"target\":[\"https:\/\/futbolhoy.co\/index.php\/2022\/04\/05\/camilo-vargas-sera-zorro-hasta-2026\/#respond\"]}]},{\"@type\":\"WebPage\",\"@id\":\"https:\/\/futbolhoy.co\/index.php\/2022\/04\/05\/camilo-vargas-sera-zorro-hasta-2026\/\",\"url\":\"https:\/\/futbolhoy.co\/index.php\/2022\/04\/05\/camilo-vargas-sera-zorro-hasta-2026\/\",\"name\":\"Camilo Vargas ser\u00e1 \u2018Zorro\u2019 hasta 2026 -\",\"isPartOf\":{\"@id\":\"https:\/\/futbolhoy.co\/#website\"},\"primaryImageOfPage\":{\"@id\":\"https:\/\/futbolhoy.co\/index.php\/2022\/04\/05\/camilo-vargas-sera-zorro-hasta-2026\/#primaryimage\"},\"image\":{\"@id\":\"https:\/\/futbolhoy.co\/index.php\/2022\/04\/05\/camilo-vargas-sera-zorro-hasta-2026\/#primaryimage\"},\"thumbnailUrl\":\"https:\/\/futbolhoy.co\/wp-content\/uploads\/2022\/04\/FPilgh-XoA0Y8Jx.jpg\",\"datePublished\":\"2022-04-05T20:20:07+00:00\",\"dateModified\":\"2022-04-06T11:29:52+00:00\",\"breadcrumb\":{\"@id\":\"https:\/\/futbolhoy.co\/index.php\/2022\/04\/05\/camilo-vargas-sera-zorro-hasta-2026\/#breadcrumb\"},\"inLanguage\":\"es\",\"potentialAction\":[{\"@type\":\"ReadAction\",\"target\":[\"https:\/\/futbolhoy.co\/index.php\/2022\/04\/05\/camilo-vargas-sera-zorro-hasta-2026\/\"]}]},{\"@type\":\"ImageObject\",\"inLanguage\":\"es\",\"@id\":\"https:\/\/futbolhoy.co\/index.php\/2022\/04\/05\/camilo-vargas-sera-zorro-hasta-2026\/#primaryimage\",\"url\":\"https:\/\/futbolhoy.co\/wp-content\/uploads\/2022\/04\/FPilgh-XoA0Y8Jx.jpg\",\"contentUrl\":\"https:\/\/futbolhoy.co\/wp-content\/uploads\/2022\/04\/FPilgh-XoA0Y8Jx.jpg\",\"width\":544,\"height\":680},{\"@type\":\"BreadcrumbList\",\"@id\":\"https:\/\/futbolhoy.co\/index.php\/2022\/04\/05\/camilo-vargas-sera-zorro-hasta-2026\/#breadcrumb\",\"itemListElement\":[{\"@type\":\"ListItem\",\"position\":1,\"name\":\"Portada\",\"item\":\"https:\/\/futbolhoy.co\/\"},{\"@type\":\"ListItem\",\"position\":2,\"name\":\"Camilo Vargas ser\u00e1 \u2018Zorro\u2019 hasta 2026\"}]},{\"@type\":\"WebSite\",\"@id\":\"https:\/\/futbolhoy.co\/#website\",\"url\":\"https:\/\/futbolhoy.co\/\",\"name\":\"FutbolHoy\",\"description\":\"\",\"publisher\":{\"@id\":\"https:\/\/futbolhoy.co\/#organization\"},\"potentialAction\":[{\"@type\":\"SearchAction\",\"target\":{\"@type\":\"EntryPoint\",\"urlTemplate\":\"https:\/\/futbolhoy.co\/?s={search_term_string}\"},\"query-input\":{\"@type\":\"PropertyValueSpecification\",\"valueRequired\":true,\"valueName\":\"search_term_string\"}}],\"inLanguage\":\"es\"},{\"@type\":\"Organization\",\"@id\":\"https:\/\/futbolhoy.co\/#organization\",\"name\":\"Futbolhoy.co\",\"url\":\"https:\/\/futbolhoy.co\/\",\"logo\":{\"@type\":\"ImageObject\",\"inLanguage\":\"es\",\"@id\":\"https:\/\/futbolhoy.co\/#\/schema\/logo\/image\/\",\"url\":\"https:\/\/futbolhoy.co\/wp-content\/uploads\/2018\/08\/17426380_1906371736249227_6326180412931521141_n.jpg\",\"contentUrl\":\"https:\/\/futbolhoy.co\/wp-content\/uploads\/2018\/08\/17426380_1906371736249227_6326180412931521141_n.jpg\",\"width\":960,\"height\":960,\"caption\":\"Futbolhoy.co\"},\"image\":{\"@id\":\"https:\/\/futbolhoy.co\/#\/schema\/logo\/image\/\"},\"sameAs\":[\"https:\/\/www.facebook.com\/FutbolHoyCol\/\",\"https:\/\/x.com\/FutbolHoyCol\",\"https:\/\/www.instagram.com\/futbolhoycol\/\"]},{\"@type\":\"Person\",\"@id\":\"https:\/\/futbolhoy.co\/#\/schema\/person\/c4a353a512b127643723a34bb1812f7d\",\"name\":\"Laura Hern\u00e1ndez\",\"image\":{\"@type\":\"ImageObject\",\"inLanguage\":\"es\",\"@id\":\"https:\/\/futbolhoy.co\/#\/schema\/person\/image\/\",\"url\":\"https:\/\/secure.gravatar.com\/avatar\/d25959a15b9b293a743f99181c7cfd01?s=96&d=mm&r=g\",\"contentUrl\":\"https:\/\/secure.gravatar.com\/avatar\/d25959a15b9b293a743f99181c7cfd01?s=96&d=mm&r=g\",\"caption\":\"Laura Hern\u00e1ndez\"}}]}<\/script>\n<!-- \/ Yoast SEO plugin. -->","yoast_head_json":{"title":"Camilo Vargas ser\u00e1 \u2018Zorro\u2019 hasta 2026 -","robots":{"index":"index","follow":"follow","max-snippet":"max-snippet:-1","max-image-preview":"max-image-preview:large","max-video-preview":"max-video-preview:-1"},"canonical":"https:\/\/futbolhoy.co\/index.php\/2022\/04\/05\/camilo-vargas-sera-zorro-hasta-2026\/","og_locale":"es_ES","og_type":"article","og_title":"Camilo Vargas ser\u00e1 \u2018Zorro\u2019 hasta 2026 -","og_description":"El portero bogotano, Camilo Vargas, lleg\u00f3 a un acuerdo para ampliar su contrato con Atlas de M\u00e9xico hasta 2026, cuando cumpla 37 a\u00f1os. Vargas, quien adem\u00e1s es el segundo arquero de la selecci\u00f3n Colombia, lleg\u00f3 al futbol azteca desde el Deportivo\u00a0Cali. \u201cEl hist\u00f3rico Superh\u00e9roe Colombiano, Camilo Vargas, seguir\u00e1 siendo Rojinegro hasta 2026. El Superh\u00e9roe de [&hellip;]","og_url":"https:\/\/futbolhoy.co\/index.php\/2022\/04\/05\/camilo-vargas-sera-zorro-hasta-2026\/","article_publisher":"https:\/\/www.facebook.com\/FutbolHoyCol\/","article_published_time":"2022-04-05T20:20:07+00:00","article_modified_time":"2022-04-06T11:29:52+00:00","og_image":[{"width":544,"height":680,"url":"https:\/\/futbolhoy.co\/wp-content\/uploads\/2022\/04\/FPilgh-XoA0Y8Jx.jpg","type":"image\/jpeg"}],"author":"Laura Hern\u00e1ndez","twitter_card":"summary_large_image","twitter_creator":"@FutbolHoyCol","twitter_site":"@FutbolHoyCol","twitter_misc":{"Escrito por":"Laura Hern\u00e1ndez","Tiempo de lectura":"1 minuto"},"schema":{"@context":"https:\/\/schema.org","@graph":[{"@type":"Article","@id":"https:\/\/futbolhoy.co\/index.php\/2022\/04\/05\/camilo-vargas-sera-zorro-hasta-2026\/#article","isPartOf":{"@id":"https:\/\/futbolhoy.co\/index.php\/2022\/04\/05\/camilo-vargas-sera-zorro-hasta-2026\/"},"author":{"name":"Laura Hern\u00e1ndez","@id":"https:\/\/futbolhoy.co\/#\/schema\/person\/c4a353a512b127643723a34bb1812f7d"},"headline":"Camilo Vargas ser\u00e1 \u2018Zorro\u2019 hasta 2026","datePublished":"2022-04-05T20:20:07+00:00","dateModified":"2022-04-06T11:29:52+00:00","mainEntityOfPage":{"@id":"https:\/\/futbolhoy.co\/index.php\/2022\/04\/05\/camilo-vargas-sera-zorro-hasta-2026\/"},"wordCount":139,"commentCount":0,"publisher":{"@id":"https:\/\/futbolhoy.co\/#organization"},"image":{"@id":"https:\/\/futbolhoy.co\/index.php\/2022\/04\/05\/camilo-vargas-sera-zorro-hasta-2026\/#primaryimage"},"thumbnailUrl":"https:\/\/futbolhoy.co\/wp-content\/uploads\/2022\/04\/FPilgh-XoA0Y8Jx.jpg","articleSection":["Colombia"],"inLanguage":"es","potentialAction":[{"@type":"CommentAction","name":"Comment","target":["https:\/\/futbolhoy.co\/index.php\/2022\/04\/05\/camilo-vargas-sera-zorro-hasta-2026\/#respond"]}]},{"@type":"WebPage","@id":"https:\/\/futbolhoy.co\/index.php\/2022\/04\/05\/camilo-vargas-sera-zorro-hasta-2026\/","url":"https:\/\/futbolhoy.co\/index.php\/2022\/04\/05\/camilo-vargas-sera-zorro-hasta-2026\/","name":"Camilo Vargas ser\u00e1 \u2018Zorro\u2019 hasta 2026 -","isPartOf":{"@id":"https:\/\/futbolhoy.co\/#website"},"primaryImageOfPage":{"@id":"https:\/\/futbolhoy.co\/index.php\/2022\/04\/05\/camilo-vargas-sera-zorro-hasta-2026\/#primaryimage"},"image":{"@id":"https:\/\/futbolhoy.co\/index.php\/2022\/04\/05\/camilo-vargas-sera-zorro-hasta-2026\/#primaryimage"},"thumbnailUrl":"https:\/\/futbolhoy.co\/wp-content\/uploads\/2022\/04\/FPilgh-XoA0Y8Jx.jpg","datePublished":"2022-04-05T20:20:07+00:00","dateModified":"2022-04-06T11:29:52+00:00","breadcrumb":{"@id":"https:\/\/futbolhoy.co\/index.php\/2022\/04\/05\/camilo-vargas-sera-zorro-hasta-2026\/#breadcrumb"},"inLanguage":"es","potentialAction":[{"@type":"ReadAction","target":["https:\/\/futbolhoy.co\/index.php\/2022\/04\/05\/camilo-vargas-sera-zorro-hasta-2026\/"]}]},{"@type":"ImageObject","inLanguage":"es","@id":"https:\/\/futbolhoy.co\/index.php\/2022\/04\/05\/camilo-vargas-sera-zorro-hasta-2026\/#primaryimage","url":"https:\/\/futbolhoy.co\/wp-content\/uploads\/2022\/04\/FPilgh-XoA0Y8Jx.jpg","contentUrl":"https:\/\/futbolhoy.co\/wp-content\/uploads\/2022\/04\/FPilgh-XoA0Y8Jx.jpg","width":544,"height":680},{"@type":"BreadcrumbList","@id":"https:\/\/futbolhoy.co\/index.php\/2022\/04\/05\/camilo-vargas-sera-zorro-hasta-2026\/#breadcrumb","itemListElement":[{"@type":"ListItem","position":1,"name":"Portada","item":"https:\/\/futbolhoy.co\/"},{"@type":"ListItem","position":2,"name":"Camilo Vargas ser\u00e1 \u2018Zorro\u2019 hasta 2026"}]},{"@type":"WebSite","@id":"https:\/\/futbolhoy.co\/#website","url":"https:\/\/futbolhoy.co\/","name":"FutbolHoy","description":"","publisher":{"@id":"https:\/\/futbolhoy.co\/#organization"},"potentialAction":[{"@type":"SearchAction","target":{"@type":"EntryPoint","urlTemplate":"https:\/\/futbolhoy.co\/?s={search_term_string}"},"query-input":{"@type":"PropertyValueSpecification","valueRequired":true,"valueName":"search_term_string"}}],"inLanguage":"es"},{"@type":"Organization","@id":"https:\/\/futbolhoy.co\/#organization","name":"Futbolhoy.co","url":"https:\/\/futbolhoy.co\/","logo":{"@type":"ImageObject","inLanguage":"es","@id":"https:\/\/futbolhoy.co\/#\/schema\/logo\/image\/","url":"https:\/\/futbolhoy.co\/wp-content\/uploads\/2018\/08\/17426380_1906371736249227_6326180412931521141_n.jpg","contentUrl":"https:\/\/futbolhoy.co\/wp-content\/uploads\/2018\/08\/17426380_1906371736249227_6326180412931521141_n.jpg","width":960,"height":960,"caption":"Futbolhoy.co"},"image":{"@id":"https:\/\/futbolhoy.co\/#\/schema\/logo\/image\/"},"sameAs":["https:\/\/www.facebook.com\/FutbolHoyCol\/","https:\/\/x.com\/FutbolHoyCol","https:\/\/www.instagram.com\/futbolhoycol\/"]},{"@type":"Person","@id":"https:\/\/futbolhoy.co\/#\/schema\/person\/c4a353a512b127643723a34bb1812f7d","name":"Laura Hern\u00e1ndez","image":{"@type":"ImageObject","inLanguage":"es","@id":"https:\/\/futbolhoy.co\/#\/schema\/person\/image\/","url":"https:\/\/secure.gravatar.com\/avatar\/d25959a15b9b293a743f99181c7cfd01?s=96&d=mm&r=g","contentUrl":"https:\/\/secure.gravatar.com\/avatar\/d25959a15b9b293a743f99181c7cfd01?s=96&d=mm&r=g","caption":"Laura Hern\u00e1ndez"}}]}},"publishpress_future_action":{"enabled":false,"date":"2026-05-05 00:33:05","action":"change-status","newStatus":"draft","terms":[],"taxonomy":"category","extraData":[]},"publishpress_future_workflow_manual_trigger":{"enabledWorkflows":[]},"_links":{"self":[{"href":"https:\/\/futbolhoy.co\/index.php\/wp-json\/wp\/v2\/posts\/78396","targetHints":{"allow":["GET"]}}],"collection":[{"href":"https:\/\/futbolhoy.co\/index.php\/wp-json\/wp\/v2\/posts"}],"about":[{"href":"https:\/\/futbolhoy.co\/index.php\/wp-json\/wp\/v2\/types\/post"}],"author":[{"embeddable":true,"href":"https:\/\/futbolhoy.co\/index.php\/wp-json\/wp\/v2\/users\/5"}],"replies":[{"embeddable":true,"href":"https:\/\/futbolhoy.co\/index.php\/wp-json\/wp\/v2\/comments?post=78396"}],"version-history":[{"count":1,"href":"https:\/\/futbolhoy.co\/index.php\/wp-json\/wp\/v2\/posts\/78396\/revisions"}],"predecessor-version":[{"id":78398,"href":"https:\/\/futbolhoy.co\/index.php\/wp-json\/wp\/v2\/posts\/78396\/revisions\/78398"}],"wp:featuredmedia":[{"embeddable":true,"href":"https:\/\/futbolhoy.co\/index.php\/wp-json\/wp\/v2\/media\/78397"}],"wp:attachment":[{"href":"https:\/\/futbolhoy.co\/index.php\/wp-json\/wp\/v2\/media?parent=78396"}],"wp:term":[{"taxonomy":"category","embeddable":true,"href":"https:\/\/futbolhoy.co\/index.php\/wp-json\/wp\/v2\/categories?post=78396"},{"taxonomy":"post_tag","embeddable":true,"href":"https:\/\/futbolhoy.co\/index.php\/wp-json\/wp\/v2\/tags?post=78396"}],"curies":[{"name":"wp","href":"https:\/\/api.w.org\/{rel}","templated":true}]}}