{"id":78680,"date":"2022-04-11T14:19:59","date_gmt":"2022-04-11T19:19:59","guid":{"rendered":"https:\/\/futbolhoy.co\/?p=78680"},"modified":"2022-04-11T21:31:05","modified_gmt":"2022-04-12T02:31:05","slug":"el-mundo-del-futbol-apoya-a-freddy-rincon","status":"publish","type":"post","link":"https:\/\/futbolhoy.co\/index.php\/2022\/04\/11\/el-mundo-del-futbol-apoya-a-freddy-rincon\/","title":{"rendered":"El mundo del f\u00fatbol apoya a Freddy Rinc\u00f3n"},"content":{"rendered":"<blockquote class=\"twitter-tweet\" data-width=\"550\" data-dnt=\"true\">\n<p lang=\"es\" dir=\"ltr\">Desde el Real Madrid C. F., toda nuestra fuerza y nuestro cari\u00f1o para Freddy Rinc\u00f3n tras el accidente sufrido hoy. Mucho \u00e1nimo y nuestro deseo de que supere pronto este dif\u00edcil momento.<\/p>\n<p>&mdash; Real Madrid C.F. (@realmadrid) <a href=\"https:\/\/twitter.com\/realmadrid\/status\/1513555530798833664?ref_src=twsrc%5Etfw\">April 11, 2022<\/a><\/p><\/blockquote>\n<p><script async src=\"https:\/\/platform.twitter.com\/widgets.js\" charset=\"utf-8\"><\/script><\/p>\n<blockquote class=\"twitter-tweet\" data-width=\"550\" data-dnt=\"true\">\n<p lang=\"es\" dir=\"ltr\">Am\u00e9rica de Cali env\u00eda muchas fuerzas y el deseo de una pronta recuperaci\u00f3n a Freddy Rinc\u00f3n en este dif\u00edcil momento. <a href=\"https:\/\/twitter.com\/hashtag\/FuerzaFreddy?src=hash&amp;ref_src=twsrc%5Etfw\">#FuerzaFreddy<\/a> <a href=\"https:\/\/t.co\/qOeKmbVkvp\">pic.twitter.com\/qOeKmbVkvp<\/a><\/p>\n<p>&mdash; Am\u00e9rica de Cali (@AmericadeCali) <a href=\"https:\/\/twitter.com\/AmericadeCali\/status\/1513576466637860876?ref_src=twsrc%5Etfw\">April 11, 2022<\/a><\/p><\/blockquote>\n<p><script async src=\"https:\/\/platform.twitter.com\/widgets.js\" charset=\"utf-8\"><\/script><\/p>\n<blockquote class=\"twitter-tweet\" data-width=\"550\" data-dnt=\"true\">\n<p lang=\"es\" dir=\"ltr\">Desde Independiente Santa Fe nos unimos en oraci\u00f3n por el estado de salud de Freddy Rinc\u00f3n y junto a toda <a href=\"https:\/\/twitter.com\/hashtag\/LaFamiliaDelLe%C3%B3n?src=hash&amp;ref_src=twsrc%5Etfw\">#LaFamiliaDelLe\u00f3n<\/a> le deseamos un pronta recuperaci\u00f3n. <\/p>\n<p>\ud835\uddd9\ud835\udde8\ud835\uddd8\ud835\udde5\ud835\udded\ud835\uddd4 RINC\u00d3N \ud83d\udcaa <a href=\"https:\/\/t.co\/lbRPWuS6vn\">pic.twitter.com\/lbRPWuS6vn<\/a><\/p>\n<p>&mdash; Independiente Santa Fe (@SantaFe) <a href=\"https:\/\/twitter.com\/SantaFe\/status\/1513570778624798721?ref_src=twsrc%5Etfw\">April 11, 2022<\/a><\/p><\/blockquote>\n<p><script async src=\"https:\/\/platform.twitter.com\/widgets.js\" charset=\"utf-8\"><\/script><\/p>\n<blockquote class=\"twitter-tweet\" data-width=\"550\" data-dnt=\"true\">\n<p lang=\"es\" dir=\"ltr\">La Federaci\u00f3n Colombiana de F\u00fatbol y su Comit\u00e9 Ejecutivo le env\u00edan toda la fuerza y apoyo al ex jugador Freddy Rinc\u00f3n, quien atraviesa un delicado momento de salud tras sufrir un accidente. Deseamos su pronta recuperaci\u00f3n y que con la ayuda de Dios supere esta dif\u00edcil situaci\u00f3n.<\/p>\n<p>&mdash; FCF (@FCF_Oficial) <a href=\"https:\/\/twitter.com\/FCF_Oficial\/status\/1513574318009114626?ref_src=twsrc%5Etfw\">April 11, 2022<\/a><\/p><\/blockquote>\n<p><script async src=\"https:\/\/platform.twitter.com\/widgets.js\" charset=\"utf-8\"><\/script><\/p>\n<blockquote class=\"twitter-tweet\" data-width=\"550\" data-dnt=\"true\">\n<p lang=\"pt\" dir=\"ltr\">Todas as nossas ora\u00e7\u00f5es est\u00e3o voltadas para o nosso campe\u00e3o do mundo Freddy Rinc\u00f3n, que sofreu um grave acidente de tr\u00e2nsito em Cali. Fuerza, Freddy! <a href=\"https:\/\/t.co\/H59RT4vDQS\">pic.twitter.com\/H59RT4vDQS<\/a><\/p>\n<p>&mdash; Corinthians (@Corinthians) <a href=\"https:\/\/twitter.com\/Corinthians\/status\/1513558854021304320?ref_src=twsrc%5Etfw\">April 11, 2022<\/a><\/p><\/blockquote>\n<p><script async src=\"https:\/\/platform.twitter.com\/widgets.js\" charset=\"utf-8\"><\/script><\/p>\n<blockquote class=\"twitter-tweet\" data-width=\"550\" data-dnt=\"true\">\n<p lang=\"es\" dir=\"ltr\">El Boyac\u00e1 Chic\u00f3 est\u00e1 en oraci\u00f3n por la pronta recuperaci\u00f3n de un gran amigo de la casa ajedrezada el GRAN FREDDY RINC\u00d3N. <a href=\"https:\/\/t.co\/ImMsJKcGUD\">pic.twitter.com\/ImMsJKcGUD<\/a><\/p>\n<p>&mdash; BOYAC\u00c1 CHIC\u00d3 F.C. (Volvemos al \ud83c\udfdf\ufe0f) (@BCHICOFCOFICIAL) <a href=\"https:\/\/twitter.com\/BCHICOFCOFICIAL\/status\/1513593463027245068?ref_src=twsrc%5Etfw\">April 11, 2022<\/a><\/p><\/blockquote>\n<p><script async src=\"https:\/\/platform.twitter.com\/widgets.js\" charset=\"utf-8\"><\/script><\/p>\n<blockquote class=\"twitter-tweet\" data-width=\"550\" data-dnt=\"true\">\n<p lang=\"es\" dir=\"ltr\">Millonarios FC env\u00eda mucha fuerza al gran Freddy Rinc\u00f3n luego del accidente de tr\u00e1nsito sufrido el d\u00eda de hoy. Elevamos nuestras oraciones para su pronta recuperaci\u00f3n. <a href=\"https:\/\/twitter.com\/hashtag\/FuerzaFreddy?src=hash&amp;ref_src=twsrc%5Etfw\">#FuerzaFreddy<\/a> <a href=\"https:\/\/t.co\/e1UfR0Wj9m\">pic.twitter.com\/e1UfR0Wj9m<\/a><\/p>\n<p>&mdash; Millonarios FC (@MillosFCoficial) <a href=\"https:\/\/twitter.com\/MillosFCoficial\/status\/1513600600616931330?ref_src=twsrc%5Etfw\">April 11, 2022<\/a><\/p><\/blockquote>\n<p><script async src=\"https:\/\/platform.twitter.com\/widgets.js\" charset=\"utf-8\"><\/script><\/p>\n<p>&nbsp;<\/p>\n<p>&nbsp;<\/p>\n","protected":false},"excerpt":{"rendered":"<p>Desde el Real Madrid C. F., toda nuestra fuerza y nuestro cari\u00f1o para Freddy Rinc\u00f3n tras el accidente sufrido hoy. Mucho \u00e1nimo y nuestro deseo de que supere pronto este dif\u00edcil momento. &mdash; Real Madrid C.F. (@realmadrid) April 11, 2022 Am\u00e9rica de Cali env\u00eda muchas fuerzas y el deseo de una pronta recuperaci\u00f3n a Freddy [&hellip;]<\/p>\n","protected":false},"author":5,"featured_media":78681,"comment_status":"open","ping_status":"open","sticky":false,"template":"","format":"standard","meta":{"_acf_changed":false,"footnotes":""},"categories":[418],"tags":[],"class_list":{"0":"post-78680","1":"post","2":"type-post","3":"status-publish","4":"format-standard","5":"has-post-thumbnail","7":"category-colombia"},"acf":[],"yoast_head":"<!-- This site is optimized with the Yoast SEO plugin v26.8 - https:\/\/yoast.com\/product\/yoast-seo-wordpress\/ -->\n<title>El mundo del f\u00fatbol apoya a Freddy Rinc\u00f3n -<\/title>\n<meta name=\"robots\" content=\"index, follow, max-snippet:-1, max-image-preview:large, max-video-preview:-1\" \/>\n<link rel=\"canonical\" href=\"https:\/\/futbolhoy.co\/index.php\/2022\/04\/11\/el-mundo-del-futbol-apoya-a-freddy-rincon\/\" \/>\n<meta property=\"og:locale\" content=\"es_ES\" \/>\n<meta property=\"og:type\" content=\"article\" \/>\n<meta property=\"og:title\" content=\"El mundo del f\u00fatbol apoya a Freddy Rinc\u00f3n -\" \/>\n<meta property=\"og:description\" content=\"Desde el Real Madrid C. F., toda nuestra fuerza y nuestro cari\u00f1o para Freddy Rinc\u00f3n tras el accidente sufrido hoy. Mucho \u00e1nimo y nuestro deseo de que supere pronto este dif\u00edcil momento. &mdash; Real Madrid C.F. (@realmadrid) April 11, 2022 Am\u00e9rica de Cali env\u00eda muchas fuerzas y el deseo de una pronta recuperaci\u00f3n a Freddy [&hellip;]\" \/>\n<meta property=\"og:url\" content=\"https:\/\/futbolhoy.co\/index.php\/2022\/04\/11\/el-mundo-del-futbol-apoya-a-freddy-rincon\/\" \/>\n<meta property=\"article:publisher\" content=\"https:\/\/www.facebook.com\/FutbolHoyCol\/\" \/>\n<meta property=\"article:published_time\" content=\"2022-04-11T19:19:59+00:00\" \/>\n<meta property=\"article:modified_time\" content=\"2022-04-12T02:31:05+00:00\" \/>\n<meta property=\"og:image\" content=\"https:\/\/futbolhoy.co\/wp-content\/uploads\/2022\/04\/20220411_141331.jpg\" \/>\n\t<meta property=\"og:image:width\" content=\"480\" \/>\n\t<meta property=\"og:image:height\" content=\"360\" \/>\n\t<meta property=\"og:image:type\" content=\"image\/jpeg\" \/>\n<meta name=\"author\" content=\"Laura Hern\u00e1ndez\" \/>\n<meta name=\"twitter:card\" content=\"summary_large_image\" \/>\n<meta name=\"twitter:creator\" content=\"@FutbolHoyCol\" \/>\n<meta name=\"twitter:site\" content=\"@FutbolHoyCol\" \/>\n<meta name=\"twitter:label1\" content=\"Escrito por\" \/>\n\t<meta name=\"twitter:data1\" content=\"Laura Hern\u00e1ndez\" \/>\n\t<meta name=\"twitter:label2\" content=\"Tiempo de lectura\" \/>\n\t<meta name=\"twitter:data2\" content=\"1 minuto\" \/>\n<script type=\"application\/ld+json\" class=\"yoast-schema-graph\">{\"@context\":\"https:\/\/schema.org\",\"@graph\":[{\"@type\":\"Article\",\"@id\":\"https:\/\/futbolhoy.co\/index.php\/2022\/04\/11\/el-mundo-del-futbol-apoya-a-freddy-rincon\/#article\",\"isPartOf\":{\"@id\":\"https:\/\/futbolhoy.co\/index.php\/2022\/04\/11\/el-mundo-del-futbol-apoya-a-freddy-rincon\/\"},\"author\":{\"name\":\"Laura Hern\u00e1ndez\",\"@id\":\"https:\/\/futbolhoy.co\/#\/schema\/person\/c4a353a512b127643723a34bb1812f7d\"},\"headline\":\"El mundo del f\u00fatbol apoya a Freddy Rinc\u00f3n\",\"datePublished\":\"2022-04-11T19:19:59+00:00\",\"dateModified\":\"2022-04-12T02:31:05+00:00\",\"mainEntityOfPage\":{\"@id\":\"https:\/\/futbolhoy.co\/index.php\/2022\/04\/11\/el-mundo-del-futbol-apoya-a-freddy-rincon\/\"},\"wordCount\":93,\"commentCount\":0,\"publisher\":{\"@id\":\"https:\/\/futbolhoy.co\/#organization\"},\"image\":{\"@id\":\"https:\/\/futbolhoy.co\/index.php\/2022\/04\/11\/el-mundo-del-futbol-apoya-a-freddy-rincon\/#primaryimage\"},\"thumbnailUrl\":\"https:\/\/futbolhoy.co\/wp-content\/uploads\/2022\/04\/20220411_141331.jpg\",\"articleSection\":[\"Colombia\"],\"inLanguage\":\"es\",\"potentialAction\":[{\"@type\":\"CommentAction\",\"name\":\"Comment\",\"target\":[\"https:\/\/futbolhoy.co\/index.php\/2022\/04\/11\/el-mundo-del-futbol-apoya-a-freddy-rincon\/#respond\"]}]},{\"@type\":\"WebPage\",\"@id\":\"https:\/\/futbolhoy.co\/index.php\/2022\/04\/11\/el-mundo-del-futbol-apoya-a-freddy-rincon\/\",\"url\":\"https:\/\/futbolhoy.co\/index.php\/2022\/04\/11\/el-mundo-del-futbol-apoya-a-freddy-rincon\/\",\"name\":\"El mundo del f\u00fatbol apoya a Freddy Rinc\u00f3n -\",\"isPartOf\":{\"@id\":\"https:\/\/futbolhoy.co\/#website\"},\"primaryImageOfPage\":{\"@id\":\"https:\/\/futbolhoy.co\/index.php\/2022\/04\/11\/el-mundo-del-futbol-apoya-a-freddy-rincon\/#primaryimage\"},\"image\":{\"@id\":\"https:\/\/futbolhoy.co\/index.php\/2022\/04\/11\/el-mundo-del-futbol-apoya-a-freddy-rincon\/#primaryimage\"},\"thumbnailUrl\":\"https:\/\/futbolhoy.co\/wp-content\/uploads\/2022\/04\/20220411_141331.jpg\",\"datePublished\":\"2022-04-11T19:19:59+00:00\",\"dateModified\":\"2022-04-12T02:31:05+00:00\",\"breadcrumb\":{\"@id\":\"https:\/\/futbolhoy.co\/index.php\/2022\/04\/11\/el-mundo-del-futbol-apoya-a-freddy-rincon\/#breadcrumb\"},\"inLanguage\":\"es\",\"potentialAction\":[{\"@type\":\"ReadAction\",\"target\":[\"https:\/\/futbolhoy.co\/index.php\/2022\/04\/11\/el-mundo-del-futbol-apoya-a-freddy-rincon\/\"]}]},{\"@type\":\"ImageObject\",\"inLanguage\":\"es\",\"@id\":\"https:\/\/futbolhoy.co\/index.php\/2022\/04\/11\/el-mundo-del-futbol-apoya-a-freddy-rincon\/#primaryimage\",\"url\":\"https:\/\/futbolhoy.co\/wp-content\/uploads\/2022\/04\/20220411_141331.jpg\",\"contentUrl\":\"https:\/\/futbolhoy.co\/wp-content\/uploads\/2022\/04\/20220411_141331.jpg\",\"width\":480,\"height\":360},{\"@type\":\"BreadcrumbList\",\"@id\":\"https:\/\/futbolhoy.co\/index.php\/2022\/04\/11\/el-mundo-del-futbol-apoya-a-freddy-rincon\/#breadcrumb\",\"itemListElement\":[{\"@type\":\"ListItem\",\"position\":1,\"name\":\"Portada\",\"item\":\"https:\/\/futbolhoy.co\/\"},{\"@type\":\"ListItem\",\"position\":2,\"name\":\"El mundo del f\u00fatbol apoya a Freddy Rinc\u00f3n\"}]},{\"@type\":\"WebSite\",\"@id\":\"https:\/\/futbolhoy.co\/#website\",\"url\":\"https:\/\/futbolhoy.co\/\",\"name\":\"FutbolHoy\",\"description\":\"\",\"publisher\":{\"@id\":\"https:\/\/futbolhoy.co\/#organization\"},\"potentialAction\":[{\"@type\":\"SearchAction\",\"target\":{\"@type\":\"EntryPoint\",\"urlTemplate\":\"https:\/\/futbolhoy.co\/?s={search_term_string}\"},\"query-input\":{\"@type\":\"PropertyValueSpecification\",\"valueRequired\":true,\"valueName\":\"search_term_string\"}}],\"inLanguage\":\"es\"},{\"@type\":\"Organization\",\"@id\":\"https:\/\/futbolhoy.co\/#organization\",\"name\":\"Futbolhoy.co\",\"url\":\"https:\/\/futbolhoy.co\/\",\"logo\":{\"@type\":\"ImageObject\",\"inLanguage\":\"es\",\"@id\":\"https:\/\/futbolhoy.co\/#\/schema\/logo\/image\/\",\"url\":\"https:\/\/futbolhoy.co\/wp-content\/uploads\/2018\/08\/17426380_1906371736249227_6326180412931521141_n.jpg\",\"contentUrl\":\"https:\/\/futbolhoy.co\/wp-content\/uploads\/2018\/08\/17426380_1906371736249227_6326180412931521141_n.jpg\",\"width\":960,\"height\":960,\"caption\":\"Futbolhoy.co\"},\"image\":{\"@id\":\"https:\/\/futbolhoy.co\/#\/schema\/logo\/image\/\"},\"sameAs\":[\"https:\/\/www.facebook.com\/FutbolHoyCol\/\",\"https:\/\/x.com\/FutbolHoyCol\",\"https:\/\/www.instagram.com\/futbolhoycol\/\"]},{\"@type\":\"Person\",\"@id\":\"https:\/\/futbolhoy.co\/#\/schema\/person\/c4a353a512b127643723a34bb1812f7d\",\"name\":\"Laura Hern\u00e1ndez\",\"image\":{\"@type\":\"ImageObject\",\"inLanguage\":\"es\",\"@id\":\"https:\/\/futbolhoy.co\/#\/schema\/person\/image\/\",\"url\":\"https:\/\/secure.gravatar.com\/avatar\/d25959a15b9b293a743f99181c7cfd01?s=96&d=mm&r=g\",\"contentUrl\":\"https:\/\/secure.gravatar.com\/avatar\/d25959a15b9b293a743f99181c7cfd01?s=96&d=mm&r=g\",\"caption\":\"Laura Hern\u00e1ndez\"}}]}<\/script>\n<!-- \/ Yoast SEO plugin. -->","yoast_head_json":{"title":"El mundo del f\u00fatbol apoya a Freddy Rinc\u00f3n -","robots":{"index":"index","follow":"follow","max-snippet":"max-snippet:-1","max-image-preview":"max-image-preview:large","max-video-preview":"max-video-preview:-1"},"canonical":"https:\/\/futbolhoy.co\/index.php\/2022\/04\/11\/el-mundo-del-futbol-apoya-a-freddy-rincon\/","og_locale":"es_ES","og_type":"article","og_title":"El mundo del f\u00fatbol apoya a Freddy Rinc\u00f3n -","og_description":"Desde el Real Madrid C. F., toda nuestra fuerza y nuestro cari\u00f1o para Freddy Rinc\u00f3n tras el accidente sufrido hoy. Mucho \u00e1nimo y nuestro deseo de que supere pronto este dif\u00edcil momento. &mdash; Real Madrid C.F. (@realmadrid) April 11, 2022 Am\u00e9rica de Cali env\u00eda muchas fuerzas y el deseo de una pronta recuperaci\u00f3n a Freddy [&hellip;]","og_url":"https:\/\/futbolhoy.co\/index.php\/2022\/04\/11\/el-mundo-del-futbol-apoya-a-freddy-rincon\/","article_publisher":"https:\/\/www.facebook.com\/FutbolHoyCol\/","article_published_time":"2022-04-11T19:19:59+00:00","article_modified_time":"2022-04-12T02:31:05+00:00","og_image":[{"width":480,"height":360,"url":"https:\/\/futbolhoy.co\/wp-content\/uploads\/2022\/04\/20220411_141331.jpg","type":"image\/jpeg"}],"author":"Laura Hern\u00e1ndez","twitter_card":"summary_large_image","twitter_creator":"@FutbolHoyCol","twitter_site":"@FutbolHoyCol","twitter_misc":{"Escrito por":"Laura Hern\u00e1ndez","Tiempo de lectura":"1 minuto"},"schema":{"@context":"https:\/\/schema.org","@graph":[{"@type":"Article","@id":"https:\/\/futbolhoy.co\/index.php\/2022\/04\/11\/el-mundo-del-futbol-apoya-a-freddy-rincon\/#article","isPartOf":{"@id":"https:\/\/futbolhoy.co\/index.php\/2022\/04\/11\/el-mundo-del-futbol-apoya-a-freddy-rincon\/"},"author":{"name":"Laura Hern\u00e1ndez","@id":"https:\/\/futbolhoy.co\/#\/schema\/person\/c4a353a512b127643723a34bb1812f7d"},"headline":"El mundo del f\u00fatbol apoya a Freddy Rinc\u00f3n","datePublished":"2022-04-11T19:19:59+00:00","dateModified":"2022-04-12T02:31:05+00:00","mainEntityOfPage":{"@id":"https:\/\/futbolhoy.co\/index.php\/2022\/04\/11\/el-mundo-del-futbol-apoya-a-freddy-rincon\/"},"wordCount":93,"commentCount":0,"publisher":{"@id":"https:\/\/futbolhoy.co\/#organization"},"image":{"@id":"https:\/\/futbolhoy.co\/index.php\/2022\/04\/11\/el-mundo-del-futbol-apoya-a-freddy-rincon\/#primaryimage"},"thumbnailUrl":"https:\/\/futbolhoy.co\/wp-content\/uploads\/2022\/04\/20220411_141331.jpg","articleSection":["Colombia"],"inLanguage":"es","potentialAction":[{"@type":"CommentAction","name":"Comment","target":["https:\/\/futbolhoy.co\/index.php\/2022\/04\/11\/el-mundo-del-futbol-apoya-a-freddy-rincon\/#respond"]}]},{"@type":"WebPage","@id":"https:\/\/futbolhoy.co\/index.php\/2022\/04\/11\/el-mundo-del-futbol-apoya-a-freddy-rincon\/","url":"https:\/\/futbolhoy.co\/index.php\/2022\/04\/11\/el-mundo-del-futbol-apoya-a-freddy-rincon\/","name":"El mundo del f\u00fatbol apoya a Freddy Rinc\u00f3n -","isPartOf":{"@id":"https:\/\/futbolhoy.co\/#website"},"primaryImageOfPage":{"@id":"https:\/\/futbolhoy.co\/index.php\/2022\/04\/11\/el-mundo-del-futbol-apoya-a-freddy-rincon\/#primaryimage"},"image":{"@id":"https:\/\/futbolhoy.co\/index.php\/2022\/04\/11\/el-mundo-del-futbol-apoya-a-freddy-rincon\/#primaryimage"},"thumbnailUrl":"https:\/\/futbolhoy.co\/wp-content\/uploads\/2022\/04\/20220411_141331.jpg","datePublished":"2022-04-11T19:19:59+00:00","dateModified":"2022-04-12T02:31:05+00:00","breadcrumb":{"@id":"https:\/\/futbolhoy.co\/index.php\/2022\/04\/11\/el-mundo-del-futbol-apoya-a-freddy-rincon\/#breadcrumb"},"inLanguage":"es","potentialAction":[{"@type":"ReadAction","target":["https:\/\/futbolhoy.co\/index.php\/2022\/04\/11\/el-mundo-del-futbol-apoya-a-freddy-rincon\/"]}]},{"@type":"ImageObject","inLanguage":"es","@id":"https:\/\/futbolhoy.co\/index.php\/2022\/04\/11\/el-mundo-del-futbol-apoya-a-freddy-rincon\/#primaryimage","url":"https:\/\/futbolhoy.co\/wp-content\/uploads\/2022\/04\/20220411_141331.jpg","contentUrl":"https:\/\/futbolhoy.co\/wp-content\/uploads\/2022\/04\/20220411_141331.jpg","width":480,"height":360},{"@type":"BreadcrumbList","@id":"https:\/\/futbolhoy.co\/index.php\/2022\/04\/11\/el-mundo-del-futbol-apoya-a-freddy-rincon\/#breadcrumb","itemListElement":[{"@type":"ListItem","position":1,"name":"Portada","item":"https:\/\/futbolhoy.co\/"},{"@type":"ListItem","position":2,"name":"El mundo del f\u00fatbol apoya a Freddy Rinc\u00f3n"}]},{"@type":"WebSite","@id":"https:\/\/futbolhoy.co\/#website","url":"https:\/\/futbolhoy.co\/","name":"FutbolHoy","description":"","publisher":{"@id":"https:\/\/futbolhoy.co\/#organization"},"potentialAction":[{"@type":"SearchAction","target":{"@type":"EntryPoint","urlTemplate":"https:\/\/futbolhoy.co\/?s={search_term_string}"},"query-input":{"@type":"PropertyValueSpecification","valueRequired":true,"valueName":"search_term_string"}}],"inLanguage":"es"},{"@type":"Organization","@id":"https:\/\/futbolhoy.co\/#organization","name":"Futbolhoy.co","url":"https:\/\/futbolhoy.co\/","logo":{"@type":"ImageObject","inLanguage":"es","@id":"https:\/\/futbolhoy.co\/#\/schema\/logo\/image\/","url":"https:\/\/futbolhoy.co\/wp-content\/uploads\/2018\/08\/17426380_1906371736249227_6326180412931521141_n.jpg","contentUrl":"https:\/\/futbolhoy.co\/wp-content\/uploads\/2018\/08\/17426380_1906371736249227_6326180412931521141_n.jpg","width":960,"height":960,"caption":"Futbolhoy.co"},"image":{"@id":"https:\/\/futbolhoy.co\/#\/schema\/logo\/image\/"},"sameAs":["https:\/\/www.facebook.com\/FutbolHoyCol\/","https:\/\/x.com\/FutbolHoyCol","https:\/\/www.instagram.com\/futbolhoycol\/"]},{"@type":"Person","@id":"https:\/\/futbolhoy.co\/#\/schema\/person\/c4a353a512b127643723a34bb1812f7d","name":"Laura Hern\u00e1ndez","image":{"@type":"ImageObject","inLanguage":"es","@id":"https:\/\/futbolhoy.co\/#\/schema\/person\/image\/","url":"https:\/\/secure.gravatar.com\/avatar\/d25959a15b9b293a743f99181c7cfd01?s=96&d=mm&r=g","contentUrl":"https:\/\/secure.gravatar.com\/avatar\/d25959a15b9b293a743f99181c7cfd01?s=96&d=mm&r=g","caption":"Laura Hern\u00e1ndez"}}]}},"publishpress_future_action":{"enabled":false,"date":"2026-05-04 07:11:27","action":"change-status","newStatus":"draft","terms":[],"taxonomy":"category","extraData":[]},"publishpress_future_workflow_manual_trigger":{"enabledWorkflows":[]},"_links":{"self":[{"href":"https:\/\/futbolhoy.co\/index.php\/wp-json\/wp\/v2\/posts\/78680","targetHints":{"allow":["GET"]}}],"collection":[{"href":"https:\/\/futbolhoy.co\/index.php\/wp-json\/wp\/v2\/posts"}],"about":[{"href":"https:\/\/futbolhoy.co\/index.php\/wp-json\/wp\/v2\/types\/post"}],"author":[{"embeddable":true,"href":"https:\/\/futbolhoy.co\/index.php\/wp-json\/wp\/v2\/users\/5"}],"replies":[{"embeddable":true,"href":"https:\/\/futbolhoy.co\/index.php\/wp-json\/wp\/v2\/comments?post=78680"}],"version-history":[{"count":3,"href":"https:\/\/futbolhoy.co\/index.php\/wp-json\/wp\/v2\/posts\/78680\/revisions"}],"predecessor-version":[{"id":78686,"href":"https:\/\/futbolhoy.co\/index.php\/wp-json\/wp\/v2\/posts\/78680\/revisions\/78686"}],"wp:featuredmedia":[{"embeddable":true,"href":"https:\/\/futbolhoy.co\/index.php\/wp-json\/wp\/v2\/media\/78681"}],"wp:attachment":[{"href":"https:\/\/futbolhoy.co\/index.php\/wp-json\/wp\/v2\/media?parent=78680"}],"wp:term":[{"taxonomy":"category","embeddable":true,"href":"https:\/\/futbolhoy.co\/index.php\/wp-json\/wp\/v2\/categories?post=78680"},{"taxonomy":"post_tag","embeddable":true,"href":"https:\/\/futbolhoy.co\/index.php\/wp-json\/wp\/v2\/tags?post=78680"}],"curies":[{"name":"wp","href":"https:\/\/api.w.org\/{rel}","templated":true}]}}