{"id":78696,"date":"2022-04-11T19:07:06","date_gmt":"2022-04-12T00:07:06","guid":{"rendered":"https:\/\/futbolhoy.co\/?p=78696"},"modified":"2022-04-12T06:49:44","modified_gmt":"2022-04-12T11:49:44","slug":"bolillo-sale-de-honduras","status":"publish","type":"post","link":"https:\/\/futbolhoy.co\/index.php\/2022\/04\/11\/bolillo-sale-de-honduras\/","title":{"rendered":"\u2018Bolillo\u2019 sale de Honduras"},"content":{"rendered":"<p style=\"text-align: justify;\"><span style=\"font-family: helvetica, arial, sans-serif;\">El entrenador colombiano\u00a0<b>Hern\u00e1n Dar\u00edo \u2018Bolillo\u2019 G\u00f3mez<\/b>\u00a0dej\u00f3 de ser el\u00a0<b>seleccionador de Honduras<\/b>, luego de llegar a un acuerdo con los dirigentes de la Federaci\u00f3n nacional.<\/span><\/p>\n<p style=\"text-align: justify;\"><span style=\"font-family: helvetica, arial, sans-serif;\">G\u00f3mez no cumpli\u00f3 las expectativas al frente del equipo \u2018catracho\u2019, donde no logr\u00f3 hacerlo reaccionar en la tabla de posiciones del octogonal final de las eliminatorias de la\u00a0<b>Concacaf al Mundial de Qatar 2022<\/b>, ocupando el \u00faltimo lugar con solo 4 puntos.<\/span><\/p>\n<p style=\"text-align: justify;\"><span style=\"font-family: helvetica, arial, sans-serif;\"><b>\u2018Bolillo\u2019<\/b>\u00a0alcanz\u00f3 a dirigir, desde octubre de 2021, 9 partidos a los hondure\u00f1os, sin sumar victorias, un solo empate y 8 derrotas, para un lamentable rendimiento del 3,7 %.<\/span><\/p>\n<p style=\"text-align: justify;\"><span style=\"font-family: helvetica, arial, sans-serif;\">El antioque\u00f1o pretend\u00eda continuar en el cargo, pero no encontr\u00f3 el respaldo dirigencial, que ya estudia nombres para sustituirlo, entre los que figuran el local\u00a0<b>Salom\u00f3n Nazar del club Victoria<\/b>,\u00a0<b>Diego V\u00e1squez<\/b>, sin equipo; y el argentino\u00a0<b>Pedro Troglio<\/b>, actualmente en\u00a0<b>San Lorenzo de Almagro<\/b>.<\/span><\/p>\n<p><img fetchpriority=\"high\" decoding=\"async\" class=\"alignnone size-full wp-image-78697\" src=\"https:\/\/futbolhoy.co\/wp-content\/uploads\/2022\/04\/20220411_190600.jpg\" alt=\"\" width=\"981\" height=\"1262\" srcset=\"https:\/\/futbolhoy.co\/wp-content\/uploads\/2022\/04\/20220411_190600.jpg 981w, https:\/\/futbolhoy.co\/wp-content\/uploads\/2022\/04\/20220411_190600-233x300.jpg 233w, https:\/\/futbolhoy.co\/wp-content\/uploads\/2022\/04\/20220411_190600-796x1024.jpg 796w, https:\/\/futbolhoy.co\/wp-content\/uploads\/2022\/04\/20220411_190600-768x988.jpg 768w, https:\/\/futbolhoy.co\/wp-content\/uploads\/2022\/04\/20220411_190600-696x895.jpg 696w, https:\/\/futbolhoy.co\/wp-content\/uploads\/2022\/04\/20220411_190600-326x420.jpg 326w, https:\/\/futbolhoy.co\/wp-content\/uploads\/2022\/04\/20220411_190600-99x128.jpg 99w, https:\/\/futbolhoy.co\/wp-content\/uploads\/2022\/04\/20220411_190600-25x32.jpg 25w\" sizes=\"(max-width: 981px) 100vw, 981px\" \/><\/p>\n","protected":false},"excerpt":{"rendered":"<p>El entrenador colombiano\u00a0Hern\u00e1n Dar\u00edo \u2018Bolillo\u2019 G\u00f3mez\u00a0dej\u00f3 de ser el\u00a0seleccionador de Honduras, luego de llegar a un acuerdo con los dirigentes de la Federaci\u00f3n nacional. G\u00f3mez no cumpli\u00f3 las expectativas al frente del equipo \u2018catracho\u2019, donde no logr\u00f3 hacerlo reaccionar en la tabla de posiciones del octogonal final de las eliminatorias de la\u00a0Concacaf al Mundial de [&hellip;]<\/p>\n","protected":false},"author":5,"featured_media":78698,"comment_status":"open","ping_status":"open","sticky":false,"template":"","format":"standard","meta":{"_acf_changed":false,"footnotes":""},"categories":[152],"tags":[],"class_list":{"0":"post-78696","1":"post","2":"type-post","3":"status-publish","4":"format-standard","5":"has-post-thumbnail","7":"category-mundo-futbol"},"acf":[],"yoast_head":"<!-- This site is optimized with the Yoast SEO plugin v26.8 - https:\/\/yoast.com\/product\/yoast-seo-wordpress\/ -->\n<title>\u2018Bolillo\u2019 sale de Honduras -<\/title>\n<meta name=\"robots\" content=\"index, follow, max-snippet:-1, max-image-preview:large, max-video-preview:-1\" \/>\n<link rel=\"canonical\" href=\"https:\/\/futbolhoy.co\/index.php\/2022\/04\/11\/bolillo-sale-de-honduras\/\" \/>\n<meta property=\"og:locale\" content=\"es_ES\" \/>\n<meta property=\"og:type\" content=\"article\" \/>\n<meta property=\"og:title\" content=\"\u2018Bolillo\u2019 sale de Honduras -\" \/>\n<meta property=\"og:description\" content=\"El entrenador colombiano\u00a0Hern\u00e1n Dar\u00edo \u2018Bolillo\u2019 G\u00f3mez\u00a0dej\u00f3 de ser el\u00a0seleccionador de Honduras, luego de llegar a un acuerdo con los dirigentes de la Federaci\u00f3n nacional. G\u00f3mez no cumpli\u00f3 las expectativas al frente del equipo \u2018catracho\u2019, donde no logr\u00f3 hacerlo reaccionar en la tabla de posiciones del octogonal final de las eliminatorias de la\u00a0Concacaf al Mundial de [&hellip;]\" \/>\n<meta property=\"og:url\" content=\"https:\/\/futbolhoy.co\/index.php\/2022\/04\/11\/bolillo-sale-de-honduras\/\" \/>\n<meta property=\"article:publisher\" content=\"https:\/\/www.facebook.com\/FutbolHoyCol\/\" \/>\n<meta property=\"article:published_time\" content=\"2022-04-12T00:07:06+00:00\" \/>\n<meta property=\"article:modified_time\" content=\"2022-04-12T11:49:44+00:00\" \/>\n<meta property=\"og:image\" content=\"https:\/\/futbolhoy.co\/wp-content\/uploads\/2022\/04\/20220411_190606.jpg\" \/>\n\t<meta property=\"og:image:width\" content=\"1000\" \/>\n\t<meta property=\"og:image:height\" content=\"600\" \/>\n\t<meta property=\"og:image:type\" content=\"image\/jpeg\" \/>\n<meta name=\"author\" content=\"Laura Hern\u00e1ndez\" \/>\n<meta name=\"twitter:card\" content=\"summary_large_image\" \/>\n<meta name=\"twitter:creator\" content=\"@FutbolHoyCol\" \/>\n<meta name=\"twitter:site\" content=\"@FutbolHoyCol\" \/>\n<meta name=\"twitter:label1\" content=\"Escrito por\" \/>\n\t<meta name=\"twitter:data1\" content=\"Laura Hern\u00e1ndez\" \/>\n\t<meta name=\"twitter:label2\" content=\"Tiempo de lectura\" \/>\n\t<meta name=\"twitter:data2\" content=\"1 minuto\" \/>\n<script type=\"application\/ld+json\" class=\"yoast-schema-graph\">{\"@context\":\"https:\/\/schema.org\",\"@graph\":[{\"@type\":\"Article\",\"@id\":\"https:\/\/futbolhoy.co\/index.php\/2022\/04\/11\/bolillo-sale-de-honduras\/#article\",\"isPartOf\":{\"@id\":\"https:\/\/futbolhoy.co\/index.php\/2022\/04\/11\/bolillo-sale-de-honduras\/\"},\"author\":{\"name\":\"Laura Hern\u00e1ndez\",\"@id\":\"https:\/\/futbolhoy.co\/#\/schema\/person\/c4a353a512b127643723a34bb1812f7d\"},\"headline\":\"\u2018Bolillo\u2019 sale de Honduras\",\"datePublished\":\"2022-04-12T00:07:06+00:00\",\"dateModified\":\"2022-04-12T11:49:44+00:00\",\"mainEntityOfPage\":{\"@id\":\"https:\/\/futbolhoy.co\/index.php\/2022\/04\/11\/bolillo-sale-de-honduras\/\"},\"wordCount\":150,\"commentCount\":0,\"publisher\":{\"@id\":\"https:\/\/futbolhoy.co\/#organization\"},\"image\":{\"@id\":\"https:\/\/futbolhoy.co\/index.php\/2022\/04\/11\/bolillo-sale-de-honduras\/#primaryimage\"},\"thumbnailUrl\":\"https:\/\/futbolhoy.co\/wp-content\/uploads\/2022\/04\/20220411_190606.jpg\",\"articleSection\":[\"Mundo Futbol\"],\"inLanguage\":\"es\",\"potentialAction\":[{\"@type\":\"CommentAction\",\"name\":\"Comment\",\"target\":[\"https:\/\/futbolhoy.co\/index.php\/2022\/04\/11\/bolillo-sale-de-honduras\/#respond\"]}]},{\"@type\":\"WebPage\",\"@id\":\"https:\/\/futbolhoy.co\/index.php\/2022\/04\/11\/bolillo-sale-de-honduras\/\",\"url\":\"https:\/\/futbolhoy.co\/index.php\/2022\/04\/11\/bolillo-sale-de-honduras\/\",\"name\":\"\u2018Bolillo\u2019 sale de Honduras -\",\"isPartOf\":{\"@id\":\"https:\/\/futbolhoy.co\/#website\"},\"primaryImageOfPage\":{\"@id\":\"https:\/\/futbolhoy.co\/index.php\/2022\/04\/11\/bolillo-sale-de-honduras\/#primaryimage\"},\"image\":{\"@id\":\"https:\/\/futbolhoy.co\/index.php\/2022\/04\/11\/bolillo-sale-de-honduras\/#primaryimage\"},\"thumbnailUrl\":\"https:\/\/futbolhoy.co\/wp-content\/uploads\/2022\/04\/20220411_190606.jpg\",\"datePublished\":\"2022-04-12T00:07:06+00:00\",\"dateModified\":\"2022-04-12T11:49:44+00:00\",\"breadcrumb\":{\"@id\":\"https:\/\/futbolhoy.co\/index.php\/2022\/04\/11\/bolillo-sale-de-honduras\/#breadcrumb\"},\"inLanguage\":\"es\",\"potentialAction\":[{\"@type\":\"ReadAction\",\"target\":[\"https:\/\/futbolhoy.co\/index.php\/2022\/04\/11\/bolillo-sale-de-honduras\/\"]}]},{\"@type\":\"ImageObject\",\"inLanguage\":\"es\",\"@id\":\"https:\/\/futbolhoy.co\/index.php\/2022\/04\/11\/bolillo-sale-de-honduras\/#primaryimage\",\"url\":\"https:\/\/futbolhoy.co\/wp-content\/uploads\/2022\/04\/20220411_190606.jpg\",\"contentUrl\":\"https:\/\/futbolhoy.co\/wp-content\/uploads\/2022\/04\/20220411_190606.jpg\",\"width\":1000,\"height\":600},{\"@type\":\"BreadcrumbList\",\"@id\":\"https:\/\/futbolhoy.co\/index.php\/2022\/04\/11\/bolillo-sale-de-honduras\/#breadcrumb\",\"itemListElement\":[{\"@type\":\"ListItem\",\"position\":1,\"name\":\"Portada\",\"item\":\"https:\/\/futbolhoy.co\/\"},{\"@type\":\"ListItem\",\"position\":2,\"name\":\"\u2018Bolillo\u2019 sale de Honduras\"}]},{\"@type\":\"WebSite\",\"@id\":\"https:\/\/futbolhoy.co\/#website\",\"url\":\"https:\/\/futbolhoy.co\/\",\"name\":\"FutbolHoy\",\"description\":\"\",\"publisher\":{\"@id\":\"https:\/\/futbolhoy.co\/#organization\"},\"potentialAction\":[{\"@type\":\"SearchAction\",\"target\":{\"@type\":\"EntryPoint\",\"urlTemplate\":\"https:\/\/futbolhoy.co\/?s={search_term_string}\"},\"query-input\":{\"@type\":\"PropertyValueSpecification\",\"valueRequired\":true,\"valueName\":\"search_term_string\"}}],\"inLanguage\":\"es\"},{\"@type\":\"Organization\",\"@id\":\"https:\/\/futbolhoy.co\/#organization\",\"name\":\"Futbolhoy.co\",\"url\":\"https:\/\/futbolhoy.co\/\",\"logo\":{\"@type\":\"ImageObject\",\"inLanguage\":\"es\",\"@id\":\"https:\/\/futbolhoy.co\/#\/schema\/logo\/image\/\",\"url\":\"https:\/\/futbolhoy.co\/wp-content\/uploads\/2018\/08\/17426380_1906371736249227_6326180412931521141_n.jpg\",\"contentUrl\":\"https:\/\/futbolhoy.co\/wp-content\/uploads\/2018\/08\/17426380_1906371736249227_6326180412931521141_n.jpg\",\"width\":960,\"height\":960,\"caption\":\"Futbolhoy.co\"},\"image\":{\"@id\":\"https:\/\/futbolhoy.co\/#\/schema\/logo\/image\/\"},\"sameAs\":[\"https:\/\/www.facebook.com\/FutbolHoyCol\/\",\"https:\/\/x.com\/FutbolHoyCol\",\"https:\/\/www.instagram.com\/futbolhoycol\/\"]},{\"@type\":\"Person\",\"@id\":\"https:\/\/futbolhoy.co\/#\/schema\/person\/c4a353a512b127643723a34bb1812f7d\",\"name\":\"Laura Hern\u00e1ndez\",\"image\":{\"@type\":\"ImageObject\",\"inLanguage\":\"es\",\"@id\":\"https:\/\/futbolhoy.co\/#\/schema\/person\/image\/\",\"url\":\"https:\/\/secure.gravatar.com\/avatar\/d25959a15b9b293a743f99181c7cfd01?s=96&d=mm&r=g\",\"contentUrl\":\"https:\/\/secure.gravatar.com\/avatar\/d25959a15b9b293a743f99181c7cfd01?s=96&d=mm&r=g\",\"caption\":\"Laura Hern\u00e1ndez\"}}]}<\/script>\n<!-- \/ Yoast SEO plugin. -->","yoast_head_json":{"title":"\u2018Bolillo\u2019 sale de Honduras -","robots":{"index":"index","follow":"follow","max-snippet":"max-snippet:-1","max-image-preview":"max-image-preview:large","max-video-preview":"max-video-preview:-1"},"canonical":"https:\/\/futbolhoy.co\/index.php\/2022\/04\/11\/bolillo-sale-de-honduras\/","og_locale":"es_ES","og_type":"article","og_title":"\u2018Bolillo\u2019 sale de Honduras -","og_description":"El entrenador colombiano\u00a0Hern\u00e1n Dar\u00edo \u2018Bolillo\u2019 G\u00f3mez\u00a0dej\u00f3 de ser el\u00a0seleccionador de Honduras, luego de llegar a un acuerdo con los dirigentes de la Federaci\u00f3n nacional. G\u00f3mez no cumpli\u00f3 las expectativas al frente del equipo \u2018catracho\u2019, donde no logr\u00f3 hacerlo reaccionar en la tabla de posiciones del octogonal final de las eliminatorias de la\u00a0Concacaf al Mundial de [&hellip;]","og_url":"https:\/\/futbolhoy.co\/index.php\/2022\/04\/11\/bolillo-sale-de-honduras\/","article_publisher":"https:\/\/www.facebook.com\/FutbolHoyCol\/","article_published_time":"2022-04-12T00:07:06+00:00","article_modified_time":"2022-04-12T11:49:44+00:00","og_image":[{"width":1000,"height":600,"url":"https:\/\/futbolhoy.co\/wp-content\/uploads\/2022\/04\/20220411_190606.jpg","type":"image\/jpeg"}],"author":"Laura Hern\u00e1ndez","twitter_card":"summary_large_image","twitter_creator":"@FutbolHoyCol","twitter_site":"@FutbolHoyCol","twitter_misc":{"Escrito por":"Laura Hern\u00e1ndez","Tiempo de lectura":"1 minuto"},"schema":{"@context":"https:\/\/schema.org","@graph":[{"@type":"Article","@id":"https:\/\/futbolhoy.co\/index.php\/2022\/04\/11\/bolillo-sale-de-honduras\/#article","isPartOf":{"@id":"https:\/\/futbolhoy.co\/index.php\/2022\/04\/11\/bolillo-sale-de-honduras\/"},"author":{"name":"Laura Hern\u00e1ndez","@id":"https:\/\/futbolhoy.co\/#\/schema\/person\/c4a353a512b127643723a34bb1812f7d"},"headline":"\u2018Bolillo\u2019 sale de Honduras","datePublished":"2022-04-12T00:07:06+00:00","dateModified":"2022-04-12T11:49:44+00:00","mainEntityOfPage":{"@id":"https:\/\/futbolhoy.co\/index.php\/2022\/04\/11\/bolillo-sale-de-honduras\/"},"wordCount":150,"commentCount":0,"publisher":{"@id":"https:\/\/futbolhoy.co\/#organization"},"image":{"@id":"https:\/\/futbolhoy.co\/index.php\/2022\/04\/11\/bolillo-sale-de-honduras\/#primaryimage"},"thumbnailUrl":"https:\/\/futbolhoy.co\/wp-content\/uploads\/2022\/04\/20220411_190606.jpg","articleSection":["Mundo Futbol"],"inLanguage":"es","potentialAction":[{"@type":"CommentAction","name":"Comment","target":["https:\/\/futbolhoy.co\/index.php\/2022\/04\/11\/bolillo-sale-de-honduras\/#respond"]}]},{"@type":"WebPage","@id":"https:\/\/futbolhoy.co\/index.php\/2022\/04\/11\/bolillo-sale-de-honduras\/","url":"https:\/\/futbolhoy.co\/index.php\/2022\/04\/11\/bolillo-sale-de-honduras\/","name":"\u2018Bolillo\u2019 sale de Honduras -","isPartOf":{"@id":"https:\/\/futbolhoy.co\/#website"},"primaryImageOfPage":{"@id":"https:\/\/futbolhoy.co\/index.php\/2022\/04\/11\/bolillo-sale-de-honduras\/#primaryimage"},"image":{"@id":"https:\/\/futbolhoy.co\/index.php\/2022\/04\/11\/bolillo-sale-de-honduras\/#primaryimage"},"thumbnailUrl":"https:\/\/futbolhoy.co\/wp-content\/uploads\/2022\/04\/20220411_190606.jpg","datePublished":"2022-04-12T00:07:06+00:00","dateModified":"2022-04-12T11:49:44+00:00","breadcrumb":{"@id":"https:\/\/futbolhoy.co\/index.php\/2022\/04\/11\/bolillo-sale-de-honduras\/#breadcrumb"},"inLanguage":"es","potentialAction":[{"@type":"ReadAction","target":["https:\/\/futbolhoy.co\/index.php\/2022\/04\/11\/bolillo-sale-de-honduras\/"]}]},{"@type":"ImageObject","inLanguage":"es","@id":"https:\/\/futbolhoy.co\/index.php\/2022\/04\/11\/bolillo-sale-de-honduras\/#primaryimage","url":"https:\/\/futbolhoy.co\/wp-content\/uploads\/2022\/04\/20220411_190606.jpg","contentUrl":"https:\/\/futbolhoy.co\/wp-content\/uploads\/2022\/04\/20220411_190606.jpg","width":1000,"height":600},{"@type":"BreadcrumbList","@id":"https:\/\/futbolhoy.co\/index.php\/2022\/04\/11\/bolillo-sale-de-honduras\/#breadcrumb","itemListElement":[{"@type":"ListItem","position":1,"name":"Portada","item":"https:\/\/futbolhoy.co\/"},{"@type":"ListItem","position":2,"name":"\u2018Bolillo\u2019 sale de Honduras"}]},{"@type":"WebSite","@id":"https:\/\/futbolhoy.co\/#website","url":"https:\/\/futbolhoy.co\/","name":"FutbolHoy","description":"","publisher":{"@id":"https:\/\/futbolhoy.co\/#organization"},"potentialAction":[{"@type":"SearchAction","target":{"@type":"EntryPoint","urlTemplate":"https:\/\/futbolhoy.co\/?s={search_term_string}"},"query-input":{"@type":"PropertyValueSpecification","valueRequired":true,"valueName":"search_term_string"}}],"inLanguage":"es"},{"@type":"Organization","@id":"https:\/\/futbolhoy.co\/#organization","name":"Futbolhoy.co","url":"https:\/\/futbolhoy.co\/","logo":{"@type":"ImageObject","inLanguage":"es","@id":"https:\/\/futbolhoy.co\/#\/schema\/logo\/image\/","url":"https:\/\/futbolhoy.co\/wp-content\/uploads\/2018\/08\/17426380_1906371736249227_6326180412931521141_n.jpg","contentUrl":"https:\/\/futbolhoy.co\/wp-content\/uploads\/2018\/08\/17426380_1906371736249227_6326180412931521141_n.jpg","width":960,"height":960,"caption":"Futbolhoy.co"},"image":{"@id":"https:\/\/futbolhoy.co\/#\/schema\/logo\/image\/"},"sameAs":["https:\/\/www.facebook.com\/FutbolHoyCol\/","https:\/\/x.com\/FutbolHoyCol","https:\/\/www.instagram.com\/futbolhoycol\/"]},{"@type":"Person","@id":"https:\/\/futbolhoy.co\/#\/schema\/person\/c4a353a512b127643723a34bb1812f7d","name":"Laura Hern\u00e1ndez","image":{"@type":"ImageObject","inLanguage":"es","@id":"https:\/\/futbolhoy.co\/#\/schema\/person\/image\/","url":"https:\/\/secure.gravatar.com\/avatar\/d25959a15b9b293a743f99181c7cfd01?s=96&d=mm&r=g","contentUrl":"https:\/\/secure.gravatar.com\/avatar\/d25959a15b9b293a743f99181c7cfd01?s=96&d=mm&r=g","caption":"Laura Hern\u00e1ndez"}}]}},"publishpress_future_action":{"enabled":false,"date":"2026-05-04 15:45:25","action":"change-status","newStatus":"draft","terms":[],"taxonomy":"category","extraData":[]},"publishpress_future_workflow_manual_trigger":{"enabledWorkflows":[]},"_links":{"self":[{"href":"https:\/\/futbolhoy.co\/index.php\/wp-json\/wp\/v2\/posts\/78696","targetHints":{"allow":["GET"]}}],"collection":[{"href":"https:\/\/futbolhoy.co\/index.php\/wp-json\/wp\/v2\/posts"}],"about":[{"href":"https:\/\/futbolhoy.co\/index.php\/wp-json\/wp\/v2\/types\/post"}],"author":[{"embeddable":true,"href":"https:\/\/futbolhoy.co\/index.php\/wp-json\/wp\/v2\/users\/5"}],"replies":[{"embeddable":true,"href":"https:\/\/futbolhoy.co\/index.php\/wp-json\/wp\/v2\/comments?post=78696"}],"version-history":[{"count":1,"href":"https:\/\/futbolhoy.co\/index.php\/wp-json\/wp\/v2\/posts\/78696\/revisions"}],"predecessor-version":[{"id":78699,"href":"https:\/\/futbolhoy.co\/index.php\/wp-json\/wp\/v2\/posts\/78696\/revisions\/78699"}],"wp:featuredmedia":[{"embeddable":true,"href":"https:\/\/futbolhoy.co\/index.php\/wp-json\/wp\/v2\/media\/78698"}],"wp:attachment":[{"href":"https:\/\/futbolhoy.co\/index.php\/wp-json\/wp\/v2\/media?parent=78696"}],"wp:term":[{"taxonomy":"category","embeddable":true,"href":"https:\/\/futbolhoy.co\/index.php\/wp-json\/wp\/v2\/categories?post=78696"},{"taxonomy":"post_tag","embeddable":true,"href":"https:\/\/futbolhoy.co\/index.php\/wp-json\/wp\/v2\/tags?post=78696"}],"curies":[{"name":"wp","href":"https:\/\/api.w.org\/{rel}","templated":true}]}}