{"id":78714,"date":"2022-04-12T12:48:22","date_gmt":"2022-04-12T17:48:22","guid":{"rendered":"https:\/\/futbolhoy.co\/?p=78714"},"modified":"2022-04-12T16:11:23","modified_gmt":"2022-04-12T21:11:23","slug":"rincon-sigue-critico-y-con-medidas-de-soporte-avanzado","status":"publish","type":"post","link":"https:\/\/futbolhoy.co\/index.php\/2022\/04\/12\/rincon-sigue-critico-y-con-medidas-de-soporte-avanzado\/","title":{"rendered":"Rinc\u00f3n sigue cr\u00edtico y con medidas de soporte avanzado"},"content":{"rendered":"<!--[if lt IE 9]><script>document.createElement('audio');<\/script><![endif]-->\n<audio class=\"wp-audio-shortcode\" id=\"audio-78714-1\" preload=\"none\" style=\"width: 100%;\" controls=\"controls\"><source type=\"audio\/mpeg\" src=\"https:\/\/futbolhoy.co\/wp-content\/uploads\/2022\/04\/FH-PARTE2022-04-12.mp3?_=1\" \/><a href=\"https:\/\/futbolhoy.co\/wp-content\/uploads\/2022\/04\/FH-PARTE2022-04-12.mp3\">https:\/\/futbolhoy.co\/wp-content\/uploads\/2022\/04\/FH-PARTE2022-04-12.mp3<\/a><\/audio>\n<p>&nbsp;<\/p>\n<p><span style=\"font-family: helvetica, arial, sans-serif; font-size: 10pt;\"><strong><em>Parte M\u00e9dico Cl\u00ednica Imbanaco\u00a0<\/em><\/strong><\/span><\/p>\n<p style=\"text-align: justify;\"><span style=\"font-family: helvetica, arial, sans-serif;\">La situaci\u00f3n m\u00e9dica del exfutbolista <strong>Freddy Rinc\u00f3n<\/strong> se mantiene igual y su condici\u00f3n continua critica, seg\u00fan el primer informe de este martes de la Cl\u00ednica Imbanaco, donde permanece.<\/span><\/p>\n<p style=\"text-align: justify;\"><span style=\"font-family: helvetica, arial, sans-serif;\">\u201cSigue con medidas de soporte avanzado, su pron\u00f3stico no ha cambiado, considerando la delicada evoluci\u00f3n que ha venido presentando, seguimos con muy reservado pron\u00f3stico y seguiremos implementando todas las medidas necesarias para manejar la situaci\u00f3n\u201d, sostuvo el galeno <strong>Laureano Quintero<\/strong>, vocero de la Cl\u00ednica.<\/span><\/p>\n<p style=\"text-align: justify;\"><span style=\"font-family: helvetica, arial, sans-serif;\">Rinc\u00f3n, de 55 a\u00f1os de edad, sufri\u00f3 en la madrugada de este lunes un fuerte accidente de tr\u00e1nsito en Cali, cuando transitaba en una camioneta en una zona aleda\u00f1a al estadio Pascual Guerrero y fue embestido por un bus alimentador del MIO.<\/span><\/p>\n","protected":false},"excerpt":{"rendered":"<p>&nbsp; Parte M\u00e9dico Cl\u00ednica Imbanaco\u00a0 La situaci\u00f3n m\u00e9dica del exfutbolista Freddy Rinc\u00f3n se mantiene igual y su condici\u00f3n continua critica, seg\u00fan el primer informe de este martes de la Cl\u00ednica Imbanaco, donde permanece. \u201cSigue con medidas de soporte avanzado, su pron\u00f3stico no ha cambiado, considerando la delicada evoluci\u00f3n que ha venido presentando, seguimos con muy [&hellip;]<\/p>\n","protected":false},"author":5,"featured_media":78715,"comment_status":"open","ping_status":"open","sticky":false,"template":"","format":"video","meta":{"_acf_changed":false,"footnotes":""},"categories":[418],"tags":[],"class_list":{"0":"post-78714","1":"post","2":"type-post","3":"status-publish","4":"format-video","5":"has-post-thumbnail","7":"category-colombia","8":"post_format-post-format-video"},"acf":[],"yoast_head":"<!-- This site is optimized with the Yoast SEO plugin v26.8 - https:\/\/yoast.com\/product\/yoast-seo-wordpress\/ -->\n<title>Rinc\u00f3n sigue cr\u00edtico y con medidas de soporte avanzado -<\/title>\n<meta name=\"robots\" content=\"index, follow, max-snippet:-1, max-image-preview:large, max-video-preview:-1\" \/>\n<link rel=\"canonical\" href=\"https:\/\/futbolhoy.co\/index.php\/2022\/04\/12\/rincon-sigue-critico-y-con-medidas-de-soporte-avanzado\/\" \/>\n<meta property=\"og:locale\" content=\"es_ES\" \/>\n<meta property=\"og:type\" content=\"article\" \/>\n<meta property=\"og:title\" content=\"Rinc\u00f3n sigue cr\u00edtico y con medidas de soporte avanzado -\" \/>\n<meta property=\"og:description\" content=\"&nbsp; Parte M\u00e9dico Cl\u00ednica Imbanaco\u00a0 La situaci\u00f3n m\u00e9dica del exfutbolista Freddy Rinc\u00f3n se mantiene igual y su condici\u00f3n continua critica, seg\u00fan el primer informe de este martes de la Cl\u00ednica Imbanaco, donde permanece. \u201cSigue con medidas de soporte avanzado, su pron\u00f3stico no ha cambiado, considerando la delicada evoluci\u00f3n que ha venido presentando, seguimos con muy [&hellip;]\" \/>\n<meta property=\"og:url\" content=\"https:\/\/futbolhoy.co\/index.php\/2022\/04\/12\/rincon-sigue-critico-y-con-medidas-de-soporte-avanzado\/\" \/>\n<meta property=\"article:publisher\" content=\"https:\/\/www.facebook.com\/FutbolHoyCol\/\" \/>\n<meta property=\"article:published_time\" content=\"2022-04-12T17:48:22+00:00\" \/>\n<meta property=\"article:modified_time\" content=\"2022-04-12T21:11:23+00:00\" \/>\n<meta property=\"og:image\" content=\"https:\/\/futbolhoy.co\/wp-content\/uploads\/2022\/04\/20220412_061728.jpg\" \/>\n\t<meta property=\"og:image:width\" content=\"1200\" \/>\n\t<meta property=\"og:image:height\" content=\"900\" \/>\n\t<meta property=\"og:image:type\" content=\"image\/jpeg\" \/>\n<meta name=\"author\" content=\"Laura Hern\u00e1ndez\" \/>\n<meta name=\"twitter:card\" content=\"summary_large_image\" \/>\n<meta name=\"twitter:creator\" content=\"@FutbolHoyCol\" \/>\n<meta name=\"twitter:site\" content=\"@FutbolHoyCol\" \/>\n<meta name=\"twitter:label1\" content=\"Escrito por\" \/>\n\t<meta name=\"twitter:data1\" content=\"Laura Hern\u00e1ndez\" \/>\n\t<meta name=\"twitter:label2\" content=\"Tiempo de lectura\" \/>\n\t<meta name=\"twitter:data2\" content=\"1 minuto\" \/>\n<script type=\"application\/ld+json\" class=\"yoast-schema-graph\">{\"@context\":\"https:\/\/schema.org\",\"@graph\":[{\"@type\":\"Article\",\"@id\":\"https:\/\/futbolhoy.co\/index.php\/2022\/04\/12\/rincon-sigue-critico-y-con-medidas-de-soporte-avanzado\/#article\",\"isPartOf\":{\"@id\":\"https:\/\/futbolhoy.co\/index.php\/2022\/04\/12\/rincon-sigue-critico-y-con-medidas-de-soporte-avanzado\/\"},\"author\":{\"name\":\"Laura Hern\u00e1ndez\",\"@id\":\"https:\/\/futbolhoy.co\/#\/schema\/person\/c4a353a512b127643723a34bb1812f7d\"},\"headline\":\"Rinc\u00f3n sigue cr\u00edtico y con medidas de soporte avanzado\",\"datePublished\":\"2022-04-12T17:48:22+00:00\",\"dateModified\":\"2022-04-12T21:11:23+00:00\",\"mainEntityOfPage\":{\"@id\":\"https:\/\/futbolhoy.co\/index.php\/2022\/04\/12\/rincon-sigue-critico-y-con-medidas-de-soporte-avanzado\/\"},\"wordCount\":158,\"commentCount\":0,\"publisher\":{\"@id\":\"https:\/\/futbolhoy.co\/#organization\"},\"image\":{\"@id\":\"https:\/\/futbolhoy.co\/index.php\/2022\/04\/12\/rincon-sigue-critico-y-con-medidas-de-soporte-avanzado\/#primaryimage\"},\"thumbnailUrl\":\"https:\/\/futbolhoy.co\/wp-content\/uploads\/2022\/04\/20220412_061728.jpg\",\"articleSection\":[\"Colombia\"],\"inLanguage\":\"es\",\"potentialAction\":[{\"@type\":\"CommentAction\",\"name\":\"Comment\",\"target\":[\"https:\/\/futbolhoy.co\/index.php\/2022\/04\/12\/rincon-sigue-critico-y-con-medidas-de-soporte-avanzado\/#respond\"]}]},{\"@type\":\"WebPage\",\"@id\":\"https:\/\/futbolhoy.co\/index.php\/2022\/04\/12\/rincon-sigue-critico-y-con-medidas-de-soporte-avanzado\/\",\"url\":\"https:\/\/futbolhoy.co\/index.php\/2022\/04\/12\/rincon-sigue-critico-y-con-medidas-de-soporte-avanzado\/\",\"name\":\"Rinc\u00f3n sigue cr\u00edtico y con medidas de soporte avanzado -\",\"isPartOf\":{\"@id\":\"https:\/\/futbolhoy.co\/#website\"},\"primaryImageOfPage\":{\"@id\":\"https:\/\/futbolhoy.co\/index.php\/2022\/04\/12\/rincon-sigue-critico-y-con-medidas-de-soporte-avanzado\/#primaryimage\"},\"image\":{\"@id\":\"https:\/\/futbolhoy.co\/index.php\/2022\/04\/12\/rincon-sigue-critico-y-con-medidas-de-soporte-avanzado\/#primaryimage\"},\"thumbnailUrl\":\"https:\/\/futbolhoy.co\/wp-content\/uploads\/2022\/04\/20220412_061728.jpg\",\"datePublished\":\"2022-04-12T17:48:22+00:00\",\"dateModified\":\"2022-04-12T21:11:23+00:00\",\"breadcrumb\":{\"@id\":\"https:\/\/futbolhoy.co\/index.php\/2022\/04\/12\/rincon-sigue-critico-y-con-medidas-de-soporte-avanzado\/#breadcrumb\"},\"inLanguage\":\"es\",\"potentialAction\":[{\"@type\":\"ReadAction\",\"target\":[\"https:\/\/futbolhoy.co\/index.php\/2022\/04\/12\/rincon-sigue-critico-y-con-medidas-de-soporte-avanzado\/\"]}]},{\"@type\":\"ImageObject\",\"inLanguage\":\"es\",\"@id\":\"https:\/\/futbolhoy.co\/index.php\/2022\/04\/12\/rincon-sigue-critico-y-con-medidas-de-soporte-avanzado\/#primaryimage\",\"url\":\"https:\/\/futbolhoy.co\/wp-content\/uploads\/2022\/04\/20220412_061728.jpg\",\"contentUrl\":\"https:\/\/futbolhoy.co\/wp-content\/uploads\/2022\/04\/20220412_061728.jpg\",\"width\":1200,\"height\":900},{\"@type\":\"BreadcrumbList\",\"@id\":\"https:\/\/futbolhoy.co\/index.php\/2022\/04\/12\/rincon-sigue-critico-y-con-medidas-de-soporte-avanzado\/#breadcrumb\",\"itemListElement\":[{\"@type\":\"ListItem\",\"position\":1,\"name\":\"Portada\",\"item\":\"https:\/\/futbolhoy.co\/\"},{\"@type\":\"ListItem\",\"position\":2,\"name\":\"Rinc\u00f3n sigue cr\u00edtico y con medidas de soporte avanzado\"}]},{\"@type\":\"WebSite\",\"@id\":\"https:\/\/futbolhoy.co\/#website\",\"url\":\"https:\/\/futbolhoy.co\/\",\"name\":\"FutbolHoy\",\"description\":\"\",\"publisher\":{\"@id\":\"https:\/\/futbolhoy.co\/#organization\"},\"potentialAction\":[{\"@type\":\"SearchAction\",\"target\":{\"@type\":\"EntryPoint\",\"urlTemplate\":\"https:\/\/futbolhoy.co\/?s={search_term_string}\"},\"query-input\":{\"@type\":\"PropertyValueSpecification\",\"valueRequired\":true,\"valueName\":\"search_term_string\"}}],\"inLanguage\":\"es\"},{\"@type\":\"Organization\",\"@id\":\"https:\/\/futbolhoy.co\/#organization\",\"name\":\"Futbolhoy.co\",\"url\":\"https:\/\/futbolhoy.co\/\",\"logo\":{\"@type\":\"ImageObject\",\"inLanguage\":\"es\",\"@id\":\"https:\/\/futbolhoy.co\/#\/schema\/logo\/image\/\",\"url\":\"https:\/\/futbolhoy.co\/wp-content\/uploads\/2018\/08\/17426380_1906371736249227_6326180412931521141_n.jpg\",\"contentUrl\":\"https:\/\/futbolhoy.co\/wp-content\/uploads\/2018\/08\/17426380_1906371736249227_6326180412931521141_n.jpg\",\"width\":960,\"height\":960,\"caption\":\"Futbolhoy.co\"},\"image\":{\"@id\":\"https:\/\/futbolhoy.co\/#\/schema\/logo\/image\/\"},\"sameAs\":[\"https:\/\/www.facebook.com\/FutbolHoyCol\/\",\"https:\/\/x.com\/FutbolHoyCol\",\"https:\/\/www.instagram.com\/futbolhoycol\/\"]},{\"@type\":\"Person\",\"@id\":\"https:\/\/futbolhoy.co\/#\/schema\/person\/c4a353a512b127643723a34bb1812f7d\",\"name\":\"Laura Hern\u00e1ndez\",\"image\":{\"@type\":\"ImageObject\",\"inLanguage\":\"es\",\"@id\":\"https:\/\/futbolhoy.co\/#\/schema\/person\/image\/\",\"url\":\"https:\/\/secure.gravatar.com\/avatar\/d25959a15b9b293a743f99181c7cfd01?s=96&d=mm&r=g\",\"contentUrl\":\"https:\/\/secure.gravatar.com\/avatar\/d25959a15b9b293a743f99181c7cfd01?s=96&d=mm&r=g\",\"caption\":\"Laura Hern\u00e1ndez\"}}]}<\/script>\n<!-- \/ Yoast SEO plugin. -->","yoast_head_json":{"title":"Rinc\u00f3n sigue cr\u00edtico y con medidas de soporte avanzado -","robots":{"index":"index","follow":"follow","max-snippet":"max-snippet:-1","max-image-preview":"max-image-preview:large","max-video-preview":"max-video-preview:-1"},"canonical":"https:\/\/futbolhoy.co\/index.php\/2022\/04\/12\/rincon-sigue-critico-y-con-medidas-de-soporte-avanzado\/","og_locale":"es_ES","og_type":"article","og_title":"Rinc\u00f3n sigue cr\u00edtico y con medidas de soporte avanzado -","og_description":"&nbsp; Parte M\u00e9dico Cl\u00ednica Imbanaco\u00a0 La situaci\u00f3n m\u00e9dica del exfutbolista Freddy Rinc\u00f3n se mantiene igual y su condici\u00f3n continua critica, seg\u00fan el primer informe de este martes de la Cl\u00ednica Imbanaco, donde permanece. \u201cSigue con medidas de soporte avanzado, su pron\u00f3stico no ha cambiado, considerando la delicada evoluci\u00f3n que ha venido presentando, seguimos con muy [&hellip;]","og_url":"https:\/\/futbolhoy.co\/index.php\/2022\/04\/12\/rincon-sigue-critico-y-con-medidas-de-soporte-avanzado\/","article_publisher":"https:\/\/www.facebook.com\/FutbolHoyCol\/","article_published_time":"2022-04-12T17:48:22+00:00","article_modified_time":"2022-04-12T21:11:23+00:00","og_image":[{"width":1200,"height":900,"url":"https:\/\/futbolhoy.co\/wp-content\/uploads\/2022\/04\/20220412_061728.jpg","type":"image\/jpeg"}],"author":"Laura Hern\u00e1ndez","twitter_card":"summary_large_image","twitter_creator":"@FutbolHoyCol","twitter_site":"@FutbolHoyCol","twitter_misc":{"Escrito por":"Laura Hern\u00e1ndez","Tiempo de lectura":"1 minuto"},"schema":{"@context":"https:\/\/schema.org","@graph":[{"@type":"Article","@id":"https:\/\/futbolhoy.co\/index.php\/2022\/04\/12\/rincon-sigue-critico-y-con-medidas-de-soporte-avanzado\/#article","isPartOf":{"@id":"https:\/\/futbolhoy.co\/index.php\/2022\/04\/12\/rincon-sigue-critico-y-con-medidas-de-soporte-avanzado\/"},"author":{"name":"Laura Hern\u00e1ndez","@id":"https:\/\/futbolhoy.co\/#\/schema\/person\/c4a353a512b127643723a34bb1812f7d"},"headline":"Rinc\u00f3n sigue cr\u00edtico y con medidas de soporte avanzado","datePublished":"2022-04-12T17:48:22+00:00","dateModified":"2022-04-12T21:11:23+00:00","mainEntityOfPage":{"@id":"https:\/\/futbolhoy.co\/index.php\/2022\/04\/12\/rincon-sigue-critico-y-con-medidas-de-soporte-avanzado\/"},"wordCount":158,"commentCount":0,"publisher":{"@id":"https:\/\/futbolhoy.co\/#organization"},"image":{"@id":"https:\/\/futbolhoy.co\/index.php\/2022\/04\/12\/rincon-sigue-critico-y-con-medidas-de-soporte-avanzado\/#primaryimage"},"thumbnailUrl":"https:\/\/futbolhoy.co\/wp-content\/uploads\/2022\/04\/20220412_061728.jpg","articleSection":["Colombia"],"inLanguage":"es","potentialAction":[{"@type":"CommentAction","name":"Comment","target":["https:\/\/futbolhoy.co\/index.php\/2022\/04\/12\/rincon-sigue-critico-y-con-medidas-de-soporte-avanzado\/#respond"]}]},{"@type":"WebPage","@id":"https:\/\/futbolhoy.co\/index.php\/2022\/04\/12\/rincon-sigue-critico-y-con-medidas-de-soporte-avanzado\/","url":"https:\/\/futbolhoy.co\/index.php\/2022\/04\/12\/rincon-sigue-critico-y-con-medidas-de-soporte-avanzado\/","name":"Rinc\u00f3n sigue cr\u00edtico y con medidas de soporte avanzado -","isPartOf":{"@id":"https:\/\/futbolhoy.co\/#website"},"primaryImageOfPage":{"@id":"https:\/\/futbolhoy.co\/index.php\/2022\/04\/12\/rincon-sigue-critico-y-con-medidas-de-soporte-avanzado\/#primaryimage"},"image":{"@id":"https:\/\/futbolhoy.co\/index.php\/2022\/04\/12\/rincon-sigue-critico-y-con-medidas-de-soporte-avanzado\/#primaryimage"},"thumbnailUrl":"https:\/\/futbolhoy.co\/wp-content\/uploads\/2022\/04\/20220412_061728.jpg","datePublished":"2022-04-12T17:48:22+00:00","dateModified":"2022-04-12T21:11:23+00:00","breadcrumb":{"@id":"https:\/\/futbolhoy.co\/index.php\/2022\/04\/12\/rincon-sigue-critico-y-con-medidas-de-soporte-avanzado\/#breadcrumb"},"inLanguage":"es","potentialAction":[{"@type":"ReadAction","target":["https:\/\/futbolhoy.co\/index.php\/2022\/04\/12\/rincon-sigue-critico-y-con-medidas-de-soporte-avanzado\/"]}]},{"@type":"ImageObject","inLanguage":"es","@id":"https:\/\/futbolhoy.co\/index.php\/2022\/04\/12\/rincon-sigue-critico-y-con-medidas-de-soporte-avanzado\/#primaryimage","url":"https:\/\/futbolhoy.co\/wp-content\/uploads\/2022\/04\/20220412_061728.jpg","contentUrl":"https:\/\/futbolhoy.co\/wp-content\/uploads\/2022\/04\/20220412_061728.jpg","width":1200,"height":900},{"@type":"BreadcrumbList","@id":"https:\/\/futbolhoy.co\/index.php\/2022\/04\/12\/rincon-sigue-critico-y-con-medidas-de-soporte-avanzado\/#breadcrumb","itemListElement":[{"@type":"ListItem","position":1,"name":"Portada","item":"https:\/\/futbolhoy.co\/"},{"@type":"ListItem","position":2,"name":"Rinc\u00f3n sigue cr\u00edtico y con medidas de soporte avanzado"}]},{"@type":"WebSite","@id":"https:\/\/futbolhoy.co\/#website","url":"https:\/\/futbolhoy.co\/","name":"FutbolHoy","description":"","publisher":{"@id":"https:\/\/futbolhoy.co\/#organization"},"potentialAction":[{"@type":"SearchAction","target":{"@type":"EntryPoint","urlTemplate":"https:\/\/futbolhoy.co\/?s={search_term_string}"},"query-input":{"@type":"PropertyValueSpecification","valueRequired":true,"valueName":"search_term_string"}}],"inLanguage":"es"},{"@type":"Organization","@id":"https:\/\/futbolhoy.co\/#organization","name":"Futbolhoy.co","url":"https:\/\/futbolhoy.co\/","logo":{"@type":"ImageObject","inLanguage":"es","@id":"https:\/\/futbolhoy.co\/#\/schema\/logo\/image\/","url":"https:\/\/futbolhoy.co\/wp-content\/uploads\/2018\/08\/17426380_1906371736249227_6326180412931521141_n.jpg","contentUrl":"https:\/\/futbolhoy.co\/wp-content\/uploads\/2018\/08\/17426380_1906371736249227_6326180412931521141_n.jpg","width":960,"height":960,"caption":"Futbolhoy.co"},"image":{"@id":"https:\/\/futbolhoy.co\/#\/schema\/logo\/image\/"},"sameAs":["https:\/\/www.facebook.com\/FutbolHoyCol\/","https:\/\/x.com\/FutbolHoyCol","https:\/\/www.instagram.com\/futbolhoycol\/"]},{"@type":"Person","@id":"https:\/\/futbolhoy.co\/#\/schema\/person\/c4a353a512b127643723a34bb1812f7d","name":"Laura Hern\u00e1ndez","image":{"@type":"ImageObject","inLanguage":"es","@id":"https:\/\/futbolhoy.co\/#\/schema\/person\/image\/","url":"https:\/\/secure.gravatar.com\/avatar\/d25959a15b9b293a743f99181c7cfd01?s=96&d=mm&r=g","contentUrl":"https:\/\/secure.gravatar.com\/avatar\/d25959a15b9b293a743f99181c7cfd01?s=96&d=mm&r=g","caption":"Laura Hern\u00e1ndez"}}]}},"publishpress_future_action":{"enabled":false,"date":"2026-05-04 07:12:37","action":"change-status","newStatus":"draft","terms":[],"taxonomy":"category","extraData":[]},"publishpress_future_workflow_manual_trigger":{"enabledWorkflows":[]},"_links":{"self":[{"href":"https:\/\/futbolhoy.co\/index.php\/wp-json\/wp\/v2\/posts\/78714","targetHints":{"allow":["GET"]}}],"collection":[{"href":"https:\/\/futbolhoy.co\/index.php\/wp-json\/wp\/v2\/posts"}],"about":[{"href":"https:\/\/futbolhoy.co\/index.php\/wp-json\/wp\/v2\/types\/post"}],"author":[{"embeddable":true,"href":"https:\/\/futbolhoy.co\/index.php\/wp-json\/wp\/v2\/users\/5"}],"replies":[{"embeddable":true,"href":"https:\/\/futbolhoy.co\/index.php\/wp-json\/wp\/v2\/comments?post=78714"}],"version-history":[{"count":2,"href":"https:\/\/futbolhoy.co\/index.php\/wp-json\/wp\/v2\/posts\/78714\/revisions"}],"predecessor-version":[{"id":78724,"href":"https:\/\/futbolhoy.co\/index.php\/wp-json\/wp\/v2\/posts\/78714\/revisions\/78724"}],"wp:featuredmedia":[{"embeddable":true,"href":"https:\/\/futbolhoy.co\/index.php\/wp-json\/wp\/v2\/media\/78715"}],"wp:attachment":[{"href":"https:\/\/futbolhoy.co\/index.php\/wp-json\/wp\/v2\/media?parent=78714"}],"wp:term":[{"taxonomy":"category","embeddable":true,"href":"https:\/\/futbolhoy.co\/index.php\/wp-json\/wp\/v2\/categories?post=78714"},{"taxonomy":"post_tag","embeddable":true,"href":"https:\/\/futbolhoy.co\/index.php\/wp-json\/wp\/v2\/tags?post=78714"}],"curies":[{"name":"wp","href":"https:\/\/api.w.org\/{rel}","templated":true}]}}