{"id":78718,"date":"2022-04-12T06:35:59","date_gmt":"2022-04-12T11:35:59","guid":{"rendered":"https:\/\/futbolhoy.co\/?p=78718"},"modified":"2022-04-12T16:36:17","modified_gmt":"2022-04-12T21:36:17","slug":"barca-no-tiene-acuerdo-con-lewandowski","status":"publish","type":"post","link":"https:\/\/futbolhoy.co\/index.php\/2022\/04\/12\/barca-no-tiene-acuerdo-con-lewandowski\/","title":{"rendered":"Bar\u00e7a no tiene acuerdo con Lewandowski"},"content":{"rendered":"<p style=\"text-align: justify;\"><span style=\"font-family: helvetica, arial, sans-serif;\">El <strong>Barcelona<\/strong> de Espa\u00f1a no ha cerrado ning\u00fan acuerdo con el delantero del <strong>Bayern M\u00fanich, Robert Lewandowski<\/strong>, como asegur\u00f3 la televisi\u00f3n polaca.<\/span><\/p>\n<p style=\"text-align: justify;\"><span style=\"font-family: helvetica, arial, sans-serif;\">\u201cEn el club azulgrana se\u00f1alan que es una opci\u00f3n m\u00e1s, pero no la \u00fanica, aunque s\u00ed admiten tener constancia del ofrecimiento que les ha llegado del inter\u00e9s de <strong>Lewandowski\u201d,<\/strong> asegur\u00f3 Mundo Deportivo de <strong>Barcelona.<\/strong><\/span><\/p>\n<p style=\"text-align: justify;\"><span style=\"font-family: helvetica, arial, sans-serif;\">El jugador s\u00ed interesa al equipo catal\u00e1n, porque agrada al t\u00e9cnico, pero tambi\u00e9n hay otras opciones para la pr\u00f3xima temporada, seg\u00fan el mismo medio.<\/span><\/p>\n<p style=\"text-align: justify;\"><span style=\"font-family: helvetica, arial, sans-serif;\">El canal polaco \u2018TVP Sport\u2019 asegur\u00f3 que <strong>Lewandowski,<\/strong> quien tiene contrato con Bayern hasta 2023, se hab\u00eda comprometido con los espa\u00f1oles por tres temporadas.<\/span><\/p>\n<p style=\"text-align: justify;\"><span style=\"font-family: helvetica, arial, sans-serif;\"><strong>Liverpool, Manchester City y PSG<\/strong> tambi\u00e9n han mostrado su inter\u00e9s por el delantero polaco.<\/span><\/p>\n","protected":false},"excerpt":{"rendered":"<p>El Barcelona de Espa\u00f1a no ha cerrado ning\u00fan acuerdo con el delantero del Bayern M\u00fanich, Robert Lewandowski, como asegur\u00f3 la televisi\u00f3n polaca. \u201cEn el club azulgrana se\u00f1alan que es una opci\u00f3n m\u00e1s, pero no la \u00fanica, aunque s\u00ed admiten tener constancia del ofrecimiento que les ha llegado del inter\u00e9s de Lewandowski\u201d, asegur\u00f3 Mundo Deportivo de [&hellip;]<\/p>\n","protected":false},"author":5,"featured_media":78719,"comment_status":"open","ping_status":"open","sticky":false,"template":"","format":"standard","meta":{"_acf_changed":false,"footnotes":""},"categories":[152],"tags":[],"class_list":{"0":"post-78718","1":"post","2":"type-post","3":"status-publish","4":"format-standard","5":"has-post-thumbnail","7":"category-mundo-futbol"},"acf":[],"yoast_head":"<!-- This site is optimized with the Yoast SEO plugin v26.8 - https:\/\/yoast.com\/product\/yoast-seo-wordpress\/ -->\n<title>Bar\u00e7a no tiene acuerdo con Lewandowski -<\/title>\n<meta name=\"robots\" content=\"index, follow, max-snippet:-1, max-image-preview:large, max-video-preview:-1\" \/>\n<link rel=\"canonical\" href=\"https:\/\/futbolhoy.co\/index.php\/2022\/04\/12\/barca-no-tiene-acuerdo-con-lewandowski\/\" \/>\n<meta property=\"og:locale\" content=\"es_ES\" \/>\n<meta property=\"og:type\" content=\"article\" \/>\n<meta property=\"og:title\" content=\"Bar\u00e7a no tiene acuerdo con Lewandowski -\" \/>\n<meta property=\"og:description\" content=\"El Barcelona de Espa\u00f1a no ha cerrado ning\u00fan acuerdo con el delantero del Bayern M\u00fanich, Robert Lewandowski, como asegur\u00f3 la televisi\u00f3n polaca. \u201cEn el club azulgrana se\u00f1alan que es una opci\u00f3n m\u00e1s, pero no la \u00fanica, aunque s\u00ed admiten tener constancia del ofrecimiento que les ha llegado del inter\u00e9s de Lewandowski\u201d, asegur\u00f3 Mundo Deportivo de [&hellip;]\" \/>\n<meta property=\"og:url\" content=\"https:\/\/futbolhoy.co\/index.php\/2022\/04\/12\/barca-no-tiene-acuerdo-con-lewandowski\/\" \/>\n<meta property=\"article:publisher\" content=\"https:\/\/www.facebook.com\/FutbolHoyCol\/\" \/>\n<meta property=\"article:published_time\" content=\"2022-04-12T11:35:59+00:00\" \/>\n<meta property=\"article:modified_time\" content=\"2022-04-12T21:36:17+00:00\" \/>\n<meta property=\"og:image\" content=\"https:\/\/futbolhoy.co\/wp-content\/uploads\/2022\/04\/20220412_071054.jpg\" \/>\n\t<meta property=\"og:image:width\" content=\"976\" \/>\n\t<meta property=\"og:image:height\" content=\"650\" \/>\n\t<meta property=\"og:image:type\" content=\"image\/jpeg\" \/>\n<meta name=\"author\" content=\"Laura Hern\u00e1ndez\" \/>\n<meta name=\"twitter:card\" content=\"summary_large_image\" \/>\n<meta name=\"twitter:creator\" content=\"@FutbolHoyCol\" \/>\n<meta name=\"twitter:site\" content=\"@FutbolHoyCol\" \/>\n<meta name=\"twitter:label1\" content=\"Escrito por\" \/>\n\t<meta name=\"twitter:data1\" content=\"Laura Hern\u00e1ndez\" \/>\n\t<meta name=\"twitter:label2\" content=\"Tiempo de lectura\" \/>\n\t<meta name=\"twitter:data2\" content=\"1 minuto\" \/>\n<script type=\"application\/ld+json\" class=\"yoast-schema-graph\">{\"@context\":\"https:\/\/schema.org\",\"@graph\":[{\"@type\":\"Article\",\"@id\":\"https:\/\/futbolhoy.co\/index.php\/2022\/04\/12\/barca-no-tiene-acuerdo-con-lewandowski\/#article\",\"isPartOf\":{\"@id\":\"https:\/\/futbolhoy.co\/index.php\/2022\/04\/12\/barca-no-tiene-acuerdo-con-lewandowski\/\"},\"author\":{\"name\":\"Laura Hern\u00e1ndez\",\"@id\":\"https:\/\/futbolhoy.co\/#\/schema\/person\/c4a353a512b127643723a34bb1812f7d\"},\"headline\":\"Bar\u00e7a no tiene acuerdo con Lewandowski\",\"datePublished\":\"2022-04-12T11:35:59+00:00\",\"dateModified\":\"2022-04-12T21:36:17+00:00\",\"mainEntityOfPage\":{\"@id\":\"https:\/\/futbolhoy.co\/index.php\/2022\/04\/12\/barca-no-tiene-acuerdo-con-lewandowski\/\"},\"wordCount\":141,\"commentCount\":0,\"publisher\":{\"@id\":\"https:\/\/futbolhoy.co\/#organization\"},\"image\":{\"@id\":\"https:\/\/futbolhoy.co\/index.php\/2022\/04\/12\/barca-no-tiene-acuerdo-con-lewandowski\/#primaryimage\"},\"thumbnailUrl\":\"https:\/\/futbolhoy.co\/wp-content\/uploads\/2022\/04\/20220412_071054.jpg\",\"articleSection\":[\"Mundo Futbol\"],\"inLanguage\":\"es\",\"potentialAction\":[{\"@type\":\"CommentAction\",\"name\":\"Comment\",\"target\":[\"https:\/\/futbolhoy.co\/index.php\/2022\/04\/12\/barca-no-tiene-acuerdo-con-lewandowski\/#respond\"]}]},{\"@type\":\"WebPage\",\"@id\":\"https:\/\/futbolhoy.co\/index.php\/2022\/04\/12\/barca-no-tiene-acuerdo-con-lewandowski\/\",\"url\":\"https:\/\/futbolhoy.co\/index.php\/2022\/04\/12\/barca-no-tiene-acuerdo-con-lewandowski\/\",\"name\":\"Bar\u00e7a no tiene acuerdo con Lewandowski -\",\"isPartOf\":{\"@id\":\"https:\/\/futbolhoy.co\/#website\"},\"primaryImageOfPage\":{\"@id\":\"https:\/\/futbolhoy.co\/index.php\/2022\/04\/12\/barca-no-tiene-acuerdo-con-lewandowski\/#primaryimage\"},\"image\":{\"@id\":\"https:\/\/futbolhoy.co\/index.php\/2022\/04\/12\/barca-no-tiene-acuerdo-con-lewandowski\/#primaryimage\"},\"thumbnailUrl\":\"https:\/\/futbolhoy.co\/wp-content\/uploads\/2022\/04\/20220412_071054.jpg\",\"datePublished\":\"2022-04-12T11:35:59+00:00\",\"dateModified\":\"2022-04-12T21:36:17+00:00\",\"breadcrumb\":{\"@id\":\"https:\/\/futbolhoy.co\/index.php\/2022\/04\/12\/barca-no-tiene-acuerdo-con-lewandowski\/#breadcrumb\"},\"inLanguage\":\"es\",\"potentialAction\":[{\"@type\":\"ReadAction\",\"target\":[\"https:\/\/futbolhoy.co\/index.php\/2022\/04\/12\/barca-no-tiene-acuerdo-con-lewandowski\/\"]}]},{\"@type\":\"ImageObject\",\"inLanguage\":\"es\",\"@id\":\"https:\/\/futbolhoy.co\/index.php\/2022\/04\/12\/barca-no-tiene-acuerdo-con-lewandowski\/#primaryimage\",\"url\":\"https:\/\/futbolhoy.co\/wp-content\/uploads\/2022\/04\/20220412_071054.jpg\",\"contentUrl\":\"https:\/\/futbolhoy.co\/wp-content\/uploads\/2022\/04\/20220412_071054.jpg\",\"width\":976,\"height\":650},{\"@type\":\"BreadcrumbList\",\"@id\":\"https:\/\/futbolhoy.co\/index.php\/2022\/04\/12\/barca-no-tiene-acuerdo-con-lewandowski\/#breadcrumb\",\"itemListElement\":[{\"@type\":\"ListItem\",\"position\":1,\"name\":\"Portada\",\"item\":\"https:\/\/futbolhoy.co\/\"},{\"@type\":\"ListItem\",\"position\":2,\"name\":\"Bar\u00e7a no tiene acuerdo con Lewandowski\"}]},{\"@type\":\"WebSite\",\"@id\":\"https:\/\/futbolhoy.co\/#website\",\"url\":\"https:\/\/futbolhoy.co\/\",\"name\":\"FutbolHoy\",\"description\":\"\",\"publisher\":{\"@id\":\"https:\/\/futbolhoy.co\/#organization\"},\"potentialAction\":[{\"@type\":\"SearchAction\",\"target\":{\"@type\":\"EntryPoint\",\"urlTemplate\":\"https:\/\/futbolhoy.co\/?s={search_term_string}\"},\"query-input\":{\"@type\":\"PropertyValueSpecification\",\"valueRequired\":true,\"valueName\":\"search_term_string\"}}],\"inLanguage\":\"es\"},{\"@type\":\"Organization\",\"@id\":\"https:\/\/futbolhoy.co\/#organization\",\"name\":\"Futbolhoy.co\",\"url\":\"https:\/\/futbolhoy.co\/\",\"logo\":{\"@type\":\"ImageObject\",\"inLanguage\":\"es\",\"@id\":\"https:\/\/futbolhoy.co\/#\/schema\/logo\/image\/\",\"url\":\"https:\/\/futbolhoy.co\/wp-content\/uploads\/2018\/08\/17426380_1906371736249227_6326180412931521141_n.jpg\",\"contentUrl\":\"https:\/\/futbolhoy.co\/wp-content\/uploads\/2018\/08\/17426380_1906371736249227_6326180412931521141_n.jpg\",\"width\":960,\"height\":960,\"caption\":\"Futbolhoy.co\"},\"image\":{\"@id\":\"https:\/\/futbolhoy.co\/#\/schema\/logo\/image\/\"},\"sameAs\":[\"https:\/\/www.facebook.com\/FutbolHoyCol\/\",\"https:\/\/x.com\/FutbolHoyCol\",\"https:\/\/www.instagram.com\/futbolhoycol\/\"]},{\"@type\":\"Person\",\"@id\":\"https:\/\/futbolhoy.co\/#\/schema\/person\/c4a353a512b127643723a34bb1812f7d\",\"name\":\"Laura Hern\u00e1ndez\",\"image\":{\"@type\":\"ImageObject\",\"inLanguage\":\"es\",\"@id\":\"https:\/\/futbolhoy.co\/#\/schema\/person\/image\/\",\"url\":\"https:\/\/secure.gravatar.com\/avatar\/d25959a15b9b293a743f99181c7cfd01?s=96&d=mm&r=g\",\"contentUrl\":\"https:\/\/secure.gravatar.com\/avatar\/d25959a15b9b293a743f99181c7cfd01?s=96&d=mm&r=g\",\"caption\":\"Laura Hern\u00e1ndez\"}}]}<\/script>\n<!-- \/ Yoast SEO plugin. -->","yoast_head_json":{"title":"Bar\u00e7a no tiene acuerdo con Lewandowski -","robots":{"index":"index","follow":"follow","max-snippet":"max-snippet:-1","max-image-preview":"max-image-preview:large","max-video-preview":"max-video-preview:-1"},"canonical":"https:\/\/futbolhoy.co\/index.php\/2022\/04\/12\/barca-no-tiene-acuerdo-con-lewandowski\/","og_locale":"es_ES","og_type":"article","og_title":"Bar\u00e7a no tiene acuerdo con Lewandowski -","og_description":"El Barcelona de Espa\u00f1a no ha cerrado ning\u00fan acuerdo con el delantero del Bayern M\u00fanich, Robert Lewandowski, como asegur\u00f3 la televisi\u00f3n polaca. \u201cEn el club azulgrana se\u00f1alan que es una opci\u00f3n m\u00e1s, pero no la \u00fanica, aunque s\u00ed admiten tener constancia del ofrecimiento que les ha llegado del inter\u00e9s de Lewandowski\u201d, asegur\u00f3 Mundo Deportivo de [&hellip;]","og_url":"https:\/\/futbolhoy.co\/index.php\/2022\/04\/12\/barca-no-tiene-acuerdo-con-lewandowski\/","article_publisher":"https:\/\/www.facebook.com\/FutbolHoyCol\/","article_published_time":"2022-04-12T11:35:59+00:00","article_modified_time":"2022-04-12T21:36:17+00:00","og_image":[{"width":976,"height":650,"url":"https:\/\/futbolhoy.co\/wp-content\/uploads\/2022\/04\/20220412_071054.jpg","type":"image\/jpeg"}],"author":"Laura Hern\u00e1ndez","twitter_card":"summary_large_image","twitter_creator":"@FutbolHoyCol","twitter_site":"@FutbolHoyCol","twitter_misc":{"Escrito por":"Laura Hern\u00e1ndez","Tiempo de lectura":"1 minuto"},"schema":{"@context":"https:\/\/schema.org","@graph":[{"@type":"Article","@id":"https:\/\/futbolhoy.co\/index.php\/2022\/04\/12\/barca-no-tiene-acuerdo-con-lewandowski\/#article","isPartOf":{"@id":"https:\/\/futbolhoy.co\/index.php\/2022\/04\/12\/barca-no-tiene-acuerdo-con-lewandowski\/"},"author":{"name":"Laura Hern\u00e1ndez","@id":"https:\/\/futbolhoy.co\/#\/schema\/person\/c4a353a512b127643723a34bb1812f7d"},"headline":"Bar\u00e7a no tiene acuerdo con Lewandowski","datePublished":"2022-04-12T11:35:59+00:00","dateModified":"2022-04-12T21:36:17+00:00","mainEntityOfPage":{"@id":"https:\/\/futbolhoy.co\/index.php\/2022\/04\/12\/barca-no-tiene-acuerdo-con-lewandowski\/"},"wordCount":141,"commentCount":0,"publisher":{"@id":"https:\/\/futbolhoy.co\/#organization"},"image":{"@id":"https:\/\/futbolhoy.co\/index.php\/2022\/04\/12\/barca-no-tiene-acuerdo-con-lewandowski\/#primaryimage"},"thumbnailUrl":"https:\/\/futbolhoy.co\/wp-content\/uploads\/2022\/04\/20220412_071054.jpg","articleSection":["Mundo Futbol"],"inLanguage":"es","potentialAction":[{"@type":"CommentAction","name":"Comment","target":["https:\/\/futbolhoy.co\/index.php\/2022\/04\/12\/barca-no-tiene-acuerdo-con-lewandowski\/#respond"]}]},{"@type":"WebPage","@id":"https:\/\/futbolhoy.co\/index.php\/2022\/04\/12\/barca-no-tiene-acuerdo-con-lewandowski\/","url":"https:\/\/futbolhoy.co\/index.php\/2022\/04\/12\/barca-no-tiene-acuerdo-con-lewandowski\/","name":"Bar\u00e7a no tiene acuerdo con Lewandowski -","isPartOf":{"@id":"https:\/\/futbolhoy.co\/#website"},"primaryImageOfPage":{"@id":"https:\/\/futbolhoy.co\/index.php\/2022\/04\/12\/barca-no-tiene-acuerdo-con-lewandowski\/#primaryimage"},"image":{"@id":"https:\/\/futbolhoy.co\/index.php\/2022\/04\/12\/barca-no-tiene-acuerdo-con-lewandowski\/#primaryimage"},"thumbnailUrl":"https:\/\/futbolhoy.co\/wp-content\/uploads\/2022\/04\/20220412_071054.jpg","datePublished":"2022-04-12T11:35:59+00:00","dateModified":"2022-04-12T21:36:17+00:00","breadcrumb":{"@id":"https:\/\/futbolhoy.co\/index.php\/2022\/04\/12\/barca-no-tiene-acuerdo-con-lewandowski\/#breadcrumb"},"inLanguage":"es","potentialAction":[{"@type":"ReadAction","target":["https:\/\/futbolhoy.co\/index.php\/2022\/04\/12\/barca-no-tiene-acuerdo-con-lewandowski\/"]}]},{"@type":"ImageObject","inLanguage":"es","@id":"https:\/\/futbolhoy.co\/index.php\/2022\/04\/12\/barca-no-tiene-acuerdo-con-lewandowski\/#primaryimage","url":"https:\/\/futbolhoy.co\/wp-content\/uploads\/2022\/04\/20220412_071054.jpg","contentUrl":"https:\/\/futbolhoy.co\/wp-content\/uploads\/2022\/04\/20220412_071054.jpg","width":976,"height":650},{"@type":"BreadcrumbList","@id":"https:\/\/futbolhoy.co\/index.php\/2022\/04\/12\/barca-no-tiene-acuerdo-con-lewandowski\/#breadcrumb","itemListElement":[{"@type":"ListItem","position":1,"name":"Portada","item":"https:\/\/futbolhoy.co\/"},{"@type":"ListItem","position":2,"name":"Bar\u00e7a no tiene acuerdo con Lewandowski"}]},{"@type":"WebSite","@id":"https:\/\/futbolhoy.co\/#website","url":"https:\/\/futbolhoy.co\/","name":"FutbolHoy","description":"","publisher":{"@id":"https:\/\/futbolhoy.co\/#organization"},"potentialAction":[{"@type":"SearchAction","target":{"@type":"EntryPoint","urlTemplate":"https:\/\/futbolhoy.co\/?s={search_term_string}"},"query-input":{"@type":"PropertyValueSpecification","valueRequired":true,"valueName":"search_term_string"}}],"inLanguage":"es"},{"@type":"Organization","@id":"https:\/\/futbolhoy.co\/#organization","name":"Futbolhoy.co","url":"https:\/\/futbolhoy.co\/","logo":{"@type":"ImageObject","inLanguage":"es","@id":"https:\/\/futbolhoy.co\/#\/schema\/logo\/image\/","url":"https:\/\/futbolhoy.co\/wp-content\/uploads\/2018\/08\/17426380_1906371736249227_6326180412931521141_n.jpg","contentUrl":"https:\/\/futbolhoy.co\/wp-content\/uploads\/2018\/08\/17426380_1906371736249227_6326180412931521141_n.jpg","width":960,"height":960,"caption":"Futbolhoy.co"},"image":{"@id":"https:\/\/futbolhoy.co\/#\/schema\/logo\/image\/"},"sameAs":["https:\/\/www.facebook.com\/FutbolHoyCol\/","https:\/\/x.com\/FutbolHoyCol","https:\/\/www.instagram.com\/futbolhoycol\/"]},{"@type":"Person","@id":"https:\/\/futbolhoy.co\/#\/schema\/person\/c4a353a512b127643723a34bb1812f7d","name":"Laura Hern\u00e1ndez","image":{"@type":"ImageObject","inLanguage":"es","@id":"https:\/\/futbolhoy.co\/#\/schema\/person\/image\/","url":"https:\/\/secure.gravatar.com\/avatar\/d25959a15b9b293a743f99181c7cfd01?s=96&d=mm&r=g","contentUrl":"https:\/\/secure.gravatar.com\/avatar\/d25959a15b9b293a743f99181c7cfd01?s=96&d=mm&r=g","caption":"Laura Hern\u00e1ndez"}}]}},"publishpress_future_action":{"enabled":false,"date":"2026-05-04 12:42:58","action":"change-status","newStatus":"draft","terms":[],"taxonomy":"category","extraData":[]},"publishpress_future_workflow_manual_trigger":{"enabledWorkflows":[]},"_links":{"self":[{"href":"https:\/\/futbolhoy.co\/index.php\/wp-json\/wp\/v2\/posts\/78718","targetHints":{"allow":["GET"]}}],"collection":[{"href":"https:\/\/futbolhoy.co\/index.php\/wp-json\/wp\/v2\/posts"}],"about":[{"href":"https:\/\/futbolhoy.co\/index.php\/wp-json\/wp\/v2\/types\/post"}],"author":[{"embeddable":true,"href":"https:\/\/futbolhoy.co\/index.php\/wp-json\/wp\/v2\/users\/5"}],"replies":[{"embeddable":true,"href":"https:\/\/futbolhoy.co\/index.php\/wp-json\/wp\/v2\/comments?post=78718"}],"version-history":[{"count":1,"href":"https:\/\/futbolhoy.co\/index.php\/wp-json\/wp\/v2\/posts\/78718\/revisions"}],"predecessor-version":[{"id":78720,"href":"https:\/\/futbolhoy.co\/index.php\/wp-json\/wp\/v2\/posts\/78718\/revisions\/78720"}],"wp:featuredmedia":[{"embeddable":true,"href":"https:\/\/futbolhoy.co\/index.php\/wp-json\/wp\/v2\/media\/78719"}],"wp:attachment":[{"href":"https:\/\/futbolhoy.co\/index.php\/wp-json\/wp\/v2\/media?parent=78718"}],"wp:term":[{"taxonomy":"category","embeddable":true,"href":"https:\/\/futbolhoy.co\/index.php\/wp-json\/wp\/v2\/categories?post=78718"},{"taxonomy":"post_tag","embeddable":true,"href":"https:\/\/futbolhoy.co\/index.php\/wp-json\/wp\/v2\/tags?post=78718"}],"curies":[{"name":"wp","href":"https:\/\/api.w.org\/{rel}","templated":true}]}}