{"id":78736,"date":"2022-04-12T16:40:57","date_gmt":"2022-04-12T21:40:57","guid":{"rendered":"https:\/\/futbolhoy.co\/?p=78736"},"modified":"2022-04-13T14:25:31","modified_gmt":"2022-04-13T19:25:31","slug":"benzema-volvio-a-rescatar-al-madrid","status":"publish","type":"post","link":"https:\/\/futbolhoy.co\/index.php\/2022\/04\/12\/benzema-volvio-a-rescatar-al-madrid\/","title":{"rendered":"Benzema volvi\u00f3 a rescatar al Madrid"},"content":{"rendered":"<p class=\"x_ydpf73a12deMsoNormal\" style=\"text-align: justify;\"><span style=\"font-family: helvetica, arial, sans-serif;\"><b>Real Madrid,\u00a0<\/b>de nuevo de la mano de su capit\u00e1n, el goleador franc\u00e9s\u00a0<b>Karim Benzema<\/b>, logr\u00f3 avanzar a las semifinales de la\u00a0<b>Champions<\/b>\u00a0y sigue en camino de obtener su\u00a0<b>Orejona<\/b>\u00a0n\u00famero 14.<\/span><\/p>\n<p class=\"x_ydpf73a12deMsoNormal\" style=\"text-align: justify;\"><span style=\"font-family: helvetica, arial, sans-serif;\">El Madrid, en su estadio\u00a0<b>Santiago Bernab\u00e9u,<\/b>\u00a0cay\u00f3 2-3 ante el\u00a0<b>Chelsea<\/b>\u00a0en 120 minutos, pero estableci\u00f3 un global 5-4 a su favor para liquidar la serie.<\/span><\/p>\n<p class=\"x_ydpf73a12deMsoNormal\" style=\"text-align: justify;\"><span style=\"font-family: helvetica, arial, sans-serif;\">Loa goles de los brit\u00e1nicos llegaron por intermedio de\u00a0<b>Mason Mount<\/b>\u00a0a los 15 minutos,\u00a0<b>Antonio Rudiger<\/b>\u00a0a los 51 y\u00a0<b>Timo Werner<\/b>\u00a0a los 75; mientras que por los espa\u00f1oles descontaron\u00a0<b>Rodrygo<\/b>\u00a0a los 80 y Benzema a los 96.<\/span><\/p>\n<p class=\"x_ydpf73a12deMsoNormal\" style=\"text-align: justify;\"><span style=\"font-family: helvetica, arial, sans-serif;\">Ambos equipos mostraron lo mejor de cada uno con despliegue f\u00edsico y futbol\u00edstico, aunque aquejando m\u00faltiples fallas defensivas.<\/span><\/p>\n<p class=\"x_ydpf73a12deMsoNormal\" style=\"text-align: justify;\"><span style=\"font-family: helvetica, arial, sans-serif;\">El\u00a0<b>VAR<\/b>\u00a0anul\u00f3 una jugada de gol a los londinenses por mano previa de su autor,\u00a0<b>Marcos Alonso<\/b>.<\/span><\/p>\n<p class=\"x_ydpf73a12deMsoNormal\" style=\"text-align: justify;\"><span style=\"font-family: helvetica, arial, sans-serif;\">Benzema complet\u00f3 11 goles en esta edici\u00f3n de la\u00a0<b>Liga de Campeones de Europa<\/b>.<\/span><\/p>\n<p class=\"x_ydpf73a12deMsoNormal\" style=\"text-align: justify;\"><span style=\"font-family: helvetica, arial, sans-serif;\">El portero belga\u00a0<b>Thibaut Courtois<\/b>\u00a0tuvo extraordinarias intervenciones en favor de los\u00a0<b>\u2018meregues\u2019<\/b>.<\/span><\/p>\n<p class=\"x_ydpf73a12deMsoNormal\" style=\"text-align: justify;\"><span style=\"font-family: helvetica, arial, sans-serif;\">En el otro partido de la jornada, el\u00a0<b>Villarreal<\/b>\u00a0dio la gran sorpresa y dej\u00f3 en el camino al seis veces campe\u00f3n\u00a0<b>Bayern M\u00fanich<\/b>, luego de empatar 1-1 en\u00a0<b>Alemania<\/b>.<\/span><\/p>\n<p class=\"x_ydpf73a12deMsoNormal\" style=\"text-align: justify;\"><span style=\"font-family: helvetica, arial, sans-serif;\">El elenco b\u00e1varo se fue en ventaja con tanto del goleador polaco\u00a0<b>Robert Lewandowski<\/b>\u00a0a los 52 y la igualdad fue de\u00a0<b>Samuel Chukwueze<\/b>\u00a0a los 88.<\/span><\/p>\n<p class=\"x_ydpf73a12deMsoNormal\" style=\"text-align: justify;\"><span style=\"font-family: helvetica, arial, sans-serif;\">Este mi\u00e9rcoles jugar\u00e1n la vuelta de cuartos de final,\u00a0<b>Liverpool-Benfica (3-1) y Atl\u00e9tico de Madrid-M\u00e1nchester City (0-1).<\/b><\/span><\/p>\n","protected":false},"excerpt":{"rendered":"<p>Real Madrid,\u00a0de nuevo de la mano de su capit\u00e1n, el goleador franc\u00e9s\u00a0Karim Benzema, logr\u00f3 avanzar a las semifinales de la\u00a0Champions\u00a0y sigue en camino de obtener su\u00a0Orejona\u00a0n\u00famero 14. El Madrid, en su estadio\u00a0Santiago Bernab\u00e9u,\u00a0cay\u00f3 2-3 ante el\u00a0Chelsea\u00a0en 120 minutos, pero estableci\u00f3 un global 5-4 a su favor para liquidar la serie. Loa goles de los brit\u00e1nicos [&hellip;]<\/p>\n","protected":false},"author":5,"featured_media":78737,"comment_status":"open","ping_status":"open","sticky":false,"template":"","format":"standard","meta":{"_acf_changed":false,"footnotes":""},"categories":[4,5],"tags":[],"class_list":{"0":"post-78736","1":"post","2":"type-post","3":"status-publish","4":"format-standard","5":"has-post-thumbnail","7":"category-champions-league","8":"category-destacados"},"acf":[],"yoast_head":"<!-- This site is optimized with the Yoast SEO plugin v26.8 - https:\/\/yoast.com\/product\/yoast-seo-wordpress\/ -->\n<title>Benzema volvi\u00f3 a rescatar al Madrid -<\/title>\n<meta name=\"robots\" content=\"index, follow, max-snippet:-1, max-image-preview:large, max-video-preview:-1\" \/>\n<link rel=\"canonical\" href=\"https:\/\/futbolhoy.co\/index.php\/2022\/04\/12\/benzema-volvio-a-rescatar-al-madrid\/\" \/>\n<meta property=\"og:locale\" content=\"es_ES\" \/>\n<meta property=\"og:type\" content=\"article\" \/>\n<meta property=\"og:title\" content=\"Benzema volvi\u00f3 a rescatar al Madrid -\" \/>\n<meta property=\"og:description\" content=\"Real Madrid,\u00a0de nuevo de la mano de su capit\u00e1n, el goleador franc\u00e9s\u00a0Karim Benzema, logr\u00f3 avanzar a las semifinales de la\u00a0Champions\u00a0y sigue en camino de obtener su\u00a0Orejona\u00a0n\u00famero 14. El Madrid, en su estadio\u00a0Santiago Bernab\u00e9u,\u00a0cay\u00f3 2-3 ante el\u00a0Chelsea\u00a0en 120 minutos, pero estableci\u00f3 un global 5-4 a su favor para liquidar la serie. Loa goles de los brit\u00e1nicos [&hellip;]\" \/>\n<meta property=\"og:url\" content=\"https:\/\/futbolhoy.co\/index.php\/2022\/04\/12\/benzema-volvio-a-rescatar-al-madrid\/\" \/>\n<meta property=\"article:publisher\" content=\"https:\/\/www.facebook.com\/FutbolHoyCol\/\" \/>\n<meta property=\"article:published_time\" content=\"2022-04-12T21:40:57+00:00\" \/>\n<meta property=\"article:modified_time\" content=\"2022-04-13T19:25:31+00:00\" \/>\n<meta property=\"og:image\" content=\"https:\/\/futbolhoy.co\/wp-content\/uploads\/2022\/04\/Karim.jpg\" \/>\n\t<meta property=\"og:image:width\" content=\"784\" \/>\n\t<meta property=\"og:image:height\" content=\"602\" \/>\n\t<meta property=\"og:image:type\" content=\"image\/jpeg\" \/>\n<meta name=\"author\" content=\"Laura Hern\u00e1ndez\" \/>\n<meta name=\"twitter:card\" content=\"summary_large_image\" \/>\n<meta name=\"twitter:creator\" content=\"@FutbolHoyCol\" \/>\n<meta name=\"twitter:site\" content=\"@FutbolHoyCol\" \/>\n<meta name=\"twitter:label1\" content=\"Escrito por\" \/>\n\t<meta name=\"twitter:data1\" content=\"Laura Hern\u00e1ndez\" \/>\n\t<meta name=\"twitter:label2\" content=\"Tiempo de lectura\" \/>\n\t<meta name=\"twitter:data2\" content=\"2 minutos\" \/>\n<script type=\"application\/ld+json\" class=\"yoast-schema-graph\">{\"@context\":\"https:\/\/schema.org\",\"@graph\":[{\"@type\":\"Article\",\"@id\":\"https:\/\/futbolhoy.co\/index.php\/2022\/04\/12\/benzema-volvio-a-rescatar-al-madrid\/#article\",\"isPartOf\":{\"@id\":\"https:\/\/futbolhoy.co\/index.php\/2022\/04\/12\/benzema-volvio-a-rescatar-al-madrid\/\"},\"author\":{\"name\":\"Laura Hern\u00e1ndez\",\"@id\":\"https:\/\/futbolhoy.co\/#\/schema\/person\/c4a353a512b127643723a34bb1812f7d\"},\"headline\":\"Benzema volvi\u00f3 a rescatar al Madrid\",\"datePublished\":\"2022-04-12T21:40:57+00:00\",\"dateModified\":\"2022-04-13T19:25:31+00:00\",\"mainEntityOfPage\":{\"@id\":\"https:\/\/futbolhoy.co\/index.php\/2022\/04\/12\/benzema-volvio-a-rescatar-al-madrid\/\"},\"wordCount\":251,\"commentCount\":0,\"publisher\":{\"@id\":\"https:\/\/futbolhoy.co\/#organization\"},\"image\":{\"@id\":\"https:\/\/futbolhoy.co\/index.php\/2022\/04\/12\/benzema-volvio-a-rescatar-al-madrid\/#primaryimage\"},\"thumbnailUrl\":\"https:\/\/futbolhoy.co\/wp-content\/uploads\/2022\/04\/Karim.jpg\",\"articleSection\":[\"Champions League\",\"Destacados\"],\"inLanguage\":\"es\",\"potentialAction\":[{\"@type\":\"CommentAction\",\"name\":\"Comment\",\"target\":[\"https:\/\/futbolhoy.co\/index.php\/2022\/04\/12\/benzema-volvio-a-rescatar-al-madrid\/#respond\"]}]},{\"@type\":\"WebPage\",\"@id\":\"https:\/\/futbolhoy.co\/index.php\/2022\/04\/12\/benzema-volvio-a-rescatar-al-madrid\/\",\"url\":\"https:\/\/futbolhoy.co\/index.php\/2022\/04\/12\/benzema-volvio-a-rescatar-al-madrid\/\",\"name\":\"Benzema volvi\u00f3 a rescatar al Madrid -\",\"isPartOf\":{\"@id\":\"https:\/\/futbolhoy.co\/#website\"},\"primaryImageOfPage\":{\"@id\":\"https:\/\/futbolhoy.co\/index.php\/2022\/04\/12\/benzema-volvio-a-rescatar-al-madrid\/#primaryimage\"},\"image\":{\"@id\":\"https:\/\/futbolhoy.co\/index.php\/2022\/04\/12\/benzema-volvio-a-rescatar-al-madrid\/#primaryimage\"},\"thumbnailUrl\":\"https:\/\/futbolhoy.co\/wp-content\/uploads\/2022\/04\/Karim.jpg\",\"datePublished\":\"2022-04-12T21:40:57+00:00\",\"dateModified\":\"2022-04-13T19:25:31+00:00\",\"breadcrumb\":{\"@id\":\"https:\/\/futbolhoy.co\/index.php\/2022\/04\/12\/benzema-volvio-a-rescatar-al-madrid\/#breadcrumb\"},\"inLanguage\":\"es\",\"potentialAction\":[{\"@type\":\"ReadAction\",\"target\":[\"https:\/\/futbolhoy.co\/index.php\/2022\/04\/12\/benzema-volvio-a-rescatar-al-madrid\/\"]}]},{\"@type\":\"ImageObject\",\"inLanguage\":\"es\",\"@id\":\"https:\/\/futbolhoy.co\/index.php\/2022\/04\/12\/benzema-volvio-a-rescatar-al-madrid\/#primaryimage\",\"url\":\"https:\/\/futbolhoy.co\/wp-content\/uploads\/2022\/04\/Karim.jpg\",\"contentUrl\":\"https:\/\/futbolhoy.co\/wp-content\/uploads\/2022\/04\/Karim.jpg\",\"width\":784,\"height\":602},{\"@type\":\"BreadcrumbList\",\"@id\":\"https:\/\/futbolhoy.co\/index.php\/2022\/04\/12\/benzema-volvio-a-rescatar-al-madrid\/#breadcrumb\",\"itemListElement\":[{\"@type\":\"ListItem\",\"position\":1,\"name\":\"Portada\",\"item\":\"https:\/\/futbolhoy.co\/\"},{\"@type\":\"ListItem\",\"position\":2,\"name\":\"Benzema volvi\u00f3 a rescatar al Madrid\"}]},{\"@type\":\"WebSite\",\"@id\":\"https:\/\/futbolhoy.co\/#website\",\"url\":\"https:\/\/futbolhoy.co\/\",\"name\":\"FutbolHoy\",\"description\":\"\",\"publisher\":{\"@id\":\"https:\/\/futbolhoy.co\/#organization\"},\"potentialAction\":[{\"@type\":\"SearchAction\",\"target\":{\"@type\":\"EntryPoint\",\"urlTemplate\":\"https:\/\/futbolhoy.co\/?s={search_term_string}\"},\"query-input\":{\"@type\":\"PropertyValueSpecification\",\"valueRequired\":true,\"valueName\":\"search_term_string\"}}],\"inLanguage\":\"es\"},{\"@type\":\"Organization\",\"@id\":\"https:\/\/futbolhoy.co\/#organization\",\"name\":\"Futbolhoy.co\",\"url\":\"https:\/\/futbolhoy.co\/\",\"logo\":{\"@type\":\"ImageObject\",\"inLanguage\":\"es\",\"@id\":\"https:\/\/futbolhoy.co\/#\/schema\/logo\/image\/\",\"url\":\"https:\/\/futbolhoy.co\/wp-content\/uploads\/2018\/08\/17426380_1906371736249227_6326180412931521141_n.jpg\",\"contentUrl\":\"https:\/\/futbolhoy.co\/wp-content\/uploads\/2018\/08\/17426380_1906371736249227_6326180412931521141_n.jpg\",\"width\":960,\"height\":960,\"caption\":\"Futbolhoy.co\"},\"image\":{\"@id\":\"https:\/\/futbolhoy.co\/#\/schema\/logo\/image\/\"},\"sameAs\":[\"https:\/\/www.facebook.com\/FutbolHoyCol\/\",\"https:\/\/x.com\/FutbolHoyCol\",\"https:\/\/www.instagram.com\/futbolhoycol\/\"]},{\"@type\":\"Person\",\"@id\":\"https:\/\/futbolhoy.co\/#\/schema\/person\/c4a353a512b127643723a34bb1812f7d\",\"name\":\"Laura Hern\u00e1ndez\",\"image\":{\"@type\":\"ImageObject\",\"inLanguage\":\"es\",\"@id\":\"https:\/\/futbolhoy.co\/#\/schema\/person\/image\/\",\"url\":\"https:\/\/secure.gravatar.com\/avatar\/d25959a15b9b293a743f99181c7cfd01?s=96&d=mm&r=g\",\"contentUrl\":\"https:\/\/secure.gravatar.com\/avatar\/d25959a15b9b293a743f99181c7cfd01?s=96&d=mm&r=g\",\"caption\":\"Laura Hern\u00e1ndez\"}}]}<\/script>\n<!-- \/ Yoast SEO plugin. -->","yoast_head_json":{"title":"Benzema volvi\u00f3 a rescatar al Madrid -","robots":{"index":"index","follow":"follow","max-snippet":"max-snippet:-1","max-image-preview":"max-image-preview:large","max-video-preview":"max-video-preview:-1"},"canonical":"https:\/\/futbolhoy.co\/index.php\/2022\/04\/12\/benzema-volvio-a-rescatar-al-madrid\/","og_locale":"es_ES","og_type":"article","og_title":"Benzema volvi\u00f3 a rescatar al Madrid -","og_description":"Real Madrid,\u00a0de nuevo de la mano de su capit\u00e1n, el goleador franc\u00e9s\u00a0Karim Benzema, logr\u00f3 avanzar a las semifinales de la\u00a0Champions\u00a0y sigue en camino de obtener su\u00a0Orejona\u00a0n\u00famero 14. El Madrid, en su estadio\u00a0Santiago Bernab\u00e9u,\u00a0cay\u00f3 2-3 ante el\u00a0Chelsea\u00a0en 120 minutos, pero estableci\u00f3 un global 5-4 a su favor para liquidar la serie. Loa goles de los brit\u00e1nicos [&hellip;]","og_url":"https:\/\/futbolhoy.co\/index.php\/2022\/04\/12\/benzema-volvio-a-rescatar-al-madrid\/","article_publisher":"https:\/\/www.facebook.com\/FutbolHoyCol\/","article_published_time":"2022-04-12T21:40:57+00:00","article_modified_time":"2022-04-13T19:25:31+00:00","og_image":[{"width":784,"height":602,"url":"https:\/\/futbolhoy.co\/wp-content\/uploads\/2022\/04\/Karim.jpg","type":"image\/jpeg"}],"author":"Laura Hern\u00e1ndez","twitter_card":"summary_large_image","twitter_creator":"@FutbolHoyCol","twitter_site":"@FutbolHoyCol","twitter_misc":{"Escrito por":"Laura Hern\u00e1ndez","Tiempo de lectura":"2 minutos"},"schema":{"@context":"https:\/\/schema.org","@graph":[{"@type":"Article","@id":"https:\/\/futbolhoy.co\/index.php\/2022\/04\/12\/benzema-volvio-a-rescatar-al-madrid\/#article","isPartOf":{"@id":"https:\/\/futbolhoy.co\/index.php\/2022\/04\/12\/benzema-volvio-a-rescatar-al-madrid\/"},"author":{"name":"Laura Hern\u00e1ndez","@id":"https:\/\/futbolhoy.co\/#\/schema\/person\/c4a353a512b127643723a34bb1812f7d"},"headline":"Benzema volvi\u00f3 a rescatar al Madrid","datePublished":"2022-04-12T21:40:57+00:00","dateModified":"2022-04-13T19:25:31+00:00","mainEntityOfPage":{"@id":"https:\/\/futbolhoy.co\/index.php\/2022\/04\/12\/benzema-volvio-a-rescatar-al-madrid\/"},"wordCount":251,"commentCount":0,"publisher":{"@id":"https:\/\/futbolhoy.co\/#organization"},"image":{"@id":"https:\/\/futbolhoy.co\/index.php\/2022\/04\/12\/benzema-volvio-a-rescatar-al-madrid\/#primaryimage"},"thumbnailUrl":"https:\/\/futbolhoy.co\/wp-content\/uploads\/2022\/04\/Karim.jpg","articleSection":["Champions League","Destacados"],"inLanguage":"es","potentialAction":[{"@type":"CommentAction","name":"Comment","target":["https:\/\/futbolhoy.co\/index.php\/2022\/04\/12\/benzema-volvio-a-rescatar-al-madrid\/#respond"]}]},{"@type":"WebPage","@id":"https:\/\/futbolhoy.co\/index.php\/2022\/04\/12\/benzema-volvio-a-rescatar-al-madrid\/","url":"https:\/\/futbolhoy.co\/index.php\/2022\/04\/12\/benzema-volvio-a-rescatar-al-madrid\/","name":"Benzema volvi\u00f3 a rescatar al Madrid -","isPartOf":{"@id":"https:\/\/futbolhoy.co\/#website"},"primaryImageOfPage":{"@id":"https:\/\/futbolhoy.co\/index.php\/2022\/04\/12\/benzema-volvio-a-rescatar-al-madrid\/#primaryimage"},"image":{"@id":"https:\/\/futbolhoy.co\/index.php\/2022\/04\/12\/benzema-volvio-a-rescatar-al-madrid\/#primaryimage"},"thumbnailUrl":"https:\/\/futbolhoy.co\/wp-content\/uploads\/2022\/04\/Karim.jpg","datePublished":"2022-04-12T21:40:57+00:00","dateModified":"2022-04-13T19:25:31+00:00","breadcrumb":{"@id":"https:\/\/futbolhoy.co\/index.php\/2022\/04\/12\/benzema-volvio-a-rescatar-al-madrid\/#breadcrumb"},"inLanguage":"es","potentialAction":[{"@type":"ReadAction","target":["https:\/\/futbolhoy.co\/index.php\/2022\/04\/12\/benzema-volvio-a-rescatar-al-madrid\/"]}]},{"@type":"ImageObject","inLanguage":"es","@id":"https:\/\/futbolhoy.co\/index.php\/2022\/04\/12\/benzema-volvio-a-rescatar-al-madrid\/#primaryimage","url":"https:\/\/futbolhoy.co\/wp-content\/uploads\/2022\/04\/Karim.jpg","contentUrl":"https:\/\/futbolhoy.co\/wp-content\/uploads\/2022\/04\/Karim.jpg","width":784,"height":602},{"@type":"BreadcrumbList","@id":"https:\/\/futbolhoy.co\/index.php\/2022\/04\/12\/benzema-volvio-a-rescatar-al-madrid\/#breadcrumb","itemListElement":[{"@type":"ListItem","position":1,"name":"Portada","item":"https:\/\/futbolhoy.co\/"},{"@type":"ListItem","position":2,"name":"Benzema volvi\u00f3 a rescatar al Madrid"}]},{"@type":"WebSite","@id":"https:\/\/futbolhoy.co\/#website","url":"https:\/\/futbolhoy.co\/","name":"FutbolHoy","description":"","publisher":{"@id":"https:\/\/futbolhoy.co\/#organization"},"potentialAction":[{"@type":"SearchAction","target":{"@type":"EntryPoint","urlTemplate":"https:\/\/futbolhoy.co\/?s={search_term_string}"},"query-input":{"@type":"PropertyValueSpecification","valueRequired":true,"valueName":"search_term_string"}}],"inLanguage":"es"},{"@type":"Organization","@id":"https:\/\/futbolhoy.co\/#organization","name":"Futbolhoy.co","url":"https:\/\/futbolhoy.co\/","logo":{"@type":"ImageObject","inLanguage":"es","@id":"https:\/\/futbolhoy.co\/#\/schema\/logo\/image\/","url":"https:\/\/futbolhoy.co\/wp-content\/uploads\/2018\/08\/17426380_1906371736249227_6326180412931521141_n.jpg","contentUrl":"https:\/\/futbolhoy.co\/wp-content\/uploads\/2018\/08\/17426380_1906371736249227_6326180412931521141_n.jpg","width":960,"height":960,"caption":"Futbolhoy.co"},"image":{"@id":"https:\/\/futbolhoy.co\/#\/schema\/logo\/image\/"},"sameAs":["https:\/\/www.facebook.com\/FutbolHoyCol\/","https:\/\/x.com\/FutbolHoyCol","https:\/\/www.instagram.com\/futbolhoycol\/"]},{"@type":"Person","@id":"https:\/\/futbolhoy.co\/#\/schema\/person\/c4a353a512b127643723a34bb1812f7d","name":"Laura Hern\u00e1ndez","image":{"@type":"ImageObject","inLanguage":"es","@id":"https:\/\/futbolhoy.co\/#\/schema\/person\/image\/","url":"https:\/\/secure.gravatar.com\/avatar\/d25959a15b9b293a743f99181c7cfd01?s=96&d=mm&r=g","contentUrl":"https:\/\/secure.gravatar.com\/avatar\/d25959a15b9b293a743f99181c7cfd01?s=96&d=mm&r=g","caption":"Laura Hern\u00e1ndez"}}]}},"publishpress_future_action":{"enabled":false,"date":"2026-05-06 13:54:51","action":"change-status","newStatus":"draft","terms":[],"taxonomy":"category","extraData":[]},"publishpress_future_workflow_manual_trigger":{"enabledWorkflows":[]},"_links":{"self":[{"href":"https:\/\/futbolhoy.co\/index.php\/wp-json\/wp\/v2\/posts\/78736","targetHints":{"allow":["GET"]}}],"collection":[{"href":"https:\/\/futbolhoy.co\/index.php\/wp-json\/wp\/v2\/posts"}],"about":[{"href":"https:\/\/futbolhoy.co\/index.php\/wp-json\/wp\/v2\/types\/post"}],"author":[{"embeddable":true,"href":"https:\/\/futbolhoy.co\/index.php\/wp-json\/wp\/v2\/users\/5"}],"replies":[{"embeddable":true,"href":"https:\/\/futbolhoy.co\/index.php\/wp-json\/wp\/v2\/comments?post=78736"}],"version-history":[{"count":1,"href":"https:\/\/futbolhoy.co\/index.php\/wp-json\/wp\/v2\/posts\/78736\/revisions"}],"predecessor-version":[{"id":78738,"href":"https:\/\/futbolhoy.co\/index.php\/wp-json\/wp\/v2\/posts\/78736\/revisions\/78738"}],"wp:featuredmedia":[{"embeddable":true,"href":"https:\/\/futbolhoy.co\/index.php\/wp-json\/wp\/v2\/media\/78737"}],"wp:attachment":[{"href":"https:\/\/futbolhoy.co\/index.php\/wp-json\/wp\/v2\/media?parent=78736"}],"wp:term":[{"taxonomy":"category","embeddable":true,"href":"https:\/\/futbolhoy.co\/index.php\/wp-json\/wp\/v2\/categories?post=78736"},{"taxonomy":"post_tag","embeddable":true,"href":"https:\/\/futbolhoy.co\/index.php\/wp-json\/wp\/v2\/tags?post=78736"}],"curies":[{"name":"wp","href":"https:\/\/api.w.org\/{rel}","templated":true}]}}