{"id":78750,"date":"2022-04-12T18:11:47","date_gmt":"2022-04-12T23:11:47","guid":{"rendered":"https:\/\/futbolhoy.co\/?p=78750"},"modified":"2022-04-13T08:08:22","modified_gmt":"2022-04-13T13:08:22","slug":"no-para-de-sonreir-klopp-sobre-diaz","status":"publish","type":"post","link":"https:\/\/futbolhoy.co\/index.php\/2022\/04\/12\/no-para-de-sonreir-klopp-sobre-diaz\/","title":{"rendered":"\u201cNo para de sonre\u00edr\u201d, Klopp sobre D\u00edaz"},"content":{"rendered":"<!--[if lt IE 9]><script>document.createElement('audio');<\/script><![endif]-->\n<audio class=\"wp-audio-shortcode\" id=\"audio-78750-1\" preload=\"none\" style=\"width: 100%;\" controls=\"controls\"><source type=\"audio\/mpeg\" src=\"https:\/\/futbolhoy.co\/wp-content\/uploads\/2022\/04\/Jurgen-Klopp-DT-del-Liverpool..mp3?_=1\" \/><a href=\"https:\/\/futbolhoy.co\/wp-content\/uploads\/2022\/04\/Jurgen-Klopp-DT-del-Liverpool..mp3\">https:\/\/futbolhoy.co\/wp-content\/uploads\/2022\/04\/Jurgen-Klopp-DT-del-Liverpool..mp3<\/a><\/audio>\n<p>(J\u00fcrgen Klopp, DT del Liverpool, en rueda de prensa)<\/p>\n<p class=\"x_ydp86ab1a30MsoNormal\" style=\"text-align: justify;\"><span lang=\"ES-MX\" style=\"font-family: helvetica, arial, sans-serif;\">El t\u00e9cnico alem\u00e1n\u00a0<b>Jurgen Klopp<\/b>, del\u00a0<b>Liverpool ingl\u00e9s<\/b>, asegur\u00f3 que el extremo colombiano\u00a0<b>Luis D\u00edaz<\/b>\u00a0sigue adelantando de buena manera su proceso de adaptaci\u00f3n al club, previo al partido que sostendr\u00e1n este mi\u00e9rcoles contra el\u00a0<b>Benfica portugu\u00e9s<\/b>\u00a0en la vuelta de los cuartos de final de la\u00a0<b>Champions<\/b>, donde ganan la serie 3-1.<\/span><\/p>\n<p class=\"x_ydp86ab1a30MsoNormal\" style=\"text-align: justify;\"><span lang=\"ES-MX\" style=\"font-family: helvetica, arial, sans-serif;\">\u201cNo para de sonre\u00edr. No sab\u00eda cu\u00e1nto disfruta entrenar. No sab\u00edamos qu\u00e9 tan r\u00e1pido se adaptar\u00eda. Todos los jugadores que hemos fichado en los \u00faltimos a\u00f1os est\u00e1n felices. Este no es el peor lugar del mundo. Que disfrute entrenar es genial\u201d, expres\u00f3 Klopp en rueda de prensa.<\/span><\/p>\n<p class=\"x_ydp86ab1a30MsoNormal\" style=\"text-align: justify;\"><span lang=\"ES-MX\" style=\"font-family: helvetica, arial, sans-serif;\">D\u00edaz ha marcado 3 goles con la camiseta del Liverpool, el m\u00e1s reciente de ellos justo en la ida ante los lusos, donde adem\u00e1s fue destacado como la figura del partido.<\/span><\/p>\n","protected":false},"excerpt":{"rendered":"<p>(J\u00fcrgen Klopp, DT del Liverpool, en rueda de prensa) El t\u00e9cnico alem\u00e1n\u00a0Jurgen Klopp, del\u00a0Liverpool ingl\u00e9s, asegur\u00f3 que el extremo colombiano\u00a0Luis D\u00edaz\u00a0sigue adelantando de buena manera su proceso de adaptaci\u00f3n al club, previo al partido que sostendr\u00e1n este mi\u00e9rcoles contra el\u00a0Benfica portugu\u00e9s\u00a0en la vuelta de los cuartos de final de la\u00a0Champions, donde ganan la serie 3-1. [&hellip;]<\/p>\n","protected":false},"author":5,"featured_media":75718,"comment_status":"open","ping_status":"open","sticky":false,"template":"","format":"video","meta":{"_acf_changed":false,"footnotes":""},"categories":[4],"tags":[1894,79,1309],"class_list":{"0":"post-78750","1":"post","2":"type-post","3":"status-publish","4":"format-video","5":"has-post-thumbnail","7":"category-champions-league","8":"tag-jurgen-klopp","9":"tag-liverpool","10":"tag-luis-diaz","11":"post_format-post-format-video"},"acf":[],"yoast_head":"<!-- This site is optimized with the Yoast SEO plugin v26.8 - https:\/\/yoast.com\/product\/yoast-seo-wordpress\/ -->\n<title>\u201cNo para de sonre\u00edr\u201d, Klopp sobre D\u00edaz -<\/title>\n<meta name=\"robots\" content=\"index, follow, max-snippet:-1, max-image-preview:large, max-video-preview:-1\" \/>\n<link rel=\"canonical\" href=\"https:\/\/futbolhoy.co\/index.php\/2022\/04\/12\/no-para-de-sonreir-klopp-sobre-diaz\/\" \/>\n<meta property=\"og:locale\" content=\"es_ES\" \/>\n<meta property=\"og:type\" content=\"article\" \/>\n<meta property=\"og:title\" content=\"\u201cNo para de sonre\u00edr\u201d, Klopp sobre D\u00edaz -\" \/>\n<meta property=\"og:description\" content=\"(J\u00fcrgen Klopp, DT del Liverpool, en rueda de prensa) El t\u00e9cnico alem\u00e1n\u00a0Jurgen Klopp, del\u00a0Liverpool ingl\u00e9s, asegur\u00f3 que el extremo colombiano\u00a0Luis D\u00edaz\u00a0sigue adelantando de buena manera su proceso de adaptaci\u00f3n al club, previo al partido que sostendr\u00e1n este mi\u00e9rcoles contra el\u00a0Benfica portugu\u00e9s\u00a0en la vuelta de los cuartos de final de la\u00a0Champions, donde ganan la serie 3-1. [&hellip;]\" \/>\n<meta property=\"og:url\" content=\"https:\/\/futbolhoy.co\/index.php\/2022\/04\/12\/no-para-de-sonreir-klopp-sobre-diaz\/\" \/>\n<meta property=\"article:publisher\" content=\"https:\/\/www.facebook.com\/FutbolHoyCol\/\" \/>\n<meta property=\"article:published_time\" content=\"2022-04-12T23:11:47+00:00\" \/>\n<meta property=\"article:modified_time\" content=\"2022-04-13T13:08:22+00:00\" \/>\n<meta property=\"og:image\" content=\"https:\/\/futbolhoy.co\/wp-content\/uploads\/2022\/02\/Diaz-Klopp.png\" \/>\n\t<meta property=\"og:image:width\" content=\"858\" \/>\n\t<meta property=\"og:image:height\" content=\"654\" \/>\n\t<meta property=\"og:image:type\" content=\"image\/png\" \/>\n<meta name=\"author\" content=\"Laura Hern\u00e1ndez\" \/>\n<meta name=\"twitter:card\" content=\"summary_large_image\" \/>\n<meta name=\"twitter:creator\" content=\"@FutbolHoyCol\" \/>\n<meta name=\"twitter:site\" content=\"@FutbolHoyCol\" \/>\n<meta name=\"twitter:label1\" content=\"Escrito por\" \/>\n\t<meta name=\"twitter:data1\" content=\"Laura Hern\u00e1ndez\" \/>\n\t<meta name=\"twitter:label2\" content=\"Tiempo de lectura\" \/>\n\t<meta name=\"twitter:data2\" content=\"1 minuto\" \/>\n<script type=\"application\/ld+json\" class=\"yoast-schema-graph\">{\"@context\":\"https:\/\/schema.org\",\"@graph\":[{\"@type\":\"Article\",\"@id\":\"https:\/\/futbolhoy.co\/index.php\/2022\/04\/12\/no-para-de-sonreir-klopp-sobre-diaz\/#article\",\"isPartOf\":{\"@id\":\"https:\/\/futbolhoy.co\/index.php\/2022\/04\/12\/no-para-de-sonreir-klopp-sobre-diaz\/\"},\"author\":{\"name\":\"Laura Hern\u00e1ndez\",\"@id\":\"https:\/\/futbolhoy.co\/#\/schema\/person\/c4a353a512b127643723a34bb1812f7d\"},\"headline\":\"\u201cNo para de sonre\u00edr\u201d, Klopp sobre D\u00edaz\",\"datePublished\":\"2022-04-12T23:11:47+00:00\",\"dateModified\":\"2022-04-13T13:08:22+00:00\",\"mainEntityOfPage\":{\"@id\":\"https:\/\/futbolhoy.co\/index.php\/2022\/04\/12\/no-para-de-sonreir-klopp-sobre-diaz\/\"},\"wordCount\":178,\"commentCount\":0,\"publisher\":{\"@id\":\"https:\/\/futbolhoy.co\/#organization\"},\"image\":{\"@id\":\"https:\/\/futbolhoy.co\/index.php\/2022\/04\/12\/no-para-de-sonreir-klopp-sobre-diaz\/#primaryimage\"},\"thumbnailUrl\":\"https:\/\/futbolhoy.co\/wp-content\/uploads\/2022\/02\/Diaz-Klopp.png\",\"keywords\":[\"J\u00fcrgen Klopp\",\"Liverpool\",\"Luis diaz\"],\"articleSection\":[\"Champions League\"],\"inLanguage\":\"es\",\"potentialAction\":[{\"@type\":\"CommentAction\",\"name\":\"Comment\",\"target\":[\"https:\/\/futbolhoy.co\/index.php\/2022\/04\/12\/no-para-de-sonreir-klopp-sobre-diaz\/#respond\"]}]},{\"@type\":\"WebPage\",\"@id\":\"https:\/\/futbolhoy.co\/index.php\/2022\/04\/12\/no-para-de-sonreir-klopp-sobre-diaz\/\",\"url\":\"https:\/\/futbolhoy.co\/index.php\/2022\/04\/12\/no-para-de-sonreir-klopp-sobre-diaz\/\",\"name\":\"\u201cNo para de sonre\u00edr\u201d, Klopp sobre D\u00edaz -\",\"isPartOf\":{\"@id\":\"https:\/\/futbolhoy.co\/#website\"},\"primaryImageOfPage\":{\"@id\":\"https:\/\/futbolhoy.co\/index.php\/2022\/04\/12\/no-para-de-sonreir-klopp-sobre-diaz\/#primaryimage\"},\"image\":{\"@id\":\"https:\/\/futbolhoy.co\/index.php\/2022\/04\/12\/no-para-de-sonreir-klopp-sobre-diaz\/#primaryimage\"},\"thumbnailUrl\":\"https:\/\/futbolhoy.co\/wp-content\/uploads\/2022\/02\/Diaz-Klopp.png\",\"datePublished\":\"2022-04-12T23:11:47+00:00\",\"dateModified\":\"2022-04-13T13:08:22+00:00\",\"breadcrumb\":{\"@id\":\"https:\/\/futbolhoy.co\/index.php\/2022\/04\/12\/no-para-de-sonreir-klopp-sobre-diaz\/#breadcrumb\"},\"inLanguage\":\"es\",\"potentialAction\":[{\"@type\":\"ReadAction\",\"target\":[\"https:\/\/futbolhoy.co\/index.php\/2022\/04\/12\/no-para-de-sonreir-klopp-sobre-diaz\/\"]}]},{\"@type\":\"ImageObject\",\"inLanguage\":\"es\",\"@id\":\"https:\/\/futbolhoy.co\/index.php\/2022\/04\/12\/no-para-de-sonreir-klopp-sobre-diaz\/#primaryimage\",\"url\":\"https:\/\/futbolhoy.co\/wp-content\/uploads\/2022\/02\/Diaz-Klopp.png\",\"contentUrl\":\"https:\/\/futbolhoy.co\/wp-content\/uploads\/2022\/02\/Diaz-Klopp.png\",\"width\":858,\"height\":654},{\"@type\":\"BreadcrumbList\",\"@id\":\"https:\/\/futbolhoy.co\/index.php\/2022\/04\/12\/no-para-de-sonreir-klopp-sobre-diaz\/#breadcrumb\",\"itemListElement\":[{\"@type\":\"ListItem\",\"position\":1,\"name\":\"Portada\",\"item\":\"https:\/\/futbolhoy.co\/\"},{\"@type\":\"ListItem\",\"position\":2,\"name\":\"\u201cNo para de sonre\u00edr\u201d, Klopp sobre D\u00edaz\"}]},{\"@type\":\"WebSite\",\"@id\":\"https:\/\/futbolhoy.co\/#website\",\"url\":\"https:\/\/futbolhoy.co\/\",\"name\":\"FutbolHoy\",\"description\":\"\",\"publisher\":{\"@id\":\"https:\/\/futbolhoy.co\/#organization\"},\"potentialAction\":[{\"@type\":\"SearchAction\",\"target\":{\"@type\":\"EntryPoint\",\"urlTemplate\":\"https:\/\/futbolhoy.co\/?s={search_term_string}\"},\"query-input\":{\"@type\":\"PropertyValueSpecification\",\"valueRequired\":true,\"valueName\":\"search_term_string\"}}],\"inLanguage\":\"es\"},{\"@type\":\"Organization\",\"@id\":\"https:\/\/futbolhoy.co\/#organization\",\"name\":\"Futbolhoy.co\",\"url\":\"https:\/\/futbolhoy.co\/\",\"logo\":{\"@type\":\"ImageObject\",\"inLanguage\":\"es\",\"@id\":\"https:\/\/futbolhoy.co\/#\/schema\/logo\/image\/\",\"url\":\"https:\/\/futbolhoy.co\/wp-content\/uploads\/2018\/08\/17426380_1906371736249227_6326180412931521141_n.jpg\",\"contentUrl\":\"https:\/\/futbolhoy.co\/wp-content\/uploads\/2018\/08\/17426380_1906371736249227_6326180412931521141_n.jpg\",\"width\":960,\"height\":960,\"caption\":\"Futbolhoy.co\"},\"image\":{\"@id\":\"https:\/\/futbolhoy.co\/#\/schema\/logo\/image\/\"},\"sameAs\":[\"https:\/\/www.facebook.com\/FutbolHoyCol\/\",\"https:\/\/x.com\/FutbolHoyCol\",\"https:\/\/www.instagram.com\/futbolhoycol\/\"]},{\"@type\":\"Person\",\"@id\":\"https:\/\/futbolhoy.co\/#\/schema\/person\/c4a353a512b127643723a34bb1812f7d\",\"name\":\"Laura Hern\u00e1ndez\",\"image\":{\"@type\":\"ImageObject\",\"inLanguage\":\"es\",\"@id\":\"https:\/\/futbolhoy.co\/#\/schema\/person\/image\/\",\"url\":\"https:\/\/secure.gravatar.com\/avatar\/d25959a15b9b293a743f99181c7cfd01?s=96&d=mm&r=g\",\"contentUrl\":\"https:\/\/secure.gravatar.com\/avatar\/d25959a15b9b293a743f99181c7cfd01?s=96&d=mm&r=g\",\"caption\":\"Laura Hern\u00e1ndez\"}}]}<\/script>\n<!-- \/ Yoast SEO plugin. -->","yoast_head_json":{"title":"\u201cNo para de sonre\u00edr\u201d, Klopp sobre D\u00edaz -","robots":{"index":"index","follow":"follow","max-snippet":"max-snippet:-1","max-image-preview":"max-image-preview:large","max-video-preview":"max-video-preview:-1"},"canonical":"https:\/\/futbolhoy.co\/index.php\/2022\/04\/12\/no-para-de-sonreir-klopp-sobre-diaz\/","og_locale":"es_ES","og_type":"article","og_title":"\u201cNo para de sonre\u00edr\u201d, Klopp sobre D\u00edaz -","og_description":"(J\u00fcrgen Klopp, DT del Liverpool, en rueda de prensa) El t\u00e9cnico alem\u00e1n\u00a0Jurgen Klopp, del\u00a0Liverpool ingl\u00e9s, asegur\u00f3 que el extremo colombiano\u00a0Luis D\u00edaz\u00a0sigue adelantando de buena manera su proceso de adaptaci\u00f3n al club, previo al partido que sostendr\u00e1n este mi\u00e9rcoles contra el\u00a0Benfica portugu\u00e9s\u00a0en la vuelta de los cuartos de final de la\u00a0Champions, donde ganan la serie 3-1. [&hellip;]","og_url":"https:\/\/futbolhoy.co\/index.php\/2022\/04\/12\/no-para-de-sonreir-klopp-sobre-diaz\/","article_publisher":"https:\/\/www.facebook.com\/FutbolHoyCol\/","article_published_time":"2022-04-12T23:11:47+00:00","article_modified_time":"2022-04-13T13:08:22+00:00","og_image":[{"width":858,"height":654,"url":"https:\/\/futbolhoy.co\/wp-content\/uploads\/2022\/02\/Diaz-Klopp.png","type":"image\/png"}],"author":"Laura Hern\u00e1ndez","twitter_card":"summary_large_image","twitter_creator":"@FutbolHoyCol","twitter_site":"@FutbolHoyCol","twitter_misc":{"Escrito por":"Laura Hern\u00e1ndez","Tiempo de lectura":"1 minuto"},"schema":{"@context":"https:\/\/schema.org","@graph":[{"@type":"Article","@id":"https:\/\/futbolhoy.co\/index.php\/2022\/04\/12\/no-para-de-sonreir-klopp-sobre-diaz\/#article","isPartOf":{"@id":"https:\/\/futbolhoy.co\/index.php\/2022\/04\/12\/no-para-de-sonreir-klopp-sobre-diaz\/"},"author":{"name":"Laura Hern\u00e1ndez","@id":"https:\/\/futbolhoy.co\/#\/schema\/person\/c4a353a512b127643723a34bb1812f7d"},"headline":"\u201cNo para de sonre\u00edr\u201d, Klopp sobre D\u00edaz","datePublished":"2022-04-12T23:11:47+00:00","dateModified":"2022-04-13T13:08:22+00:00","mainEntityOfPage":{"@id":"https:\/\/futbolhoy.co\/index.php\/2022\/04\/12\/no-para-de-sonreir-klopp-sobre-diaz\/"},"wordCount":178,"commentCount":0,"publisher":{"@id":"https:\/\/futbolhoy.co\/#organization"},"image":{"@id":"https:\/\/futbolhoy.co\/index.php\/2022\/04\/12\/no-para-de-sonreir-klopp-sobre-diaz\/#primaryimage"},"thumbnailUrl":"https:\/\/futbolhoy.co\/wp-content\/uploads\/2022\/02\/Diaz-Klopp.png","keywords":["J\u00fcrgen Klopp","Liverpool","Luis diaz"],"articleSection":["Champions League"],"inLanguage":"es","potentialAction":[{"@type":"CommentAction","name":"Comment","target":["https:\/\/futbolhoy.co\/index.php\/2022\/04\/12\/no-para-de-sonreir-klopp-sobre-diaz\/#respond"]}]},{"@type":"WebPage","@id":"https:\/\/futbolhoy.co\/index.php\/2022\/04\/12\/no-para-de-sonreir-klopp-sobre-diaz\/","url":"https:\/\/futbolhoy.co\/index.php\/2022\/04\/12\/no-para-de-sonreir-klopp-sobre-diaz\/","name":"\u201cNo para de sonre\u00edr\u201d, Klopp sobre D\u00edaz -","isPartOf":{"@id":"https:\/\/futbolhoy.co\/#website"},"primaryImageOfPage":{"@id":"https:\/\/futbolhoy.co\/index.php\/2022\/04\/12\/no-para-de-sonreir-klopp-sobre-diaz\/#primaryimage"},"image":{"@id":"https:\/\/futbolhoy.co\/index.php\/2022\/04\/12\/no-para-de-sonreir-klopp-sobre-diaz\/#primaryimage"},"thumbnailUrl":"https:\/\/futbolhoy.co\/wp-content\/uploads\/2022\/02\/Diaz-Klopp.png","datePublished":"2022-04-12T23:11:47+00:00","dateModified":"2022-04-13T13:08:22+00:00","breadcrumb":{"@id":"https:\/\/futbolhoy.co\/index.php\/2022\/04\/12\/no-para-de-sonreir-klopp-sobre-diaz\/#breadcrumb"},"inLanguage":"es","potentialAction":[{"@type":"ReadAction","target":["https:\/\/futbolhoy.co\/index.php\/2022\/04\/12\/no-para-de-sonreir-klopp-sobre-diaz\/"]}]},{"@type":"ImageObject","inLanguage":"es","@id":"https:\/\/futbolhoy.co\/index.php\/2022\/04\/12\/no-para-de-sonreir-klopp-sobre-diaz\/#primaryimage","url":"https:\/\/futbolhoy.co\/wp-content\/uploads\/2022\/02\/Diaz-Klopp.png","contentUrl":"https:\/\/futbolhoy.co\/wp-content\/uploads\/2022\/02\/Diaz-Klopp.png","width":858,"height":654},{"@type":"BreadcrumbList","@id":"https:\/\/futbolhoy.co\/index.php\/2022\/04\/12\/no-para-de-sonreir-klopp-sobre-diaz\/#breadcrumb","itemListElement":[{"@type":"ListItem","position":1,"name":"Portada","item":"https:\/\/futbolhoy.co\/"},{"@type":"ListItem","position":2,"name":"\u201cNo para de sonre\u00edr\u201d, Klopp sobre D\u00edaz"}]},{"@type":"WebSite","@id":"https:\/\/futbolhoy.co\/#website","url":"https:\/\/futbolhoy.co\/","name":"FutbolHoy","description":"","publisher":{"@id":"https:\/\/futbolhoy.co\/#organization"},"potentialAction":[{"@type":"SearchAction","target":{"@type":"EntryPoint","urlTemplate":"https:\/\/futbolhoy.co\/?s={search_term_string}"},"query-input":{"@type":"PropertyValueSpecification","valueRequired":true,"valueName":"search_term_string"}}],"inLanguage":"es"},{"@type":"Organization","@id":"https:\/\/futbolhoy.co\/#organization","name":"Futbolhoy.co","url":"https:\/\/futbolhoy.co\/","logo":{"@type":"ImageObject","inLanguage":"es","@id":"https:\/\/futbolhoy.co\/#\/schema\/logo\/image\/","url":"https:\/\/futbolhoy.co\/wp-content\/uploads\/2018\/08\/17426380_1906371736249227_6326180412931521141_n.jpg","contentUrl":"https:\/\/futbolhoy.co\/wp-content\/uploads\/2018\/08\/17426380_1906371736249227_6326180412931521141_n.jpg","width":960,"height":960,"caption":"Futbolhoy.co"},"image":{"@id":"https:\/\/futbolhoy.co\/#\/schema\/logo\/image\/"},"sameAs":["https:\/\/www.facebook.com\/FutbolHoyCol\/","https:\/\/x.com\/FutbolHoyCol","https:\/\/www.instagram.com\/futbolhoycol\/"]},{"@type":"Person","@id":"https:\/\/futbolhoy.co\/#\/schema\/person\/c4a353a512b127643723a34bb1812f7d","name":"Laura Hern\u00e1ndez","image":{"@type":"ImageObject","inLanguage":"es","@id":"https:\/\/futbolhoy.co\/#\/schema\/person\/image\/","url":"https:\/\/secure.gravatar.com\/avatar\/d25959a15b9b293a743f99181c7cfd01?s=96&d=mm&r=g","contentUrl":"https:\/\/secure.gravatar.com\/avatar\/d25959a15b9b293a743f99181c7cfd01?s=96&d=mm&r=g","caption":"Laura Hern\u00e1ndez"}}]}},"publishpress_future_action":{"enabled":false,"date":"2026-05-06 11:04:59","action":"change-status","newStatus":"draft","terms":[],"taxonomy":"category","extraData":[]},"publishpress_future_workflow_manual_trigger":{"enabledWorkflows":[]},"_links":{"self":[{"href":"https:\/\/futbolhoy.co\/index.php\/wp-json\/wp\/v2\/posts\/78750","targetHints":{"allow":["GET"]}}],"collection":[{"href":"https:\/\/futbolhoy.co\/index.php\/wp-json\/wp\/v2\/posts"}],"about":[{"href":"https:\/\/futbolhoy.co\/index.php\/wp-json\/wp\/v2\/types\/post"}],"author":[{"embeddable":true,"href":"https:\/\/futbolhoy.co\/index.php\/wp-json\/wp\/v2\/users\/5"}],"replies":[{"embeddable":true,"href":"https:\/\/futbolhoy.co\/index.php\/wp-json\/wp\/v2\/comments?post=78750"}],"version-history":[{"count":1,"href":"https:\/\/futbolhoy.co\/index.php\/wp-json\/wp\/v2\/posts\/78750\/revisions"}],"predecessor-version":[{"id":78757,"href":"https:\/\/futbolhoy.co\/index.php\/wp-json\/wp\/v2\/posts\/78750\/revisions\/78757"}],"wp:featuredmedia":[{"embeddable":true,"href":"https:\/\/futbolhoy.co\/index.php\/wp-json\/wp\/v2\/media\/75718"}],"wp:attachment":[{"href":"https:\/\/futbolhoy.co\/index.php\/wp-json\/wp\/v2\/media?parent=78750"}],"wp:term":[{"taxonomy":"category","embeddable":true,"href":"https:\/\/futbolhoy.co\/index.php\/wp-json\/wp\/v2\/categories?post=78750"},{"taxonomy":"post_tag","embeddable":true,"href":"https:\/\/futbolhoy.co\/index.php\/wp-json\/wp\/v2\/tags?post=78750"}],"curies":[{"name":"wp","href":"https:\/\/api.w.org\/{rel}","templated":true}]}}