{"id":78777,"date":"2022-04-13T08:12:53","date_gmt":"2022-04-13T13:12:53","guid":{"rendered":"https:\/\/futbolhoy.co\/?p=78777"},"modified":"2022-04-13T12:19:32","modified_gmt":"2022-04-13T17:19:32","slug":"flabian-londono-se-perdera-el-resto-del-semestre","status":"publish","type":"post","link":"https:\/\/futbolhoy.co\/index.php\/2022\/04\/13\/flabian-londono-se-perdera-el-resto-del-semestre\/","title":{"rendered":"Flabi\u00e1n Londo\u00f1o se perder\u00e1 el resto del semestre"},"content":{"rendered":"<p style=\"text-align: justify;\"><span style=\"font-family: helvetica, arial, sans-serif;\">El delantero antioque\u00f1o de<strong> River Plate, Flabi\u00e1n Londo\u00f1o<\/strong>, fue operado con \u00e9xito de una fractura en su clav\u00edcula derecha, inform\u00f3 su club.<\/span><\/p>\n<p style=\"text-align: justify;\"><span style=\"font-family: helvetica, arial, sans-serif;\">Londo\u00f1o, quien se ha destacado en el torneo de reservas y fue convocado por el t\u00e9cnico <strong>Marcelo Gallardo<\/strong> para el partido frente a <strong>Alianza Lima<\/strong> por <strong>Copa Libertadores,<\/strong> se lesion\u00f3 el fin de semana durante el juego frente a <strong>Argentinos Juniors<\/strong> en el certamen alterno.<\/span><\/p>\n<p style=\"text-align: justify;\"><span style=\"font-family: helvetica, arial, sans-serif;\">Los m\u00e9dicos que intervinieron al colombiano, de 21 a\u00f1os, consideraron que estar\u00e1 cerca de 12 semanas fuera de las canchas.<\/span><\/p>\n<p style=\"text-align: justify;\"><span style=\"font-family: helvetica, arial, sans-serif;\">El goleador del equipo en la Reserva, a quien algunos comparan con Falcao Garc\u00eda, ha sufrido varias lesiones que no le han permitido debutar en el primer equipo. En la pasada temporada anot\u00f3 14 goles en 24 partidos.<\/span><\/p>\n<p style=\"text-align: justify;\"><span style=\"font-family: helvetica, arial, sans-serif;\">El jugador firm\u00f3 el a\u00f1o pasado su primer contrato profesional con River hasta diciembre de 2024, con una cl\u00e1usula de rescisi\u00f3n de 25 millones de euros.<\/span><\/p>\n","protected":false},"excerpt":{"rendered":"<p>El delantero antioque\u00f1o de River Plate, Flabi\u00e1n Londo\u00f1o, fue operado con \u00e9xito de una fractura en su clav\u00edcula derecha, inform\u00f3 su club. Londo\u00f1o, quien se ha destacado en el torneo de reservas y fue convocado por el t\u00e9cnico Marcelo Gallardo para el partido frente a Alianza Lima por Copa Libertadores, se lesion\u00f3 el fin de [&hellip;]<\/p>\n","protected":false},"author":5,"featured_media":78778,"comment_status":"open","ping_status":"open","sticky":false,"template":"","format":"standard","meta":{"_acf_changed":false,"footnotes":""},"categories":[152],"tags":[],"class_list":{"0":"post-78777","1":"post","2":"type-post","3":"status-publish","4":"format-standard","5":"has-post-thumbnail","7":"category-mundo-futbol"},"acf":[],"yoast_head":"<!-- This site is optimized with the Yoast SEO plugin v26.8 - https:\/\/yoast.com\/product\/yoast-seo-wordpress\/ -->\n<title>Flabi\u00e1n Londo\u00f1o se perder\u00e1 el resto del semestre -<\/title>\n<meta name=\"robots\" content=\"index, follow, max-snippet:-1, max-image-preview:large, max-video-preview:-1\" \/>\n<link rel=\"canonical\" href=\"https:\/\/futbolhoy.co\/index.php\/2022\/04\/13\/flabian-londono-se-perdera-el-resto-del-semestre\/\" \/>\n<meta property=\"og:locale\" content=\"es_ES\" \/>\n<meta property=\"og:type\" content=\"article\" \/>\n<meta property=\"og:title\" content=\"Flabi\u00e1n Londo\u00f1o se perder\u00e1 el resto del semestre -\" \/>\n<meta property=\"og:description\" content=\"El delantero antioque\u00f1o de River Plate, Flabi\u00e1n Londo\u00f1o, fue operado con \u00e9xito de una fractura en su clav\u00edcula derecha, inform\u00f3 su club. Londo\u00f1o, quien se ha destacado en el torneo de reservas y fue convocado por el t\u00e9cnico Marcelo Gallardo para el partido frente a Alianza Lima por Copa Libertadores, se lesion\u00f3 el fin de [&hellip;]\" \/>\n<meta property=\"og:url\" content=\"https:\/\/futbolhoy.co\/index.php\/2022\/04\/13\/flabian-londono-se-perdera-el-resto-del-semestre\/\" \/>\n<meta property=\"article:publisher\" content=\"https:\/\/www.facebook.com\/FutbolHoyCol\/\" \/>\n<meta property=\"article:published_time\" content=\"2022-04-13T13:12:53+00:00\" \/>\n<meta property=\"article:modified_time\" content=\"2022-04-13T17:19:32+00:00\" \/>\n<meta property=\"og:image\" content=\"https:\/\/futbolhoy.co\/wp-content\/uploads\/2022\/04\/EzONbQIVcAcQicc.jpg\" \/>\n\t<meta property=\"og:image:width\" content=\"750\" \/>\n\t<meta property=\"og:image:height\" content=\"620\" \/>\n\t<meta property=\"og:image:type\" content=\"image\/jpeg\" \/>\n<meta name=\"author\" content=\"Laura Hern\u00e1ndez\" \/>\n<meta name=\"twitter:card\" content=\"summary_large_image\" \/>\n<meta name=\"twitter:creator\" content=\"@FutbolHoyCol\" \/>\n<meta name=\"twitter:site\" content=\"@FutbolHoyCol\" \/>\n<meta name=\"twitter:label1\" content=\"Escrito por\" \/>\n\t<meta name=\"twitter:data1\" content=\"Laura Hern\u00e1ndez\" \/>\n\t<meta name=\"twitter:label2\" content=\"Tiempo de lectura\" \/>\n\t<meta name=\"twitter:data2\" content=\"1 minuto\" \/>\n<script type=\"application\/ld+json\" class=\"yoast-schema-graph\">{\"@context\":\"https:\/\/schema.org\",\"@graph\":[{\"@type\":\"Article\",\"@id\":\"https:\/\/futbolhoy.co\/index.php\/2022\/04\/13\/flabian-londono-se-perdera-el-resto-del-semestre\/#article\",\"isPartOf\":{\"@id\":\"https:\/\/futbolhoy.co\/index.php\/2022\/04\/13\/flabian-londono-se-perdera-el-resto-del-semestre\/\"},\"author\":{\"name\":\"Laura Hern\u00e1ndez\",\"@id\":\"https:\/\/futbolhoy.co\/#\/schema\/person\/c4a353a512b127643723a34bb1812f7d\"},\"headline\":\"Flabi\u00e1n Londo\u00f1o se perder\u00e1 el resto del semestre\",\"datePublished\":\"2022-04-13T13:12:53+00:00\",\"dateModified\":\"2022-04-13T17:19:32+00:00\",\"mainEntityOfPage\":{\"@id\":\"https:\/\/futbolhoy.co\/index.php\/2022\/04\/13\/flabian-londono-se-perdera-el-resto-del-semestre\/\"},\"wordCount\":167,\"commentCount\":0,\"publisher\":{\"@id\":\"https:\/\/futbolhoy.co\/#organization\"},\"image\":{\"@id\":\"https:\/\/futbolhoy.co\/index.php\/2022\/04\/13\/flabian-londono-se-perdera-el-resto-del-semestre\/#primaryimage\"},\"thumbnailUrl\":\"https:\/\/futbolhoy.co\/wp-content\/uploads\/2022\/04\/EzONbQIVcAcQicc.jpg\",\"articleSection\":[\"Mundo Futbol\"],\"inLanguage\":\"es\",\"potentialAction\":[{\"@type\":\"CommentAction\",\"name\":\"Comment\",\"target\":[\"https:\/\/futbolhoy.co\/index.php\/2022\/04\/13\/flabian-londono-se-perdera-el-resto-del-semestre\/#respond\"]}]},{\"@type\":\"WebPage\",\"@id\":\"https:\/\/futbolhoy.co\/index.php\/2022\/04\/13\/flabian-londono-se-perdera-el-resto-del-semestre\/\",\"url\":\"https:\/\/futbolhoy.co\/index.php\/2022\/04\/13\/flabian-londono-se-perdera-el-resto-del-semestre\/\",\"name\":\"Flabi\u00e1n Londo\u00f1o se perder\u00e1 el resto del semestre -\",\"isPartOf\":{\"@id\":\"https:\/\/futbolhoy.co\/#website\"},\"primaryImageOfPage\":{\"@id\":\"https:\/\/futbolhoy.co\/index.php\/2022\/04\/13\/flabian-londono-se-perdera-el-resto-del-semestre\/#primaryimage\"},\"image\":{\"@id\":\"https:\/\/futbolhoy.co\/index.php\/2022\/04\/13\/flabian-londono-se-perdera-el-resto-del-semestre\/#primaryimage\"},\"thumbnailUrl\":\"https:\/\/futbolhoy.co\/wp-content\/uploads\/2022\/04\/EzONbQIVcAcQicc.jpg\",\"datePublished\":\"2022-04-13T13:12:53+00:00\",\"dateModified\":\"2022-04-13T17:19:32+00:00\",\"breadcrumb\":{\"@id\":\"https:\/\/futbolhoy.co\/index.php\/2022\/04\/13\/flabian-londono-se-perdera-el-resto-del-semestre\/#breadcrumb\"},\"inLanguage\":\"es\",\"potentialAction\":[{\"@type\":\"ReadAction\",\"target\":[\"https:\/\/futbolhoy.co\/index.php\/2022\/04\/13\/flabian-londono-se-perdera-el-resto-del-semestre\/\"]}]},{\"@type\":\"ImageObject\",\"inLanguage\":\"es\",\"@id\":\"https:\/\/futbolhoy.co\/index.php\/2022\/04\/13\/flabian-londono-se-perdera-el-resto-del-semestre\/#primaryimage\",\"url\":\"https:\/\/futbolhoy.co\/wp-content\/uploads\/2022\/04\/EzONbQIVcAcQicc.jpg\",\"contentUrl\":\"https:\/\/futbolhoy.co\/wp-content\/uploads\/2022\/04\/EzONbQIVcAcQicc.jpg\",\"width\":750,\"height\":620},{\"@type\":\"BreadcrumbList\",\"@id\":\"https:\/\/futbolhoy.co\/index.php\/2022\/04\/13\/flabian-londono-se-perdera-el-resto-del-semestre\/#breadcrumb\",\"itemListElement\":[{\"@type\":\"ListItem\",\"position\":1,\"name\":\"Portada\",\"item\":\"https:\/\/futbolhoy.co\/\"},{\"@type\":\"ListItem\",\"position\":2,\"name\":\"Flabi\u00e1n Londo\u00f1o se perder\u00e1 el resto del semestre\"}]},{\"@type\":\"WebSite\",\"@id\":\"https:\/\/futbolhoy.co\/#website\",\"url\":\"https:\/\/futbolhoy.co\/\",\"name\":\"FutbolHoy\",\"description\":\"\",\"publisher\":{\"@id\":\"https:\/\/futbolhoy.co\/#organization\"},\"potentialAction\":[{\"@type\":\"SearchAction\",\"target\":{\"@type\":\"EntryPoint\",\"urlTemplate\":\"https:\/\/futbolhoy.co\/?s={search_term_string}\"},\"query-input\":{\"@type\":\"PropertyValueSpecification\",\"valueRequired\":true,\"valueName\":\"search_term_string\"}}],\"inLanguage\":\"es\"},{\"@type\":\"Organization\",\"@id\":\"https:\/\/futbolhoy.co\/#organization\",\"name\":\"Futbolhoy.co\",\"url\":\"https:\/\/futbolhoy.co\/\",\"logo\":{\"@type\":\"ImageObject\",\"inLanguage\":\"es\",\"@id\":\"https:\/\/futbolhoy.co\/#\/schema\/logo\/image\/\",\"url\":\"https:\/\/futbolhoy.co\/wp-content\/uploads\/2018\/08\/17426380_1906371736249227_6326180412931521141_n.jpg\",\"contentUrl\":\"https:\/\/futbolhoy.co\/wp-content\/uploads\/2018\/08\/17426380_1906371736249227_6326180412931521141_n.jpg\",\"width\":960,\"height\":960,\"caption\":\"Futbolhoy.co\"},\"image\":{\"@id\":\"https:\/\/futbolhoy.co\/#\/schema\/logo\/image\/\"},\"sameAs\":[\"https:\/\/www.facebook.com\/FutbolHoyCol\/\",\"https:\/\/x.com\/FutbolHoyCol\",\"https:\/\/www.instagram.com\/futbolhoycol\/\"]},{\"@type\":\"Person\",\"@id\":\"https:\/\/futbolhoy.co\/#\/schema\/person\/c4a353a512b127643723a34bb1812f7d\",\"name\":\"Laura Hern\u00e1ndez\",\"image\":{\"@type\":\"ImageObject\",\"inLanguage\":\"es\",\"@id\":\"https:\/\/futbolhoy.co\/#\/schema\/person\/image\/\",\"url\":\"https:\/\/secure.gravatar.com\/avatar\/d25959a15b9b293a743f99181c7cfd01?s=96&d=mm&r=g\",\"contentUrl\":\"https:\/\/secure.gravatar.com\/avatar\/d25959a15b9b293a743f99181c7cfd01?s=96&d=mm&r=g\",\"caption\":\"Laura Hern\u00e1ndez\"}}]}<\/script>\n<!-- \/ Yoast SEO plugin. -->","yoast_head_json":{"title":"Flabi\u00e1n Londo\u00f1o se perder\u00e1 el resto del semestre -","robots":{"index":"index","follow":"follow","max-snippet":"max-snippet:-1","max-image-preview":"max-image-preview:large","max-video-preview":"max-video-preview:-1"},"canonical":"https:\/\/futbolhoy.co\/index.php\/2022\/04\/13\/flabian-londono-se-perdera-el-resto-del-semestre\/","og_locale":"es_ES","og_type":"article","og_title":"Flabi\u00e1n Londo\u00f1o se perder\u00e1 el resto del semestre -","og_description":"El delantero antioque\u00f1o de River Plate, Flabi\u00e1n Londo\u00f1o, fue operado con \u00e9xito de una fractura en su clav\u00edcula derecha, inform\u00f3 su club. Londo\u00f1o, quien se ha destacado en el torneo de reservas y fue convocado por el t\u00e9cnico Marcelo Gallardo para el partido frente a Alianza Lima por Copa Libertadores, se lesion\u00f3 el fin de [&hellip;]","og_url":"https:\/\/futbolhoy.co\/index.php\/2022\/04\/13\/flabian-londono-se-perdera-el-resto-del-semestre\/","article_publisher":"https:\/\/www.facebook.com\/FutbolHoyCol\/","article_published_time":"2022-04-13T13:12:53+00:00","article_modified_time":"2022-04-13T17:19:32+00:00","og_image":[{"width":750,"height":620,"url":"https:\/\/futbolhoy.co\/wp-content\/uploads\/2022\/04\/EzONbQIVcAcQicc.jpg","type":"image\/jpeg"}],"author":"Laura Hern\u00e1ndez","twitter_card":"summary_large_image","twitter_creator":"@FutbolHoyCol","twitter_site":"@FutbolHoyCol","twitter_misc":{"Escrito por":"Laura Hern\u00e1ndez","Tiempo de lectura":"1 minuto"},"schema":{"@context":"https:\/\/schema.org","@graph":[{"@type":"Article","@id":"https:\/\/futbolhoy.co\/index.php\/2022\/04\/13\/flabian-londono-se-perdera-el-resto-del-semestre\/#article","isPartOf":{"@id":"https:\/\/futbolhoy.co\/index.php\/2022\/04\/13\/flabian-londono-se-perdera-el-resto-del-semestre\/"},"author":{"name":"Laura Hern\u00e1ndez","@id":"https:\/\/futbolhoy.co\/#\/schema\/person\/c4a353a512b127643723a34bb1812f7d"},"headline":"Flabi\u00e1n Londo\u00f1o se perder\u00e1 el resto del semestre","datePublished":"2022-04-13T13:12:53+00:00","dateModified":"2022-04-13T17:19:32+00:00","mainEntityOfPage":{"@id":"https:\/\/futbolhoy.co\/index.php\/2022\/04\/13\/flabian-londono-se-perdera-el-resto-del-semestre\/"},"wordCount":167,"commentCount":0,"publisher":{"@id":"https:\/\/futbolhoy.co\/#organization"},"image":{"@id":"https:\/\/futbolhoy.co\/index.php\/2022\/04\/13\/flabian-londono-se-perdera-el-resto-del-semestre\/#primaryimage"},"thumbnailUrl":"https:\/\/futbolhoy.co\/wp-content\/uploads\/2022\/04\/EzONbQIVcAcQicc.jpg","articleSection":["Mundo Futbol"],"inLanguage":"es","potentialAction":[{"@type":"CommentAction","name":"Comment","target":["https:\/\/futbolhoy.co\/index.php\/2022\/04\/13\/flabian-londono-se-perdera-el-resto-del-semestre\/#respond"]}]},{"@type":"WebPage","@id":"https:\/\/futbolhoy.co\/index.php\/2022\/04\/13\/flabian-londono-se-perdera-el-resto-del-semestre\/","url":"https:\/\/futbolhoy.co\/index.php\/2022\/04\/13\/flabian-londono-se-perdera-el-resto-del-semestre\/","name":"Flabi\u00e1n Londo\u00f1o se perder\u00e1 el resto del semestre -","isPartOf":{"@id":"https:\/\/futbolhoy.co\/#website"},"primaryImageOfPage":{"@id":"https:\/\/futbolhoy.co\/index.php\/2022\/04\/13\/flabian-londono-se-perdera-el-resto-del-semestre\/#primaryimage"},"image":{"@id":"https:\/\/futbolhoy.co\/index.php\/2022\/04\/13\/flabian-londono-se-perdera-el-resto-del-semestre\/#primaryimage"},"thumbnailUrl":"https:\/\/futbolhoy.co\/wp-content\/uploads\/2022\/04\/EzONbQIVcAcQicc.jpg","datePublished":"2022-04-13T13:12:53+00:00","dateModified":"2022-04-13T17:19:32+00:00","breadcrumb":{"@id":"https:\/\/futbolhoy.co\/index.php\/2022\/04\/13\/flabian-londono-se-perdera-el-resto-del-semestre\/#breadcrumb"},"inLanguage":"es","potentialAction":[{"@type":"ReadAction","target":["https:\/\/futbolhoy.co\/index.php\/2022\/04\/13\/flabian-londono-se-perdera-el-resto-del-semestre\/"]}]},{"@type":"ImageObject","inLanguage":"es","@id":"https:\/\/futbolhoy.co\/index.php\/2022\/04\/13\/flabian-londono-se-perdera-el-resto-del-semestre\/#primaryimage","url":"https:\/\/futbolhoy.co\/wp-content\/uploads\/2022\/04\/EzONbQIVcAcQicc.jpg","contentUrl":"https:\/\/futbolhoy.co\/wp-content\/uploads\/2022\/04\/EzONbQIVcAcQicc.jpg","width":750,"height":620},{"@type":"BreadcrumbList","@id":"https:\/\/futbolhoy.co\/index.php\/2022\/04\/13\/flabian-londono-se-perdera-el-resto-del-semestre\/#breadcrumb","itemListElement":[{"@type":"ListItem","position":1,"name":"Portada","item":"https:\/\/futbolhoy.co\/"},{"@type":"ListItem","position":2,"name":"Flabi\u00e1n Londo\u00f1o se perder\u00e1 el resto del semestre"}]},{"@type":"WebSite","@id":"https:\/\/futbolhoy.co\/#website","url":"https:\/\/futbolhoy.co\/","name":"FutbolHoy","description":"","publisher":{"@id":"https:\/\/futbolhoy.co\/#organization"},"potentialAction":[{"@type":"SearchAction","target":{"@type":"EntryPoint","urlTemplate":"https:\/\/futbolhoy.co\/?s={search_term_string}"},"query-input":{"@type":"PropertyValueSpecification","valueRequired":true,"valueName":"search_term_string"}}],"inLanguage":"es"},{"@type":"Organization","@id":"https:\/\/futbolhoy.co\/#organization","name":"Futbolhoy.co","url":"https:\/\/futbolhoy.co\/","logo":{"@type":"ImageObject","inLanguage":"es","@id":"https:\/\/futbolhoy.co\/#\/schema\/logo\/image\/","url":"https:\/\/futbolhoy.co\/wp-content\/uploads\/2018\/08\/17426380_1906371736249227_6326180412931521141_n.jpg","contentUrl":"https:\/\/futbolhoy.co\/wp-content\/uploads\/2018\/08\/17426380_1906371736249227_6326180412931521141_n.jpg","width":960,"height":960,"caption":"Futbolhoy.co"},"image":{"@id":"https:\/\/futbolhoy.co\/#\/schema\/logo\/image\/"},"sameAs":["https:\/\/www.facebook.com\/FutbolHoyCol\/","https:\/\/x.com\/FutbolHoyCol","https:\/\/www.instagram.com\/futbolhoycol\/"]},{"@type":"Person","@id":"https:\/\/futbolhoy.co\/#\/schema\/person\/c4a353a512b127643723a34bb1812f7d","name":"Laura Hern\u00e1ndez","image":{"@type":"ImageObject","inLanguage":"es","@id":"https:\/\/futbolhoy.co\/#\/schema\/person\/image\/","url":"https:\/\/secure.gravatar.com\/avatar\/d25959a15b9b293a743f99181c7cfd01?s=96&d=mm&r=g","contentUrl":"https:\/\/secure.gravatar.com\/avatar\/d25959a15b9b293a743f99181c7cfd01?s=96&d=mm&r=g","caption":"Laura Hern\u00e1ndez"}}]}},"publishpress_future_action":{"enabled":false,"date":"2026-05-06 15:32:58","action":"change-status","newStatus":"draft","terms":[],"taxonomy":"category","extraData":[]},"publishpress_future_workflow_manual_trigger":{"enabledWorkflows":[]},"_links":{"self":[{"href":"https:\/\/futbolhoy.co\/index.php\/wp-json\/wp\/v2\/posts\/78777","targetHints":{"allow":["GET"]}}],"collection":[{"href":"https:\/\/futbolhoy.co\/index.php\/wp-json\/wp\/v2\/posts"}],"about":[{"href":"https:\/\/futbolhoy.co\/index.php\/wp-json\/wp\/v2\/types\/post"}],"author":[{"embeddable":true,"href":"https:\/\/futbolhoy.co\/index.php\/wp-json\/wp\/v2\/users\/5"}],"replies":[{"embeddable":true,"href":"https:\/\/futbolhoy.co\/index.php\/wp-json\/wp\/v2\/comments?post=78777"}],"version-history":[{"count":1,"href":"https:\/\/futbolhoy.co\/index.php\/wp-json\/wp\/v2\/posts\/78777\/revisions"}],"predecessor-version":[{"id":78779,"href":"https:\/\/futbolhoy.co\/index.php\/wp-json\/wp\/v2\/posts\/78777\/revisions\/78779"}],"wp:featuredmedia":[{"embeddable":true,"href":"https:\/\/futbolhoy.co\/index.php\/wp-json\/wp\/v2\/media\/78778"}],"wp:attachment":[{"href":"https:\/\/futbolhoy.co\/index.php\/wp-json\/wp\/v2\/media?parent=78777"}],"wp:term":[{"taxonomy":"category","embeddable":true,"href":"https:\/\/futbolhoy.co\/index.php\/wp-json\/wp\/v2\/categories?post=78777"},{"taxonomy":"post_tag","embeddable":true,"href":"https:\/\/futbolhoy.co\/index.php\/wp-json\/wp\/v2\/tags?post=78777"}],"curies":[{"name":"wp","href":"https:\/\/api.w.org\/{rel}","templated":true}]}}