{"id":78929,"date":"2022-04-16T18:07:15","date_gmt":"2022-04-16T23:07:15","guid":{"rendered":"https:\/\/futbolhoy.co\/?p=78929"},"modified":"2022-04-16T18:12:08","modified_gmt":"2022-04-16T23:12:08","slug":"pasto-mantiene-la-esperanza","status":"publish","type":"post","link":"https:\/\/futbolhoy.co\/index.php\/2022\/04\/16\/pasto-mantiene-la-esperanza\/","title":{"rendered":"Pasto mantiene la esperanza"},"content":{"rendered":"<p class=\"x_ydpdd94f14cMsoNormal\" style=\"text-align: justify;\"><span style=\"font-family: helvetica, arial, sans-serif;\"><b>Deportivo Pasto\u00a0<\/b>venci\u00f3 como visitante 0-1 al\u00a0<b>Deportes Tolima<\/b>\u00a0en la jornada 16 de la\u00a0<b>Liga BetPlay Dimayor I-2022<\/b>\u00a0y mantiene la ilusi\u00f3n de alcanzar un cupo a los cuadrangulares.<\/span><\/p>\n<p class=\"x_ydpdd94f14cMsoNormal\" style=\"text-align: justify;\"><span style=\"font-family: helvetica, arial, sans-serif;\">El gol del elenco\u00a0<b>\u2018volc\u00e1nico\u2019<\/b>\u00a0fue marcado por\u00a0<b>Duvier Riascos<\/b>\u00a0a los 74 minutos, de fuerte remate cruzado que dej\u00f3 sin opciones al capit\u00e1n\u00a0<b>Jos\u00e9 Moya<\/b>\u00a0y el portero\u00a0<b>William Cuesta.<\/b><\/span><\/p>\n<p class=\"x_ydpdd94f14cMsoNormal\" style=\"text-align: justify;\"><span style=\"font-family: helvetica, arial, sans-serif;\">El partido result\u00f3 entretenido, de ida y vuelta, aunque con muchos fallos en la definici\u00f3n por parte de ambos equipos, que desperdiciaron acciones claras de anotar.<\/span><\/p>\n<p class=\"x_ydpdd94f14cMsoNormal\" style=\"text-align: justify;\"><span style=\"font-family: helvetica, arial, sans-serif;\">Pasto, ahora con 18 puntos, ampli\u00f3 a cinco partidos su invicto en el campeonato y es su segundo triunfo consecutivo a domicilio; mientras que el\u00a0<b>\u2018pijao\u2019<\/b>, que ya est\u00e1 clasificado, perdi\u00f3 una racha de tres victorias en l\u00ednea y cuatro sin caer.<\/span><\/p>\n<p class=\"x_ydpdd94f14cMsoNormal\" style=\"text-align: justify;\"><span style=\"font-family: helvetica, arial, sans-serif;\">Tolima visitar\u00e1 a\u00a0<b>Alianza Petrolera<\/b>\u00a0la pr\u00f3xima fecha y Pasto recibir\u00e1 a<b>\u00a0Patriotas.<\/b><\/span><\/p>\n","protected":false},"excerpt":{"rendered":"<p>Deportivo Pasto\u00a0venci\u00f3 como visitante 0-1 al\u00a0Deportes Tolima\u00a0en la jornada 16 de la\u00a0Liga BetPlay Dimayor I-2022\u00a0y mantiene la ilusi\u00f3n de alcanzar un cupo a los cuadrangulares. El gol del elenco\u00a0\u2018volc\u00e1nico\u2019\u00a0fue marcado por\u00a0Duvier Riascos\u00a0a los 74 minutos, de fuerte remate cruzado que dej\u00f3 sin opciones al capit\u00e1n\u00a0Jos\u00e9 Moya\u00a0y el portero\u00a0William Cuesta. El partido result\u00f3 entretenido, de ida [&hellip;]<\/p>\n","protected":false},"author":5,"featured_media":78934,"comment_status":"open","ping_status":"open","sticky":false,"template":"","format":"standard","meta":{"_acf_changed":false,"footnotes":""},"categories":[5],"tags":[279,149,231],"class_list":{"0":"post-78929","1":"post","2":"type-post","3":"status-publish","4":"format-standard","5":"has-post-thumbnail","7":"category-destacados","8":"tag-liga","9":"tag-pasto","10":"tag-tolima"},"acf":[],"yoast_head":"<!-- This site is optimized with the Yoast SEO plugin v26.8 - https:\/\/yoast.com\/product\/yoast-seo-wordpress\/ -->\n<title>Pasto mantiene la esperanza -<\/title>\n<meta name=\"robots\" content=\"index, follow, max-snippet:-1, max-image-preview:large, max-video-preview:-1\" \/>\n<link rel=\"canonical\" href=\"https:\/\/futbolhoy.co\/index.php\/2022\/04\/16\/pasto-mantiene-la-esperanza\/\" \/>\n<meta property=\"og:locale\" content=\"es_ES\" \/>\n<meta property=\"og:type\" content=\"article\" \/>\n<meta property=\"og:title\" content=\"Pasto mantiene la esperanza -\" \/>\n<meta property=\"og:description\" content=\"Deportivo Pasto\u00a0venci\u00f3 como visitante 0-1 al\u00a0Deportes Tolima\u00a0en la jornada 16 de la\u00a0Liga BetPlay Dimayor I-2022\u00a0y mantiene la ilusi\u00f3n de alcanzar un cupo a los cuadrangulares. El gol del elenco\u00a0\u2018volc\u00e1nico\u2019\u00a0fue marcado por\u00a0Duvier Riascos\u00a0a los 74 minutos, de fuerte remate cruzado que dej\u00f3 sin opciones al capit\u00e1n\u00a0Jos\u00e9 Moya\u00a0y el portero\u00a0William Cuesta. El partido result\u00f3 entretenido, de ida [&hellip;]\" \/>\n<meta property=\"og:url\" content=\"https:\/\/futbolhoy.co\/index.php\/2022\/04\/16\/pasto-mantiene-la-esperanza\/\" \/>\n<meta property=\"article:publisher\" content=\"https:\/\/www.facebook.com\/FutbolHoyCol\/\" \/>\n<meta property=\"article:published_time\" content=\"2022-04-16T23:07:15+00:00\" \/>\n<meta property=\"article:modified_time\" content=\"2022-04-16T23:12:08+00:00\" \/>\n<meta property=\"og:image\" content=\"https:\/\/futbolhoy.co\/wp-content\/uploads\/2022\/04\/sgrurUEc.jpeg\" \/>\n\t<meta property=\"og:image:width\" content=\"2400\" \/>\n\t<meta property=\"og:image:height\" content=\"1574\" \/>\n\t<meta property=\"og:image:type\" content=\"image\/jpeg\" \/>\n<meta name=\"author\" content=\"Laura Hern\u00e1ndez\" \/>\n<meta name=\"twitter:card\" content=\"summary_large_image\" \/>\n<meta name=\"twitter:creator\" content=\"@FutbolHoyCol\" \/>\n<meta name=\"twitter:site\" content=\"@FutbolHoyCol\" \/>\n<meta name=\"twitter:label1\" content=\"Escrito por\" \/>\n\t<meta name=\"twitter:data1\" content=\"Laura Hern\u00e1ndez\" \/>\n\t<meta name=\"twitter:label2\" content=\"Tiempo de lectura\" \/>\n\t<meta name=\"twitter:data2\" content=\"1 minuto\" \/>\n<script type=\"application\/ld+json\" class=\"yoast-schema-graph\">{\"@context\":\"https:\/\/schema.org\",\"@graph\":[{\"@type\":\"Article\",\"@id\":\"https:\/\/futbolhoy.co\/index.php\/2022\/04\/16\/pasto-mantiene-la-esperanza\/#article\",\"isPartOf\":{\"@id\":\"https:\/\/futbolhoy.co\/index.php\/2022\/04\/16\/pasto-mantiene-la-esperanza\/\"},\"author\":{\"name\":\"Laura Hern\u00e1ndez\",\"@id\":\"https:\/\/futbolhoy.co\/#\/schema\/person\/c4a353a512b127643723a34bb1812f7d\"},\"headline\":\"Pasto mantiene la esperanza\",\"datePublished\":\"2022-04-16T23:07:15+00:00\",\"dateModified\":\"2022-04-16T23:12:08+00:00\",\"mainEntityOfPage\":{\"@id\":\"https:\/\/futbolhoy.co\/index.php\/2022\/04\/16\/pasto-mantiene-la-esperanza\/\"},\"wordCount\":149,\"commentCount\":0,\"publisher\":{\"@id\":\"https:\/\/futbolhoy.co\/#organization\"},\"image\":{\"@id\":\"https:\/\/futbolhoy.co\/index.php\/2022\/04\/16\/pasto-mantiene-la-esperanza\/#primaryimage\"},\"thumbnailUrl\":\"https:\/\/futbolhoy.co\/wp-content\/uploads\/2022\/04\/sgrurUEc.jpeg\",\"keywords\":[\"liga\",\"Pasto\",\"Tolima\"],\"articleSection\":[\"Destacados\"],\"inLanguage\":\"es\",\"potentialAction\":[{\"@type\":\"CommentAction\",\"name\":\"Comment\",\"target\":[\"https:\/\/futbolhoy.co\/index.php\/2022\/04\/16\/pasto-mantiene-la-esperanza\/#respond\"]}]},{\"@type\":\"WebPage\",\"@id\":\"https:\/\/futbolhoy.co\/index.php\/2022\/04\/16\/pasto-mantiene-la-esperanza\/\",\"url\":\"https:\/\/futbolhoy.co\/index.php\/2022\/04\/16\/pasto-mantiene-la-esperanza\/\",\"name\":\"Pasto mantiene la esperanza -\",\"isPartOf\":{\"@id\":\"https:\/\/futbolhoy.co\/#website\"},\"primaryImageOfPage\":{\"@id\":\"https:\/\/futbolhoy.co\/index.php\/2022\/04\/16\/pasto-mantiene-la-esperanza\/#primaryimage\"},\"image\":{\"@id\":\"https:\/\/futbolhoy.co\/index.php\/2022\/04\/16\/pasto-mantiene-la-esperanza\/#primaryimage\"},\"thumbnailUrl\":\"https:\/\/futbolhoy.co\/wp-content\/uploads\/2022\/04\/sgrurUEc.jpeg\",\"datePublished\":\"2022-04-16T23:07:15+00:00\",\"dateModified\":\"2022-04-16T23:12:08+00:00\",\"breadcrumb\":{\"@id\":\"https:\/\/futbolhoy.co\/index.php\/2022\/04\/16\/pasto-mantiene-la-esperanza\/#breadcrumb\"},\"inLanguage\":\"es\",\"potentialAction\":[{\"@type\":\"ReadAction\",\"target\":[\"https:\/\/futbolhoy.co\/index.php\/2022\/04\/16\/pasto-mantiene-la-esperanza\/\"]}]},{\"@type\":\"ImageObject\",\"inLanguage\":\"es\",\"@id\":\"https:\/\/futbolhoy.co\/index.php\/2022\/04\/16\/pasto-mantiene-la-esperanza\/#primaryimage\",\"url\":\"https:\/\/futbolhoy.co\/wp-content\/uploads\/2022\/04\/sgrurUEc.jpeg\",\"contentUrl\":\"https:\/\/futbolhoy.co\/wp-content\/uploads\/2022\/04\/sgrurUEc.jpeg\",\"width\":2400,\"height\":1574},{\"@type\":\"BreadcrumbList\",\"@id\":\"https:\/\/futbolhoy.co\/index.php\/2022\/04\/16\/pasto-mantiene-la-esperanza\/#breadcrumb\",\"itemListElement\":[{\"@type\":\"ListItem\",\"position\":1,\"name\":\"Portada\",\"item\":\"https:\/\/futbolhoy.co\/\"},{\"@type\":\"ListItem\",\"position\":2,\"name\":\"Pasto mantiene la esperanza\"}]},{\"@type\":\"WebSite\",\"@id\":\"https:\/\/futbolhoy.co\/#website\",\"url\":\"https:\/\/futbolhoy.co\/\",\"name\":\"FutbolHoy\",\"description\":\"\",\"publisher\":{\"@id\":\"https:\/\/futbolhoy.co\/#organization\"},\"potentialAction\":[{\"@type\":\"SearchAction\",\"target\":{\"@type\":\"EntryPoint\",\"urlTemplate\":\"https:\/\/futbolhoy.co\/?s={search_term_string}\"},\"query-input\":{\"@type\":\"PropertyValueSpecification\",\"valueRequired\":true,\"valueName\":\"search_term_string\"}}],\"inLanguage\":\"es\"},{\"@type\":\"Organization\",\"@id\":\"https:\/\/futbolhoy.co\/#organization\",\"name\":\"Futbolhoy.co\",\"url\":\"https:\/\/futbolhoy.co\/\",\"logo\":{\"@type\":\"ImageObject\",\"inLanguage\":\"es\",\"@id\":\"https:\/\/futbolhoy.co\/#\/schema\/logo\/image\/\",\"url\":\"https:\/\/futbolhoy.co\/wp-content\/uploads\/2018\/08\/17426380_1906371736249227_6326180412931521141_n.jpg\",\"contentUrl\":\"https:\/\/futbolhoy.co\/wp-content\/uploads\/2018\/08\/17426380_1906371736249227_6326180412931521141_n.jpg\",\"width\":960,\"height\":960,\"caption\":\"Futbolhoy.co\"},\"image\":{\"@id\":\"https:\/\/futbolhoy.co\/#\/schema\/logo\/image\/\"},\"sameAs\":[\"https:\/\/www.facebook.com\/FutbolHoyCol\/\",\"https:\/\/x.com\/FutbolHoyCol\",\"https:\/\/www.instagram.com\/futbolhoycol\/\"]},{\"@type\":\"Person\",\"@id\":\"https:\/\/futbolhoy.co\/#\/schema\/person\/c4a353a512b127643723a34bb1812f7d\",\"name\":\"Laura Hern\u00e1ndez\",\"image\":{\"@type\":\"ImageObject\",\"inLanguage\":\"es\",\"@id\":\"https:\/\/futbolhoy.co\/#\/schema\/person\/image\/\",\"url\":\"https:\/\/secure.gravatar.com\/avatar\/d25959a15b9b293a743f99181c7cfd01?s=96&d=mm&r=g\",\"contentUrl\":\"https:\/\/secure.gravatar.com\/avatar\/d25959a15b9b293a743f99181c7cfd01?s=96&d=mm&r=g\",\"caption\":\"Laura Hern\u00e1ndez\"}}]}<\/script>\n<!-- \/ Yoast SEO plugin. -->","yoast_head_json":{"title":"Pasto mantiene la esperanza -","robots":{"index":"index","follow":"follow","max-snippet":"max-snippet:-1","max-image-preview":"max-image-preview:large","max-video-preview":"max-video-preview:-1"},"canonical":"https:\/\/futbolhoy.co\/index.php\/2022\/04\/16\/pasto-mantiene-la-esperanza\/","og_locale":"es_ES","og_type":"article","og_title":"Pasto mantiene la esperanza -","og_description":"Deportivo Pasto\u00a0venci\u00f3 como visitante 0-1 al\u00a0Deportes Tolima\u00a0en la jornada 16 de la\u00a0Liga BetPlay Dimayor I-2022\u00a0y mantiene la ilusi\u00f3n de alcanzar un cupo a los cuadrangulares. El gol del elenco\u00a0\u2018volc\u00e1nico\u2019\u00a0fue marcado por\u00a0Duvier Riascos\u00a0a los 74 minutos, de fuerte remate cruzado que dej\u00f3 sin opciones al capit\u00e1n\u00a0Jos\u00e9 Moya\u00a0y el portero\u00a0William Cuesta. El partido result\u00f3 entretenido, de ida [&hellip;]","og_url":"https:\/\/futbolhoy.co\/index.php\/2022\/04\/16\/pasto-mantiene-la-esperanza\/","article_publisher":"https:\/\/www.facebook.com\/FutbolHoyCol\/","article_published_time":"2022-04-16T23:07:15+00:00","article_modified_time":"2022-04-16T23:12:08+00:00","og_image":[{"width":2400,"height":1574,"url":"https:\/\/futbolhoy.co\/wp-content\/uploads\/2022\/04\/sgrurUEc.jpeg","type":"image\/jpeg"}],"author":"Laura Hern\u00e1ndez","twitter_card":"summary_large_image","twitter_creator":"@FutbolHoyCol","twitter_site":"@FutbolHoyCol","twitter_misc":{"Escrito por":"Laura Hern\u00e1ndez","Tiempo de lectura":"1 minuto"},"schema":{"@context":"https:\/\/schema.org","@graph":[{"@type":"Article","@id":"https:\/\/futbolhoy.co\/index.php\/2022\/04\/16\/pasto-mantiene-la-esperanza\/#article","isPartOf":{"@id":"https:\/\/futbolhoy.co\/index.php\/2022\/04\/16\/pasto-mantiene-la-esperanza\/"},"author":{"name":"Laura Hern\u00e1ndez","@id":"https:\/\/futbolhoy.co\/#\/schema\/person\/c4a353a512b127643723a34bb1812f7d"},"headline":"Pasto mantiene la esperanza","datePublished":"2022-04-16T23:07:15+00:00","dateModified":"2022-04-16T23:12:08+00:00","mainEntityOfPage":{"@id":"https:\/\/futbolhoy.co\/index.php\/2022\/04\/16\/pasto-mantiene-la-esperanza\/"},"wordCount":149,"commentCount":0,"publisher":{"@id":"https:\/\/futbolhoy.co\/#organization"},"image":{"@id":"https:\/\/futbolhoy.co\/index.php\/2022\/04\/16\/pasto-mantiene-la-esperanza\/#primaryimage"},"thumbnailUrl":"https:\/\/futbolhoy.co\/wp-content\/uploads\/2022\/04\/sgrurUEc.jpeg","keywords":["liga","Pasto","Tolima"],"articleSection":["Destacados"],"inLanguage":"es","potentialAction":[{"@type":"CommentAction","name":"Comment","target":["https:\/\/futbolhoy.co\/index.php\/2022\/04\/16\/pasto-mantiene-la-esperanza\/#respond"]}]},{"@type":"WebPage","@id":"https:\/\/futbolhoy.co\/index.php\/2022\/04\/16\/pasto-mantiene-la-esperanza\/","url":"https:\/\/futbolhoy.co\/index.php\/2022\/04\/16\/pasto-mantiene-la-esperanza\/","name":"Pasto mantiene la esperanza -","isPartOf":{"@id":"https:\/\/futbolhoy.co\/#website"},"primaryImageOfPage":{"@id":"https:\/\/futbolhoy.co\/index.php\/2022\/04\/16\/pasto-mantiene-la-esperanza\/#primaryimage"},"image":{"@id":"https:\/\/futbolhoy.co\/index.php\/2022\/04\/16\/pasto-mantiene-la-esperanza\/#primaryimage"},"thumbnailUrl":"https:\/\/futbolhoy.co\/wp-content\/uploads\/2022\/04\/sgrurUEc.jpeg","datePublished":"2022-04-16T23:07:15+00:00","dateModified":"2022-04-16T23:12:08+00:00","breadcrumb":{"@id":"https:\/\/futbolhoy.co\/index.php\/2022\/04\/16\/pasto-mantiene-la-esperanza\/#breadcrumb"},"inLanguage":"es","potentialAction":[{"@type":"ReadAction","target":["https:\/\/futbolhoy.co\/index.php\/2022\/04\/16\/pasto-mantiene-la-esperanza\/"]}]},{"@type":"ImageObject","inLanguage":"es","@id":"https:\/\/futbolhoy.co\/index.php\/2022\/04\/16\/pasto-mantiene-la-esperanza\/#primaryimage","url":"https:\/\/futbolhoy.co\/wp-content\/uploads\/2022\/04\/sgrurUEc.jpeg","contentUrl":"https:\/\/futbolhoy.co\/wp-content\/uploads\/2022\/04\/sgrurUEc.jpeg","width":2400,"height":1574},{"@type":"BreadcrumbList","@id":"https:\/\/futbolhoy.co\/index.php\/2022\/04\/16\/pasto-mantiene-la-esperanza\/#breadcrumb","itemListElement":[{"@type":"ListItem","position":1,"name":"Portada","item":"https:\/\/futbolhoy.co\/"},{"@type":"ListItem","position":2,"name":"Pasto mantiene la esperanza"}]},{"@type":"WebSite","@id":"https:\/\/futbolhoy.co\/#website","url":"https:\/\/futbolhoy.co\/","name":"FutbolHoy","description":"","publisher":{"@id":"https:\/\/futbolhoy.co\/#organization"},"potentialAction":[{"@type":"SearchAction","target":{"@type":"EntryPoint","urlTemplate":"https:\/\/futbolhoy.co\/?s={search_term_string}"},"query-input":{"@type":"PropertyValueSpecification","valueRequired":true,"valueName":"search_term_string"}}],"inLanguage":"es"},{"@type":"Organization","@id":"https:\/\/futbolhoy.co\/#organization","name":"Futbolhoy.co","url":"https:\/\/futbolhoy.co\/","logo":{"@type":"ImageObject","inLanguage":"es","@id":"https:\/\/futbolhoy.co\/#\/schema\/logo\/image\/","url":"https:\/\/futbolhoy.co\/wp-content\/uploads\/2018\/08\/17426380_1906371736249227_6326180412931521141_n.jpg","contentUrl":"https:\/\/futbolhoy.co\/wp-content\/uploads\/2018\/08\/17426380_1906371736249227_6326180412931521141_n.jpg","width":960,"height":960,"caption":"Futbolhoy.co"},"image":{"@id":"https:\/\/futbolhoy.co\/#\/schema\/logo\/image\/"},"sameAs":["https:\/\/www.facebook.com\/FutbolHoyCol\/","https:\/\/x.com\/FutbolHoyCol","https:\/\/www.instagram.com\/futbolhoycol\/"]},{"@type":"Person","@id":"https:\/\/futbolhoy.co\/#\/schema\/person\/c4a353a512b127643723a34bb1812f7d","name":"Laura Hern\u00e1ndez","image":{"@type":"ImageObject","inLanguage":"es","@id":"https:\/\/futbolhoy.co\/#\/schema\/person\/image\/","url":"https:\/\/secure.gravatar.com\/avatar\/d25959a15b9b293a743f99181c7cfd01?s=96&d=mm&r=g","contentUrl":"https:\/\/secure.gravatar.com\/avatar\/d25959a15b9b293a743f99181c7cfd01?s=96&d=mm&r=g","caption":"Laura Hern\u00e1ndez"}}]}},"publishpress_future_action":{"enabled":false,"date":"2026-05-06 11:53:12","action":"change-status","newStatus":"draft","terms":[],"taxonomy":"category","extraData":[]},"publishpress_future_workflow_manual_trigger":{"enabledWorkflows":[]},"_links":{"self":[{"href":"https:\/\/futbolhoy.co\/index.php\/wp-json\/wp\/v2\/posts\/78929","targetHints":{"allow":["GET"]}}],"collection":[{"href":"https:\/\/futbolhoy.co\/index.php\/wp-json\/wp\/v2\/posts"}],"about":[{"href":"https:\/\/futbolhoy.co\/index.php\/wp-json\/wp\/v2\/types\/post"}],"author":[{"embeddable":true,"href":"https:\/\/futbolhoy.co\/index.php\/wp-json\/wp\/v2\/users\/5"}],"replies":[{"embeddable":true,"href":"https:\/\/futbolhoy.co\/index.php\/wp-json\/wp\/v2\/comments?post=78929"}],"version-history":[{"count":1,"href":"https:\/\/futbolhoy.co\/index.php\/wp-json\/wp\/v2\/posts\/78929\/revisions"}],"predecessor-version":[{"id":78931,"href":"https:\/\/futbolhoy.co\/index.php\/wp-json\/wp\/v2\/posts\/78929\/revisions\/78931"}],"wp:featuredmedia":[{"embeddable":true,"href":"https:\/\/futbolhoy.co\/index.php\/wp-json\/wp\/v2\/media\/78934"}],"wp:attachment":[{"href":"https:\/\/futbolhoy.co\/index.php\/wp-json\/wp\/v2\/media?parent=78929"}],"wp:term":[{"taxonomy":"category","embeddable":true,"href":"https:\/\/futbolhoy.co\/index.php\/wp-json\/wp\/v2\/categories?post=78929"},{"taxonomy":"post_tag","embeddable":true,"href":"https:\/\/futbolhoy.co\/index.php\/wp-json\/wp\/v2\/tags?post=78929"}],"curies":[{"name":"wp","href":"https:\/\/api.w.org\/{rel}","templated":true}]}}