{"id":78965,"date":"2022-04-17T18:31:34","date_gmt":"2022-04-17T23:31:34","guid":{"rendered":"https:\/\/futbolhoy.co\/?p=78965"},"modified":"2022-04-18T07:17:13","modified_gmt":"2022-04-18T12:17:13","slug":"pereira-volvio-a-la-victoria-y-se-acerco","status":"publish","type":"post","link":"https:\/\/futbolhoy.co\/index.php\/2022\/04\/17\/pereira-volvio-a-la-victoria-y-se-acerco\/","title":{"rendered":"Pereira volvi\u00f3 a la victoria y se acerc\u00f3"},"content":{"rendered":"<p class=\"ydp6c610bb6MsoNormal\" style=\"text-align: justify;\"><span style=\"font-family: helvetica, arial, sans-serif;\"><b><span lang=\"ES-MX\">Deportivo Pereira<\/span><\/b><span lang=\"ES-MX\"> venci\u00f3 <span dir=\"ltr\">1-0 a<\/span> <b>Millonarios<\/b> en la fecha 16 de la <b>Liga BetPlay Dimayor I-2022<\/b> y cort\u00f3 una racha de 4 partidos sin ganar, acerc\u00e1ndose al grupo de los ocho.<\/span><\/span><\/p>\n<p class=\"ydp6c610bb6MsoNormal\" style=\"text-align: justify;\"><span lang=\"ES-MX\" style=\"font-family: helvetica, arial, sans-serif;\">Por los <b>\u2018mateca\u00f1as\u2019<\/b> convirti\u00f3 un golazo el volante<b>Santiago Montoya<\/b> a los 80 minutos, en brillante jugada individual y excelente remate que dej\u00f3 sin opciones al portero <b>\u00c1lvaro Montero<\/b>.<\/span><\/p>\n<p class=\"ydp6c610bb6MsoNormal\" style=\"text-align: justify;\"><span lang=\"ES-MX\" style=\"font-family: helvetica, arial, sans-serif;\">El partido tuvo pocas emociones en los arcos y permiti\u00f3 a los locales sumar 19 puntos en la tabla de posiciones, sin resignar sus opciones de alcanzar una casilla a los cuadrangulares.<\/span><\/p>\n<p class=\"ydp6c610bb6MsoNormal\" style=\"text-align: justify;\"><span style=\"font-family: helvetica, arial, sans-serif;\"><b><span lang=\"ES-MX\">\u2018El embajador\u2019<\/span><\/b><span lang=\"ES-MX\">, ya clasificado, dej\u00f3 escapar la oportunidad de ser l\u00edder solitario del torneo.<\/span><\/span><\/p>\n<p class=\"ydp6c610bb6MsoNormal\" style=\"text-align: justify;\"><span lang=\"ES-MX\" style=\"font-family: helvetica, arial, sans-serif;\">Pereira visitar\u00e1 <span dir=\"ltr\">el domingo 24 de abril<\/span> al <b>Envigado<\/b>, en inusual horario, <span dir=\"ltr\">a las 11AM<\/span>, en el marco de la fecha 17; mientras que Millonarios disputar\u00e1 el mismo d\u00eda el cl\u00e1sico capitalino contra <b>Independiente Santa Fe<\/b>.<\/span><\/p>\n","protected":false},"excerpt":{"rendered":"<p>Deportivo Pereira venci\u00f3 1-0 a Millonarios en la fecha 16 de la Liga BetPlay Dimayor I-2022 y cort\u00f3 una racha de 4 partidos sin ganar, acerc\u00e1ndose al grupo de los ocho. Por los \u2018mateca\u00f1as\u2019 convirti\u00f3 un golazo el volanteSantiago Montoya a los 80 minutos, en brillante jugada individual y excelente remate que dej\u00f3 sin opciones [&hellip;]<\/p>\n","protected":false},"author":5,"featured_media":78966,"comment_status":"open","ping_status":"open","sticky":false,"template":"","format":"standard","meta":{"_acf_changed":false,"footnotes":""},"categories":[7],"tags":[],"class_list":{"0":"post-78965","1":"post","2":"type-post","3":"status-publish","4":"format-standard","5":"has-post-thumbnail","7":"category-liga-betplay"},"acf":[],"yoast_head":"<!-- This site is optimized with the Yoast SEO plugin v26.8 - https:\/\/yoast.com\/product\/yoast-seo-wordpress\/ -->\n<title>Pereira volvi\u00f3 a la victoria y se acerc\u00f3 -<\/title>\n<meta name=\"robots\" content=\"index, follow, max-snippet:-1, max-image-preview:large, max-video-preview:-1\" \/>\n<link rel=\"canonical\" href=\"https:\/\/futbolhoy.co\/index.php\/2022\/04\/17\/pereira-volvio-a-la-victoria-y-se-acerco\/\" \/>\n<meta property=\"og:locale\" content=\"es_ES\" \/>\n<meta property=\"og:type\" content=\"article\" \/>\n<meta property=\"og:title\" content=\"Pereira volvi\u00f3 a la victoria y se acerc\u00f3 -\" \/>\n<meta property=\"og:description\" content=\"Deportivo Pereira venci\u00f3 1-0 a Millonarios en la fecha 16 de la Liga BetPlay Dimayor I-2022 y cort\u00f3 una racha de 4 partidos sin ganar, acerc\u00e1ndose al grupo de los ocho. Por los \u2018mateca\u00f1as\u2019 convirti\u00f3 un golazo el volanteSantiago Montoya a los 80 minutos, en brillante jugada individual y excelente remate que dej\u00f3 sin opciones [&hellip;]\" \/>\n<meta property=\"og:url\" content=\"https:\/\/futbolhoy.co\/index.php\/2022\/04\/17\/pereira-volvio-a-la-victoria-y-se-acerco\/\" \/>\n<meta property=\"article:publisher\" content=\"https:\/\/www.facebook.com\/FutbolHoyCol\/\" \/>\n<meta property=\"article:published_time\" content=\"2022-04-17T23:31:34+00:00\" \/>\n<meta property=\"article:modified_time\" content=\"2022-04-18T12:17:13+00:00\" \/>\n<meta property=\"og:image\" content=\"https:\/\/futbolhoy.co\/wp-content\/uploads\/2022\/04\/B3306E83-05F2-4817-B490-6280580F7721.jpeg\" \/>\n\t<meta property=\"og:image:width\" content=\"1440\" \/>\n\t<meta property=\"og:image:height\" content=\"979\" \/>\n\t<meta property=\"og:image:type\" content=\"image\/jpeg\" \/>\n<meta name=\"author\" content=\"Laura Hern\u00e1ndez\" \/>\n<meta name=\"twitter:card\" content=\"summary_large_image\" \/>\n<meta name=\"twitter:creator\" content=\"@FutbolHoyCol\" \/>\n<meta name=\"twitter:site\" content=\"@FutbolHoyCol\" \/>\n<meta name=\"twitter:label1\" content=\"Escrito por\" \/>\n\t<meta name=\"twitter:data1\" content=\"Laura Hern\u00e1ndez\" \/>\n\t<meta name=\"twitter:label2\" content=\"Tiempo de lectura\" \/>\n\t<meta name=\"twitter:data2\" content=\"1 minuto\" \/>\n<script type=\"application\/ld+json\" class=\"yoast-schema-graph\">{\"@context\":\"https:\/\/schema.org\",\"@graph\":[{\"@type\":\"Article\",\"@id\":\"https:\/\/futbolhoy.co\/index.php\/2022\/04\/17\/pereira-volvio-a-la-victoria-y-se-acerco\/#article\",\"isPartOf\":{\"@id\":\"https:\/\/futbolhoy.co\/index.php\/2022\/04\/17\/pereira-volvio-a-la-victoria-y-se-acerco\/\"},\"author\":{\"name\":\"Laura Hern\u00e1ndez\",\"@id\":\"https:\/\/futbolhoy.co\/#\/schema\/person\/c4a353a512b127643723a34bb1812f7d\"},\"headline\":\"Pereira volvi\u00f3 a la victoria y se acerc\u00f3\",\"datePublished\":\"2022-04-17T23:31:34+00:00\",\"dateModified\":\"2022-04-18T12:17:13+00:00\",\"mainEntityOfPage\":{\"@id\":\"https:\/\/futbolhoy.co\/index.php\/2022\/04\/17\/pereira-volvio-a-la-victoria-y-se-acerco\/\"},\"wordCount\":148,\"commentCount\":0,\"publisher\":{\"@id\":\"https:\/\/futbolhoy.co\/#organization\"},\"image\":{\"@id\":\"https:\/\/futbolhoy.co\/index.php\/2022\/04\/17\/pereira-volvio-a-la-victoria-y-se-acerco\/#primaryimage\"},\"thumbnailUrl\":\"https:\/\/futbolhoy.co\/wp-content\/uploads\/2022\/04\/B3306E83-05F2-4817-B490-6280580F7721.jpeg\",\"articleSection\":[\"Liga BetPlay\"],\"inLanguage\":\"es\",\"potentialAction\":[{\"@type\":\"CommentAction\",\"name\":\"Comment\",\"target\":[\"https:\/\/futbolhoy.co\/index.php\/2022\/04\/17\/pereira-volvio-a-la-victoria-y-se-acerco\/#respond\"]}]},{\"@type\":\"WebPage\",\"@id\":\"https:\/\/futbolhoy.co\/index.php\/2022\/04\/17\/pereira-volvio-a-la-victoria-y-se-acerco\/\",\"url\":\"https:\/\/futbolhoy.co\/index.php\/2022\/04\/17\/pereira-volvio-a-la-victoria-y-se-acerco\/\",\"name\":\"Pereira volvi\u00f3 a la victoria y se acerc\u00f3 -\",\"isPartOf\":{\"@id\":\"https:\/\/futbolhoy.co\/#website\"},\"primaryImageOfPage\":{\"@id\":\"https:\/\/futbolhoy.co\/index.php\/2022\/04\/17\/pereira-volvio-a-la-victoria-y-se-acerco\/#primaryimage\"},\"image\":{\"@id\":\"https:\/\/futbolhoy.co\/index.php\/2022\/04\/17\/pereira-volvio-a-la-victoria-y-se-acerco\/#primaryimage\"},\"thumbnailUrl\":\"https:\/\/futbolhoy.co\/wp-content\/uploads\/2022\/04\/B3306E83-05F2-4817-B490-6280580F7721.jpeg\",\"datePublished\":\"2022-04-17T23:31:34+00:00\",\"dateModified\":\"2022-04-18T12:17:13+00:00\",\"breadcrumb\":{\"@id\":\"https:\/\/futbolhoy.co\/index.php\/2022\/04\/17\/pereira-volvio-a-la-victoria-y-se-acerco\/#breadcrumb\"},\"inLanguage\":\"es\",\"potentialAction\":[{\"@type\":\"ReadAction\",\"target\":[\"https:\/\/futbolhoy.co\/index.php\/2022\/04\/17\/pereira-volvio-a-la-victoria-y-se-acerco\/\"]}]},{\"@type\":\"ImageObject\",\"inLanguage\":\"es\",\"@id\":\"https:\/\/futbolhoy.co\/index.php\/2022\/04\/17\/pereira-volvio-a-la-victoria-y-se-acerco\/#primaryimage\",\"url\":\"https:\/\/futbolhoy.co\/wp-content\/uploads\/2022\/04\/B3306E83-05F2-4817-B490-6280580F7721.jpeg\",\"contentUrl\":\"https:\/\/futbolhoy.co\/wp-content\/uploads\/2022\/04\/B3306E83-05F2-4817-B490-6280580F7721.jpeg\",\"width\":1440,\"height\":979},{\"@type\":\"BreadcrumbList\",\"@id\":\"https:\/\/futbolhoy.co\/index.php\/2022\/04\/17\/pereira-volvio-a-la-victoria-y-se-acerco\/#breadcrumb\",\"itemListElement\":[{\"@type\":\"ListItem\",\"position\":1,\"name\":\"Portada\",\"item\":\"https:\/\/futbolhoy.co\/\"},{\"@type\":\"ListItem\",\"position\":2,\"name\":\"Pereira volvi\u00f3 a la victoria y se acerc\u00f3\"}]},{\"@type\":\"WebSite\",\"@id\":\"https:\/\/futbolhoy.co\/#website\",\"url\":\"https:\/\/futbolhoy.co\/\",\"name\":\"FutbolHoy\",\"description\":\"\",\"publisher\":{\"@id\":\"https:\/\/futbolhoy.co\/#organization\"},\"potentialAction\":[{\"@type\":\"SearchAction\",\"target\":{\"@type\":\"EntryPoint\",\"urlTemplate\":\"https:\/\/futbolhoy.co\/?s={search_term_string}\"},\"query-input\":{\"@type\":\"PropertyValueSpecification\",\"valueRequired\":true,\"valueName\":\"search_term_string\"}}],\"inLanguage\":\"es\"},{\"@type\":\"Organization\",\"@id\":\"https:\/\/futbolhoy.co\/#organization\",\"name\":\"Futbolhoy.co\",\"url\":\"https:\/\/futbolhoy.co\/\",\"logo\":{\"@type\":\"ImageObject\",\"inLanguage\":\"es\",\"@id\":\"https:\/\/futbolhoy.co\/#\/schema\/logo\/image\/\",\"url\":\"https:\/\/futbolhoy.co\/wp-content\/uploads\/2018\/08\/17426380_1906371736249227_6326180412931521141_n.jpg\",\"contentUrl\":\"https:\/\/futbolhoy.co\/wp-content\/uploads\/2018\/08\/17426380_1906371736249227_6326180412931521141_n.jpg\",\"width\":960,\"height\":960,\"caption\":\"Futbolhoy.co\"},\"image\":{\"@id\":\"https:\/\/futbolhoy.co\/#\/schema\/logo\/image\/\"},\"sameAs\":[\"https:\/\/www.facebook.com\/FutbolHoyCol\/\",\"https:\/\/x.com\/FutbolHoyCol\",\"https:\/\/www.instagram.com\/futbolhoycol\/\"]},{\"@type\":\"Person\",\"@id\":\"https:\/\/futbolhoy.co\/#\/schema\/person\/c4a353a512b127643723a34bb1812f7d\",\"name\":\"Laura Hern\u00e1ndez\",\"image\":{\"@type\":\"ImageObject\",\"inLanguage\":\"es\",\"@id\":\"https:\/\/futbolhoy.co\/#\/schema\/person\/image\/\",\"url\":\"https:\/\/secure.gravatar.com\/avatar\/d25959a15b9b293a743f99181c7cfd01?s=96&d=mm&r=g\",\"contentUrl\":\"https:\/\/secure.gravatar.com\/avatar\/d25959a15b9b293a743f99181c7cfd01?s=96&d=mm&r=g\",\"caption\":\"Laura Hern\u00e1ndez\"}}]}<\/script>\n<!-- \/ Yoast SEO plugin. -->","yoast_head_json":{"title":"Pereira volvi\u00f3 a la victoria y se acerc\u00f3 -","robots":{"index":"index","follow":"follow","max-snippet":"max-snippet:-1","max-image-preview":"max-image-preview:large","max-video-preview":"max-video-preview:-1"},"canonical":"https:\/\/futbolhoy.co\/index.php\/2022\/04\/17\/pereira-volvio-a-la-victoria-y-se-acerco\/","og_locale":"es_ES","og_type":"article","og_title":"Pereira volvi\u00f3 a la victoria y se acerc\u00f3 -","og_description":"Deportivo Pereira venci\u00f3 1-0 a Millonarios en la fecha 16 de la Liga BetPlay Dimayor I-2022 y cort\u00f3 una racha de 4 partidos sin ganar, acerc\u00e1ndose al grupo de los ocho. Por los \u2018mateca\u00f1as\u2019 convirti\u00f3 un golazo el volanteSantiago Montoya a los 80 minutos, en brillante jugada individual y excelente remate que dej\u00f3 sin opciones [&hellip;]","og_url":"https:\/\/futbolhoy.co\/index.php\/2022\/04\/17\/pereira-volvio-a-la-victoria-y-se-acerco\/","article_publisher":"https:\/\/www.facebook.com\/FutbolHoyCol\/","article_published_time":"2022-04-17T23:31:34+00:00","article_modified_time":"2022-04-18T12:17:13+00:00","og_image":[{"width":1440,"height":979,"url":"https:\/\/futbolhoy.co\/wp-content\/uploads\/2022\/04\/B3306E83-05F2-4817-B490-6280580F7721.jpeg","type":"image\/jpeg"}],"author":"Laura Hern\u00e1ndez","twitter_card":"summary_large_image","twitter_creator":"@FutbolHoyCol","twitter_site":"@FutbolHoyCol","twitter_misc":{"Escrito por":"Laura Hern\u00e1ndez","Tiempo de lectura":"1 minuto"},"schema":{"@context":"https:\/\/schema.org","@graph":[{"@type":"Article","@id":"https:\/\/futbolhoy.co\/index.php\/2022\/04\/17\/pereira-volvio-a-la-victoria-y-se-acerco\/#article","isPartOf":{"@id":"https:\/\/futbolhoy.co\/index.php\/2022\/04\/17\/pereira-volvio-a-la-victoria-y-se-acerco\/"},"author":{"name":"Laura Hern\u00e1ndez","@id":"https:\/\/futbolhoy.co\/#\/schema\/person\/c4a353a512b127643723a34bb1812f7d"},"headline":"Pereira volvi\u00f3 a la victoria y se acerc\u00f3","datePublished":"2022-04-17T23:31:34+00:00","dateModified":"2022-04-18T12:17:13+00:00","mainEntityOfPage":{"@id":"https:\/\/futbolhoy.co\/index.php\/2022\/04\/17\/pereira-volvio-a-la-victoria-y-se-acerco\/"},"wordCount":148,"commentCount":0,"publisher":{"@id":"https:\/\/futbolhoy.co\/#organization"},"image":{"@id":"https:\/\/futbolhoy.co\/index.php\/2022\/04\/17\/pereira-volvio-a-la-victoria-y-se-acerco\/#primaryimage"},"thumbnailUrl":"https:\/\/futbolhoy.co\/wp-content\/uploads\/2022\/04\/B3306E83-05F2-4817-B490-6280580F7721.jpeg","articleSection":["Liga BetPlay"],"inLanguage":"es","potentialAction":[{"@type":"CommentAction","name":"Comment","target":["https:\/\/futbolhoy.co\/index.php\/2022\/04\/17\/pereira-volvio-a-la-victoria-y-se-acerco\/#respond"]}]},{"@type":"WebPage","@id":"https:\/\/futbolhoy.co\/index.php\/2022\/04\/17\/pereira-volvio-a-la-victoria-y-se-acerco\/","url":"https:\/\/futbolhoy.co\/index.php\/2022\/04\/17\/pereira-volvio-a-la-victoria-y-se-acerco\/","name":"Pereira volvi\u00f3 a la victoria y se acerc\u00f3 -","isPartOf":{"@id":"https:\/\/futbolhoy.co\/#website"},"primaryImageOfPage":{"@id":"https:\/\/futbolhoy.co\/index.php\/2022\/04\/17\/pereira-volvio-a-la-victoria-y-se-acerco\/#primaryimage"},"image":{"@id":"https:\/\/futbolhoy.co\/index.php\/2022\/04\/17\/pereira-volvio-a-la-victoria-y-se-acerco\/#primaryimage"},"thumbnailUrl":"https:\/\/futbolhoy.co\/wp-content\/uploads\/2022\/04\/B3306E83-05F2-4817-B490-6280580F7721.jpeg","datePublished":"2022-04-17T23:31:34+00:00","dateModified":"2022-04-18T12:17:13+00:00","breadcrumb":{"@id":"https:\/\/futbolhoy.co\/index.php\/2022\/04\/17\/pereira-volvio-a-la-victoria-y-se-acerco\/#breadcrumb"},"inLanguage":"es","potentialAction":[{"@type":"ReadAction","target":["https:\/\/futbolhoy.co\/index.php\/2022\/04\/17\/pereira-volvio-a-la-victoria-y-se-acerco\/"]}]},{"@type":"ImageObject","inLanguage":"es","@id":"https:\/\/futbolhoy.co\/index.php\/2022\/04\/17\/pereira-volvio-a-la-victoria-y-se-acerco\/#primaryimage","url":"https:\/\/futbolhoy.co\/wp-content\/uploads\/2022\/04\/B3306E83-05F2-4817-B490-6280580F7721.jpeg","contentUrl":"https:\/\/futbolhoy.co\/wp-content\/uploads\/2022\/04\/B3306E83-05F2-4817-B490-6280580F7721.jpeg","width":1440,"height":979},{"@type":"BreadcrumbList","@id":"https:\/\/futbolhoy.co\/index.php\/2022\/04\/17\/pereira-volvio-a-la-victoria-y-se-acerco\/#breadcrumb","itemListElement":[{"@type":"ListItem","position":1,"name":"Portada","item":"https:\/\/futbolhoy.co\/"},{"@type":"ListItem","position":2,"name":"Pereira volvi\u00f3 a la victoria y se acerc\u00f3"}]},{"@type":"WebSite","@id":"https:\/\/futbolhoy.co\/#website","url":"https:\/\/futbolhoy.co\/","name":"FutbolHoy","description":"","publisher":{"@id":"https:\/\/futbolhoy.co\/#organization"},"potentialAction":[{"@type":"SearchAction","target":{"@type":"EntryPoint","urlTemplate":"https:\/\/futbolhoy.co\/?s={search_term_string}"},"query-input":{"@type":"PropertyValueSpecification","valueRequired":true,"valueName":"search_term_string"}}],"inLanguage":"es"},{"@type":"Organization","@id":"https:\/\/futbolhoy.co\/#organization","name":"Futbolhoy.co","url":"https:\/\/futbolhoy.co\/","logo":{"@type":"ImageObject","inLanguage":"es","@id":"https:\/\/futbolhoy.co\/#\/schema\/logo\/image\/","url":"https:\/\/futbolhoy.co\/wp-content\/uploads\/2018\/08\/17426380_1906371736249227_6326180412931521141_n.jpg","contentUrl":"https:\/\/futbolhoy.co\/wp-content\/uploads\/2018\/08\/17426380_1906371736249227_6326180412931521141_n.jpg","width":960,"height":960,"caption":"Futbolhoy.co"},"image":{"@id":"https:\/\/futbolhoy.co\/#\/schema\/logo\/image\/"},"sameAs":["https:\/\/www.facebook.com\/FutbolHoyCol\/","https:\/\/x.com\/FutbolHoyCol","https:\/\/www.instagram.com\/futbolhoycol\/"]},{"@type":"Person","@id":"https:\/\/futbolhoy.co\/#\/schema\/person\/c4a353a512b127643723a34bb1812f7d","name":"Laura Hern\u00e1ndez","image":{"@type":"ImageObject","inLanguage":"es","@id":"https:\/\/futbolhoy.co\/#\/schema\/person\/image\/","url":"https:\/\/secure.gravatar.com\/avatar\/d25959a15b9b293a743f99181c7cfd01?s=96&d=mm&r=g","contentUrl":"https:\/\/secure.gravatar.com\/avatar\/d25959a15b9b293a743f99181c7cfd01?s=96&d=mm&r=g","caption":"Laura Hern\u00e1ndez"}}]}},"publishpress_future_action":{"enabled":false,"date":"2026-05-06 11:04:22","action":"change-status","newStatus":"draft","terms":[],"taxonomy":"category","extraData":[]},"publishpress_future_workflow_manual_trigger":{"enabledWorkflows":[]},"_links":{"self":[{"href":"https:\/\/futbolhoy.co\/index.php\/wp-json\/wp\/v2\/posts\/78965","targetHints":{"allow":["GET"]}}],"collection":[{"href":"https:\/\/futbolhoy.co\/index.php\/wp-json\/wp\/v2\/posts"}],"about":[{"href":"https:\/\/futbolhoy.co\/index.php\/wp-json\/wp\/v2\/types\/post"}],"author":[{"embeddable":true,"href":"https:\/\/futbolhoy.co\/index.php\/wp-json\/wp\/v2\/users\/5"}],"replies":[{"embeddable":true,"href":"https:\/\/futbolhoy.co\/index.php\/wp-json\/wp\/v2\/comments?post=78965"}],"version-history":[{"count":1,"href":"https:\/\/futbolhoy.co\/index.php\/wp-json\/wp\/v2\/posts\/78965\/revisions"}],"predecessor-version":[{"id":78967,"href":"https:\/\/futbolhoy.co\/index.php\/wp-json\/wp\/v2\/posts\/78965\/revisions\/78967"}],"wp:featuredmedia":[{"embeddable":true,"href":"https:\/\/futbolhoy.co\/index.php\/wp-json\/wp\/v2\/media\/78966"}],"wp:attachment":[{"href":"https:\/\/futbolhoy.co\/index.php\/wp-json\/wp\/v2\/media?parent=78965"}],"wp:term":[{"taxonomy":"category","embeddable":true,"href":"https:\/\/futbolhoy.co\/index.php\/wp-json\/wp\/v2\/categories?post=78965"},{"taxonomy":"post_tag","embeddable":true,"href":"https:\/\/futbolhoy.co\/index.php\/wp-json\/wp\/v2\/tags?post=78965"}],"curies":[{"name":"wp","href":"https:\/\/api.w.org\/{rel}","templated":true}]}}