{"id":79009,"date":"2022-04-18T12:56:58","date_gmt":"2022-04-18T17:56:58","guid":{"rendered":"https:\/\/futbolhoy.co\/?p=79009"},"modified":"2022-04-18T20:27:15","modified_gmt":"2022-04-19T01:27:15","slug":"concluyo-el-ciclo-de-reinaldo-rueda","status":"publish","type":"post","link":"https:\/\/futbolhoy.co\/index.php\/2022\/04\/18\/concluyo-el-ciclo-de-reinaldo-rueda\/","title":{"rendered":"Concluy\u00f3 el ciclo de Reinaldo Rueda"},"content":{"rendered":"<p style=\"text-align: justify;\"><span style=\"font-family: helvetica, arial, sans-serif;\">La<strong> Federaci\u00f3n Colombiana de F\u00fatbol<\/strong> confirm\u00f3 el final de la relaci\u00f3n contractual con el t\u00e9cnico Reinaldo Rueda, luego de fracasar en su intento de clasificar al <strong>Mundial Qatar 2022<\/strong>.<\/span><\/p>\n<p style=\"text-align: justify;\"><span style=\"font-family: helvetica, arial, sans-serif;\">\u201cEl Comit\u00e9 Ejecutivo de la <strong>Federaci\u00f3n Colombiana<\/strong>\u00a0<strong>de F\u00fatbol<\/strong> en su reuni\u00f3n ordinaria llevada a cabo el d\u00eda de hoy, acord\u00f3 con el profesor <strong>Reinaldo<\/strong> <strong>Rueda<\/strong>, su desvinculaci\u00f3n al cargo de director t\u00e9cnico de la Selecci\u00f3n Colombia Masculina de Mayores, al igual que su cuerpo t\u00e9cnico\u201d, anunci\u00f3 la rectora nacional en una nota de prensa.<\/span><\/p>\n<p style=\"text-align: justify;\"><span style=\"font-family: helvetica, arial, sans-serif;\">\u201cEl Comit\u00e9 analizar\u00e1 y evaluar\u00e1 las opciones existentes o que llegaren a existir, con el fin de determinar qui\u00e9n debe asumir la direcci\u00f3n t\u00e9cnica de nuestra Selecci\u00f3n Colombia Masculina en el futuro pr\u00f3ximo\u201d, agreg\u00f3 la nota.<\/span><\/p>\n<p style=\"text-align: justify;\"><span style=\"font-family: helvetica, arial, sans-serif;\"><strong>Rueda<\/strong> en su segundo ciclo con la selecci\u00f3n, dirigi\u00f3 22 partidos, con 7 victorias, 10 empates y 5 derrotas, para un 46.97 % de rendimiento.<\/span><\/p>\n<p><img fetchpriority=\"high\" decoding=\"async\" class=\"alignnone size-full wp-image-79010\" src=\"https:\/\/futbolhoy.co\/wp-content\/uploads\/2022\/04\/FQpQm3qXwAIl0Ly.jpg\" alt=\"\" width=\"468\" height=\"900\" srcset=\"https:\/\/futbolhoy.co\/wp-content\/uploads\/2022\/04\/FQpQm3qXwAIl0Ly.jpg 468w, https:\/\/futbolhoy.co\/wp-content\/uploads\/2022\/04\/FQpQm3qXwAIl0Ly-156x300.jpg 156w, https:\/\/futbolhoy.co\/wp-content\/uploads\/2022\/04\/FQpQm3qXwAIl0Ly-218x420.jpg 218w, https:\/\/futbolhoy.co\/wp-content\/uploads\/2022\/04\/FQpQm3qXwAIl0Ly-67x128.jpg 67w, https:\/\/futbolhoy.co\/wp-content\/uploads\/2022\/04\/FQpQm3qXwAIl0Ly-17x32.jpg 17w\" sizes=\"(max-width: 468px) 100vw, 468px\" \/><\/p>\n","protected":false},"excerpt":{"rendered":"<p>La Federaci\u00f3n Colombiana de F\u00fatbol confirm\u00f3 el final de la relaci\u00f3n contractual con el t\u00e9cnico Reinaldo Rueda, luego de fracasar en su intento de clasificar al Mundial Qatar 2022. \u201cEl Comit\u00e9 Ejecutivo de la Federaci\u00f3n Colombiana\u00a0de F\u00fatbol en su reuni\u00f3n ordinaria llevada a cabo el d\u00eda de hoy, acord\u00f3 con el profesor Reinaldo Rueda, su [&hellip;]<\/p>\n","protected":false},"author":5,"featured_media":79011,"comment_status":"open","ping_status":"open","sticky":false,"template":"","format":"standard","meta":{"_acf_changed":false,"footnotes":""},"categories":[418],"tags":[],"class_list":{"0":"post-79009","1":"post","2":"type-post","3":"status-publish","4":"format-standard","5":"has-post-thumbnail","7":"category-colombia"},"acf":[],"yoast_head":"<!-- This site is optimized with the Yoast SEO plugin v26.8 - https:\/\/yoast.com\/product\/yoast-seo-wordpress\/ -->\n<title>Concluy\u00f3 el ciclo de Reinaldo Rueda -<\/title>\n<meta name=\"description\" content=\"Colombia Concluy\u00f3 el ciclo de Reinaldo Rueda Colombia\" \/>\n<meta name=\"robots\" content=\"index, follow, max-snippet:-1, max-image-preview:large, max-video-preview:-1\" \/>\n<link rel=\"canonical\" href=\"https:\/\/futbolhoy.co\/index.php\/2022\/04\/18\/concluyo-el-ciclo-de-reinaldo-rueda\/\" \/>\n<meta property=\"og:locale\" content=\"es_ES\" \/>\n<meta property=\"og:type\" content=\"article\" \/>\n<meta property=\"og:title\" content=\"Concluy\u00f3 el ciclo de Reinaldo Rueda -\" \/>\n<meta property=\"og:description\" content=\"Colombia Concluy\u00f3 el ciclo de Reinaldo Rueda Colombia\" \/>\n<meta property=\"og:url\" content=\"https:\/\/futbolhoy.co\/index.php\/2022\/04\/18\/concluyo-el-ciclo-de-reinaldo-rueda\/\" \/>\n<meta property=\"article:publisher\" content=\"https:\/\/www.facebook.com\/FutbolHoyCol\/\" \/>\n<meta property=\"article:published_time\" content=\"2022-04-18T17:56:58+00:00\" \/>\n<meta property=\"article:modified_time\" content=\"2022-04-19T01:27:15+00:00\" \/>\n<meta property=\"og:image\" content=\"https:\/\/futbolhoy.co\/wp-content\/uploads\/2022\/04\/FQpQarlXIAcIqrd.jpg\" \/>\n\t<meta property=\"og:image:width\" content=\"1980\" \/>\n\t<meta property=\"og:image:height\" content=\"1114\" \/>\n\t<meta property=\"og:image:type\" content=\"image\/jpeg\" \/>\n<meta name=\"author\" content=\"Laura Hern\u00e1ndez\" \/>\n<meta name=\"twitter:card\" content=\"summary_large_image\" \/>\n<meta name=\"twitter:creator\" content=\"@FutbolHoyCol\" \/>\n<meta name=\"twitter:site\" content=\"@FutbolHoyCol\" \/>\n<meta name=\"twitter:label1\" content=\"Escrito por\" \/>\n\t<meta name=\"twitter:data1\" content=\"Laura Hern\u00e1ndez\" \/>\n\t<meta name=\"twitter:label2\" content=\"Tiempo de lectura\" \/>\n\t<meta name=\"twitter:data2\" content=\"1 minuto\" \/>\n<script type=\"application\/ld+json\" class=\"yoast-schema-graph\">{\"@context\":\"https:\/\/schema.org\",\"@graph\":[{\"@type\":\"Article\",\"@id\":\"https:\/\/futbolhoy.co\/index.php\/2022\/04\/18\/concluyo-el-ciclo-de-reinaldo-rueda\/#article\",\"isPartOf\":{\"@id\":\"https:\/\/futbolhoy.co\/index.php\/2022\/04\/18\/concluyo-el-ciclo-de-reinaldo-rueda\/\"},\"author\":{\"name\":\"Laura Hern\u00e1ndez\",\"@id\":\"https:\/\/futbolhoy.co\/#\/schema\/person\/c4a353a512b127643723a34bb1812f7d\"},\"headline\":\"Concluy\u00f3 el ciclo de Reinaldo Rueda\",\"datePublished\":\"2022-04-18T17:56:58+00:00\",\"dateModified\":\"2022-04-19T01:27:15+00:00\",\"mainEntityOfPage\":{\"@id\":\"https:\/\/futbolhoy.co\/index.php\/2022\/04\/18\/concluyo-el-ciclo-de-reinaldo-rueda\/\"},\"wordCount\":162,\"commentCount\":0,\"publisher\":{\"@id\":\"https:\/\/futbolhoy.co\/#organization\"},\"image\":{\"@id\":\"https:\/\/futbolhoy.co\/index.php\/2022\/04\/18\/concluyo-el-ciclo-de-reinaldo-rueda\/#primaryimage\"},\"thumbnailUrl\":\"https:\/\/futbolhoy.co\/wp-content\/uploads\/2022\/04\/FQpQarlXIAcIqrd.jpg\",\"articleSection\":[\"Colombia\"],\"inLanguage\":\"es\",\"potentialAction\":[{\"@type\":\"CommentAction\",\"name\":\"Comment\",\"target\":[\"https:\/\/futbolhoy.co\/index.php\/2022\/04\/18\/concluyo-el-ciclo-de-reinaldo-rueda\/#respond\"]}]},{\"@type\":\"WebPage\",\"@id\":\"https:\/\/futbolhoy.co\/index.php\/2022\/04\/18\/concluyo-el-ciclo-de-reinaldo-rueda\/\",\"url\":\"https:\/\/futbolhoy.co\/index.php\/2022\/04\/18\/concluyo-el-ciclo-de-reinaldo-rueda\/\",\"name\":\"Concluy\u00f3 el ciclo de Reinaldo Rueda -\",\"isPartOf\":{\"@id\":\"https:\/\/futbolhoy.co\/#website\"},\"primaryImageOfPage\":{\"@id\":\"https:\/\/futbolhoy.co\/index.php\/2022\/04\/18\/concluyo-el-ciclo-de-reinaldo-rueda\/#primaryimage\"},\"image\":{\"@id\":\"https:\/\/futbolhoy.co\/index.php\/2022\/04\/18\/concluyo-el-ciclo-de-reinaldo-rueda\/#primaryimage\"},\"thumbnailUrl\":\"https:\/\/futbolhoy.co\/wp-content\/uploads\/2022\/04\/FQpQarlXIAcIqrd.jpg\",\"datePublished\":\"2022-04-18T17:56:58+00:00\",\"dateModified\":\"2022-04-19T01:27:15+00:00\",\"description\":\"Colombia Concluy\u00f3 el ciclo de Reinaldo Rueda Colombia\",\"breadcrumb\":{\"@id\":\"https:\/\/futbolhoy.co\/index.php\/2022\/04\/18\/concluyo-el-ciclo-de-reinaldo-rueda\/#breadcrumb\"},\"inLanguage\":\"es\",\"potentialAction\":[{\"@type\":\"ReadAction\",\"target\":[\"https:\/\/futbolhoy.co\/index.php\/2022\/04\/18\/concluyo-el-ciclo-de-reinaldo-rueda\/\"]}]},{\"@type\":\"ImageObject\",\"inLanguage\":\"es\",\"@id\":\"https:\/\/futbolhoy.co\/index.php\/2022\/04\/18\/concluyo-el-ciclo-de-reinaldo-rueda\/#primaryimage\",\"url\":\"https:\/\/futbolhoy.co\/wp-content\/uploads\/2022\/04\/FQpQarlXIAcIqrd.jpg\",\"contentUrl\":\"https:\/\/futbolhoy.co\/wp-content\/uploads\/2022\/04\/FQpQarlXIAcIqrd.jpg\",\"width\":1980,\"height\":1114},{\"@type\":\"BreadcrumbList\",\"@id\":\"https:\/\/futbolhoy.co\/index.php\/2022\/04\/18\/concluyo-el-ciclo-de-reinaldo-rueda\/#breadcrumb\",\"itemListElement\":[{\"@type\":\"ListItem\",\"position\":1,\"name\":\"Portada\",\"item\":\"https:\/\/futbolhoy.co\/\"},{\"@type\":\"ListItem\",\"position\":2,\"name\":\"Concluy\u00f3 el ciclo de Reinaldo Rueda\"}]},{\"@type\":\"WebSite\",\"@id\":\"https:\/\/futbolhoy.co\/#website\",\"url\":\"https:\/\/futbolhoy.co\/\",\"name\":\"FutbolHoy\",\"description\":\"\",\"publisher\":{\"@id\":\"https:\/\/futbolhoy.co\/#organization\"},\"potentialAction\":[{\"@type\":\"SearchAction\",\"target\":{\"@type\":\"EntryPoint\",\"urlTemplate\":\"https:\/\/futbolhoy.co\/?s={search_term_string}\"},\"query-input\":{\"@type\":\"PropertyValueSpecification\",\"valueRequired\":true,\"valueName\":\"search_term_string\"}}],\"inLanguage\":\"es\"},{\"@type\":\"Organization\",\"@id\":\"https:\/\/futbolhoy.co\/#organization\",\"name\":\"Futbolhoy.co\",\"url\":\"https:\/\/futbolhoy.co\/\",\"logo\":{\"@type\":\"ImageObject\",\"inLanguage\":\"es\",\"@id\":\"https:\/\/futbolhoy.co\/#\/schema\/logo\/image\/\",\"url\":\"https:\/\/futbolhoy.co\/wp-content\/uploads\/2018\/08\/17426380_1906371736249227_6326180412931521141_n.jpg\",\"contentUrl\":\"https:\/\/futbolhoy.co\/wp-content\/uploads\/2018\/08\/17426380_1906371736249227_6326180412931521141_n.jpg\",\"width\":960,\"height\":960,\"caption\":\"Futbolhoy.co\"},\"image\":{\"@id\":\"https:\/\/futbolhoy.co\/#\/schema\/logo\/image\/\"},\"sameAs\":[\"https:\/\/www.facebook.com\/FutbolHoyCol\/\",\"https:\/\/x.com\/FutbolHoyCol\",\"https:\/\/www.instagram.com\/futbolhoycol\/\"]},{\"@type\":\"Person\",\"@id\":\"https:\/\/futbolhoy.co\/#\/schema\/person\/c4a353a512b127643723a34bb1812f7d\",\"name\":\"Laura Hern\u00e1ndez\",\"image\":{\"@type\":\"ImageObject\",\"inLanguage\":\"es\",\"@id\":\"https:\/\/futbolhoy.co\/#\/schema\/person\/image\/\",\"url\":\"https:\/\/secure.gravatar.com\/avatar\/d25959a15b9b293a743f99181c7cfd01?s=96&d=mm&r=g\",\"contentUrl\":\"https:\/\/secure.gravatar.com\/avatar\/d25959a15b9b293a743f99181c7cfd01?s=96&d=mm&r=g\",\"caption\":\"Laura Hern\u00e1ndez\"}}]}<\/script>\n<!-- \/ Yoast SEO plugin. -->","yoast_head_json":{"title":"Concluy\u00f3 el ciclo de Reinaldo Rueda -","description":"Colombia Concluy\u00f3 el ciclo de Reinaldo Rueda Colombia","robots":{"index":"index","follow":"follow","max-snippet":"max-snippet:-1","max-image-preview":"max-image-preview:large","max-video-preview":"max-video-preview:-1"},"canonical":"https:\/\/futbolhoy.co\/index.php\/2022\/04\/18\/concluyo-el-ciclo-de-reinaldo-rueda\/","og_locale":"es_ES","og_type":"article","og_title":"Concluy\u00f3 el ciclo de Reinaldo Rueda -","og_description":"Colombia Concluy\u00f3 el ciclo de Reinaldo Rueda Colombia","og_url":"https:\/\/futbolhoy.co\/index.php\/2022\/04\/18\/concluyo-el-ciclo-de-reinaldo-rueda\/","article_publisher":"https:\/\/www.facebook.com\/FutbolHoyCol\/","article_published_time":"2022-04-18T17:56:58+00:00","article_modified_time":"2022-04-19T01:27:15+00:00","og_image":[{"width":1980,"height":1114,"url":"https:\/\/futbolhoy.co\/wp-content\/uploads\/2022\/04\/FQpQarlXIAcIqrd.jpg","type":"image\/jpeg"}],"author":"Laura Hern\u00e1ndez","twitter_card":"summary_large_image","twitter_creator":"@FutbolHoyCol","twitter_site":"@FutbolHoyCol","twitter_misc":{"Escrito por":"Laura Hern\u00e1ndez","Tiempo de lectura":"1 minuto"},"schema":{"@context":"https:\/\/schema.org","@graph":[{"@type":"Article","@id":"https:\/\/futbolhoy.co\/index.php\/2022\/04\/18\/concluyo-el-ciclo-de-reinaldo-rueda\/#article","isPartOf":{"@id":"https:\/\/futbolhoy.co\/index.php\/2022\/04\/18\/concluyo-el-ciclo-de-reinaldo-rueda\/"},"author":{"name":"Laura Hern\u00e1ndez","@id":"https:\/\/futbolhoy.co\/#\/schema\/person\/c4a353a512b127643723a34bb1812f7d"},"headline":"Concluy\u00f3 el ciclo de Reinaldo Rueda","datePublished":"2022-04-18T17:56:58+00:00","dateModified":"2022-04-19T01:27:15+00:00","mainEntityOfPage":{"@id":"https:\/\/futbolhoy.co\/index.php\/2022\/04\/18\/concluyo-el-ciclo-de-reinaldo-rueda\/"},"wordCount":162,"commentCount":0,"publisher":{"@id":"https:\/\/futbolhoy.co\/#organization"},"image":{"@id":"https:\/\/futbolhoy.co\/index.php\/2022\/04\/18\/concluyo-el-ciclo-de-reinaldo-rueda\/#primaryimage"},"thumbnailUrl":"https:\/\/futbolhoy.co\/wp-content\/uploads\/2022\/04\/FQpQarlXIAcIqrd.jpg","articleSection":["Colombia"],"inLanguage":"es","potentialAction":[{"@type":"CommentAction","name":"Comment","target":["https:\/\/futbolhoy.co\/index.php\/2022\/04\/18\/concluyo-el-ciclo-de-reinaldo-rueda\/#respond"]}]},{"@type":"WebPage","@id":"https:\/\/futbolhoy.co\/index.php\/2022\/04\/18\/concluyo-el-ciclo-de-reinaldo-rueda\/","url":"https:\/\/futbolhoy.co\/index.php\/2022\/04\/18\/concluyo-el-ciclo-de-reinaldo-rueda\/","name":"Concluy\u00f3 el ciclo de Reinaldo Rueda -","isPartOf":{"@id":"https:\/\/futbolhoy.co\/#website"},"primaryImageOfPage":{"@id":"https:\/\/futbolhoy.co\/index.php\/2022\/04\/18\/concluyo-el-ciclo-de-reinaldo-rueda\/#primaryimage"},"image":{"@id":"https:\/\/futbolhoy.co\/index.php\/2022\/04\/18\/concluyo-el-ciclo-de-reinaldo-rueda\/#primaryimage"},"thumbnailUrl":"https:\/\/futbolhoy.co\/wp-content\/uploads\/2022\/04\/FQpQarlXIAcIqrd.jpg","datePublished":"2022-04-18T17:56:58+00:00","dateModified":"2022-04-19T01:27:15+00:00","description":"Colombia Concluy\u00f3 el ciclo de Reinaldo Rueda Colombia","breadcrumb":{"@id":"https:\/\/futbolhoy.co\/index.php\/2022\/04\/18\/concluyo-el-ciclo-de-reinaldo-rueda\/#breadcrumb"},"inLanguage":"es","potentialAction":[{"@type":"ReadAction","target":["https:\/\/futbolhoy.co\/index.php\/2022\/04\/18\/concluyo-el-ciclo-de-reinaldo-rueda\/"]}]},{"@type":"ImageObject","inLanguage":"es","@id":"https:\/\/futbolhoy.co\/index.php\/2022\/04\/18\/concluyo-el-ciclo-de-reinaldo-rueda\/#primaryimage","url":"https:\/\/futbolhoy.co\/wp-content\/uploads\/2022\/04\/FQpQarlXIAcIqrd.jpg","contentUrl":"https:\/\/futbolhoy.co\/wp-content\/uploads\/2022\/04\/FQpQarlXIAcIqrd.jpg","width":1980,"height":1114},{"@type":"BreadcrumbList","@id":"https:\/\/futbolhoy.co\/index.php\/2022\/04\/18\/concluyo-el-ciclo-de-reinaldo-rueda\/#breadcrumb","itemListElement":[{"@type":"ListItem","position":1,"name":"Portada","item":"https:\/\/futbolhoy.co\/"},{"@type":"ListItem","position":2,"name":"Concluy\u00f3 el ciclo de Reinaldo Rueda"}]},{"@type":"WebSite","@id":"https:\/\/futbolhoy.co\/#website","url":"https:\/\/futbolhoy.co\/","name":"FutbolHoy","description":"","publisher":{"@id":"https:\/\/futbolhoy.co\/#organization"},"potentialAction":[{"@type":"SearchAction","target":{"@type":"EntryPoint","urlTemplate":"https:\/\/futbolhoy.co\/?s={search_term_string}"},"query-input":{"@type":"PropertyValueSpecification","valueRequired":true,"valueName":"search_term_string"}}],"inLanguage":"es"},{"@type":"Organization","@id":"https:\/\/futbolhoy.co\/#organization","name":"Futbolhoy.co","url":"https:\/\/futbolhoy.co\/","logo":{"@type":"ImageObject","inLanguage":"es","@id":"https:\/\/futbolhoy.co\/#\/schema\/logo\/image\/","url":"https:\/\/futbolhoy.co\/wp-content\/uploads\/2018\/08\/17426380_1906371736249227_6326180412931521141_n.jpg","contentUrl":"https:\/\/futbolhoy.co\/wp-content\/uploads\/2018\/08\/17426380_1906371736249227_6326180412931521141_n.jpg","width":960,"height":960,"caption":"Futbolhoy.co"},"image":{"@id":"https:\/\/futbolhoy.co\/#\/schema\/logo\/image\/"},"sameAs":["https:\/\/www.facebook.com\/FutbolHoyCol\/","https:\/\/x.com\/FutbolHoyCol","https:\/\/www.instagram.com\/futbolhoycol\/"]},{"@type":"Person","@id":"https:\/\/futbolhoy.co\/#\/schema\/person\/c4a353a512b127643723a34bb1812f7d","name":"Laura Hern\u00e1ndez","image":{"@type":"ImageObject","inLanguage":"es","@id":"https:\/\/futbolhoy.co\/#\/schema\/person\/image\/","url":"https:\/\/secure.gravatar.com\/avatar\/d25959a15b9b293a743f99181c7cfd01?s=96&d=mm&r=g","contentUrl":"https:\/\/secure.gravatar.com\/avatar\/d25959a15b9b293a743f99181c7cfd01?s=96&d=mm&r=g","caption":"Laura Hern\u00e1ndez"}}]}},"publishpress_future_action":{"enabled":false,"date":"2026-05-04 07:03:28","action":"change-status","newStatus":"draft","terms":[],"taxonomy":"category","extraData":[]},"publishpress_future_workflow_manual_trigger":{"enabledWorkflows":[]},"_links":{"self":[{"href":"https:\/\/futbolhoy.co\/index.php\/wp-json\/wp\/v2\/posts\/79009","targetHints":{"allow":["GET"]}}],"collection":[{"href":"https:\/\/futbolhoy.co\/index.php\/wp-json\/wp\/v2\/posts"}],"about":[{"href":"https:\/\/futbolhoy.co\/index.php\/wp-json\/wp\/v2\/types\/post"}],"author":[{"embeddable":true,"href":"https:\/\/futbolhoy.co\/index.php\/wp-json\/wp\/v2\/users\/5"}],"replies":[{"embeddable":true,"href":"https:\/\/futbolhoy.co\/index.php\/wp-json\/wp\/v2\/comments?post=79009"}],"version-history":[{"count":2,"href":"https:\/\/futbolhoy.co\/index.php\/wp-json\/wp\/v2\/posts\/79009\/revisions"}],"predecessor-version":[{"id":79013,"href":"https:\/\/futbolhoy.co\/index.php\/wp-json\/wp\/v2\/posts\/79009\/revisions\/79013"}],"wp:featuredmedia":[{"embeddable":true,"href":"https:\/\/futbolhoy.co\/index.php\/wp-json\/wp\/v2\/media\/79011"}],"wp:attachment":[{"href":"https:\/\/futbolhoy.co\/index.php\/wp-json\/wp\/v2\/media?parent=79009"}],"wp:term":[{"taxonomy":"category","embeddable":true,"href":"https:\/\/futbolhoy.co\/index.php\/wp-json\/wp\/v2\/categories?post=79009"},{"taxonomy":"post_tag","embeddable":true,"href":"https:\/\/futbolhoy.co\/index.php\/wp-json\/wp\/v2\/tags?post=79009"}],"curies":[{"name":"wp","href":"https:\/\/api.w.org\/{rel}","templated":true}]}}