{"id":79036,"date":"2022-04-19T15:19:48","date_gmt":"2022-04-19T20:19:48","guid":{"rendered":"https:\/\/futbolhoy.co\/?p=79036"},"modified":"2022-04-20T09:49:12","modified_gmt":"2022-04-20T14:49:12","slug":"jesurun-descarto-a-gareca-y-alfaro-para-colombia","status":"publish","type":"post","link":"https:\/\/futbolhoy.co\/index.php\/2022\/04\/19\/jesurun-descarto-a-gareca-y-alfaro-para-colombia\/","title":{"rendered":"Jesur\u00fan descart\u00f3 a Gareca y Alfaro para Colombia"},"content":{"rendered":"<!--[if lt IE 9]><script>document.createElement('audio');<\/script><![endif]-->\n<audio class=\"wp-audio-shortcode\" id=\"audio-79036-1\" preload=\"none\" style=\"width: 100%;\" controls=\"controls\"><source type=\"audio\/mpeg\" src=\"https:\/\/futbolhoy.co\/wp-content\/uploads\/2022\/04\/Ramon-Jesurun2022-04-19.mp3?_=1\" \/><a href=\"https:\/\/futbolhoy.co\/wp-content\/uploads\/2022\/04\/Ramon-Jesurun2022-04-19.mp3\">https:\/\/futbolhoy.co\/wp-content\/uploads\/2022\/04\/Ramon-Jesurun2022-04-19.mp3<\/a><\/audio>\n<p>(Ram\u00f3n Jesur\u00fan, presidente de la Federaci\u00f3n Colombiana de F\u00fatbol, en di\u00e1logo con Caracol Radio)<\/p>\n<p style=\"text-align: justify;\"><span style=\"font-family: helvetica, arial, sans-serif;\">El presidente de la <strong>Federaci\u00f3n Colombiana de F\u00fatbol, Ram\u00f3n Jesur\u00fan,<\/strong> asegur\u00f3 que los argentinos <strong>Ricardo Gareca<\/strong> y <strong>Gustavo Alfaro<\/strong> no est\u00e1n en los planes de la entidad para ocupar el lugar de seleccionador nacional ante la salida de <strong>Reinaldo Rueda.<\/strong><\/span><\/p>\n<p style=\"text-align: justify;\"><span style=\"font-family: helvetica, arial, sans-serif;\">\"Nosotros no tenemos nombres, pero en el caso de Alfaro si quiero ser muy claro, eso es totalmente falso. El se\u00f1or Alfaro tiene un contrato, lo mismo el profesor Gareca, con federaciones, en este caso <strong>Per\u00fa<\/strong> y <strong>Ecuador,<\/strong> ese rumor de prensa es totalmente falso\", declar\u00f3 el dirigente en <strong>Caracol Radio.<\/strong><\/span><\/p>\n<p style=\"text-align: justify;\"><span style=\"font-family: helvetica, arial, sans-serif;\">\"No hay nombres todav\u00eda, ni siquiera hay candidatos, aunque hay 30 mil llamadas de empresarios que tienen al t\u00e9cnico ideal para nosotros, seg\u00fan ellos. No menciono al profesor<strong> Marcelo Bielsa<\/strong> porque no est\u00e1 vinculado a ninguna Selecci\u00f3n. Yo solo quiero aclarar que lo del profesor Alfaro y el profesor Gareca, que s\u00ed est\u00e1n vinculados hoy a una Federaci\u00f3n, que est\u00e1n en competencia, que van a estar en el Mundial, ojal\u00e1 Per\u00fa tambi\u00e9n est\u00e9 en competencia, eso no tiene ning\u00fan sentido y lo rechazo, no tiene ning\u00fan fundamento\", agreg\u00f3 Jesur\u00fan.<\/span><\/p>\n<p style=\"text-align: justify;\"><span style=\"font-family: helvetica, arial, sans-serif;\">Respecto al tiempo que se tomar\u00e1 la entidad para designar el nuevo t\u00e9cnico, Jesur\u00fan coment\u00f3: \"no lo podemos saber, la idea es lo m\u00e1s pronto posible, ese pronto posible tambi\u00e9n nos tiene que permitir hacerlo con calma\".<\/span><\/p>\n<p style=\"text-align: justify;\"><span style=\"font-family: helvetica, arial, sans-serif;\">\"Tenemos que estar muy pendientes en el momento de tomar una decisi\u00f3n que sea la m\u00e1s acertada, cualquiera que sea el nombre seguramente despertar\u00e1 pol\u00e9mica, porque el f\u00fatbol es as\u00ed, pero lo que estamos intentando a partir de hoy. Estaremos en la b\u00fasqueda de esa persona que nosotros consideremos que es la ideal, para este momento y este proceso, en los pr\u00f3ximos cuatro a\u00f1os que se nos vienen\", agreg\u00f3 al respecto.<\/span><\/p>\n<p style=\"text-align: justify;\"><span style=\"font-family: helvetica, arial, sans-serif;\">Jesur\u00fan asegur\u00f3 que como directivo \u00e9l y el comit\u00e9 ejecutivo de la entidad cumplieron sus funciones log\u00edsticas y que responsabilizarlos como principales culpables por la eliminaci\u00f3n es un \"contrasentido\".<\/span><\/p>\n<p style=\"text-align: justify;\"><span style=\"font-family: helvetica, arial, sans-serif;\">\"Siempre los culpables cuando no hay resultados competitivos son los directivos, yo reiteraba ahorita que nosotros le entregamos todo lo que pod\u00edamos darles\", coment\u00f3 al ser interrogado por si continuar\u00e1 al frente de la rectora del f\u00fatbol colombiano.<\/span><\/p>\n","protected":false},"excerpt":{"rendered":"<p>(Ram\u00f3n Jesur\u00fan, presidente de la Federaci\u00f3n Colombiana de F\u00fatbol, en di\u00e1logo con Caracol Radio) El presidente de la Federaci\u00f3n Colombiana de F\u00fatbol, Ram\u00f3n Jesur\u00fan, asegur\u00f3 que los argentinos Ricardo Gareca y Gustavo Alfaro no est\u00e1n en los planes de la entidad para ocupar el lugar de seleccionador nacional ante la salida de Reinaldo Rueda. \"Nosotros [&hellip;]<\/p>\n","protected":false},"author":5,"featured_media":2080,"comment_status":"open","ping_status":"open","sticky":false,"template":"","format":"video","meta":{"_acf_changed":false,"footnotes":""},"categories":[418],"tags":[2315,214,2210,1032],"class_list":{"0":"post-79036","1":"post","2":"type-post","3":"status-publish","4":"format-video","5":"has-post-thumbnail","7":"category-colombia","8":"tag-alfaro","9":"tag-colombia","10":"tag-gareca","11":"tag-jesurun","12":"post_format-post-format-video"},"acf":[],"yoast_head":"<!-- This site is optimized with the Yoast SEO plugin v26.8 - https:\/\/yoast.com\/product\/yoast-seo-wordpress\/ -->\n<title>Jesur\u00fan descart\u00f3 a Gareca y Alfaro para Colombia -<\/title>\n<meta name=\"robots\" content=\"index, follow, max-snippet:-1, max-image-preview:large, max-video-preview:-1\" \/>\n<link rel=\"canonical\" href=\"https:\/\/futbolhoy.co\/index.php\/2022\/04\/19\/jesurun-descarto-a-gareca-y-alfaro-para-colombia\/\" \/>\n<meta property=\"og:locale\" content=\"es_ES\" \/>\n<meta property=\"og:type\" content=\"article\" \/>\n<meta property=\"og:title\" content=\"Jesur\u00fan descart\u00f3 a Gareca y Alfaro para Colombia -\" \/>\n<meta property=\"og:description\" content=\"(Ram\u00f3n Jesur\u00fan, presidente de la Federaci\u00f3n Colombiana de F\u00fatbol, en di\u00e1logo con Caracol Radio) El presidente de la Federaci\u00f3n Colombiana de F\u00fatbol, Ram\u00f3n Jesur\u00fan, asegur\u00f3 que los argentinos Ricardo Gareca y Gustavo Alfaro no est\u00e1n en los planes de la entidad para ocupar el lugar de seleccionador nacional ante la salida de Reinaldo Rueda. &quot;Nosotros [&hellip;]\" \/>\n<meta property=\"og:url\" content=\"https:\/\/futbolhoy.co\/index.php\/2022\/04\/19\/jesurun-descarto-a-gareca-y-alfaro-para-colombia\/\" \/>\n<meta property=\"article:publisher\" content=\"https:\/\/www.facebook.com\/FutbolHoyCol\/\" \/>\n<meta property=\"article:published_time\" content=\"2022-04-19T20:19:48+00:00\" \/>\n<meta property=\"article:modified_time\" content=\"2022-04-20T14:49:12+00:00\" \/>\n<meta property=\"og:image\" content=\"https:\/\/futbolhoy.co\/wp-content\/uploads\/2016\/10\/jesurum.jpg\" \/>\n\t<meta property=\"og:image:width\" content=\"670\" \/>\n\t<meta property=\"og:image:height\" content=\"380\" \/>\n\t<meta property=\"og:image:type\" content=\"image\/jpeg\" \/>\n<meta name=\"author\" content=\"Laura Hern\u00e1ndez\" \/>\n<meta name=\"twitter:card\" content=\"summary_large_image\" \/>\n<meta name=\"twitter:creator\" content=\"@FutbolHoyCol\" \/>\n<meta name=\"twitter:site\" content=\"@FutbolHoyCol\" \/>\n<meta name=\"twitter:label1\" content=\"Escrito por\" \/>\n\t<meta name=\"twitter:data1\" content=\"Laura Hern\u00e1ndez\" \/>\n\t<meta name=\"twitter:label2\" content=\"Tiempo de lectura\" \/>\n\t<meta name=\"twitter:data2\" content=\"2 minutos\" \/>\n<script type=\"application\/ld+json\" class=\"yoast-schema-graph\">{\"@context\":\"https:\/\/schema.org\",\"@graph\":[{\"@type\":\"Article\",\"@id\":\"https:\/\/futbolhoy.co\/index.php\/2022\/04\/19\/jesurun-descarto-a-gareca-y-alfaro-para-colombia\/#article\",\"isPartOf\":{\"@id\":\"https:\/\/futbolhoy.co\/index.php\/2022\/04\/19\/jesurun-descarto-a-gareca-y-alfaro-para-colombia\/\"},\"author\":{\"name\":\"Laura Hern\u00e1ndez\",\"@id\":\"https:\/\/futbolhoy.co\/#\/schema\/person\/c4a353a512b127643723a34bb1812f7d\"},\"headline\":\"Jesur\u00fan descart\u00f3 a Gareca y Alfaro para Colombia\",\"datePublished\":\"2022-04-19T20:19:48+00:00\",\"dateModified\":\"2022-04-20T14:49:12+00:00\",\"mainEntityOfPage\":{\"@id\":\"https:\/\/futbolhoy.co\/index.php\/2022\/04\/19\/jesurun-descarto-a-gareca-y-alfaro-para-colombia\/\"},\"wordCount\":427,\"commentCount\":0,\"publisher\":{\"@id\":\"https:\/\/futbolhoy.co\/#organization\"},\"image\":{\"@id\":\"https:\/\/futbolhoy.co\/index.php\/2022\/04\/19\/jesurun-descarto-a-gareca-y-alfaro-para-colombia\/#primaryimage\"},\"thumbnailUrl\":\"https:\/\/futbolhoy.co\/wp-content\/uploads\/2016\/10\/jesurum.jpg\",\"keywords\":[\"Alfaro\",\"Colombia\",\"Gareca\",\"Jesurun\"],\"articleSection\":[\"Colombia\"],\"inLanguage\":\"es\",\"potentialAction\":[{\"@type\":\"CommentAction\",\"name\":\"Comment\",\"target\":[\"https:\/\/futbolhoy.co\/index.php\/2022\/04\/19\/jesurun-descarto-a-gareca-y-alfaro-para-colombia\/#respond\"]}]},{\"@type\":\"WebPage\",\"@id\":\"https:\/\/futbolhoy.co\/index.php\/2022\/04\/19\/jesurun-descarto-a-gareca-y-alfaro-para-colombia\/\",\"url\":\"https:\/\/futbolhoy.co\/index.php\/2022\/04\/19\/jesurun-descarto-a-gareca-y-alfaro-para-colombia\/\",\"name\":\"Jesur\u00fan descart\u00f3 a Gareca y Alfaro para Colombia -\",\"isPartOf\":{\"@id\":\"https:\/\/futbolhoy.co\/#website\"},\"primaryImageOfPage\":{\"@id\":\"https:\/\/futbolhoy.co\/index.php\/2022\/04\/19\/jesurun-descarto-a-gareca-y-alfaro-para-colombia\/#primaryimage\"},\"image\":{\"@id\":\"https:\/\/futbolhoy.co\/index.php\/2022\/04\/19\/jesurun-descarto-a-gareca-y-alfaro-para-colombia\/#primaryimage\"},\"thumbnailUrl\":\"https:\/\/futbolhoy.co\/wp-content\/uploads\/2016\/10\/jesurum.jpg\",\"datePublished\":\"2022-04-19T20:19:48+00:00\",\"dateModified\":\"2022-04-20T14:49:12+00:00\",\"breadcrumb\":{\"@id\":\"https:\/\/futbolhoy.co\/index.php\/2022\/04\/19\/jesurun-descarto-a-gareca-y-alfaro-para-colombia\/#breadcrumb\"},\"inLanguage\":\"es\",\"potentialAction\":[{\"@type\":\"ReadAction\",\"target\":[\"https:\/\/futbolhoy.co\/index.php\/2022\/04\/19\/jesurun-descarto-a-gareca-y-alfaro-para-colombia\/\"]}]},{\"@type\":\"ImageObject\",\"inLanguage\":\"es\",\"@id\":\"https:\/\/futbolhoy.co\/index.php\/2022\/04\/19\/jesurun-descarto-a-gareca-y-alfaro-para-colombia\/#primaryimage\",\"url\":\"https:\/\/futbolhoy.co\/wp-content\/uploads\/2016\/10\/jesurum.jpg\",\"contentUrl\":\"https:\/\/futbolhoy.co\/wp-content\/uploads\/2016\/10\/jesurum.jpg\",\"width\":670,\"height\":380,\"caption\":\"jesurum.jpg\"},{\"@type\":\"BreadcrumbList\",\"@id\":\"https:\/\/futbolhoy.co\/index.php\/2022\/04\/19\/jesurun-descarto-a-gareca-y-alfaro-para-colombia\/#breadcrumb\",\"itemListElement\":[{\"@type\":\"ListItem\",\"position\":1,\"name\":\"Portada\",\"item\":\"https:\/\/futbolhoy.co\/\"},{\"@type\":\"ListItem\",\"position\":2,\"name\":\"Jesur\u00fan descart\u00f3 a Gareca y Alfaro para Colombia\"}]},{\"@type\":\"WebSite\",\"@id\":\"https:\/\/futbolhoy.co\/#website\",\"url\":\"https:\/\/futbolhoy.co\/\",\"name\":\"FutbolHoy\",\"description\":\"\",\"publisher\":{\"@id\":\"https:\/\/futbolhoy.co\/#organization\"},\"potentialAction\":[{\"@type\":\"SearchAction\",\"target\":{\"@type\":\"EntryPoint\",\"urlTemplate\":\"https:\/\/futbolhoy.co\/?s={search_term_string}\"},\"query-input\":{\"@type\":\"PropertyValueSpecification\",\"valueRequired\":true,\"valueName\":\"search_term_string\"}}],\"inLanguage\":\"es\"},{\"@type\":\"Organization\",\"@id\":\"https:\/\/futbolhoy.co\/#organization\",\"name\":\"Futbolhoy.co\",\"url\":\"https:\/\/futbolhoy.co\/\",\"logo\":{\"@type\":\"ImageObject\",\"inLanguage\":\"es\",\"@id\":\"https:\/\/futbolhoy.co\/#\/schema\/logo\/image\/\",\"url\":\"https:\/\/futbolhoy.co\/wp-content\/uploads\/2018\/08\/17426380_1906371736249227_6326180412931521141_n.jpg\",\"contentUrl\":\"https:\/\/futbolhoy.co\/wp-content\/uploads\/2018\/08\/17426380_1906371736249227_6326180412931521141_n.jpg\",\"width\":960,\"height\":960,\"caption\":\"Futbolhoy.co\"},\"image\":{\"@id\":\"https:\/\/futbolhoy.co\/#\/schema\/logo\/image\/\"},\"sameAs\":[\"https:\/\/www.facebook.com\/FutbolHoyCol\/\",\"https:\/\/x.com\/FutbolHoyCol\",\"https:\/\/www.instagram.com\/futbolhoycol\/\"]},{\"@type\":\"Person\",\"@id\":\"https:\/\/futbolhoy.co\/#\/schema\/person\/c4a353a512b127643723a34bb1812f7d\",\"name\":\"Laura Hern\u00e1ndez\",\"image\":{\"@type\":\"ImageObject\",\"inLanguage\":\"es\",\"@id\":\"https:\/\/futbolhoy.co\/#\/schema\/person\/image\/\",\"url\":\"https:\/\/secure.gravatar.com\/avatar\/d25959a15b9b293a743f99181c7cfd01?s=96&d=mm&r=g\",\"contentUrl\":\"https:\/\/secure.gravatar.com\/avatar\/d25959a15b9b293a743f99181c7cfd01?s=96&d=mm&r=g\",\"caption\":\"Laura Hern\u00e1ndez\"}}]}<\/script>\n<!-- \/ Yoast SEO plugin. -->","yoast_head_json":{"title":"Jesur\u00fan descart\u00f3 a Gareca y Alfaro para Colombia -","robots":{"index":"index","follow":"follow","max-snippet":"max-snippet:-1","max-image-preview":"max-image-preview:large","max-video-preview":"max-video-preview:-1"},"canonical":"https:\/\/futbolhoy.co\/index.php\/2022\/04\/19\/jesurun-descarto-a-gareca-y-alfaro-para-colombia\/","og_locale":"es_ES","og_type":"article","og_title":"Jesur\u00fan descart\u00f3 a Gareca y Alfaro para Colombia -","og_description":"(Ram\u00f3n Jesur\u00fan, presidente de la Federaci\u00f3n Colombiana de F\u00fatbol, en di\u00e1logo con Caracol Radio) El presidente de la Federaci\u00f3n Colombiana de F\u00fatbol, Ram\u00f3n Jesur\u00fan, asegur\u00f3 que los argentinos Ricardo Gareca y Gustavo Alfaro no est\u00e1n en los planes de la entidad para ocupar el lugar de seleccionador nacional ante la salida de Reinaldo Rueda. \"Nosotros [&hellip;]","og_url":"https:\/\/futbolhoy.co\/index.php\/2022\/04\/19\/jesurun-descarto-a-gareca-y-alfaro-para-colombia\/","article_publisher":"https:\/\/www.facebook.com\/FutbolHoyCol\/","article_published_time":"2022-04-19T20:19:48+00:00","article_modified_time":"2022-04-20T14:49:12+00:00","og_image":[{"width":670,"height":380,"url":"https:\/\/futbolhoy.co\/wp-content\/uploads\/2016\/10\/jesurum.jpg","type":"image\/jpeg"}],"author":"Laura Hern\u00e1ndez","twitter_card":"summary_large_image","twitter_creator":"@FutbolHoyCol","twitter_site":"@FutbolHoyCol","twitter_misc":{"Escrito por":"Laura Hern\u00e1ndez","Tiempo de lectura":"2 minutos"},"schema":{"@context":"https:\/\/schema.org","@graph":[{"@type":"Article","@id":"https:\/\/futbolhoy.co\/index.php\/2022\/04\/19\/jesurun-descarto-a-gareca-y-alfaro-para-colombia\/#article","isPartOf":{"@id":"https:\/\/futbolhoy.co\/index.php\/2022\/04\/19\/jesurun-descarto-a-gareca-y-alfaro-para-colombia\/"},"author":{"name":"Laura Hern\u00e1ndez","@id":"https:\/\/futbolhoy.co\/#\/schema\/person\/c4a353a512b127643723a34bb1812f7d"},"headline":"Jesur\u00fan descart\u00f3 a Gareca y Alfaro para Colombia","datePublished":"2022-04-19T20:19:48+00:00","dateModified":"2022-04-20T14:49:12+00:00","mainEntityOfPage":{"@id":"https:\/\/futbolhoy.co\/index.php\/2022\/04\/19\/jesurun-descarto-a-gareca-y-alfaro-para-colombia\/"},"wordCount":427,"commentCount":0,"publisher":{"@id":"https:\/\/futbolhoy.co\/#organization"},"image":{"@id":"https:\/\/futbolhoy.co\/index.php\/2022\/04\/19\/jesurun-descarto-a-gareca-y-alfaro-para-colombia\/#primaryimage"},"thumbnailUrl":"https:\/\/futbolhoy.co\/wp-content\/uploads\/2016\/10\/jesurum.jpg","keywords":["Alfaro","Colombia","Gareca","Jesurun"],"articleSection":["Colombia"],"inLanguage":"es","potentialAction":[{"@type":"CommentAction","name":"Comment","target":["https:\/\/futbolhoy.co\/index.php\/2022\/04\/19\/jesurun-descarto-a-gareca-y-alfaro-para-colombia\/#respond"]}]},{"@type":"WebPage","@id":"https:\/\/futbolhoy.co\/index.php\/2022\/04\/19\/jesurun-descarto-a-gareca-y-alfaro-para-colombia\/","url":"https:\/\/futbolhoy.co\/index.php\/2022\/04\/19\/jesurun-descarto-a-gareca-y-alfaro-para-colombia\/","name":"Jesur\u00fan descart\u00f3 a Gareca y Alfaro para Colombia -","isPartOf":{"@id":"https:\/\/futbolhoy.co\/#website"},"primaryImageOfPage":{"@id":"https:\/\/futbolhoy.co\/index.php\/2022\/04\/19\/jesurun-descarto-a-gareca-y-alfaro-para-colombia\/#primaryimage"},"image":{"@id":"https:\/\/futbolhoy.co\/index.php\/2022\/04\/19\/jesurun-descarto-a-gareca-y-alfaro-para-colombia\/#primaryimage"},"thumbnailUrl":"https:\/\/futbolhoy.co\/wp-content\/uploads\/2016\/10\/jesurum.jpg","datePublished":"2022-04-19T20:19:48+00:00","dateModified":"2022-04-20T14:49:12+00:00","breadcrumb":{"@id":"https:\/\/futbolhoy.co\/index.php\/2022\/04\/19\/jesurun-descarto-a-gareca-y-alfaro-para-colombia\/#breadcrumb"},"inLanguage":"es","potentialAction":[{"@type":"ReadAction","target":["https:\/\/futbolhoy.co\/index.php\/2022\/04\/19\/jesurun-descarto-a-gareca-y-alfaro-para-colombia\/"]}]},{"@type":"ImageObject","inLanguage":"es","@id":"https:\/\/futbolhoy.co\/index.php\/2022\/04\/19\/jesurun-descarto-a-gareca-y-alfaro-para-colombia\/#primaryimage","url":"https:\/\/futbolhoy.co\/wp-content\/uploads\/2016\/10\/jesurum.jpg","contentUrl":"https:\/\/futbolhoy.co\/wp-content\/uploads\/2016\/10\/jesurum.jpg","width":670,"height":380,"caption":"jesurum.jpg"},{"@type":"BreadcrumbList","@id":"https:\/\/futbolhoy.co\/index.php\/2022\/04\/19\/jesurun-descarto-a-gareca-y-alfaro-para-colombia\/#breadcrumb","itemListElement":[{"@type":"ListItem","position":1,"name":"Portada","item":"https:\/\/futbolhoy.co\/"},{"@type":"ListItem","position":2,"name":"Jesur\u00fan descart\u00f3 a Gareca y Alfaro para Colombia"}]},{"@type":"WebSite","@id":"https:\/\/futbolhoy.co\/#website","url":"https:\/\/futbolhoy.co\/","name":"FutbolHoy","description":"","publisher":{"@id":"https:\/\/futbolhoy.co\/#organization"},"potentialAction":[{"@type":"SearchAction","target":{"@type":"EntryPoint","urlTemplate":"https:\/\/futbolhoy.co\/?s={search_term_string}"},"query-input":{"@type":"PropertyValueSpecification","valueRequired":true,"valueName":"search_term_string"}}],"inLanguage":"es"},{"@type":"Organization","@id":"https:\/\/futbolhoy.co\/#organization","name":"Futbolhoy.co","url":"https:\/\/futbolhoy.co\/","logo":{"@type":"ImageObject","inLanguage":"es","@id":"https:\/\/futbolhoy.co\/#\/schema\/logo\/image\/","url":"https:\/\/futbolhoy.co\/wp-content\/uploads\/2018\/08\/17426380_1906371736249227_6326180412931521141_n.jpg","contentUrl":"https:\/\/futbolhoy.co\/wp-content\/uploads\/2018\/08\/17426380_1906371736249227_6326180412931521141_n.jpg","width":960,"height":960,"caption":"Futbolhoy.co"},"image":{"@id":"https:\/\/futbolhoy.co\/#\/schema\/logo\/image\/"},"sameAs":["https:\/\/www.facebook.com\/FutbolHoyCol\/","https:\/\/x.com\/FutbolHoyCol","https:\/\/www.instagram.com\/futbolhoycol\/"]},{"@type":"Person","@id":"https:\/\/futbolhoy.co\/#\/schema\/person\/c4a353a512b127643723a34bb1812f7d","name":"Laura Hern\u00e1ndez","image":{"@type":"ImageObject","inLanguage":"es","@id":"https:\/\/futbolhoy.co\/#\/schema\/person\/image\/","url":"https:\/\/secure.gravatar.com\/avatar\/d25959a15b9b293a743f99181c7cfd01?s=96&d=mm&r=g","contentUrl":"https:\/\/secure.gravatar.com\/avatar\/d25959a15b9b293a743f99181c7cfd01?s=96&d=mm&r=g","caption":"Laura Hern\u00e1ndez"}}]}},"publishpress_future_action":{"enabled":false,"date":"2026-05-04 03:10:18","action":"change-status","newStatus":"draft","terms":[],"taxonomy":"category","extraData":[]},"publishpress_future_workflow_manual_trigger":{"enabledWorkflows":[]},"_links":{"self":[{"href":"https:\/\/futbolhoy.co\/index.php\/wp-json\/wp\/v2\/posts\/79036","targetHints":{"allow":["GET"]}}],"collection":[{"href":"https:\/\/futbolhoy.co\/index.php\/wp-json\/wp\/v2\/posts"}],"about":[{"href":"https:\/\/futbolhoy.co\/index.php\/wp-json\/wp\/v2\/types\/post"}],"author":[{"embeddable":true,"href":"https:\/\/futbolhoy.co\/index.php\/wp-json\/wp\/v2\/users\/5"}],"replies":[{"embeddable":true,"href":"https:\/\/futbolhoy.co\/index.php\/wp-json\/wp\/v2\/comments?post=79036"}],"version-history":[{"count":1,"href":"https:\/\/futbolhoy.co\/index.php\/wp-json\/wp\/v2\/posts\/79036\/revisions"}],"predecessor-version":[{"id":79038,"href":"https:\/\/futbolhoy.co\/index.php\/wp-json\/wp\/v2\/posts\/79036\/revisions\/79038"}],"wp:featuredmedia":[{"embeddable":true,"href":"https:\/\/futbolhoy.co\/index.php\/wp-json\/wp\/v2\/media\/2080"}],"wp:attachment":[{"href":"https:\/\/futbolhoy.co\/index.php\/wp-json\/wp\/v2\/media?parent=79036"}],"wp:term":[{"taxonomy":"category","embeddable":true,"href":"https:\/\/futbolhoy.co\/index.php\/wp-json\/wp\/v2\/categories?post=79036"},{"taxonomy":"post_tag","embeddable":true,"href":"https:\/\/futbolhoy.co\/index.php\/wp-json\/wp\/v2\/tags?post=79036"}],"curies":[{"name":"wp","href":"https:\/\/api.w.org\/{rel}","templated":true}]}}