{"id":79045,"date":"2022-04-20T07:23:55","date_gmt":"2022-04-20T12:23:55","guid":{"rendered":"https:\/\/futbolhoy.co\/?p=79045"},"modified":"2022-04-20T16:11:42","modified_gmt":"2022-04-20T21:11:42","slug":"millonarios-pierde-a-vega-y-america-recupera-a-falque","status":"publish","type":"post","link":"https:\/\/futbolhoy.co\/index.php\/2022\/04\/20\/millonarios-pierde-a-vega-y-america-recupera-a-falque\/","title":{"rendered":"Millonarios pierde a Vega y Am\u00e9rica recupera a Falque"},"content":{"rendered":"<p class=\"x_ydp2841a1d4MsoNormal\" style=\"text-align: justify;\"><span lang=\"ES-MX\" style=\"font-family: helvetica, arial, sans-serif;\">El volante de\u00a0<b>Millonarios, Stiven Vega<\/b>, padece un esguince grado 1 de ligamento colateral medial de la rodilla izquierda y estar\u00e1 ausente de las canchas entre 2 y 3 semanas.<\/span><\/p>\n<p class=\"x_ydp2841a1d4MsoNormal\" style=\"text-align: justify;\"><span lang=\"ES-MX\" style=\"font-family: helvetica, arial, sans-serif;\">El jugador, de 23 a\u00f1os, se perder\u00e1 la serie de octavos de final por la\u00a0<b>Copa Colombia<\/b>\u00a0que se iniciar\u00e1 este jueves ante\u00a0<b>Jaguares<\/b>; el cl\u00e1sico del domingo con\u00a0<b>Santa Fe<\/b>, y los partidos contra\u00a0<b>Patriotas y Tolima<\/b>\u00a0por la\u00a0<b>Liga BetPlay Dimayor I-2022<\/b>, inicialmente.<\/span><\/p>\n<p class=\"x_ydp2841a1d4MsoNormal\" style=\"text-align: justify;\"><span lang=\"ES-MX\" style=\"font-family: helvetica, arial, sans-serif;\">Por su parte, el espa\u00f1ol\u00a0<b>Iago Falque<\/b>\u00a0se recuper\u00f3 de su lesi\u00f3n de isquiotibiales y estar\u00e1 a disposici\u00f3n del t\u00e9cnico\u00a0<b>Alexandre Guimaraes<\/b>\u00a0para el partido que el domingo sostendr\u00e1 el\u00a0<b>Am\u00e9rica<\/b> ante Jaguares, por la fecha 17 de la Liga colombiana.<\/span><\/p>\n<p class=\"x_ydp2841a1d4MsoNormal\" style=\"text-align: justify;\"><span lang=\"ES-MX\" style=\"font-family: helvetica, arial, sans-serif;\">Falque podr\u00e1 regresar a las canchas despu\u00e9s de permanecer al margen de la n\u00f3mina durante un mes.<\/span><\/p>\n","protected":false},"excerpt":{"rendered":"<p>El volante de\u00a0Millonarios, Stiven Vega, padece un esguince grado 1 de ligamento colateral medial de la rodilla izquierda y estar\u00e1 ausente de las canchas entre 2 y 3 semanas. El jugador, de 23 a\u00f1os, se perder\u00e1 la serie de octavos de final por la\u00a0Copa Colombia\u00a0que se iniciar\u00e1 este jueves ante\u00a0Jaguares; el cl\u00e1sico del domingo con\u00a0Santa [&hellip;]<\/p>\n","protected":false},"author":5,"featured_media":79046,"comment_status":"open","ping_status":"open","sticky":false,"template":"","format":"standard","meta":{"_acf_changed":false,"footnotes":""},"categories":[7],"tags":[150,148,2317],"class_list":{"0":"post-79045","1":"post","2":"type-post","3":"status-publish","4":"format-standard","5":"has-post-thumbnail","7":"category-liga-betplay","8":"tag-america","9":"tag-millonarios","10":"tag-stiven-vega"},"acf":[],"yoast_head":"<!-- This site is optimized with the Yoast SEO plugin v26.8 - https:\/\/yoast.com\/product\/yoast-seo-wordpress\/ -->\n<title>Millonarios pierde a Vega y Am\u00e9rica recupera a Falque -<\/title>\n<meta name=\"robots\" content=\"index, follow, max-snippet:-1, max-image-preview:large, max-video-preview:-1\" \/>\n<link rel=\"canonical\" href=\"https:\/\/futbolhoy.co\/index.php\/2022\/04\/20\/millonarios-pierde-a-vega-y-america-recupera-a-falque\/\" \/>\n<meta property=\"og:locale\" content=\"es_ES\" \/>\n<meta property=\"og:type\" content=\"article\" \/>\n<meta property=\"og:title\" content=\"Millonarios pierde a Vega y Am\u00e9rica recupera a Falque -\" \/>\n<meta property=\"og:description\" content=\"El volante de\u00a0Millonarios, Stiven Vega, padece un esguince grado 1 de ligamento colateral medial de la rodilla izquierda y estar\u00e1 ausente de las canchas entre 2 y 3 semanas. El jugador, de 23 a\u00f1os, se perder\u00e1 la serie de octavos de final por la\u00a0Copa Colombia\u00a0que se iniciar\u00e1 este jueves ante\u00a0Jaguares; el cl\u00e1sico del domingo con\u00a0Santa [&hellip;]\" \/>\n<meta property=\"og:url\" content=\"https:\/\/futbolhoy.co\/index.php\/2022\/04\/20\/millonarios-pierde-a-vega-y-america-recupera-a-falque\/\" \/>\n<meta property=\"article:publisher\" content=\"https:\/\/www.facebook.com\/FutbolHoyCol\/\" \/>\n<meta property=\"article:published_time\" content=\"2022-04-20T12:23:55+00:00\" \/>\n<meta property=\"article:modified_time\" content=\"2022-04-20T21:11:42+00:00\" \/>\n<meta property=\"og:image\" content=\"https:\/\/futbolhoy.co\/wp-content\/uploads\/2022\/04\/Vega.jpg\" \/>\n\t<meta property=\"og:image:width\" content=\"719\" \/>\n\t<meta property=\"og:image:height\" content=\"613\" \/>\n\t<meta property=\"og:image:type\" content=\"image\/jpeg\" \/>\n<meta name=\"author\" content=\"Laura Hern\u00e1ndez\" \/>\n<meta name=\"twitter:card\" content=\"summary_large_image\" \/>\n<meta name=\"twitter:creator\" content=\"@FutbolHoyCol\" \/>\n<meta name=\"twitter:site\" content=\"@FutbolHoyCol\" \/>\n<meta name=\"twitter:label1\" content=\"Escrito por\" \/>\n\t<meta name=\"twitter:data1\" content=\"Laura Hern\u00e1ndez\" \/>\n\t<meta name=\"twitter:label2\" content=\"Tiempo de lectura\" \/>\n\t<meta name=\"twitter:data2\" content=\"1 minuto\" \/>\n<script type=\"application\/ld+json\" class=\"yoast-schema-graph\">{\"@context\":\"https:\/\/schema.org\",\"@graph\":[{\"@type\":\"Article\",\"@id\":\"https:\/\/futbolhoy.co\/index.php\/2022\/04\/20\/millonarios-pierde-a-vega-y-america-recupera-a-falque\/#article\",\"isPartOf\":{\"@id\":\"https:\/\/futbolhoy.co\/index.php\/2022\/04\/20\/millonarios-pierde-a-vega-y-america-recupera-a-falque\/\"},\"author\":{\"name\":\"Laura Hern\u00e1ndez\",\"@id\":\"https:\/\/futbolhoy.co\/#\/schema\/person\/c4a353a512b127643723a34bb1812f7d\"},\"headline\":\"Millonarios pierde a Vega y Am\u00e9rica recupera a Falque\",\"datePublished\":\"2022-04-20T12:23:55+00:00\",\"dateModified\":\"2022-04-20T21:11:42+00:00\",\"mainEntityOfPage\":{\"@id\":\"https:\/\/futbolhoy.co\/index.php\/2022\/04\/20\/millonarios-pierde-a-vega-y-america-recupera-a-falque\/\"},\"wordCount\":147,\"commentCount\":0,\"publisher\":{\"@id\":\"https:\/\/futbolhoy.co\/#organization\"},\"image\":{\"@id\":\"https:\/\/futbolhoy.co\/index.php\/2022\/04\/20\/millonarios-pierde-a-vega-y-america-recupera-a-falque\/#primaryimage\"},\"thumbnailUrl\":\"https:\/\/futbolhoy.co\/wp-content\/uploads\/2022\/04\/Vega.jpg\",\"keywords\":[\"Am\u00e9rica\",\"Millonarios\",\"Stiven Vega\"],\"articleSection\":[\"Liga BetPlay\"],\"inLanguage\":\"es\",\"potentialAction\":[{\"@type\":\"CommentAction\",\"name\":\"Comment\",\"target\":[\"https:\/\/futbolhoy.co\/index.php\/2022\/04\/20\/millonarios-pierde-a-vega-y-america-recupera-a-falque\/#respond\"]}]},{\"@type\":\"WebPage\",\"@id\":\"https:\/\/futbolhoy.co\/index.php\/2022\/04\/20\/millonarios-pierde-a-vega-y-america-recupera-a-falque\/\",\"url\":\"https:\/\/futbolhoy.co\/index.php\/2022\/04\/20\/millonarios-pierde-a-vega-y-america-recupera-a-falque\/\",\"name\":\"Millonarios pierde a Vega y Am\u00e9rica recupera a Falque -\",\"isPartOf\":{\"@id\":\"https:\/\/futbolhoy.co\/#website\"},\"primaryImageOfPage\":{\"@id\":\"https:\/\/futbolhoy.co\/index.php\/2022\/04\/20\/millonarios-pierde-a-vega-y-america-recupera-a-falque\/#primaryimage\"},\"image\":{\"@id\":\"https:\/\/futbolhoy.co\/index.php\/2022\/04\/20\/millonarios-pierde-a-vega-y-america-recupera-a-falque\/#primaryimage\"},\"thumbnailUrl\":\"https:\/\/futbolhoy.co\/wp-content\/uploads\/2022\/04\/Vega.jpg\",\"datePublished\":\"2022-04-20T12:23:55+00:00\",\"dateModified\":\"2022-04-20T21:11:42+00:00\",\"breadcrumb\":{\"@id\":\"https:\/\/futbolhoy.co\/index.php\/2022\/04\/20\/millonarios-pierde-a-vega-y-america-recupera-a-falque\/#breadcrumb\"},\"inLanguage\":\"es\",\"potentialAction\":[{\"@type\":\"ReadAction\",\"target\":[\"https:\/\/futbolhoy.co\/index.php\/2022\/04\/20\/millonarios-pierde-a-vega-y-america-recupera-a-falque\/\"]}]},{\"@type\":\"ImageObject\",\"inLanguage\":\"es\",\"@id\":\"https:\/\/futbolhoy.co\/index.php\/2022\/04\/20\/millonarios-pierde-a-vega-y-america-recupera-a-falque\/#primaryimage\",\"url\":\"https:\/\/futbolhoy.co\/wp-content\/uploads\/2022\/04\/Vega.jpg\",\"contentUrl\":\"https:\/\/futbolhoy.co\/wp-content\/uploads\/2022\/04\/Vega.jpg\",\"width\":719,\"height\":613},{\"@type\":\"BreadcrumbList\",\"@id\":\"https:\/\/futbolhoy.co\/index.php\/2022\/04\/20\/millonarios-pierde-a-vega-y-america-recupera-a-falque\/#breadcrumb\",\"itemListElement\":[{\"@type\":\"ListItem\",\"position\":1,\"name\":\"Portada\",\"item\":\"https:\/\/futbolhoy.co\/\"},{\"@type\":\"ListItem\",\"position\":2,\"name\":\"Millonarios pierde a Vega y Am\u00e9rica recupera a Falque\"}]},{\"@type\":\"WebSite\",\"@id\":\"https:\/\/futbolhoy.co\/#website\",\"url\":\"https:\/\/futbolhoy.co\/\",\"name\":\"FutbolHoy\",\"description\":\"\",\"publisher\":{\"@id\":\"https:\/\/futbolhoy.co\/#organization\"},\"potentialAction\":[{\"@type\":\"SearchAction\",\"target\":{\"@type\":\"EntryPoint\",\"urlTemplate\":\"https:\/\/futbolhoy.co\/?s={search_term_string}\"},\"query-input\":{\"@type\":\"PropertyValueSpecification\",\"valueRequired\":true,\"valueName\":\"search_term_string\"}}],\"inLanguage\":\"es\"},{\"@type\":\"Organization\",\"@id\":\"https:\/\/futbolhoy.co\/#organization\",\"name\":\"Futbolhoy.co\",\"url\":\"https:\/\/futbolhoy.co\/\",\"logo\":{\"@type\":\"ImageObject\",\"inLanguage\":\"es\",\"@id\":\"https:\/\/futbolhoy.co\/#\/schema\/logo\/image\/\",\"url\":\"https:\/\/futbolhoy.co\/wp-content\/uploads\/2018\/08\/17426380_1906371736249227_6326180412931521141_n.jpg\",\"contentUrl\":\"https:\/\/futbolhoy.co\/wp-content\/uploads\/2018\/08\/17426380_1906371736249227_6326180412931521141_n.jpg\",\"width\":960,\"height\":960,\"caption\":\"Futbolhoy.co\"},\"image\":{\"@id\":\"https:\/\/futbolhoy.co\/#\/schema\/logo\/image\/\"},\"sameAs\":[\"https:\/\/www.facebook.com\/FutbolHoyCol\/\",\"https:\/\/x.com\/FutbolHoyCol\",\"https:\/\/www.instagram.com\/futbolhoycol\/\"]},{\"@type\":\"Person\",\"@id\":\"https:\/\/futbolhoy.co\/#\/schema\/person\/c4a353a512b127643723a34bb1812f7d\",\"name\":\"Laura Hern\u00e1ndez\",\"image\":{\"@type\":\"ImageObject\",\"inLanguage\":\"es\",\"@id\":\"https:\/\/futbolhoy.co\/#\/schema\/person\/image\/\",\"url\":\"https:\/\/secure.gravatar.com\/avatar\/d25959a15b9b293a743f99181c7cfd01?s=96&d=mm&r=g\",\"contentUrl\":\"https:\/\/secure.gravatar.com\/avatar\/d25959a15b9b293a743f99181c7cfd01?s=96&d=mm&r=g\",\"caption\":\"Laura Hern\u00e1ndez\"}}]}<\/script>\n<!-- \/ Yoast SEO plugin. -->","yoast_head_json":{"title":"Millonarios pierde a Vega y Am\u00e9rica recupera a Falque -","robots":{"index":"index","follow":"follow","max-snippet":"max-snippet:-1","max-image-preview":"max-image-preview:large","max-video-preview":"max-video-preview:-1"},"canonical":"https:\/\/futbolhoy.co\/index.php\/2022\/04\/20\/millonarios-pierde-a-vega-y-america-recupera-a-falque\/","og_locale":"es_ES","og_type":"article","og_title":"Millonarios pierde a Vega y Am\u00e9rica recupera a Falque -","og_description":"El volante de\u00a0Millonarios, Stiven Vega, padece un esguince grado 1 de ligamento colateral medial de la rodilla izquierda y estar\u00e1 ausente de las canchas entre 2 y 3 semanas. El jugador, de 23 a\u00f1os, se perder\u00e1 la serie de octavos de final por la\u00a0Copa Colombia\u00a0que se iniciar\u00e1 este jueves ante\u00a0Jaguares; el cl\u00e1sico del domingo con\u00a0Santa [&hellip;]","og_url":"https:\/\/futbolhoy.co\/index.php\/2022\/04\/20\/millonarios-pierde-a-vega-y-america-recupera-a-falque\/","article_publisher":"https:\/\/www.facebook.com\/FutbolHoyCol\/","article_published_time":"2022-04-20T12:23:55+00:00","article_modified_time":"2022-04-20T21:11:42+00:00","og_image":[{"width":719,"height":613,"url":"https:\/\/futbolhoy.co\/wp-content\/uploads\/2022\/04\/Vega.jpg","type":"image\/jpeg"}],"author":"Laura Hern\u00e1ndez","twitter_card":"summary_large_image","twitter_creator":"@FutbolHoyCol","twitter_site":"@FutbolHoyCol","twitter_misc":{"Escrito por":"Laura Hern\u00e1ndez","Tiempo de lectura":"1 minuto"},"schema":{"@context":"https:\/\/schema.org","@graph":[{"@type":"Article","@id":"https:\/\/futbolhoy.co\/index.php\/2022\/04\/20\/millonarios-pierde-a-vega-y-america-recupera-a-falque\/#article","isPartOf":{"@id":"https:\/\/futbolhoy.co\/index.php\/2022\/04\/20\/millonarios-pierde-a-vega-y-america-recupera-a-falque\/"},"author":{"name":"Laura Hern\u00e1ndez","@id":"https:\/\/futbolhoy.co\/#\/schema\/person\/c4a353a512b127643723a34bb1812f7d"},"headline":"Millonarios pierde a Vega y Am\u00e9rica recupera a Falque","datePublished":"2022-04-20T12:23:55+00:00","dateModified":"2022-04-20T21:11:42+00:00","mainEntityOfPage":{"@id":"https:\/\/futbolhoy.co\/index.php\/2022\/04\/20\/millonarios-pierde-a-vega-y-america-recupera-a-falque\/"},"wordCount":147,"commentCount":0,"publisher":{"@id":"https:\/\/futbolhoy.co\/#organization"},"image":{"@id":"https:\/\/futbolhoy.co\/index.php\/2022\/04\/20\/millonarios-pierde-a-vega-y-america-recupera-a-falque\/#primaryimage"},"thumbnailUrl":"https:\/\/futbolhoy.co\/wp-content\/uploads\/2022\/04\/Vega.jpg","keywords":["Am\u00e9rica","Millonarios","Stiven Vega"],"articleSection":["Liga BetPlay"],"inLanguage":"es","potentialAction":[{"@type":"CommentAction","name":"Comment","target":["https:\/\/futbolhoy.co\/index.php\/2022\/04\/20\/millonarios-pierde-a-vega-y-america-recupera-a-falque\/#respond"]}]},{"@type":"WebPage","@id":"https:\/\/futbolhoy.co\/index.php\/2022\/04\/20\/millonarios-pierde-a-vega-y-america-recupera-a-falque\/","url":"https:\/\/futbolhoy.co\/index.php\/2022\/04\/20\/millonarios-pierde-a-vega-y-america-recupera-a-falque\/","name":"Millonarios pierde a Vega y Am\u00e9rica recupera a Falque -","isPartOf":{"@id":"https:\/\/futbolhoy.co\/#website"},"primaryImageOfPage":{"@id":"https:\/\/futbolhoy.co\/index.php\/2022\/04\/20\/millonarios-pierde-a-vega-y-america-recupera-a-falque\/#primaryimage"},"image":{"@id":"https:\/\/futbolhoy.co\/index.php\/2022\/04\/20\/millonarios-pierde-a-vega-y-america-recupera-a-falque\/#primaryimage"},"thumbnailUrl":"https:\/\/futbolhoy.co\/wp-content\/uploads\/2022\/04\/Vega.jpg","datePublished":"2022-04-20T12:23:55+00:00","dateModified":"2022-04-20T21:11:42+00:00","breadcrumb":{"@id":"https:\/\/futbolhoy.co\/index.php\/2022\/04\/20\/millonarios-pierde-a-vega-y-america-recupera-a-falque\/#breadcrumb"},"inLanguage":"es","potentialAction":[{"@type":"ReadAction","target":["https:\/\/futbolhoy.co\/index.php\/2022\/04\/20\/millonarios-pierde-a-vega-y-america-recupera-a-falque\/"]}]},{"@type":"ImageObject","inLanguage":"es","@id":"https:\/\/futbolhoy.co\/index.php\/2022\/04\/20\/millonarios-pierde-a-vega-y-america-recupera-a-falque\/#primaryimage","url":"https:\/\/futbolhoy.co\/wp-content\/uploads\/2022\/04\/Vega.jpg","contentUrl":"https:\/\/futbolhoy.co\/wp-content\/uploads\/2022\/04\/Vega.jpg","width":719,"height":613},{"@type":"BreadcrumbList","@id":"https:\/\/futbolhoy.co\/index.php\/2022\/04\/20\/millonarios-pierde-a-vega-y-america-recupera-a-falque\/#breadcrumb","itemListElement":[{"@type":"ListItem","position":1,"name":"Portada","item":"https:\/\/futbolhoy.co\/"},{"@type":"ListItem","position":2,"name":"Millonarios pierde a Vega y Am\u00e9rica recupera a Falque"}]},{"@type":"WebSite","@id":"https:\/\/futbolhoy.co\/#website","url":"https:\/\/futbolhoy.co\/","name":"FutbolHoy","description":"","publisher":{"@id":"https:\/\/futbolhoy.co\/#organization"},"potentialAction":[{"@type":"SearchAction","target":{"@type":"EntryPoint","urlTemplate":"https:\/\/futbolhoy.co\/?s={search_term_string}"},"query-input":{"@type":"PropertyValueSpecification","valueRequired":true,"valueName":"search_term_string"}}],"inLanguage":"es"},{"@type":"Organization","@id":"https:\/\/futbolhoy.co\/#organization","name":"Futbolhoy.co","url":"https:\/\/futbolhoy.co\/","logo":{"@type":"ImageObject","inLanguage":"es","@id":"https:\/\/futbolhoy.co\/#\/schema\/logo\/image\/","url":"https:\/\/futbolhoy.co\/wp-content\/uploads\/2018\/08\/17426380_1906371736249227_6326180412931521141_n.jpg","contentUrl":"https:\/\/futbolhoy.co\/wp-content\/uploads\/2018\/08\/17426380_1906371736249227_6326180412931521141_n.jpg","width":960,"height":960,"caption":"Futbolhoy.co"},"image":{"@id":"https:\/\/futbolhoy.co\/#\/schema\/logo\/image\/"},"sameAs":["https:\/\/www.facebook.com\/FutbolHoyCol\/","https:\/\/x.com\/FutbolHoyCol","https:\/\/www.instagram.com\/futbolhoycol\/"]},{"@type":"Person","@id":"https:\/\/futbolhoy.co\/#\/schema\/person\/c4a353a512b127643723a34bb1812f7d","name":"Laura Hern\u00e1ndez","image":{"@type":"ImageObject","inLanguage":"es","@id":"https:\/\/futbolhoy.co\/#\/schema\/person\/image\/","url":"https:\/\/secure.gravatar.com\/avatar\/d25959a15b9b293a743f99181c7cfd01?s=96&d=mm&r=g","contentUrl":"https:\/\/secure.gravatar.com\/avatar\/d25959a15b9b293a743f99181c7cfd01?s=96&d=mm&r=g","caption":"Laura Hern\u00e1ndez"}}]}},"publishpress_future_action":{"enabled":false,"date":"2026-05-04 04:42:59","action":"change-status","newStatus":"draft","terms":[],"taxonomy":"category","extraData":[]},"publishpress_future_workflow_manual_trigger":{"enabledWorkflows":[]},"_links":{"self":[{"href":"https:\/\/futbolhoy.co\/index.php\/wp-json\/wp\/v2\/posts\/79045","targetHints":{"allow":["GET"]}}],"collection":[{"href":"https:\/\/futbolhoy.co\/index.php\/wp-json\/wp\/v2\/posts"}],"about":[{"href":"https:\/\/futbolhoy.co\/index.php\/wp-json\/wp\/v2\/types\/post"}],"author":[{"embeddable":true,"href":"https:\/\/futbolhoy.co\/index.php\/wp-json\/wp\/v2\/users\/5"}],"replies":[{"embeddable":true,"href":"https:\/\/futbolhoy.co\/index.php\/wp-json\/wp\/v2\/comments?post=79045"}],"version-history":[{"count":1,"href":"https:\/\/futbolhoy.co\/index.php\/wp-json\/wp\/v2\/posts\/79045\/revisions"}],"predecessor-version":[{"id":79047,"href":"https:\/\/futbolhoy.co\/index.php\/wp-json\/wp\/v2\/posts\/79045\/revisions\/79047"}],"wp:featuredmedia":[{"embeddable":true,"href":"https:\/\/futbolhoy.co\/index.php\/wp-json\/wp\/v2\/media\/79046"}],"wp:attachment":[{"href":"https:\/\/futbolhoy.co\/index.php\/wp-json\/wp\/v2\/media?parent=79045"}],"wp:term":[{"taxonomy":"category","embeddable":true,"href":"https:\/\/futbolhoy.co\/index.php\/wp-json\/wp\/v2\/categories?post=79045"},{"taxonomy":"post_tag","embeddable":true,"href":"https:\/\/futbolhoy.co\/index.php\/wp-json\/wp\/v2\/tags?post=79045"}],"curies":[{"name":"wp","href":"https:\/\/api.w.org\/{rel}","templated":true}]}}