{"id":79072,"date":"2022-04-20T08:53:21","date_gmt":"2022-04-20T13:53:21","guid":{"rendered":"https:\/\/futbolhoy.co\/?p=79072"},"modified":"2022-04-20T20:43:21","modified_gmt":"2022-04-21T01:43:21","slug":"a-cualquier-tecnico-le-gustaria-dirigir-la-seleccion-reyes","status":"publish","type":"post","link":"https:\/\/futbolhoy.co\/index.php\/2022\/04\/20\/a-cualquier-tecnico-le-gustaria-dirigir-la-seleccion-reyes\/","title":{"rendered":"\u201cA cualquier t\u00e9cnico le gustar\u00eda dirigir la Selecci\u00f3n\u201d, Reyes"},"content":{"rendered":"<!--[if lt IE 9]><script>document.createElement('audio');<\/script><![endif]-->\n<audio class=\"wp-audio-shortcode\" id=\"audio-79072-1\" preload=\"none\" style=\"width: 100%;\" controls=\"controls\"><source type=\"audio\/mpeg\" src=\"https:\/\/futbolhoy.co\/wp-content\/uploads\/2022\/04\/Arturo-Reyes-tecnico-colombiano..mp3?_=1\" \/><a href=\"https:\/\/futbolhoy.co\/wp-content\/uploads\/2022\/04\/Arturo-Reyes-tecnico-colombiano..mp3\">https:\/\/futbolhoy.co\/wp-content\/uploads\/2022\/04\/Arturo-Reyes-tecnico-colombiano..mp3<\/a><\/audio>\n<p>(Arturo Reyes, DT colombiano, en di\u00e1logo con El Alargue)<\/p>\n<p class=\"x_ydp280bdd25MsoNormal\" style=\"text-align: justify;\"><span lang=\"ES-MX\" style=\"font-family: helvetica, arial, sans-serif;\">El entrenador samario\u00a0<b>Arturo Reyes<\/b>\u00a0asegur\u00f3 que como a cualquier t\u00e9cnico colombiano le gustar\u00eda dirigir\u00a0<b>la Selecci\u00f3n<\/b>, despu\u00e9s de haber tenido a su cargo el equipo nacional juvenil y estar encargado de la Mayor en una serie de partidos amistosos.<\/span><\/p>\n<p class=\"x_ydp280bdd25MsoNormal\" style=\"text-align: justify;\"><span lang=\"ES-MX\" style=\"font-family: helvetica, arial, sans-serif;\">\u201cCreo que a cualquier entrenador colombiano le gustar\u00eda dirigir la Selecci\u00f3n absoluta, es lo m\u00e1ximo para todo t\u00e9cnico. Yo considero que he hecho un buen trabajo en categor\u00edas menores, despu\u00e9s de ah\u00ed tuve la posibilidad de dirigir el equipo de mayores en partidos amistosos y me sent\u00ed muy c\u00f3modo. L\u00f3gicamente ten\u00eda claro que no iba a ser el entrenador en propiedad, siempre lo dije\", declar\u00f3 Reyes en\u00a0<b>Caracol Radio<\/b>.<\/span><\/p>\n<p class=\"x_ydp280bdd25MsoNormal\" style=\"text-align: justify;\"><span lang=\"ES-MX\" style=\"font-family: helvetica, arial, sans-serif;\">El t\u00e9cnico, quien fue considerado por\u00a0<b>el presidente de la Federaci\u00f3n, Ram\u00f3n Jesur\u00fan,<\/b>\u00a0como una posibilidad para asumir el cargo nuevamente como encargado agreg\u00f3: \u201cLa idea en esos partidos siempre fue llamar la mayor cantidad de jugadores que ten\u00edan un buen momento, junto a los jugadores que todav\u00eda pod\u00edan estar en Selecci\u00f3n mayor. Eso fue lo que hicimos en esos partidos\".<\/span><\/p>\n<p class=\"x_ydp280bdd25MsoNormal\" style=\"text-align: justify;\"><span lang=\"ES-MX\" style=\"font-family: helvetica, arial, sans-serif;\">Sobre su futuro tambi\u00e9n manifest\u00f3 que est\u00e1 intentando encontrar una puerta que se pueda abrir, sobretodo internacionalmente, ya que en Colombia es muy complejo, pero esta abierto a escuchar alternativas.<\/span><\/p>\n","protected":false},"excerpt":{"rendered":"<p>(Arturo Reyes, DT colombiano, en di\u00e1logo con El Alargue) El entrenador samario\u00a0Arturo Reyes\u00a0asegur\u00f3 que como a cualquier t\u00e9cnico colombiano le gustar\u00eda dirigir\u00a0la Selecci\u00f3n, despu\u00e9s de haber tenido a su cargo el equipo nacional juvenil y estar encargado de la Mayor en una serie de partidos amistosos. \u201cCreo que a cualquier entrenador colombiano le gustar\u00eda dirigir [&hellip;]<\/p>\n","protected":false},"author":5,"featured_media":47152,"comment_status":"open","ping_status":"open","sticky":false,"template":"","format":"video","meta":{"_acf_changed":false,"footnotes":""},"categories":[418],"tags":[1139],"class_list":{"0":"post-79072","1":"post","2":"type-post","3":"status-publish","4":"format-video","5":"has-post-thumbnail","7":"category-colombia","8":"tag-arturo-reyes","9":"post_format-post-format-video"},"acf":[],"yoast_head":"<!-- This site is optimized with the Yoast SEO plugin v26.8 - https:\/\/yoast.com\/product\/yoast-seo-wordpress\/ -->\n<title>\u201cA cualquier t\u00e9cnico le gustar\u00eda dirigir la Selecci\u00f3n\u201d, Reyes -<\/title>\n<meta name=\"robots\" content=\"index, follow, max-snippet:-1, max-image-preview:large, max-video-preview:-1\" \/>\n<link rel=\"canonical\" href=\"https:\/\/futbolhoy.co\/index.php\/2022\/04\/20\/a-cualquier-tecnico-le-gustaria-dirigir-la-seleccion-reyes\/\" \/>\n<meta property=\"og:locale\" content=\"es_ES\" \/>\n<meta property=\"og:type\" content=\"article\" \/>\n<meta property=\"og:title\" content=\"\u201cA cualquier t\u00e9cnico le gustar\u00eda dirigir la Selecci\u00f3n\u201d, Reyes -\" \/>\n<meta property=\"og:description\" content=\"(Arturo Reyes, DT colombiano, en di\u00e1logo con El Alargue) El entrenador samario\u00a0Arturo Reyes\u00a0asegur\u00f3 que como a cualquier t\u00e9cnico colombiano le gustar\u00eda dirigir\u00a0la Selecci\u00f3n, despu\u00e9s de haber tenido a su cargo el equipo nacional juvenil y estar encargado de la Mayor en una serie de partidos amistosos. \u201cCreo que a cualquier entrenador colombiano le gustar\u00eda dirigir [&hellip;]\" \/>\n<meta property=\"og:url\" content=\"https:\/\/futbolhoy.co\/index.php\/2022\/04\/20\/a-cualquier-tecnico-le-gustaria-dirigir-la-seleccion-reyes\/\" \/>\n<meta property=\"article:publisher\" content=\"https:\/\/www.facebook.com\/FutbolHoyCol\/\" \/>\n<meta property=\"article:published_time\" content=\"2022-04-20T13:53:21+00:00\" \/>\n<meta property=\"article:modified_time\" content=\"2022-04-21T01:43:21+00:00\" \/>\n<meta property=\"og:image\" content=\"https:\/\/futbolhoy.co\/wp-content\/uploads\/2020\/02\/Reyes.jpg\" \/>\n\t<meta property=\"og:image:width\" content=\"1170\" \/>\n\t<meta property=\"og:image:height\" content=\"650\" \/>\n\t<meta property=\"og:image:type\" content=\"image\/jpeg\" \/>\n<meta name=\"author\" content=\"Laura Hern\u00e1ndez\" \/>\n<meta name=\"twitter:card\" content=\"summary_large_image\" \/>\n<meta name=\"twitter:creator\" content=\"@FutbolHoyCol\" \/>\n<meta name=\"twitter:site\" content=\"@FutbolHoyCol\" \/>\n<meta name=\"twitter:label1\" content=\"Escrito por\" \/>\n\t<meta name=\"twitter:data1\" content=\"Laura Hern\u00e1ndez\" \/>\n\t<meta name=\"twitter:label2\" content=\"Tiempo de lectura\" \/>\n\t<meta name=\"twitter:data2\" content=\"1 minuto\" \/>\n<script type=\"application\/ld+json\" class=\"yoast-schema-graph\">{\"@context\":\"https:\/\/schema.org\",\"@graph\":[{\"@type\":\"Article\",\"@id\":\"https:\/\/futbolhoy.co\/index.php\/2022\/04\/20\/a-cualquier-tecnico-le-gustaria-dirigir-la-seleccion-reyes\/#article\",\"isPartOf\":{\"@id\":\"https:\/\/futbolhoy.co\/index.php\/2022\/04\/20\/a-cualquier-tecnico-le-gustaria-dirigir-la-seleccion-reyes\/\"},\"author\":{\"name\":\"Laura Hern\u00e1ndez\",\"@id\":\"https:\/\/futbolhoy.co\/#\/schema\/person\/c4a353a512b127643723a34bb1812f7d\"},\"headline\":\"\u201cA cualquier t\u00e9cnico le gustar\u00eda dirigir la Selecci\u00f3n\u201d, Reyes\",\"datePublished\":\"2022-04-20T13:53:21+00:00\",\"dateModified\":\"2022-04-21T01:43:21+00:00\",\"mainEntityOfPage\":{\"@id\":\"https:\/\/futbolhoy.co\/index.php\/2022\/04\/20\/a-cualquier-tecnico-le-gustaria-dirigir-la-seleccion-reyes\/\"},\"wordCount\":254,\"commentCount\":0,\"publisher\":{\"@id\":\"https:\/\/futbolhoy.co\/#organization\"},\"image\":{\"@id\":\"https:\/\/futbolhoy.co\/index.php\/2022\/04\/20\/a-cualquier-tecnico-le-gustaria-dirigir-la-seleccion-reyes\/#primaryimage\"},\"thumbnailUrl\":\"https:\/\/futbolhoy.co\/wp-content\/uploads\/2020\/02\/Reyes.jpg\",\"keywords\":[\"Arturo Reyes\"],\"articleSection\":[\"Colombia\"],\"inLanguage\":\"es\",\"potentialAction\":[{\"@type\":\"CommentAction\",\"name\":\"Comment\",\"target\":[\"https:\/\/futbolhoy.co\/index.php\/2022\/04\/20\/a-cualquier-tecnico-le-gustaria-dirigir-la-seleccion-reyes\/#respond\"]}]},{\"@type\":\"WebPage\",\"@id\":\"https:\/\/futbolhoy.co\/index.php\/2022\/04\/20\/a-cualquier-tecnico-le-gustaria-dirigir-la-seleccion-reyes\/\",\"url\":\"https:\/\/futbolhoy.co\/index.php\/2022\/04\/20\/a-cualquier-tecnico-le-gustaria-dirigir-la-seleccion-reyes\/\",\"name\":\"\u201cA cualquier t\u00e9cnico le gustar\u00eda dirigir la Selecci\u00f3n\u201d, Reyes -\",\"isPartOf\":{\"@id\":\"https:\/\/futbolhoy.co\/#website\"},\"primaryImageOfPage\":{\"@id\":\"https:\/\/futbolhoy.co\/index.php\/2022\/04\/20\/a-cualquier-tecnico-le-gustaria-dirigir-la-seleccion-reyes\/#primaryimage\"},\"image\":{\"@id\":\"https:\/\/futbolhoy.co\/index.php\/2022\/04\/20\/a-cualquier-tecnico-le-gustaria-dirigir-la-seleccion-reyes\/#primaryimage\"},\"thumbnailUrl\":\"https:\/\/futbolhoy.co\/wp-content\/uploads\/2020\/02\/Reyes.jpg\",\"datePublished\":\"2022-04-20T13:53:21+00:00\",\"dateModified\":\"2022-04-21T01:43:21+00:00\",\"breadcrumb\":{\"@id\":\"https:\/\/futbolhoy.co\/index.php\/2022\/04\/20\/a-cualquier-tecnico-le-gustaria-dirigir-la-seleccion-reyes\/#breadcrumb\"},\"inLanguage\":\"es\",\"potentialAction\":[{\"@type\":\"ReadAction\",\"target\":[\"https:\/\/futbolhoy.co\/index.php\/2022\/04\/20\/a-cualquier-tecnico-le-gustaria-dirigir-la-seleccion-reyes\/\"]}]},{\"@type\":\"ImageObject\",\"inLanguage\":\"es\",\"@id\":\"https:\/\/futbolhoy.co\/index.php\/2022\/04\/20\/a-cualquier-tecnico-le-gustaria-dirigir-la-seleccion-reyes\/#primaryimage\",\"url\":\"https:\/\/futbolhoy.co\/wp-content\/uploads\/2020\/02\/Reyes.jpg\",\"contentUrl\":\"https:\/\/futbolhoy.co\/wp-content\/uploads\/2020\/02\/Reyes.jpg\",\"width\":1170,\"height\":650},{\"@type\":\"BreadcrumbList\",\"@id\":\"https:\/\/futbolhoy.co\/index.php\/2022\/04\/20\/a-cualquier-tecnico-le-gustaria-dirigir-la-seleccion-reyes\/#breadcrumb\",\"itemListElement\":[{\"@type\":\"ListItem\",\"position\":1,\"name\":\"Portada\",\"item\":\"https:\/\/futbolhoy.co\/\"},{\"@type\":\"ListItem\",\"position\":2,\"name\":\"\u201cA cualquier t\u00e9cnico le gustar\u00eda dirigir la Selecci\u00f3n\u201d, Reyes\"}]},{\"@type\":\"WebSite\",\"@id\":\"https:\/\/futbolhoy.co\/#website\",\"url\":\"https:\/\/futbolhoy.co\/\",\"name\":\"FutbolHoy\",\"description\":\"\",\"publisher\":{\"@id\":\"https:\/\/futbolhoy.co\/#organization\"},\"potentialAction\":[{\"@type\":\"SearchAction\",\"target\":{\"@type\":\"EntryPoint\",\"urlTemplate\":\"https:\/\/futbolhoy.co\/?s={search_term_string}\"},\"query-input\":{\"@type\":\"PropertyValueSpecification\",\"valueRequired\":true,\"valueName\":\"search_term_string\"}}],\"inLanguage\":\"es\"},{\"@type\":\"Organization\",\"@id\":\"https:\/\/futbolhoy.co\/#organization\",\"name\":\"Futbolhoy.co\",\"url\":\"https:\/\/futbolhoy.co\/\",\"logo\":{\"@type\":\"ImageObject\",\"inLanguage\":\"es\",\"@id\":\"https:\/\/futbolhoy.co\/#\/schema\/logo\/image\/\",\"url\":\"https:\/\/futbolhoy.co\/wp-content\/uploads\/2018\/08\/17426380_1906371736249227_6326180412931521141_n.jpg\",\"contentUrl\":\"https:\/\/futbolhoy.co\/wp-content\/uploads\/2018\/08\/17426380_1906371736249227_6326180412931521141_n.jpg\",\"width\":960,\"height\":960,\"caption\":\"Futbolhoy.co\"},\"image\":{\"@id\":\"https:\/\/futbolhoy.co\/#\/schema\/logo\/image\/\"},\"sameAs\":[\"https:\/\/www.facebook.com\/FutbolHoyCol\/\",\"https:\/\/x.com\/FutbolHoyCol\",\"https:\/\/www.instagram.com\/futbolhoycol\/\"]},{\"@type\":\"Person\",\"@id\":\"https:\/\/futbolhoy.co\/#\/schema\/person\/c4a353a512b127643723a34bb1812f7d\",\"name\":\"Laura Hern\u00e1ndez\",\"image\":{\"@type\":\"ImageObject\",\"inLanguage\":\"es\",\"@id\":\"https:\/\/futbolhoy.co\/#\/schema\/person\/image\/\",\"url\":\"https:\/\/secure.gravatar.com\/avatar\/d25959a15b9b293a743f99181c7cfd01?s=96&d=mm&r=g\",\"contentUrl\":\"https:\/\/secure.gravatar.com\/avatar\/d25959a15b9b293a743f99181c7cfd01?s=96&d=mm&r=g\",\"caption\":\"Laura Hern\u00e1ndez\"}}]}<\/script>\n<!-- \/ Yoast SEO plugin. -->","yoast_head_json":{"title":"\u201cA cualquier t\u00e9cnico le gustar\u00eda dirigir la Selecci\u00f3n\u201d, Reyes -","robots":{"index":"index","follow":"follow","max-snippet":"max-snippet:-1","max-image-preview":"max-image-preview:large","max-video-preview":"max-video-preview:-1"},"canonical":"https:\/\/futbolhoy.co\/index.php\/2022\/04\/20\/a-cualquier-tecnico-le-gustaria-dirigir-la-seleccion-reyes\/","og_locale":"es_ES","og_type":"article","og_title":"\u201cA cualquier t\u00e9cnico le gustar\u00eda dirigir la Selecci\u00f3n\u201d, Reyes -","og_description":"(Arturo Reyes, DT colombiano, en di\u00e1logo con El Alargue) El entrenador samario\u00a0Arturo Reyes\u00a0asegur\u00f3 que como a cualquier t\u00e9cnico colombiano le gustar\u00eda dirigir\u00a0la Selecci\u00f3n, despu\u00e9s de haber tenido a su cargo el equipo nacional juvenil y estar encargado de la Mayor en una serie de partidos amistosos. \u201cCreo que a cualquier entrenador colombiano le gustar\u00eda dirigir [&hellip;]","og_url":"https:\/\/futbolhoy.co\/index.php\/2022\/04\/20\/a-cualquier-tecnico-le-gustaria-dirigir-la-seleccion-reyes\/","article_publisher":"https:\/\/www.facebook.com\/FutbolHoyCol\/","article_published_time":"2022-04-20T13:53:21+00:00","article_modified_time":"2022-04-21T01:43:21+00:00","og_image":[{"width":1170,"height":650,"url":"https:\/\/futbolhoy.co\/wp-content\/uploads\/2020\/02\/Reyes.jpg","type":"image\/jpeg"}],"author":"Laura Hern\u00e1ndez","twitter_card":"summary_large_image","twitter_creator":"@FutbolHoyCol","twitter_site":"@FutbolHoyCol","twitter_misc":{"Escrito por":"Laura Hern\u00e1ndez","Tiempo de lectura":"1 minuto"},"schema":{"@context":"https:\/\/schema.org","@graph":[{"@type":"Article","@id":"https:\/\/futbolhoy.co\/index.php\/2022\/04\/20\/a-cualquier-tecnico-le-gustaria-dirigir-la-seleccion-reyes\/#article","isPartOf":{"@id":"https:\/\/futbolhoy.co\/index.php\/2022\/04\/20\/a-cualquier-tecnico-le-gustaria-dirigir-la-seleccion-reyes\/"},"author":{"name":"Laura Hern\u00e1ndez","@id":"https:\/\/futbolhoy.co\/#\/schema\/person\/c4a353a512b127643723a34bb1812f7d"},"headline":"\u201cA cualquier t\u00e9cnico le gustar\u00eda dirigir la Selecci\u00f3n\u201d, Reyes","datePublished":"2022-04-20T13:53:21+00:00","dateModified":"2022-04-21T01:43:21+00:00","mainEntityOfPage":{"@id":"https:\/\/futbolhoy.co\/index.php\/2022\/04\/20\/a-cualquier-tecnico-le-gustaria-dirigir-la-seleccion-reyes\/"},"wordCount":254,"commentCount":0,"publisher":{"@id":"https:\/\/futbolhoy.co\/#organization"},"image":{"@id":"https:\/\/futbolhoy.co\/index.php\/2022\/04\/20\/a-cualquier-tecnico-le-gustaria-dirigir-la-seleccion-reyes\/#primaryimage"},"thumbnailUrl":"https:\/\/futbolhoy.co\/wp-content\/uploads\/2020\/02\/Reyes.jpg","keywords":["Arturo Reyes"],"articleSection":["Colombia"],"inLanguage":"es","potentialAction":[{"@type":"CommentAction","name":"Comment","target":["https:\/\/futbolhoy.co\/index.php\/2022\/04\/20\/a-cualquier-tecnico-le-gustaria-dirigir-la-seleccion-reyes\/#respond"]}]},{"@type":"WebPage","@id":"https:\/\/futbolhoy.co\/index.php\/2022\/04\/20\/a-cualquier-tecnico-le-gustaria-dirigir-la-seleccion-reyes\/","url":"https:\/\/futbolhoy.co\/index.php\/2022\/04\/20\/a-cualquier-tecnico-le-gustaria-dirigir-la-seleccion-reyes\/","name":"\u201cA cualquier t\u00e9cnico le gustar\u00eda dirigir la Selecci\u00f3n\u201d, Reyes -","isPartOf":{"@id":"https:\/\/futbolhoy.co\/#website"},"primaryImageOfPage":{"@id":"https:\/\/futbolhoy.co\/index.php\/2022\/04\/20\/a-cualquier-tecnico-le-gustaria-dirigir-la-seleccion-reyes\/#primaryimage"},"image":{"@id":"https:\/\/futbolhoy.co\/index.php\/2022\/04\/20\/a-cualquier-tecnico-le-gustaria-dirigir-la-seleccion-reyes\/#primaryimage"},"thumbnailUrl":"https:\/\/futbolhoy.co\/wp-content\/uploads\/2020\/02\/Reyes.jpg","datePublished":"2022-04-20T13:53:21+00:00","dateModified":"2022-04-21T01:43:21+00:00","breadcrumb":{"@id":"https:\/\/futbolhoy.co\/index.php\/2022\/04\/20\/a-cualquier-tecnico-le-gustaria-dirigir-la-seleccion-reyes\/#breadcrumb"},"inLanguage":"es","potentialAction":[{"@type":"ReadAction","target":["https:\/\/futbolhoy.co\/index.php\/2022\/04\/20\/a-cualquier-tecnico-le-gustaria-dirigir-la-seleccion-reyes\/"]}]},{"@type":"ImageObject","inLanguage":"es","@id":"https:\/\/futbolhoy.co\/index.php\/2022\/04\/20\/a-cualquier-tecnico-le-gustaria-dirigir-la-seleccion-reyes\/#primaryimage","url":"https:\/\/futbolhoy.co\/wp-content\/uploads\/2020\/02\/Reyes.jpg","contentUrl":"https:\/\/futbolhoy.co\/wp-content\/uploads\/2020\/02\/Reyes.jpg","width":1170,"height":650},{"@type":"BreadcrumbList","@id":"https:\/\/futbolhoy.co\/index.php\/2022\/04\/20\/a-cualquier-tecnico-le-gustaria-dirigir-la-seleccion-reyes\/#breadcrumb","itemListElement":[{"@type":"ListItem","position":1,"name":"Portada","item":"https:\/\/futbolhoy.co\/"},{"@type":"ListItem","position":2,"name":"\u201cA cualquier t\u00e9cnico le gustar\u00eda dirigir la Selecci\u00f3n\u201d, Reyes"}]},{"@type":"WebSite","@id":"https:\/\/futbolhoy.co\/#website","url":"https:\/\/futbolhoy.co\/","name":"FutbolHoy","description":"","publisher":{"@id":"https:\/\/futbolhoy.co\/#organization"},"potentialAction":[{"@type":"SearchAction","target":{"@type":"EntryPoint","urlTemplate":"https:\/\/futbolhoy.co\/?s={search_term_string}"},"query-input":{"@type":"PropertyValueSpecification","valueRequired":true,"valueName":"search_term_string"}}],"inLanguage":"es"},{"@type":"Organization","@id":"https:\/\/futbolhoy.co\/#organization","name":"Futbolhoy.co","url":"https:\/\/futbolhoy.co\/","logo":{"@type":"ImageObject","inLanguage":"es","@id":"https:\/\/futbolhoy.co\/#\/schema\/logo\/image\/","url":"https:\/\/futbolhoy.co\/wp-content\/uploads\/2018\/08\/17426380_1906371736249227_6326180412931521141_n.jpg","contentUrl":"https:\/\/futbolhoy.co\/wp-content\/uploads\/2018\/08\/17426380_1906371736249227_6326180412931521141_n.jpg","width":960,"height":960,"caption":"Futbolhoy.co"},"image":{"@id":"https:\/\/futbolhoy.co\/#\/schema\/logo\/image\/"},"sameAs":["https:\/\/www.facebook.com\/FutbolHoyCol\/","https:\/\/x.com\/FutbolHoyCol","https:\/\/www.instagram.com\/futbolhoycol\/"]},{"@type":"Person","@id":"https:\/\/futbolhoy.co\/#\/schema\/person\/c4a353a512b127643723a34bb1812f7d","name":"Laura Hern\u00e1ndez","image":{"@type":"ImageObject","inLanguage":"es","@id":"https:\/\/futbolhoy.co\/#\/schema\/person\/image\/","url":"https:\/\/secure.gravatar.com\/avatar\/d25959a15b9b293a743f99181c7cfd01?s=96&d=mm&r=g","contentUrl":"https:\/\/secure.gravatar.com\/avatar\/d25959a15b9b293a743f99181c7cfd01?s=96&d=mm&r=g","caption":"Laura Hern\u00e1ndez"}}]}},"publishpress_future_action":{"enabled":false,"date":"2026-05-04 03:09:37","action":"change-status","newStatus":"draft","terms":[],"taxonomy":"category","extraData":[]},"publishpress_future_workflow_manual_trigger":{"enabledWorkflows":[]},"_links":{"self":[{"href":"https:\/\/futbolhoy.co\/index.php\/wp-json\/wp\/v2\/posts\/79072","targetHints":{"allow":["GET"]}}],"collection":[{"href":"https:\/\/futbolhoy.co\/index.php\/wp-json\/wp\/v2\/posts"}],"about":[{"href":"https:\/\/futbolhoy.co\/index.php\/wp-json\/wp\/v2\/types\/post"}],"author":[{"embeddable":true,"href":"https:\/\/futbolhoy.co\/index.php\/wp-json\/wp\/v2\/users\/5"}],"replies":[{"embeddable":true,"href":"https:\/\/futbolhoy.co\/index.php\/wp-json\/wp\/v2\/comments?post=79072"}],"version-history":[{"count":1,"href":"https:\/\/futbolhoy.co\/index.php\/wp-json\/wp\/v2\/posts\/79072\/revisions"}],"predecessor-version":[{"id":79084,"href":"https:\/\/futbolhoy.co\/index.php\/wp-json\/wp\/v2\/posts\/79072\/revisions\/79084"}],"wp:featuredmedia":[{"embeddable":true,"href":"https:\/\/futbolhoy.co\/index.php\/wp-json\/wp\/v2\/media\/47152"}],"wp:attachment":[{"href":"https:\/\/futbolhoy.co\/index.php\/wp-json\/wp\/v2\/media?parent=79072"}],"wp:term":[{"taxonomy":"category","embeddable":true,"href":"https:\/\/futbolhoy.co\/index.php\/wp-json\/wp\/v2\/categories?post=79072"},{"taxonomy":"post_tag","embeddable":true,"href":"https:\/\/futbolhoy.co\/index.php\/wp-json\/wp\/v2\/tags?post=79072"}],"curies":[{"name":"wp","href":"https:\/\/api.w.org\/{rel}","templated":true}]}}