{"id":79138,"date":"2022-04-21T17:22:51","date_gmt":"2022-04-21T22:22:51","guid":{"rendered":"https:\/\/futbolhoy.co\/?p=79138"},"modified":"2022-04-22T07:51:00","modified_gmt":"2022-04-22T12:51:00","slug":"colombia-jugara-amistoso-en-junio","status":"publish","type":"post","link":"https:\/\/futbolhoy.co\/index.php\/2022\/04\/21\/colombia-jugara-amistoso-en-junio\/","title":{"rendered":"Colombia jugar\u00e1 amistosos en junio"},"content":{"rendered":"<p style=\"text-align: justify;\"><span style=\"font-family: helvetica, arial, sans-serif;\">La Selecci\u00f3n femenina mayores de <strong>Colombia<\/strong>, que se alista para la <strong>Copa Am\u00e9rica,<\/strong> disputar\u00e1 dos amistosos de preparaci\u00f3n contra Estados Unidos.<\/span><\/p>\n<p style=\"text-align: justify;\"><span style=\"font-family: helvetica, arial, sans-serif;\">Las dos federaciones anunciaron este jueves, los encuentro para los d\u00edas 25 y 28 de junio en las ciudades de <strong>Colorado<\/strong> y <strong>Utah,<\/strong> respectivamente.<\/span><\/p>\n<p style=\"text-align: justify;\"><span style=\"font-family: helvetica, arial, sans-serif;\">El primero se jugar\u00e1 desde las 6.30pm, hora colombiana, y el segundo ser\u00e1 a las 9pm.<\/span><\/p>\n<p style=\"text-align: justify;\"><span style=\"font-family: helvetica, arial, sans-serif;\">Los partidos, que fueron organizados por el Ministerio del Deporte y la Canciller\u00eda, har\u00e1n parte de las celebraciones por los 200 a\u00f1os de relaciones diplom\u00e1ticas entre los pa\u00edses.<\/span><\/p>\n<p style=\"text-align: justify;\"><span style=\"font-family: helvetica, arial, sans-serif;\">El equipo nacional, que dirige <strong>Nelson Abad\u00eda,<\/strong>\u00a0\u00a0viene de empatar en doble confrontaci\u00f3n con <strong>Argentina<\/strong> en Cali (2-2 y 0-0).<\/span><\/p>\n<p style=\"text-align: justify;\"><span style=\"font-family: helvetica, arial, sans-serif;\">En la <strong>Copa Am\u00e9rica<\/strong>, Colombia hace parte del Grupo A junto a Chile, Bolivia, Paraguay y Ecuador.<\/span><\/p>\n<p style=\"text-align: justify;\"><span style=\"font-family: helvetica, arial, sans-serif;\">El torneo se disputara en Cali, Armenia y Bucaramanga, entre el 8 y 30 de julio.<\/span><\/p>\n","protected":false},"excerpt":{"rendered":"<p>La Selecci\u00f3n femenina mayores de Colombia, que se alista para la Copa Am\u00e9rica, disputar\u00e1 dos amistosos de preparaci\u00f3n contra Estados Unidos. Las dos federaciones anunciaron este jueves, los encuentro para los d\u00edas 25 y 28 de junio en las ciudades de Colorado y Utah, respectivamente. El primero se jugar\u00e1 desde las 6.30pm, hora colombiana, y [&hellip;]<\/p>\n","protected":false},"author":5,"featured_media":79139,"comment_status":"open","ping_status":"open","sticky":false,"template":"","format":"standard","meta":{"_acf_changed":false,"footnotes":""},"categories":[418],"tags":[],"class_list":{"0":"post-79138","1":"post","2":"type-post","3":"status-publish","4":"format-standard","5":"has-post-thumbnail","7":"category-colombia"},"acf":[],"yoast_head":"<!-- This site is optimized with the Yoast SEO plugin v26.8 - https:\/\/yoast.com\/product\/yoast-seo-wordpress\/ -->\n<title>Colombia jugar\u00e1 amistosos en junio -<\/title>\n<meta name=\"robots\" content=\"index, follow, max-snippet:-1, max-image-preview:large, max-video-preview:-1\" \/>\n<link rel=\"canonical\" href=\"https:\/\/futbolhoy.co\/index.php\/2022\/04\/21\/colombia-jugara-amistoso-en-junio\/\" \/>\n<meta property=\"og:locale\" content=\"es_ES\" \/>\n<meta property=\"og:type\" content=\"article\" \/>\n<meta property=\"og:title\" content=\"Colombia jugar\u00e1 amistosos en junio -\" \/>\n<meta property=\"og:description\" content=\"La Selecci\u00f3n femenina mayores de Colombia, que se alista para la Copa Am\u00e9rica, disputar\u00e1 dos amistosos de preparaci\u00f3n contra Estados Unidos. Las dos federaciones anunciaron este jueves, los encuentro para los d\u00edas 25 y 28 de junio en las ciudades de Colorado y Utah, respectivamente. El primero se jugar\u00e1 desde las 6.30pm, hora colombiana, y [&hellip;]\" \/>\n<meta property=\"og:url\" content=\"https:\/\/futbolhoy.co\/index.php\/2022\/04\/21\/colombia-jugara-amistoso-en-junio\/\" \/>\n<meta property=\"article:publisher\" content=\"https:\/\/www.facebook.com\/FutbolHoyCol\/\" \/>\n<meta property=\"article:published_time\" content=\"2022-04-21T22:22:51+00:00\" \/>\n<meta property=\"article:modified_time\" content=\"2022-04-22T12:51:00+00:00\" \/>\n<meta property=\"og:image\" content=\"https:\/\/futbolhoy.co\/wp-content\/uploads\/2022\/04\/descarga.webp\" \/>\n\t<meta property=\"og:image:width\" content=\"515\" \/>\n\t<meta property=\"og:image:height\" content=\"317\" \/>\n\t<meta property=\"og:image:type\" content=\"image\/webp\" \/>\n<meta name=\"author\" content=\"Laura Hern\u00e1ndez\" \/>\n<meta name=\"twitter:card\" content=\"summary_large_image\" \/>\n<meta name=\"twitter:creator\" content=\"@FutbolHoyCol\" \/>\n<meta name=\"twitter:site\" content=\"@FutbolHoyCol\" \/>\n<meta name=\"twitter:label1\" content=\"Escrito por\" \/>\n\t<meta name=\"twitter:data1\" content=\"Laura Hern\u00e1ndez\" \/>\n\t<meta name=\"twitter:label2\" content=\"Tiempo de lectura\" \/>\n\t<meta name=\"twitter:data2\" content=\"1 minuto\" \/>\n<script type=\"application\/ld+json\" class=\"yoast-schema-graph\">{\"@context\":\"https:\/\/schema.org\",\"@graph\":[{\"@type\":\"Article\",\"@id\":\"https:\/\/futbolhoy.co\/index.php\/2022\/04\/21\/colombia-jugara-amistoso-en-junio\/#article\",\"isPartOf\":{\"@id\":\"https:\/\/futbolhoy.co\/index.php\/2022\/04\/21\/colombia-jugara-amistoso-en-junio\/\"},\"author\":{\"name\":\"Laura Hern\u00e1ndez\",\"@id\":\"https:\/\/futbolhoy.co\/#\/schema\/person\/c4a353a512b127643723a34bb1812f7d\"},\"headline\":\"Colombia jugar\u00e1 amistosos en junio\",\"datePublished\":\"2022-04-21T22:22:51+00:00\",\"dateModified\":\"2022-04-22T12:51:00+00:00\",\"mainEntityOfPage\":{\"@id\":\"https:\/\/futbolhoy.co\/index.php\/2022\/04\/21\/colombia-jugara-amistoso-en-junio\/\"},\"wordCount\":154,\"commentCount\":0,\"publisher\":{\"@id\":\"https:\/\/futbolhoy.co\/#organization\"},\"image\":{\"@id\":\"https:\/\/futbolhoy.co\/index.php\/2022\/04\/21\/colombia-jugara-amistoso-en-junio\/#primaryimage\"},\"thumbnailUrl\":\"https:\/\/futbolhoy.co\/wp-content\/uploads\/2022\/04\/descarga.webp\",\"articleSection\":[\"Colombia\"],\"inLanguage\":\"es\",\"potentialAction\":[{\"@type\":\"CommentAction\",\"name\":\"Comment\",\"target\":[\"https:\/\/futbolhoy.co\/index.php\/2022\/04\/21\/colombia-jugara-amistoso-en-junio\/#respond\"]}]},{\"@type\":\"WebPage\",\"@id\":\"https:\/\/futbolhoy.co\/index.php\/2022\/04\/21\/colombia-jugara-amistoso-en-junio\/\",\"url\":\"https:\/\/futbolhoy.co\/index.php\/2022\/04\/21\/colombia-jugara-amistoso-en-junio\/\",\"name\":\"Colombia jugar\u00e1 amistosos en junio -\",\"isPartOf\":{\"@id\":\"https:\/\/futbolhoy.co\/#website\"},\"primaryImageOfPage\":{\"@id\":\"https:\/\/futbolhoy.co\/index.php\/2022\/04\/21\/colombia-jugara-amistoso-en-junio\/#primaryimage\"},\"image\":{\"@id\":\"https:\/\/futbolhoy.co\/index.php\/2022\/04\/21\/colombia-jugara-amistoso-en-junio\/#primaryimage\"},\"thumbnailUrl\":\"https:\/\/futbolhoy.co\/wp-content\/uploads\/2022\/04\/descarga.webp\",\"datePublished\":\"2022-04-21T22:22:51+00:00\",\"dateModified\":\"2022-04-22T12:51:00+00:00\",\"breadcrumb\":{\"@id\":\"https:\/\/futbolhoy.co\/index.php\/2022\/04\/21\/colombia-jugara-amistoso-en-junio\/#breadcrumb\"},\"inLanguage\":\"es\",\"potentialAction\":[{\"@type\":\"ReadAction\",\"target\":[\"https:\/\/futbolhoy.co\/index.php\/2022\/04\/21\/colombia-jugara-amistoso-en-junio\/\"]}]},{\"@type\":\"ImageObject\",\"inLanguage\":\"es\",\"@id\":\"https:\/\/futbolhoy.co\/index.php\/2022\/04\/21\/colombia-jugara-amistoso-en-junio\/#primaryimage\",\"url\":\"https:\/\/futbolhoy.co\/wp-content\/uploads\/2022\/04\/descarga.webp\",\"contentUrl\":\"https:\/\/futbolhoy.co\/wp-content\/uploads\/2022\/04\/descarga.webp\",\"width\":515,\"height\":317},{\"@type\":\"BreadcrumbList\",\"@id\":\"https:\/\/futbolhoy.co\/index.php\/2022\/04\/21\/colombia-jugara-amistoso-en-junio\/#breadcrumb\",\"itemListElement\":[{\"@type\":\"ListItem\",\"position\":1,\"name\":\"Portada\",\"item\":\"https:\/\/futbolhoy.co\/\"},{\"@type\":\"ListItem\",\"position\":2,\"name\":\"Colombia jugar\u00e1 amistosos en junio\"}]},{\"@type\":\"WebSite\",\"@id\":\"https:\/\/futbolhoy.co\/#website\",\"url\":\"https:\/\/futbolhoy.co\/\",\"name\":\"FutbolHoy\",\"description\":\"\",\"publisher\":{\"@id\":\"https:\/\/futbolhoy.co\/#organization\"},\"potentialAction\":[{\"@type\":\"SearchAction\",\"target\":{\"@type\":\"EntryPoint\",\"urlTemplate\":\"https:\/\/futbolhoy.co\/?s={search_term_string}\"},\"query-input\":{\"@type\":\"PropertyValueSpecification\",\"valueRequired\":true,\"valueName\":\"search_term_string\"}}],\"inLanguage\":\"es\"},{\"@type\":\"Organization\",\"@id\":\"https:\/\/futbolhoy.co\/#organization\",\"name\":\"Futbolhoy.co\",\"url\":\"https:\/\/futbolhoy.co\/\",\"logo\":{\"@type\":\"ImageObject\",\"inLanguage\":\"es\",\"@id\":\"https:\/\/futbolhoy.co\/#\/schema\/logo\/image\/\",\"url\":\"https:\/\/futbolhoy.co\/wp-content\/uploads\/2018\/08\/17426380_1906371736249227_6326180412931521141_n.jpg\",\"contentUrl\":\"https:\/\/futbolhoy.co\/wp-content\/uploads\/2018\/08\/17426380_1906371736249227_6326180412931521141_n.jpg\",\"width\":960,\"height\":960,\"caption\":\"Futbolhoy.co\"},\"image\":{\"@id\":\"https:\/\/futbolhoy.co\/#\/schema\/logo\/image\/\"},\"sameAs\":[\"https:\/\/www.facebook.com\/FutbolHoyCol\/\",\"https:\/\/x.com\/FutbolHoyCol\",\"https:\/\/www.instagram.com\/futbolhoycol\/\"]},{\"@type\":\"Person\",\"@id\":\"https:\/\/futbolhoy.co\/#\/schema\/person\/c4a353a512b127643723a34bb1812f7d\",\"name\":\"Laura Hern\u00e1ndez\",\"image\":{\"@type\":\"ImageObject\",\"inLanguage\":\"es\",\"@id\":\"https:\/\/futbolhoy.co\/#\/schema\/person\/image\/\",\"url\":\"https:\/\/secure.gravatar.com\/avatar\/d25959a15b9b293a743f99181c7cfd01?s=96&d=mm&r=g\",\"contentUrl\":\"https:\/\/secure.gravatar.com\/avatar\/d25959a15b9b293a743f99181c7cfd01?s=96&d=mm&r=g\",\"caption\":\"Laura Hern\u00e1ndez\"}}]}<\/script>\n<!-- \/ Yoast SEO plugin. -->","yoast_head_json":{"title":"Colombia jugar\u00e1 amistosos en junio -","robots":{"index":"index","follow":"follow","max-snippet":"max-snippet:-1","max-image-preview":"max-image-preview:large","max-video-preview":"max-video-preview:-1"},"canonical":"https:\/\/futbolhoy.co\/index.php\/2022\/04\/21\/colombia-jugara-amistoso-en-junio\/","og_locale":"es_ES","og_type":"article","og_title":"Colombia jugar\u00e1 amistosos en junio -","og_description":"La Selecci\u00f3n femenina mayores de Colombia, que se alista para la Copa Am\u00e9rica, disputar\u00e1 dos amistosos de preparaci\u00f3n contra Estados Unidos. Las dos federaciones anunciaron este jueves, los encuentro para los d\u00edas 25 y 28 de junio en las ciudades de Colorado y Utah, respectivamente. El primero se jugar\u00e1 desde las 6.30pm, hora colombiana, y [&hellip;]","og_url":"https:\/\/futbolhoy.co\/index.php\/2022\/04\/21\/colombia-jugara-amistoso-en-junio\/","article_publisher":"https:\/\/www.facebook.com\/FutbolHoyCol\/","article_published_time":"2022-04-21T22:22:51+00:00","article_modified_time":"2022-04-22T12:51:00+00:00","og_image":[{"width":515,"height":317,"url":"https:\/\/futbolhoy.co\/wp-content\/uploads\/2022\/04\/descarga.webp","type":"image\/webp"}],"author":"Laura Hern\u00e1ndez","twitter_card":"summary_large_image","twitter_creator":"@FutbolHoyCol","twitter_site":"@FutbolHoyCol","twitter_misc":{"Escrito por":"Laura Hern\u00e1ndez","Tiempo de lectura":"1 minuto"},"schema":{"@context":"https:\/\/schema.org","@graph":[{"@type":"Article","@id":"https:\/\/futbolhoy.co\/index.php\/2022\/04\/21\/colombia-jugara-amistoso-en-junio\/#article","isPartOf":{"@id":"https:\/\/futbolhoy.co\/index.php\/2022\/04\/21\/colombia-jugara-amistoso-en-junio\/"},"author":{"name":"Laura Hern\u00e1ndez","@id":"https:\/\/futbolhoy.co\/#\/schema\/person\/c4a353a512b127643723a34bb1812f7d"},"headline":"Colombia jugar\u00e1 amistosos en junio","datePublished":"2022-04-21T22:22:51+00:00","dateModified":"2022-04-22T12:51:00+00:00","mainEntityOfPage":{"@id":"https:\/\/futbolhoy.co\/index.php\/2022\/04\/21\/colombia-jugara-amistoso-en-junio\/"},"wordCount":154,"commentCount":0,"publisher":{"@id":"https:\/\/futbolhoy.co\/#organization"},"image":{"@id":"https:\/\/futbolhoy.co\/index.php\/2022\/04\/21\/colombia-jugara-amistoso-en-junio\/#primaryimage"},"thumbnailUrl":"https:\/\/futbolhoy.co\/wp-content\/uploads\/2022\/04\/descarga.webp","articleSection":["Colombia"],"inLanguage":"es","potentialAction":[{"@type":"CommentAction","name":"Comment","target":["https:\/\/futbolhoy.co\/index.php\/2022\/04\/21\/colombia-jugara-amistoso-en-junio\/#respond"]}]},{"@type":"WebPage","@id":"https:\/\/futbolhoy.co\/index.php\/2022\/04\/21\/colombia-jugara-amistoso-en-junio\/","url":"https:\/\/futbolhoy.co\/index.php\/2022\/04\/21\/colombia-jugara-amistoso-en-junio\/","name":"Colombia jugar\u00e1 amistosos en junio -","isPartOf":{"@id":"https:\/\/futbolhoy.co\/#website"},"primaryImageOfPage":{"@id":"https:\/\/futbolhoy.co\/index.php\/2022\/04\/21\/colombia-jugara-amistoso-en-junio\/#primaryimage"},"image":{"@id":"https:\/\/futbolhoy.co\/index.php\/2022\/04\/21\/colombia-jugara-amistoso-en-junio\/#primaryimage"},"thumbnailUrl":"https:\/\/futbolhoy.co\/wp-content\/uploads\/2022\/04\/descarga.webp","datePublished":"2022-04-21T22:22:51+00:00","dateModified":"2022-04-22T12:51:00+00:00","breadcrumb":{"@id":"https:\/\/futbolhoy.co\/index.php\/2022\/04\/21\/colombia-jugara-amistoso-en-junio\/#breadcrumb"},"inLanguage":"es","potentialAction":[{"@type":"ReadAction","target":["https:\/\/futbolhoy.co\/index.php\/2022\/04\/21\/colombia-jugara-amistoso-en-junio\/"]}]},{"@type":"ImageObject","inLanguage":"es","@id":"https:\/\/futbolhoy.co\/index.php\/2022\/04\/21\/colombia-jugara-amistoso-en-junio\/#primaryimage","url":"https:\/\/futbolhoy.co\/wp-content\/uploads\/2022\/04\/descarga.webp","contentUrl":"https:\/\/futbolhoy.co\/wp-content\/uploads\/2022\/04\/descarga.webp","width":515,"height":317},{"@type":"BreadcrumbList","@id":"https:\/\/futbolhoy.co\/index.php\/2022\/04\/21\/colombia-jugara-amistoso-en-junio\/#breadcrumb","itemListElement":[{"@type":"ListItem","position":1,"name":"Portada","item":"https:\/\/futbolhoy.co\/"},{"@type":"ListItem","position":2,"name":"Colombia jugar\u00e1 amistosos en junio"}]},{"@type":"WebSite","@id":"https:\/\/futbolhoy.co\/#website","url":"https:\/\/futbolhoy.co\/","name":"FutbolHoy","description":"","publisher":{"@id":"https:\/\/futbolhoy.co\/#organization"},"potentialAction":[{"@type":"SearchAction","target":{"@type":"EntryPoint","urlTemplate":"https:\/\/futbolhoy.co\/?s={search_term_string}"},"query-input":{"@type":"PropertyValueSpecification","valueRequired":true,"valueName":"search_term_string"}}],"inLanguage":"es"},{"@type":"Organization","@id":"https:\/\/futbolhoy.co\/#organization","name":"Futbolhoy.co","url":"https:\/\/futbolhoy.co\/","logo":{"@type":"ImageObject","inLanguage":"es","@id":"https:\/\/futbolhoy.co\/#\/schema\/logo\/image\/","url":"https:\/\/futbolhoy.co\/wp-content\/uploads\/2018\/08\/17426380_1906371736249227_6326180412931521141_n.jpg","contentUrl":"https:\/\/futbolhoy.co\/wp-content\/uploads\/2018\/08\/17426380_1906371736249227_6326180412931521141_n.jpg","width":960,"height":960,"caption":"Futbolhoy.co"},"image":{"@id":"https:\/\/futbolhoy.co\/#\/schema\/logo\/image\/"},"sameAs":["https:\/\/www.facebook.com\/FutbolHoyCol\/","https:\/\/x.com\/FutbolHoyCol","https:\/\/www.instagram.com\/futbolhoycol\/"]},{"@type":"Person","@id":"https:\/\/futbolhoy.co\/#\/schema\/person\/c4a353a512b127643723a34bb1812f7d","name":"Laura Hern\u00e1ndez","image":{"@type":"ImageObject","inLanguage":"es","@id":"https:\/\/futbolhoy.co\/#\/schema\/person\/image\/","url":"https:\/\/secure.gravatar.com\/avatar\/d25959a15b9b293a743f99181c7cfd01?s=96&d=mm&r=g","contentUrl":"https:\/\/secure.gravatar.com\/avatar\/d25959a15b9b293a743f99181c7cfd01?s=96&d=mm&r=g","caption":"Laura Hern\u00e1ndez"}}]}},"publishpress_future_action":{"enabled":false,"date":"2026-05-04 05:02:35","action":"change-status","newStatus":"draft","terms":[],"taxonomy":"category","extraData":[]},"publishpress_future_workflow_manual_trigger":{"enabledWorkflows":[]},"_links":{"self":[{"href":"https:\/\/futbolhoy.co\/index.php\/wp-json\/wp\/v2\/posts\/79138","targetHints":{"allow":["GET"]}}],"collection":[{"href":"https:\/\/futbolhoy.co\/index.php\/wp-json\/wp\/v2\/posts"}],"about":[{"href":"https:\/\/futbolhoy.co\/index.php\/wp-json\/wp\/v2\/types\/post"}],"author":[{"embeddable":true,"href":"https:\/\/futbolhoy.co\/index.php\/wp-json\/wp\/v2\/users\/5"}],"replies":[{"embeddable":true,"href":"https:\/\/futbolhoy.co\/index.php\/wp-json\/wp\/v2\/comments?post=79138"}],"version-history":[{"count":2,"href":"https:\/\/futbolhoy.co\/index.php\/wp-json\/wp\/v2\/posts\/79138\/revisions"}],"predecessor-version":[{"id":79152,"href":"https:\/\/futbolhoy.co\/index.php\/wp-json\/wp\/v2\/posts\/79138\/revisions\/79152"}],"wp:featuredmedia":[{"embeddable":true,"href":"https:\/\/futbolhoy.co\/index.php\/wp-json\/wp\/v2\/media\/79139"}],"wp:attachment":[{"href":"https:\/\/futbolhoy.co\/index.php\/wp-json\/wp\/v2\/media?parent=79138"}],"wp:term":[{"taxonomy":"category","embeddable":true,"href":"https:\/\/futbolhoy.co\/index.php\/wp-json\/wp\/v2\/categories?post=79138"},{"taxonomy":"post_tag","embeddable":true,"href":"https:\/\/futbolhoy.co\/index.php\/wp-json\/wp\/v2\/tags?post=79138"}],"curies":[{"name":"wp","href":"https:\/\/api.w.org\/{rel}","templated":true}]}}