{"id":79367,"date":"2022-04-26T18:32:32","date_gmt":"2022-04-26T23:32:32","guid":{"rendered":"https:\/\/futbolhoy.co\/?p=79367"},"modified":"2022-04-27T08:10:05","modified_gmt":"2022-04-27T13:10:05","slug":"emery-elogio-el-trabajo-de-luis-diaz","status":"publish","type":"post","link":"https:\/\/futbolhoy.co\/index.php\/2022\/04\/26\/emery-elogio-el-trabajo-de-luis-diaz\/","title":{"rendered":"Emery elogi\u00f3 el trabajo de Luis D\u00edaz"},"content":{"rendered":"<!--[if lt IE 9]><script>document.createElement('audio');<\/script><![endif]-->\n<audio class=\"wp-audio-shortcode\" id=\"audio-79367-1\" preload=\"none\" style=\"width: 100%;\" controls=\"controls\"><source type=\"audio\/mpeg\" src=\"https:\/\/futbolhoy.co\/wp-content\/uploads\/2022\/04\/Unai-Emery-DT-del-Villarreal..mp3?_=1\" \/><a href=\"https:\/\/futbolhoy.co\/wp-content\/uploads\/2022\/04\/Unai-Emery-DT-del-Villarreal..mp3\">https:\/\/futbolhoy.co\/wp-content\/uploads\/2022\/04\/Unai-Emery-DT-del-Villarreal..mp3<\/a><\/audio>\n<p>(Unai Emery, DT del Villarreal, en rueda de prensa)<\/p>\n<p class=\"x_ydp73828cd5MsoNormal\" style=\"text-align: justify;\"><span lang=\"ES-MX\" style=\"font-family: helvetica, arial, sans-serif;\">El t\u00e9cnico del\u00a0<b>Villarreal, Unai Emery,<\/b>\u00a0destac\u00f3 el nivel actual del\u00a0<b>Liverpool<\/b>, su rival este mi\u00e9rcoles en la ida por las semifinales de la\u00a0<b>Champions<\/b>, donde la inclusi\u00f3n del extremo guajiro\u00a0<b>Luis D\u00edaz<\/b>\u00a0ha sido fundamental y lo convierte en uno de los mejores equipos de los \u00faltimos a\u00f1os.<\/span><\/p>\n<p class=\"x_ydp73828cd5MsoNormal\" style=\"text-align: justify;\"><span lang=\"ES-MX\" style=\"font-family: helvetica, arial, sans-serif;\">\u201cHan firmado a Luis D\u00edaz, que es un jugador que les da pausa, regate, presencia por dentro a nivel combinativo y las intensidades que ellos quieren manejar\u201d, declar\u00f3 Emery en la rueda de prensa oficial antes del partido.<\/span><\/p>\n<p class=\"x_ydp73828cd5MsoNormal\" style=\"text-align: justify;\"><span lang=\"ES-MX\" style=\"font-family: helvetica, arial, sans-serif;\">El entrenador espa\u00f1ol agreg\u00f3: \u201cLa presencia de\u00a0<b>(Sadio) Man\u00e9<\/b>, m\u00e1s por dentro, cuando hace algunos a\u00f1os era un hombre que jugaba a la espalda y era muy r\u00e1pido; pues ahora est\u00e1 jugando por dentro, recibe balones, encuentra pausa, combinaci\u00f3n y entrar de segunda l\u00ednea, algo que ya ten\u00eda\u00a0<b>(Mohamed) Salah<\/b>\u00a0y lo han sumado\u201d.<\/span><\/p>\n","protected":false},"excerpt":{"rendered":"<p>(Unai Emery, DT del Villarreal, en rueda de prensa) El t\u00e9cnico del\u00a0Villarreal, Unai Emery,\u00a0destac\u00f3 el nivel actual del\u00a0Liverpool, su rival este mi\u00e9rcoles en la ida por las semifinales de la\u00a0Champions, donde la inclusi\u00f3n del extremo guajiro\u00a0Luis D\u00edaz\u00a0ha sido fundamental y lo convierte en uno de los mejores equipos de los \u00faltimos a\u00f1os. \u201cHan firmado a [&hellip;]<\/p>\n","protected":false},"author":5,"featured_media":79369,"comment_status":"open","ping_status":"open","sticky":false,"template":"","format":"video","meta":{"_acf_changed":false,"footnotes":""},"categories":[418],"tags":[2326,79,1309,2327],"class_list":{"0":"post-79367","1":"post","2":"type-post","3":"status-publish","4":"format-video","5":"has-post-thumbnail","7":"category-colombia","8":"tag-emery","9":"tag-liverpool","10":"tag-luis-diaz","11":"tag-villarral","12":"post_format-post-format-video"},"acf":[],"yoast_head":"<!-- This site is optimized with the Yoast SEO plugin v26.8 - https:\/\/yoast.com\/product\/yoast-seo-wordpress\/ -->\n<title>Emery elogi\u00f3 el trabajo de Luis D\u00edaz -<\/title>\n<meta name=\"robots\" content=\"index, follow, max-snippet:-1, max-image-preview:large, max-video-preview:-1\" \/>\n<link rel=\"canonical\" href=\"https:\/\/futbolhoy.co\/index.php\/2022\/04\/26\/emery-elogio-el-trabajo-de-luis-diaz\/\" \/>\n<meta property=\"og:locale\" content=\"es_ES\" \/>\n<meta property=\"og:type\" content=\"article\" \/>\n<meta property=\"og:title\" content=\"Emery elogi\u00f3 el trabajo de Luis D\u00edaz -\" \/>\n<meta property=\"og:description\" content=\"(Unai Emery, DT del Villarreal, en rueda de prensa) El t\u00e9cnico del\u00a0Villarreal, Unai Emery,\u00a0destac\u00f3 el nivel actual del\u00a0Liverpool, su rival este mi\u00e9rcoles en la ida por las semifinales de la\u00a0Champions, donde la inclusi\u00f3n del extremo guajiro\u00a0Luis D\u00edaz\u00a0ha sido fundamental y lo convierte en uno de los mejores equipos de los \u00faltimos a\u00f1os. \u201cHan firmado a [&hellip;]\" \/>\n<meta property=\"og:url\" content=\"https:\/\/futbolhoy.co\/index.php\/2022\/04\/26\/emery-elogio-el-trabajo-de-luis-diaz\/\" \/>\n<meta property=\"article:publisher\" content=\"https:\/\/www.facebook.com\/FutbolHoyCol\/\" \/>\n<meta property=\"article:published_time\" content=\"2022-04-26T23:32:32+00:00\" \/>\n<meta property=\"article:modified_time\" content=\"2022-04-27T13:10:05+00:00\" \/>\n<meta property=\"og:image\" content=\"https:\/\/futbolhoy.co\/wp-content\/uploads\/2022\/04\/FQK14gjX0BIsfS-.jpg\" \/>\n\t<meta property=\"og:image:width\" content=\"1440\" \/>\n\t<meta property=\"og:image:height\" content=\"1800\" \/>\n\t<meta property=\"og:image:type\" content=\"image\/jpeg\" \/>\n<meta name=\"author\" content=\"Laura Hern\u00e1ndez\" \/>\n<meta name=\"twitter:card\" content=\"summary_large_image\" \/>\n<meta name=\"twitter:creator\" content=\"@FutbolHoyCol\" \/>\n<meta name=\"twitter:site\" content=\"@FutbolHoyCol\" \/>\n<meta name=\"twitter:label1\" content=\"Escrito por\" \/>\n\t<meta name=\"twitter:data1\" content=\"Laura Hern\u00e1ndez\" \/>\n\t<meta name=\"twitter:label2\" content=\"Tiempo de lectura\" \/>\n\t<meta name=\"twitter:data2\" content=\"1 minuto\" \/>\n<script type=\"application\/ld+json\" class=\"yoast-schema-graph\">{\"@context\":\"https:\/\/schema.org\",\"@graph\":[{\"@type\":\"Article\",\"@id\":\"https:\/\/futbolhoy.co\/index.php\/2022\/04\/26\/emery-elogio-el-trabajo-de-luis-diaz\/#article\",\"isPartOf\":{\"@id\":\"https:\/\/futbolhoy.co\/index.php\/2022\/04\/26\/emery-elogio-el-trabajo-de-luis-diaz\/\"},\"author\":{\"name\":\"Laura Hern\u00e1ndez\",\"@id\":\"https:\/\/futbolhoy.co\/#\/schema\/person\/c4a353a512b127643723a34bb1812f7d\"},\"headline\":\"Emery elogi\u00f3 el trabajo de Luis D\u00edaz\",\"datePublished\":\"2022-04-26T23:32:32+00:00\",\"dateModified\":\"2022-04-27T13:10:05+00:00\",\"mainEntityOfPage\":{\"@id\":\"https:\/\/futbolhoy.co\/index.php\/2022\/04\/26\/emery-elogio-el-trabajo-de-luis-diaz\/\"},\"wordCount\":181,\"commentCount\":0,\"publisher\":{\"@id\":\"https:\/\/futbolhoy.co\/#organization\"},\"image\":{\"@id\":\"https:\/\/futbolhoy.co\/index.php\/2022\/04\/26\/emery-elogio-el-trabajo-de-luis-diaz\/#primaryimage\"},\"thumbnailUrl\":\"https:\/\/futbolhoy.co\/wp-content\/uploads\/2022\/04\/FQK14gjX0BIsfS-.jpg\",\"keywords\":[\"Emery\",\"Liverpool\",\"Luis diaz\",\"Villarral\"],\"articleSection\":[\"Colombia\"],\"inLanguage\":\"es\",\"potentialAction\":[{\"@type\":\"CommentAction\",\"name\":\"Comment\",\"target\":[\"https:\/\/futbolhoy.co\/index.php\/2022\/04\/26\/emery-elogio-el-trabajo-de-luis-diaz\/#respond\"]}]},{\"@type\":\"WebPage\",\"@id\":\"https:\/\/futbolhoy.co\/index.php\/2022\/04\/26\/emery-elogio-el-trabajo-de-luis-diaz\/\",\"url\":\"https:\/\/futbolhoy.co\/index.php\/2022\/04\/26\/emery-elogio-el-trabajo-de-luis-diaz\/\",\"name\":\"Emery elogi\u00f3 el trabajo de Luis D\u00edaz -\",\"isPartOf\":{\"@id\":\"https:\/\/futbolhoy.co\/#website\"},\"primaryImageOfPage\":{\"@id\":\"https:\/\/futbolhoy.co\/index.php\/2022\/04\/26\/emery-elogio-el-trabajo-de-luis-diaz\/#primaryimage\"},\"image\":{\"@id\":\"https:\/\/futbolhoy.co\/index.php\/2022\/04\/26\/emery-elogio-el-trabajo-de-luis-diaz\/#primaryimage\"},\"thumbnailUrl\":\"https:\/\/futbolhoy.co\/wp-content\/uploads\/2022\/04\/FQK14gjX0BIsfS-.jpg\",\"datePublished\":\"2022-04-26T23:32:32+00:00\",\"dateModified\":\"2022-04-27T13:10:05+00:00\",\"breadcrumb\":{\"@id\":\"https:\/\/futbolhoy.co\/index.php\/2022\/04\/26\/emery-elogio-el-trabajo-de-luis-diaz\/#breadcrumb\"},\"inLanguage\":\"es\",\"potentialAction\":[{\"@type\":\"ReadAction\",\"target\":[\"https:\/\/futbolhoy.co\/index.php\/2022\/04\/26\/emery-elogio-el-trabajo-de-luis-diaz\/\"]}]},{\"@type\":\"ImageObject\",\"inLanguage\":\"es\",\"@id\":\"https:\/\/futbolhoy.co\/index.php\/2022\/04\/26\/emery-elogio-el-trabajo-de-luis-diaz\/#primaryimage\",\"url\":\"https:\/\/futbolhoy.co\/wp-content\/uploads\/2022\/04\/FQK14gjX0BIsfS-.jpg\",\"contentUrl\":\"https:\/\/futbolhoy.co\/wp-content\/uploads\/2022\/04\/FQK14gjX0BIsfS-.jpg\",\"width\":1440,\"height\":1800},{\"@type\":\"BreadcrumbList\",\"@id\":\"https:\/\/futbolhoy.co\/index.php\/2022\/04\/26\/emery-elogio-el-trabajo-de-luis-diaz\/#breadcrumb\",\"itemListElement\":[{\"@type\":\"ListItem\",\"position\":1,\"name\":\"Portada\",\"item\":\"https:\/\/futbolhoy.co\/\"},{\"@type\":\"ListItem\",\"position\":2,\"name\":\"Emery elogi\u00f3 el trabajo de Luis D\u00edaz\"}]},{\"@type\":\"WebSite\",\"@id\":\"https:\/\/futbolhoy.co\/#website\",\"url\":\"https:\/\/futbolhoy.co\/\",\"name\":\"FutbolHoy\",\"description\":\"\",\"publisher\":{\"@id\":\"https:\/\/futbolhoy.co\/#organization\"},\"potentialAction\":[{\"@type\":\"SearchAction\",\"target\":{\"@type\":\"EntryPoint\",\"urlTemplate\":\"https:\/\/futbolhoy.co\/?s={search_term_string}\"},\"query-input\":{\"@type\":\"PropertyValueSpecification\",\"valueRequired\":true,\"valueName\":\"search_term_string\"}}],\"inLanguage\":\"es\"},{\"@type\":\"Organization\",\"@id\":\"https:\/\/futbolhoy.co\/#organization\",\"name\":\"Futbolhoy.co\",\"url\":\"https:\/\/futbolhoy.co\/\",\"logo\":{\"@type\":\"ImageObject\",\"inLanguage\":\"es\",\"@id\":\"https:\/\/futbolhoy.co\/#\/schema\/logo\/image\/\",\"url\":\"https:\/\/futbolhoy.co\/wp-content\/uploads\/2018\/08\/17426380_1906371736249227_6326180412931521141_n.jpg\",\"contentUrl\":\"https:\/\/futbolhoy.co\/wp-content\/uploads\/2018\/08\/17426380_1906371736249227_6326180412931521141_n.jpg\",\"width\":960,\"height\":960,\"caption\":\"Futbolhoy.co\"},\"image\":{\"@id\":\"https:\/\/futbolhoy.co\/#\/schema\/logo\/image\/\"},\"sameAs\":[\"https:\/\/www.facebook.com\/FutbolHoyCol\/\",\"https:\/\/x.com\/FutbolHoyCol\",\"https:\/\/www.instagram.com\/futbolhoycol\/\"]},{\"@type\":\"Person\",\"@id\":\"https:\/\/futbolhoy.co\/#\/schema\/person\/c4a353a512b127643723a34bb1812f7d\",\"name\":\"Laura Hern\u00e1ndez\",\"image\":{\"@type\":\"ImageObject\",\"inLanguage\":\"es\",\"@id\":\"https:\/\/futbolhoy.co\/#\/schema\/person\/image\/\",\"url\":\"https:\/\/secure.gravatar.com\/avatar\/d25959a15b9b293a743f99181c7cfd01?s=96&d=mm&r=g\",\"contentUrl\":\"https:\/\/secure.gravatar.com\/avatar\/d25959a15b9b293a743f99181c7cfd01?s=96&d=mm&r=g\",\"caption\":\"Laura Hern\u00e1ndez\"}}]}<\/script>\n<!-- \/ Yoast SEO plugin. -->","yoast_head_json":{"title":"Emery elogi\u00f3 el trabajo de Luis D\u00edaz -","robots":{"index":"index","follow":"follow","max-snippet":"max-snippet:-1","max-image-preview":"max-image-preview:large","max-video-preview":"max-video-preview:-1"},"canonical":"https:\/\/futbolhoy.co\/index.php\/2022\/04\/26\/emery-elogio-el-trabajo-de-luis-diaz\/","og_locale":"es_ES","og_type":"article","og_title":"Emery elogi\u00f3 el trabajo de Luis D\u00edaz -","og_description":"(Unai Emery, DT del Villarreal, en rueda de prensa) El t\u00e9cnico del\u00a0Villarreal, Unai Emery,\u00a0destac\u00f3 el nivel actual del\u00a0Liverpool, su rival este mi\u00e9rcoles en la ida por las semifinales de la\u00a0Champions, donde la inclusi\u00f3n del extremo guajiro\u00a0Luis D\u00edaz\u00a0ha sido fundamental y lo convierte en uno de los mejores equipos de los \u00faltimos a\u00f1os. \u201cHan firmado a [&hellip;]","og_url":"https:\/\/futbolhoy.co\/index.php\/2022\/04\/26\/emery-elogio-el-trabajo-de-luis-diaz\/","article_publisher":"https:\/\/www.facebook.com\/FutbolHoyCol\/","article_published_time":"2022-04-26T23:32:32+00:00","article_modified_time":"2022-04-27T13:10:05+00:00","og_image":[{"width":1440,"height":1800,"url":"https:\/\/futbolhoy.co\/wp-content\/uploads\/2022\/04\/FQK14gjX0BIsfS-.jpg","type":"image\/jpeg"}],"author":"Laura Hern\u00e1ndez","twitter_card":"summary_large_image","twitter_creator":"@FutbolHoyCol","twitter_site":"@FutbolHoyCol","twitter_misc":{"Escrito por":"Laura Hern\u00e1ndez","Tiempo de lectura":"1 minuto"},"schema":{"@context":"https:\/\/schema.org","@graph":[{"@type":"Article","@id":"https:\/\/futbolhoy.co\/index.php\/2022\/04\/26\/emery-elogio-el-trabajo-de-luis-diaz\/#article","isPartOf":{"@id":"https:\/\/futbolhoy.co\/index.php\/2022\/04\/26\/emery-elogio-el-trabajo-de-luis-diaz\/"},"author":{"name":"Laura Hern\u00e1ndez","@id":"https:\/\/futbolhoy.co\/#\/schema\/person\/c4a353a512b127643723a34bb1812f7d"},"headline":"Emery elogi\u00f3 el trabajo de Luis D\u00edaz","datePublished":"2022-04-26T23:32:32+00:00","dateModified":"2022-04-27T13:10:05+00:00","mainEntityOfPage":{"@id":"https:\/\/futbolhoy.co\/index.php\/2022\/04\/26\/emery-elogio-el-trabajo-de-luis-diaz\/"},"wordCount":181,"commentCount":0,"publisher":{"@id":"https:\/\/futbolhoy.co\/#organization"},"image":{"@id":"https:\/\/futbolhoy.co\/index.php\/2022\/04\/26\/emery-elogio-el-trabajo-de-luis-diaz\/#primaryimage"},"thumbnailUrl":"https:\/\/futbolhoy.co\/wp-content\/uploads\/2022\/04\/FQK14gjX0BIsfS-.jpg","keywords":["Emery","Liverpool","Luis diaz","Villarral"],"articleSection":["Colombia"],"inLanguage":"es","potentialAction":[{"@type":"CommentAction","name":"Comment","target":["https:\/\/futbolhoy.co\/index.php\/2022\/04\/26\/emery-elogio-el-trabajo-de-luis-diaz\/#respond"]}]},{"@type":"WebPage","@id":"https:\/\/futbolhoy.co\/index.php\/2022\/04\/26\/emery-elogio-el-trabajo-de-luis-diaz\/","url":"https:\/\/futbolhoy.co\/index.php\/2022\/04\/26\/emery-elogio-el-trabajo-de-luis-diaz\/","name":"Emery elogi\u00f3 el trabajo de Luis D\u00edaz -","isPartOf":{"@id":"https:\/\/futbolhoy.co\/#website"},"primaryImageOfPage":{"@id":"https:\/\/futbolhoy.co\/index.php\/2022\/04\/26\/emery-elogio-el-trabajo-de-luis-diaz\/#primaryimage"},"image":{"@id":"https:\/\/futbolhoy.co\/index.php\/2022\/04\/26\/emery-elogio-el-trabajo-de-luis-diaz\/#primaryimage"},"thumbnailUrl":"https:\/\/futbolhoy.co\/wp-content\/uploads\/2022\/04\/FQK14gjX0BIsfS-.jpg","datePublished":"2022-04-26T23:32:32+00:00","dateModified":"2022-04-27T13:10:05+00:00","breadcrumb":{"@id":"https:\/\/futbolhoy.co\/index.php\/2022\/04\/26\/emery-elogio-el-trabajo-de-luis-diaz\/#breadcrumb"},"inLanguage":"es","potentialAction":[{"@type":"ReadAction","target":["https:\/\/futbolhoy.co\/index.php\/2022\/04\/26\/emery-elogio-el-trabajo-de-luis-diaz\/"]}]},{"@type":"ImageObject","inLanguage":"es","@id":"https:\/\/futbolhoy.co\/index.php\/2022\/04\/26\/emery-elogio-el-trabajo-de-luis-diaz\/#primaryimage","url":"https:\/\/futbolhoy.co\/wp-content\/uploads\/2022\/04\/FQK14gjX0BIsfS-.jpg","contentUrl":"https:\/\/futbolhoy.co\/wp-content\/uploads\/2022\/04\/FQK14gjX0BIsfS-.jpg","width":1440,"height":1800},{"@type":"BreadcrumbList","@id":"https:\/\/futbolhoy.co\/index.php\/2022\/04\/26\/emery-elogio-el-trabajo-de-luis-diaz\/#breadcrumb","itemListElement":[{"@type":"ListItem","position":1,"name":"Portada","item":"https:\/\/futbolhoy.co\/"},{"@type":"ListItem","position":2,"name":"Emery elogi\u00f3 el trabajo de Luis D\u00edaz"}]},{"@type":"WebSite","@id":"https:\/\/futbolhoy.co\/#website","url":"https:\/\/futbolhoy.co\/","name":"FutbolHoy","description":"","publisher":{"@id":"https:\/\/futbolhoy.co\/#organization"},"potentialAction":[{"@type":"SearchAction","target":{"@type":"EntryPoint","urlTemplate":"https:\/\/futbolhoy.co\/?s={search_term_string}"},"query-input":{"@type":"PropertyValueSpecification","valueRequired":true,"valueName":"search_term_string"}}],"inLanguage":"es"},{"@type":"Organization","@id":"https:\/\/futbolhoy.co\/#organization","name":"Futbolhoy.co","url":"https:\/\/futbolhoy.co\/","logo":{"@type":"ImageObject","inLanguage":"es","@id":"https:\/\/futbolhoy.co\/#\/schema\/logo\/image\/","url":"https:\/\/futbolhoy.co\/wp-content\/uploads\/2018\/08\/17426380_1906371736249227_6326180412931521141_n.jpg","contentUrl":"https:\/\/futbolhoy.co\/wp-content\/uploads\/2018\/08\/17426380_1906371736249227_6326180412931521141_n.jpg","width":960,"height":960,"caption":"Futbolhoy.co"},"image":{"@id":"https:\/\/futbolhoy.co\/#\/schema\/logo\/image\/"},"sameAs":["https:\/\/www.facebook.com\/FutbolHoyCol\/","https:\/\/x.com\/FutbolHoyCol","https:\/\/www.instagram.com\/futbolhoycol\/"]},{"@type":"Person","@id":"https:\/\/futbolhoy.co\/#\/schema\/person\/c4a353a512b127643723a34bb1812f7d","name":"Laura Hern\u00e1ndez","image":{"@type":"ImageObject","inLanguage":"es","@id":"https:\/\/futbolhoy.co\/#\/schema\/person\/image\/","url":"https:\/\/secure.gravatar.com\/avatar\/d25959a15b9b293a743f99181c7cfd01?s=96&d=mm&r=g","contentUrl":"https:\/\/secure.gravatar.com\/avatar\/d25959a15b9b293a743f99181c7cfd01?s=96&d=mm&r=g","caption":"Laura Hern\u00e1ndez"}}]}},"publishpress_future_action":{"enabled":false,"date":"2026-05-04 01:35:35","action":"change-status","newStatus":"draft","terms":[],"taxonomy":"category","extraData":[]},"publishpress_future_workflow_manual_trigger":{"enabledWorkflows":[]},"_links":{"self":[{"href":"https:\/\/futbolhoy.co\/index.php\/wp-json\/wp\/v2\/posts\/79367","targetHints":{"allow":["GET"]}}],"collection":[{"href":"https:\/\/futbolhoy.co\/index.php\/wp-json\/wp\/v2\/posts"}],"about":[{"href":"https:\/\/futbolhoy.co\/index.php\/wp-json\/wp\/v2\/types\/post"}],"author":[{"embeddable":true,"href":"https:\/\/futbolhoy.co\/index.php\/wp-json\/wp\/v2\/users\/5"}],"replies":[{"embeddable":true,"href":"https:\/\/futbolhoy.co\/index.php\/wp-json\/wp\/v2\/comments?post=79367"}],"version-history":[{"count":1,"href":"https:\/\/futbolhoy.co\/index.php\/wp-json\/wp\/v2\/posts\/79367\/revisions"}],"predecessor-version":[{"id":79370,"href":"https:\/\/futbolhoy.co\/index.php\/wp-json\/wp\/v2\/posts\/79367\/revisions\/79370"}],"wp:featuredmedia":[{"embeddable":true,"href":"https:\/\/futbolhoy.co\/index.php\/wp-json\/wp\/v2\/media\/79369"}],"wp:attachment":[{"href":"https:\/\/futbolhoy.co\/index.php\/wp-json\/wp\/v2\/media?parent=79367"}],"wp:term":[{"taxonomy":"category","embeddable":true,"href":"https:\/\/futbolhoy.co\/index.php\/wp-json\/wp\/v2\/categories?post=79367"},{"taxonomy":"post_tag","embeddable":true,"href":"https:\/\/futbolhoy.co\/index.php\/wp-json\/wp\/v2\/tags?post=79367"}],"curies":[{"name":"wp","href":"https:\/\/api.w.org\/{rel}","templated":true}]}}