{"id":79371,"date":"2022-04-26T21:04:15","date_gmt":"2022-04-27T02:04:15","guid":{"rendered":"https:\/\/futbolhoy.co\/?p=79371"},"modified":"2022-04-28T09:01:42","modified_gmt":"2022-04-28T14:01:42","slug":"plaza-de-santa-marta-fue-suspendida-10-fechas","status":"publish","type":"post","link":"https:\/\/futbolhoy.co\/index.php\/2022\/04\/26\/plaza-de-santa-marta-fue-suspendida-10-fechas\/","title":{"rendered":"Plaza de Santa Marta fue suspendida 10 fechas"},"content":{"rendered":"<p class=\"x_ydp6c8af5c6MsoNormal\" style=\"text-align: justify;\"><span style=\"font-family: helvetica, arial, sans-serif;\"><b>La Dimayor<\/b>\u00a0fall\u00f3 en el caso del partido que sostuvieron\u00a0<b>Uni\u00f3n Magdalena y Junior<\/b>\u00a0en la jornada 17 de la\u00a0<b>Liga BetPlay Dimayor I-2022<\/b>, tras los disturbios presentados en el\u00a0<b>estadio Sierra Nevada de Santa Marta<\/b>, que impidieron la normal finalizaci\u00f3n del compromiso.<\/span><\/p>\n<p class=\"x_ydp6c8af5c6MsoNormal\" style=\"text-align: justify;\"><span style=\"font-family: helvetica, arial, sans-serif;\">La plaza para el Magdalena fue suspendida 10 fechas y el club recibi\u00f3 una multa de 55 millones de pesos, adem\u00e1s de la p\u00e9rdida del compromiso por abandono, lo que entrega un marcador de 0-3 en favor del\u00a0<b>\u2018tibur\u00f3n\u2019<\/b>.<\/span><\/p>\n<p class=\"x_ydp6c8af5c6MsoNormal\" style=\"text-align: justify;\"><span style=\"font-family: helvetica, arial, sans-serif;\">Junior, por su parte, recibi\u00f3 una multa de 11 millones de pesos y su\u00a0<b>estadio Metropolitano de Barranquilla,<\/b>\u00a0inhabilitado 3 jornadas.<\/span><\/p>\n<p class=\"x_ydp6c8af5c6MsoNormal\" style=\"text-align: justify;\"><span style=\"font-family: helvetica, arial, sans-serif;\">Este resultado hunde a\u00fan m\u00e1s al\u00a0<b>\u2018ciclon bananero\u2019<\/b>\u00a0en el fondo de la tabla de posiciones con 10 puntos; mientras que Junior sum\u00f3 29 y se acerc\u00f3 a su clasificaci\u00f3n a los cuadrangulares.<\/span><\/p>\n","protected":false},"excerpt":{"rendered":"<p>La Dimayor\u00a0fall\u00f3 en el caso del partido que sostuvieron\u00a0Uni\u00f3n Magdalena y Junior\u00a0en la jornada 17 de la\u00a0Liga BetPlay Dimayor I-2022, tras los disturbios presentados en el\u00a0estadio Sierra Nevada de Santa Marta, que impidieron la normal finalizaci\u00f3n del compromiso. La plaza para el Magdalena fue suspendida 10 fechas y el club recibi\u00f3 una multa de 55 [&hellip;]<\/p>\n","protected":false},"author":5,"featured_media":79372,"comment_status":"open","ping_status":"open","sticky":false,"template":"","format":"standard","meta":{"_acf_changed":false,"footnotes":""},"categories":[7],"tags":[90,2328,1230],"class_list":{"0":"post-79371","1":"post","2":"type-post","3":"status-publish","4":"format-standard","5":"has-post-thumbnail","7":"category-liga-betplay","8":"tag-junior","9":"tag-sierra-nevada","10":"tag-union-magdalena"},"acf":[],"yoast_head":"<!-- This site is optimized with the Yoast SEO plugin v26.8 - https:\/\/yoast.com\/product\/yoast-seo-wordpress\/ -->\n<title>Plaza de Santa Marta fue suspendida 10 fechas -<\/title>\n<meta name=\"robots\" content=\"index, follow, max-snippet:-1, max-image-preview:large, max-video-preview:-1\" \/>\n<link rel=\"canonical\" href=\"https:\/\/futbolhoy.co\/index.php\/2022\/04\/26\/plaza-de-santa-marta-fue-suspendida-10-fechas\/\" \/>\n<meta property=\"og:locale\" content=\"es_ES\" \/>\n<meta property=\"og:type\" content=\"article\" \/>\n<meta property=\"og:title\" content=\"Plaza de Santa Marta fue suspendida 10 fechas -\" \/>\n<meta property=\"og:description\" content=\"La Dimayor\u00a0fall\u00f3 en el caso del partido que sostuvieron\u00a0Uni\u00f3n Magdalena y Junior\u00a0en la jornada 17 de la\u00a0Liga BetPlay Dimayor I-2022, tras los disturbios presentados en el\u00a0estadio Sierra Nevada de Santa Marta, que impidieron la normal finalizaci\u00f3n del compromiso. La plaza para el Magdalena fue suspendida 10 fechas y el club recibi\u00f3 una multa de 55 [&hellip;]\" \/>\n<meta property=\"og:url\" content=\"https:\/\/futbolhoy.co\/index.php\/2022\/04\/26\/plaza-de-santa-marta-fue-suspendida-10-fechas\/\" \/>\n<meta property=\"article:publisher\" content=\"https:\/\/www.facebook.com\/FutbolHoyCol\/\" \/>\n<meta property=\"article:published_time\" content=\"2022-04-27T02:04:15+00:00\" \/>\n<meta property=\"article:modified_time\" content=\"2022-04-28T14:01:42+00:00\" \/>\n<meta property=\"og:image\" content=\"https:\/\/futbolhoy.co\/wp-content\/uploads\/2022\/04\/HmdCtXOg.jpeg\" \/>\n\t<meta property=\"og:image:width\" content=\"2400\" \/>\n\t<meta property=\"og:image:height\" content=\"1230\" \/>\n\t<meta property=\"og:image:type\" content=\"image\/jpeg\" \/>\n<meta name=\"author\" content=\"Laura Hern\u00e1ndez\" \/>\n<meta name=\"twitter:card\" content=\"summary_large_image\" \/>\n<meta name=\"twitter:creator\" content=\"@FutbolHoyCol\" \/>\n<meta name=\"twitter:site\" content=\"@FutbolHoyCol\" \/>\n<meta name=\"twitter:label1\" content=\"Escrito por\" \/>\n\t<meta name=\"twitter:data1\" content=\"Laura Hern\u00e1ndez\" \/>\n\t<meta name=\"twitter:label2\" content=\"Tiempo de lectura\" \/>\n\t<meta name=\"twitter:data2\" content=\"1 minuto\" \/>\n<script type=\"application\/ld+json\" class=\"yoast-schema-graph\">{\"@context\":\"https:\/\/schema.org\",\"@graph\":[{\"@type\":\"Article\",\"@id\":\"https:\/\/futbolhoy.co\/index.php\/2022\/04\/26\/plaza-de-santa-marta-fue-suspendida-10-fechas\/#article\",\"isPartOf\":{\"@id\":\"https:\/\/futbolhoy.co\/index.php\/2022\/04\/26\/plaza-de-santa-marta-fue-suspendida-10-fechas\/\"},\"author\":{\"name\":\"Laura Hern\u00e1ndez\",\"@id\":\"https:\/\/futbolhoy.co\/#\/schema\/person\/c4a353a512b127643723a34bb1812f7d\"},\"headline\":\"Plaza de Santa Marta fue suspendida 10 fechas\",\"datePublished\":\"2022-04-27T02:04:15+00:00\",\"dateModified\":\"2022-04-28T14:01:42+00:00\",\"mainEntityOfPage\":{\"@id\":\"https:\/\/futbolhoy.co\/index.php\/2022\/04\/26\/plaza-de-santa-marta-fue-suspendida-10-fechas\/\"},\"wordCount\":144,\"commentCount\":0,\"publisher\":{\"@id\":\"https:\/\/futbolhoy.co\/#organization\"},\"image\":{\"@id\":\"https:\/\/futbolhoy.co\/index.php\/2022\/04\/26\/plaza-de-santa-marta-fue-suspendida-10-fechas\/#primaryimage\"},\"thumbnailUrl\":\"https:\/\/futbolhoy.co\/wp-content\/uploads\/2022\/04\/HmdCtXOg.jpeg\",\"keywords\":[\"Junior\",\"Sierra Nevada\",\"Uni\u00f3n Magdalena\"],\"articleSection\":[\"Liga BetPlay\"],\"inLanguage\":\"es\",\"potentialAction\":[{\"@type\":\"CommentAction\",\"name\":\"Comment\",\"target\":[\"https:\/\/futbolhoy.co\/index.php\/2022\/04\/26\/plaza-de-santa-marta-fue-suspendida-10-fechas\/#respond\"]}]},{\"@type\":\"WebPage\",\"@id\":\"https:\/\/futbolhoy.co\/index.php\/2022\/04\/26\/plaza-de-santa-marta-fue-suspendida-10-fechas\/\",\"url\":\"https:\/\/futbolhoy.co\/index.php\/2022\/04\/26\/plaza-de-santa-marta-fue-suspendida-10-fechas\/\",\"name\":\"Plaza de Santa Marta fue suspendida 10 fechas -\",\"isPartOf\":{\"@id\":\"https:\/\/futbolhoy.co\/#website\"},\"primaryImageOfPage\":{\"@id\":\"https:\/\/futbolhoy.co\/index.php\/2022\/04\/26\/plaza-de-santa-marta-fue-suspendida-10-fechas\/#primaryimage\"},\"image\":{\"@id\":\"https:\/\/futbolhoy.co\/index.php\/2022\/04\/26\/plaza-de-santa-marta-fue-suspendida-10-fechas\/#primaryimage\"},\"thumbnailUrl\":\"https:\/\/futbolhoy.co\/wp-content\/uploads\/2022\/04\/HmdCtXOg.jpeg\",\"datePublished\":\"2022-04-27T02:04:15+00:00\",\"dateModified\":\"2022-04-28T14:01:42+00:00\",\"breadcrumb\":{\"@id\":\"https:\/\/futbolhoy.co\/index.php\/2022\/04\/26\/plaza-de-santa-marta-fue-suspendida-10-fechas\/#breadcrumb\"},\"inLanguage\":\"es\",\"potentialAction\":[{\"@type\":\"ReadAction\",\"target\":[\"https:\/\/futbolhoy.co\/index.php\/2022\/04\/26\/plaza-de-santa-marta-fue-suspendida-10-fechas\/\"]}]},{\"@type\":\"ImageObject\",\"inLanguage\":\"es\",\"@id\":\"https:\/\/futbolhoy.co\/index.php\/2022\/04\/26\/plaza-de-santa-marta-fue-suspendida-10-fechas\/#primaryimage\",\"url\":\"https:\/\/futbolhoy.co\/wp-content\/uploads\/2022\/04\/HmdCtXOg.jpeg\",\"contentUrl\":\"https:\/\/futbolhoy.co\/wp-content\/uploads\/2022\/04\/HmdCtXOg.jpeg\",\"width\":2400,\"height\":1230},{\"@type\":\"BreadcrumbList\",\"@id\":\"https:\/\/futbolhoy.co\/index.php\/2022\/04\/26\/plaza-de-santa-marta-fue-suspendida-10-fechas\/#breadcrumb\",\"itemListElement\":[{\"@type\":\"ListItem\",\"position\":1,\"name\":\"Portada\",\"item\":\"https:\/\/futbolhoy.co\/\"},{\"@type\":\"ListItem\",\"position\":2,\"name\":\"Plaza de Santa Marta fue suspendida 10 fechas\"}]},{\"@type\":\"WebSite\",\"@id\":\"https:\/\/futbolhoy.co\/#website\",\"url\":\"https:\/\/futbolhoy.co\/\",\"name\":\"FutbolHoy\",\"description\":\"\",\"publisher\":{\"@id\":\"https:\/\/futbolhoy.co\/#organization\"},\"potentialAction\":[{\"@type\":\"SearchAction\",\"target\":{\"@type\":\"EntryPoint\",\"urlTemplate\":\"https:\/\/futbolhoy.co\/?s={search_term_string}\"},\"query-input\":{\"@type\":\"PropertyValueSpecification\",\"valueRequired\":true,\"valueName\":\"search_term_string\"}}],\"inLanguage\":\"es\"},{\"@type\":\"Organization\",\"@id\":\"https:\/\/futbolhoy.co\/#organization\",\"name\":\"Futbolhoy.co\",\"url\":\"https:\/\/futbolhoy.co\/\",\"logo\":{\"@type\":\"ImageObject\",\"inLanguage\":\"es\",\"@id\":\"https:\/\/futbolhoy.co\/#\/schema\/logo\/image\/\",\"url\":\"https:\/\/futbolhoy.co\/wp-content\/uploads\/2018\/08\/17426380_1906371736249227_6326180412931521141_n.jpg\",\"contentUrl\":\"https:\/\/futbolhoy.co\/wp-content\/uploads\/2018\/08\/17426380_1906371736249227_6326180412931521141_n.jpg\",\"width\":960,\"height\":960,\"caption\":\"Futbolhoy.co\"},\"image\":{\"@id\":\"https:\/\/futbolhoy.co\/#\/schema\/logo\/image\/\"},\"sameAs\":[\"https:\/\/www.facebook.com\/FutbolHoyCol\/\",\"https:\/\/x.com\/FutbolHoyCol\",\"https:\/\/www.instagram.com\/futbolhoycol\/\"]},{\"@type\":\"Person\",\"@id\":\"https:\/\/futbolhoy.co\/#\/schema\/person\/c4a353a512b127643723a34bb1812f7d\",\"name\":\"Laura Hern\u00e1ndez\",\"image\":{\"@type\":\"ImageObject\",\"inLanguage\":\"es\",\"@id\":\"https:\/\/futbolhoy.co\/#\/schema\/person\/image\/\",\"url\":\"https:\/\/secure.gravatar.com\/avatar\/d25959a15b9b293a743f99181c7cfd01?s=96&d=mm&r=g\",\"contentUrl\":\"https:\/\/secure.gravatar.com\/avatar\/d25959a15b9b293a743f99181c7cfd01?s=96&d=mm&r=g\",\"caption\":\"Laura Hern\u00e1ndez\"}}]}<\/script>\n<!-- \/ Yoast SEO plugin. -->","yoast_head_json":{"title":"Plaza de Santa Marta fue suspendida 10 fechas -","robots":{"index":"index","follow":"follow","max-snippet":"max-snippet:-1","max-image-preview":"max-image-preview:large","max-video-preview":"max-video-preview:-1"},"canonical":"https:\/\/futbolhoy.co\/index.php\/2022\/04\/26\/plaza-de-santa-marta-fue-suspendida-10-fechas\/","og_locale":"es_ES","og_type":"article","og_title":"Plaza de Santa Marta fue suspendida 10 fechas -","og_description":"La Dimayor\u00a0fall\u00f3 en el caso del partido que sostuvieron\u00a0Uni\u00f3n Magdalena y Junior\u00a0en la jornada 17 de la\u00a0Liga BetPlay Dimayor I-2022, tras los disturbios presentados en el\u00a0estadio Sierra Nevada de Santa Marta, que impidieron la normal finalizaci\u00f3n del compromiso. La plaza para el Magdalena fue suspendida 10 fechas y el club recibi\u00f3 una multa de 55 [&hellip;]","og_url":"https:\/\/futbolhoy.co\/index.php\/2022\/04\/26\/plaza-de-santa-marta-fue-suspendida-10-fechas\/","article_publisher":"https:\/\/www.facebook.com\/FutbolHoyCol\/","article_published_time":"2022-04-27T02:04:15+00:00","article_modified_time":"2022-04-28T14:01:42+00:00","og_image":[{"width":2400,"height":1230,"url":"https:\/\/futbolhoy.co\/wp-content\/uploads\/2022\/04\/HmdCtXOg.jpeg","type":"image\/jpeg"}],"author":"Laura Hern\u00e1ndez","twitter_card":"summary_large_image","twitter_creator":"@FutbolHoyCol","twitter_site":"@FutbolHoyCol","twitter_misc":{"Escrito por":"Laura Hern\u00e1ndez","Tiempo de lectura":"1 minuto"},"schema":{"@context":"https:\/\/schema.org","@graph":[{"@type":"Article","@id":"https:\/\/futbolhoy.co\/index.php\/2022\/04\/26\/plaza-de-santa-marta-fue-suspendida-10-fechas\/#article","isPartOf":{"@id":"https:\/\/futbolhoy.co\/index.php\/2022\/04\/26\/plaza-de-santa-marta-fue-suspendida-10-fechas\/"},"author":{"name":"Laura Hern\u00e1ndez","@id":"https:\/\/futbolhoy.co\/#\/schema\/person\/c4a353a512b127643723a34bb1812f7d"},"headline":"Plaza de Santa Marta fue suspendida 10 fechas","datePublished":"2022-04-27T02:04:15+00:00","dateModified":"2022-04-28T14:01:42+00:00","mainEntityOfPage":{"@id":"https:\/\/futbolhoy.co\/index.php\/2022\/04\/26\/plaza-de-santa-marta-fue-suspendida-10-fechas\/"},"wordCount":144,"commentCount":0,"publisher":{"@id":"https:\/\/futbolhoy.co\/#organization"},"image":{"@id":"https:\/\/futbolhoy.co\/index.php\/2022\/04\/26\/plaza-de-santa-marta-fue-suspendida-10-fechas\/#primaryimage"},"thumbnailUrl":"https:\/\/futbolhoy.co\/wp-content\/uploads\/2022\/04\/HmdCtXOg.jpeg","keywords":["Junior","Sierra Nevada","Uni\u00f3n Magdalena"],"articleSection":["Liga BetPlay"],"inLanguage":"es","potentialAction":[{"@type":"CommentAction","name":"Comment","target":["https:\/\/futbolhoy.co\/index.php\/2022\/04\/26\/plaza-de-santa-marta-fue-suspendida-10-fechas\/#respond"]}]},{"@type":"WebPage","@id":"https:\/\/futbolhoy.co\/index.php\/2022\/04\/26\/plaza-de-santa-marta-fue-suspendida-10-fechas\/","url":"https:\/\/futbolhoy.co\/index.php\/2022\/04\/26\/plaza-de-santa-marta-fue-suspendida-10-fechas\/","name":"Plaza de Santa Marta fue suspendida 10 fechas -","isPartOf":{"@id":"https:\/\/futbolhoy.co\/#website"},"primaryImageOfPage":{"@id":"https:\/\/futbolhoy.co\/index.php\/2022\/04\/26\/plaza-de-santa-marta-fue-suspendida-10-fechas\/#primaryimage"},"image":{"@id":"https:\/\/futbolhoy.co\/index.php\/2022\/04\/26\/plaza-de-santa-marta-fue-suspendida-10-fechas\/#primaryimage"},"thumbnailUrl":"https:\/\/futbolhoy.co\/wp-content\/uploads\/2022\/04\/HmdCtXOg.jpeg","datePublished":"2022-04-27T02:04:15+00:00","dateModified":"2022-04-28T14:01:42+00:00","breadcrumb":{"@id":"https:\/\/futbolhoy.co\/index.php\/2022\/04\/26\/plaza-de-santa-marta-fue-suspendida-10-fechas\/#breadcrumb"},"inLanguage":"es","potentialAction":[{"@type":"ReadAction","target":["https:\/\/futbolhoy.co\/index.php\/2022\/04\/26\/plaza-de-santa-marta-fue-suspendida-10-fechas\/"]}]},{"@type":"ImageObject","inLanguage":"es","@id":"https:\/\/futbolhoy.co\/index.php\/2022\/04\/26\/plaza-de-santa-marta-fue-suspendida-10-fechas\/#primaryimage","url":"https:\/\/futbolhoy.co\/wp-content\/uploads\/2022\/04\/HmdCtXOg.jpeg","contentUrl":"https:\/\/futbolhoy.co\/wp-content\/uploads\/2022\/04\/HmdCtXOg.jpeg","width":2400,"height":1230},{"@type":"BreadcrumbList","@id":"https:\/\/futbolhoy.co\/index.php\/2022\/04\/26\/plaza-de-santa-marta-fue-suspendida-10-fechas\/#breadcrumb","itemListElement":[{"@type":"ListItem","position":1,"name":"Portada","item":"https:\/\/futbolhoy.co\/"},{"@type":"ListItem","position":2,"name":"Plaza de Santa Marta fue suspendida 10 fechas"}]},{"@type":"WebSite","@id":"https:\/\/futbolhoy.co\/#website","url":"https:\/\/futbolhoy.co\/","name":"FutbolHoy","description":"","publisher":{"@id":"https:\/\/futbolhoy.co\/#organization"},"potentialAction":[{"@type":"SearchAction","target":{"@type":"EntryPoint","urlTemplate":"https:\/\/futbolhoy.co\/?s={search_term_string}"},"query-input":{"@type":"PropertyValueSpecification","valueRequired":true,"valueName":"search_term_string"}}],"inLanguage":"es"},{"@type":"Organization","@id":"https:\/\/futbolhoy.co\/#organization","name":"Futbolhoy.co","url":"https:\/\/futbolhoy.co\/","logo":{"@type":"ImageObject","inLanguage":"es","@id":"https:\/\/futbolhoy.co\/#\/schema\/logo\/image\/","url":"https:\/\/futbolhoy.co\/wp-content\/uploads\/2018\/08\/17426380_1906371736249227_6326180412931521141_n.jpg","contentUrl":"https:\/\/futbolhoy.co\/wp-content\/uploads\/2018\/08\/17426380_1906371736249227_6326180412931521141_n.jpg","width":960,"height":960,"caption":"Futbolhoy.co"},"image":{"@id":"https:\/\/futbolhoy.co\/#\/schema\/logo\/image\/"},"sameAs":["https:\/\/www.facebook.com\/FutbolHoyCol\/","https:\/\/x.com\/FutbolHoyCol","https:\/\/www.instagram.com\/futbolhoycol\/"]},{"@type":"Person","@id":"https:\/\/futbolhoy.co\/#\/schema\/person\/c4a353a512b127643723a34bb1812f7d","name":"Laura Hern\u00e1ndez","image":{"@type":"ImageObject","inLanguage":"es","@id":"https:\/\/futbolhoy.co\/#\/schema\/person\/image\/","url":"https:\/\/secure.gravatar.com\/avatar\/d25959a15b9b293a743f99181c7cfd01?s=96&d=mm&r=g","contentUrl":"https:\/\/secure.gravatar.com\/avatar\/d25959a15b9b293a743f99181c7cfd01?s=96&d=mm&r=g","caption":"Laura Hern\u00e1ndez"}}]}},"publishpress_future_action":{"enabled":false,"date":"2026-05-06 14:21:35","action":"change-status","newStatus":"draft","terms":[],"taxonomy":"category","extraData":[]},"publishpress_future_workflow_manual_trigger":{"enabledWorkflows":[]},"_links":{"self":[{"href":"https:\/\/futbolhoy.co\/index.php\/wp-json\/wp\/v2\/posts\/79371","targetHints":{"allow":["GET"]}}],"collection":[{"href":"https:\/\/futbolhoy.co\/index.php\/wp-json\/wp\/v2\/posts"}],"about":[{"href":"https:\/\/futbolhoy.co\/index.php\/wp-json\/wp\/v2\/types\/post"}],"author":[{"embeddable":true,"href":"https:\/\/futbolhoy.co\/index.php\/wp-json\/wp\/v2\/users\/5"}],"replies":[{"embeddable":true,"href":"https:\/\/futbolhoy.co\/index.php\/wp-json\/wp\/v2\/comments?post=79371"}],"version-history":[{"count":1,"href":"https:\/\/futbolhoy.co\/index.php\/wp-json\/wp\/v2\/posts\/79371\/revisions"}],"predecessor-version":[{"id":79373,"href":"https:\/\/futbolhoy.co\/index.php\/wp-json\/wp\/v2\/posts\/79371\/revisions\/79373"}],"wp:featuredmedia":[{"embeddable":true,"href":"https:\/\/futbolhoy.co\/index.php\/wp-json\/wp\/v2\/media\/79372"}],"wp:attachment":[{"href":"https:\/\/futbolhoy.co\/index.php\/wp-json\/wp\/v2\/media?parent=79371"}],"wp:term":[{"taxonomy":"category","embeddable":true,"href":"https:\/\/futbolhoy.co\/index.php\/wp-json\/wp\/v2\/categories?post=79371"},{"taxonomy":"post_tag","embeddable":true,"href":"https:\/\/futbolhoy.co\/index.php\/wp-json\/wp\/v2\/tags?post=79371"}],"curies":[{"name":"wp","href":"https:\/\/api.w.org\/{rel}","templated":true}]}}