{"id":79425,"date":"2022-04-28T17:44:48","date_gmt":"2022-04-28T22:44:48","guid":{"rendered":"https:\/\/futbolhoy.co\/?p=79425"},"modified":"2022-04-28T23:00:25","modified_gmt":"2022-04-29T04:00:25","slug":"frankfurt-dio-un-gran-paso-en-la-europa-league","status":"publish","type":"post","link":"https:\/\/futbolhoy.co\/index.php\/2022\/04\/28\/frankfurt-dio-un-gran-paso-en-la-europa-league\/","title":{"rendered":"Frankfurt dio un gran paso en la Europa League"},"content":{"rendered":"<p style=\"text-align: justify;\"><span style=\"font-family: helvetica, arial, sans-serif;\">El\u00a0<b>Eintracht Frankfurt<\/b>\u00a0se impuso como visitante 1-2 al\u00a0<b>West Ham United<\/b>\u00a0en Inglaterra por la ida de las semifinales de la\u00a0<b>Europa League<\/b>\u00a0y dio un paso firme en busca de la final del torneo.<\/span><\/p>\n<p style=\"text-align: justify;\"><span style=\"font-family: helvetica, arial, sans-serif;\">Los goles alemanes los convirtieron\u00a0<b>Ansgar Knauff<\/b>\u00a0al minuto de iniciado el partido con asistencia del barranquillero\u00a0<b>Rafael Santos Borr\u00e9 y Daichi Kamada<\/b>\u00a0a los 54 minutos. El descuento lo alcanz\u00f3\u00a0<b>Michail Antonio<\/b>\u00a0a los 21.<\/span><\/p>\n<p style=\"text-align: justify;\"><span style=\"font-family: helvetica, arial, sans-serif;\">En la otra serie el\u00a0<b>Leipzig<\/b>\u00a0dobleg\u00f3 1-0 al\u00a0<b>Rangers de Escocia<\/b>, con gol de\u00a0<b>Angeli\u00f1o<\/b>\u00a0a los 85. En el conjunto brit\u00e1nico no estuvo el cordob\u00e9s Alfredo Morelos por lesi\u00f3n.<\/span><\/p>\n<p style=\"text-align: justify;\"><span style=\"font-family: helvetica, arial, sans-serif;\">Los juegos de vuelta ser\u00e1n el jueves 5 de mayo.<\/span><\/p>\n","protected":false},"excerpt":{"rendered":"<p>El\u00a0Eintracht Frankfurt\u00a0se impuso como visitante 1-2 al\u00a0West Ham United\u00a0en Inglaterra por la ida de las semifinales de la\u00a0Europa League\u00a0y dio un paso firme en busca de la final del torneo. Los goles alemanes los convirtieron\u00a0Ansgar Knauff\u00a0al minuto de iniciado el partido con asistencia del barranquillero\u00a0Rafael Santos Borr\u00e9 y Daichi Kamada\u00a0a los 54 minutos. El descuento [&hellip;]<\/p>\n","protected":false},"author":5,"featured_media":79427,"comment_status":"open","ping_status":"open","sticky":false,"template":"","format":"standard","meta":{"_acf_changed":false,"footnotes":""},"categories":[152],"tags":[],"class_list":{"0":"post-79425","1":"post","2":"type-post","3":"status-publish","4":"format-standard","5":"has-post-thumbnail","7":"category-mundo-futbol"},"acf":[],"yoast_head":"<!-- This site is optimized with the Yoast SEO plugin v26.8 - https:\/\/yoast.com\/product\/yoast-seo-wordpress\/ -->\n<title>Frankfurt dio un gran paso en la Europa League -<\/title>\n<meta name=\"robots\" content=\"index, follow, max-snippet:-1, max-image-preview:large, max-video-preview:-1\" \/>\n<link rel=\"canonical\" href=\"https:\/\/futbolhoy.co\/index.php\/2022\/04\/28\/frankfurt-dio-un-gran-paso-en-la-europa-league\/\" \/>\n<meta property=\"og:locale\" content=\"es_ES\" \/>\n<meta property=\"og:type\" content=\"article\" \/>\n<meta property=\"og:title\" content=\"Frankfurt dio un gran paso en la Europa League -\" \/>\n<meta property=\"og:description\" content=\"El\u00a0Eintracht Frankfurt\u00a0se impuso como visitante 1-2 al\u00a0West Ham United\u00a0en Inglaterra por la ida de las semifinales de la\u00a0Europa League\u00a0y dio un paso firme en busca de la final del torneo. Los goles alemanes los convirtieron\u00a0Ansgar Knauff\u00a0al minuto de iniciado el partido con asistencia del barranquillero\u00a0Rafael Santos Borr\u00e9 y Daichi Kamada\u00a0a los 54 minutos. El descuento [&hellip;]\" \/>\n<meta property=\"og:url\" content=\"https:\/\/futbolhoy.co\/index.php\/2022\/04\/28\/frankfurt-dio-un-gran-paso-en-la-europa-league\/\" \/>\n<meta property=\"article:publisher\" content=\"https:\/\/www.facebook.com\/FutbolHoyCol\/\" \/>\n<meta property=\"article:published_time\" content=\"2022-04-28T22:44:48+00:00\" \/>\n<meta property=\"article:modified_time\" content=\"2022-04-29T04:00:25+00:00\" \/>\n<meta property=\"og:image\" content=\"https:\/\/futbolhoy.co\/wp-content\/uploads\/2022\/04\/20220428_173828.jpg\" \/>\n\t<meta property=\"og:image:width\" content=\"1170\" \/>\n\t<meta property=\"og:image:height\" content=\"1439\" \/>\n\t<meta property=\"og:image:type\" content=\"image\/jpeg\" \/>\n<meta name=\"author\" content=\"Laura Hern\u00e1ndez\" \/>\n<meta name=\"twitter:card\" content=\"summary_large_image\" \/>\n<meta name=\"twitter:creator\" content=\"@FutbolHoyCol\" \/>\n<meta name=\"twitter:site\" content=\"@FutbolHoyCol\" \/>\n<meta name=\"twitter:label1\" content=\"Escrito por\" \/>\n\t<meta name=\"twitter:data1\" content=\"Laura Hern\u00e1ndez\" \/>\n\t<meta name=\"twitter:label2\" content=\"Tiempo de lectura\" \/>\n\t<meta name=\"twitter:data2\" content=\"1 minuto\" \/>\n<script type=\"application\/ld+json\" class=\"yoast-schema-graph\">{\"@context\":\"https:\/\/schema.org\",\"@graph\":[{\"@type\":\"Article\",\"@id\":\"https:\/\/futbolhoy.co\/index.php\/2022\/04\/28\/frankfurt-dio-un-gran-paso-en-la-europa-league\/#article\",\"isPartOf\":{\"@id\":\"https:\/\/futbolhoy.co\/index.php\/2022\/04\/28\/frankfurt-dio-un-gran-paso-en-la-europa-league\/\"},\"author\":{\"name\":\"Laura Hern\u00e1ndez\",\"@id\":\"https:\/\/futbolhoy.co\/#\/schema\/person\/c4a353a512b127643723a34bb1812f7d\"},\"headline\":\"Frankfurt dio un gran paso en la Europa League\",\"datePublished\":\"2022-04-28T22:44:48+00:00\",\"dateModified\":\"2022-04-29T04:00:25+00:00\",\"mainEntityOfPage\":{\"@id\":\"https:\/\/futbolhoy.co\/index.php\/2022\/04\/28\/frankfurt-dio-un-gran-paso-en-la-europa-league\/\"},\"wordCount\":123,\"commentCount\":0,\"publisher\":{\"@id\":\"https:\/\/futbolhoy.co\/#organization\"},\"image\":{\"@id\":\"https:\/\/futbolhoy.co\/index.php\/2022\/04\/28\/frankfurt-dio-un-gran-paso-en-la-europa-league\/#primaryimage\"},\"thumbnailUrl\":\"https:\/\/futbolhoy.co\/wp-content\/uploads\/2022\/04\/20220428_173828.jpg\",\"articleSection\":[\"Mundo Futbol\"],\"inLanguage\":\"es\",\"potentialAction\":[{\"@type\":\"CommentAction\",\"name\":\"Comment\",\"target\":[\"https:\/\/futbolhoy.co\/index.php\/2022\/04\/28\/frankfurt-dio-un-gran-paso-en-la-europa-league\/#respond\"]}]},{\"@type\":\"WebPage\",\"@id\":\"https:\/\/futbolhoy.co\/index.php\/2022\/04\/28\/frankfurt-dio-un-gran-paso-en-la-europa-league\/\",\"url\":\"https:\/\/futbolhoy.co\/index.php\/2022\/04\/28\/frankfurt-dio-un-gran-paso-en-la-europa-league\/\",\"name\":\"Frankfurt dio un gran paso en la Europa League -\",\"isPartOf\":{\"@id\":\"https:\/\/futbolhoy.co\/#website\"},\"primaryImageOfPage\":{\"@id\":\"https:\/\/futbolhoy.co\/index.php\/2022\/04\/28\/frankfurt-dio-un-gran-paso-en-la-europa-league\/#primaryimage\"},\"image\":{\"@id\":\"https:\/\/futbolhoy.co\/index.php\/2022\/04\/28\/frankfurt-dio-un-gran-paso-en-la-europa-league\/#primaryimage\"},\"thumbnailUrl\":\"https:\/\/futbolhoy.co\/wp-content\/uploads\/2022\/04\/20220428_173828.jpg\",\"datePublished\":\"2022-04-28T22:44:48+00:00\",\"dateModified\":\"2022-04-29T04:00:25+00:00\",\"breadcrumb\":{\"@id\":\"https:\/\/futbolhoy.co\/index.php\/2022\/04\/28\/frankfurt-dio-un-gran-paso-en-la-europa-league\/#breadcrumb\"},\"inLanguage\":\"es\",\"potentialAction\":[{\"@type\":\"ReadAction\",\"target\":[\"https:\/\/futbolhoy.co\/index.php\/2022\/04\/28\/frankfurt-dio-un-gran-paso-en-la-europa-league\/\"]}]},{\"@type\":\"ImageObject\",\"inLanguage\":\"es\",\"@id\":\"https:\/\/futbolhoy.co\/index.php\/2022\/04\/28\/frankfurt-dio-un-gran-paso-en-la-europa-league\/#primaryimage\",\"url\":\"https:\/\/futbolhoy.co\/wp-content\/uploads\/2022\/04\/20220428_173828.jpg\",\"contentUrl\":\"https:\/\/futbolhoy.co\/wp-content\/uploads\/2022\/04\/20220428_173828.jpg\",\"width\":1170,\"height\":1439},{\"@type\":\"BreadcrumbList\",\"@id\":\"https:\/\/futbolhoy.co\/index.php\/2022\/04\/28\/frankfurt-dio-un-gran-paso-en-la-europa-league\/#breadcrumb\",\"itemListElement\":[{\"@type\":\"ListItem\",\"position\":1,\"name\":\"Portada\",\"item\":\"https:\/\/futbolhoy.co\/\"},{\"@type\":\"ListItem\",\"position\":2,\"name\":\"Frankfurt dio un gran paso en la Europa League\"}]},{\"@type\":\"WebSite\",\"@id\":\"https:\/\/futbolhoy.co\/#website\",\"url\":\"https:\/\/futbolhoy.co\/\",\"name\":\"FutbolHoy\",\"description\":\"\",\"publisher\":{\"@id\":\"https:\/\/futbolhoy.co\/#organization\"},\"potentialAction\":[{\"@type\":\"SearchAction\",\"target\":{\"@type\":\"EntryPoint\",\"urlTemplate\":\"https:\/\/futbolhoy.co\/?s={search_term_string}\"},\"query-input\":{\"@type\":\"PropertyValueSpecification\",\"valueRequired\":true,\"valueName\":\"search_term_string\"}}],\"inLanguage\":\"es\"},{\"@type\":\"Organization\",\"@id\":\"https:\/\/futbolhoy.co\/#organization\",\"name\":\"Futbolhoy.co\",\"url\":\"https:\/\/futbolhoy.co\/\",\"logo\":{\"@type\":\"ImageObject\",\"inLanguage\":\"es\",\"@id\":\"https:\/\/futbolhoy.co\/#\/schema\/logo\/image\/\",\"url\":\"https:\/\/futbolhoy.co\/wp-content\/uploads\/2018\/08\/17426380_1906371736249227_6326180412931521141_n.jpg\",\"contentUrl\":\"https:\/\/futbolhoy.co\/wp-content\/uploads\/2018\/08\/17426380_1906371736249227_6326180412931521141_n.jpg\",\"width\":960,\"height\":960,\"caption\":\"Futbolhoy.co\"},\"image\":{\"@id\":\"https:\/\/futbolhoy.co\/#\/schema\/logo\/image\/\"},\"sameAs\":[\"https:\/\/www.facebook.com\/FutbolHoyCol\/\",\"https:\/\/x.com\/FutbolHoyCol\",\"https:\/\/www.instagram.com\/futbolhoycol\/\"]},{\"@type\":\"Person\",\"@id\":\"https:\/\/futbolhoy.co\/#\/schema\/person\/c4a353a512b127643723a34bb1812f7d\",\"name\":\"Laura Hern\u00e1ndez\",\"image\":{\"@type\":\"ImageObject\",\"inLanguage\":\"es\",\"@id\":\"https:\/\/futbolhoy.co\/#\/schema\/person\/image\/\",\"url\":\"https:\/\/secure.gravatar.com\/avatar\/d25959a15b9b293a743f99181c7cfd01?s=96&d=mm&r=g\",\"contentUrl\":\"https:\/\/secure.gravatar.com\/avatar\/d25959a15b9b293a743f99181c7cfd01?s=96&d=mm&r=g\",\"caption\":\"Laura Hern\u00e1ndez\"}}]}<\/script>\n<!-- \/ Yoast SEO plugin. -->","yoast_head_json":{"title":"Frankfurt dio un gran paso en la Europa League -","robots":{"index":"index","follow":"follow","max-snippet":"max-snippet:-1","max-image-preview":"max-image-preview:large","max-video-preview":"max-video-preview:-1"},"canonical":"https:\/\/futbolhoy.co\/index.php\/2022\/04\/28\/frankfurt-dio-un-gran-paso-en-la-europa-league\/","og_locale":"es_ES","og_type":"article","og_title":"Frankfurt dio un gran paso en la Europa League -","og_description":"El\u00a0Eintracht Frankfurt\u00a0se impuso como visitante 1-2 al\u00a0West Ham United\u00a0en Inglaterra por la ida de las semifinales de la\u00a0Europa League\u00a0y dio un paso firme en busca de la final del torneo. Los goles alemanes los convirtieron\u00a0Ansgar Knauff\u00a0al minuto de iniciado el partido con asistencia del barranquillero\u00a0Rafael Santos Borr\u00e9 y Daichi Kamada\u00a0a los 54 minutos. El descuento [&hellip;]","og_url":"https:\/\/futbolhoy.co\/index.php\/2022\/04\/28\/frankfurt-dio-un-gran-paso-en-la-europa-league\/","article_publisher":"https:\/\/www.facebook.com\/FutbolHoyCol\/","article_published_time":"2022-04-28T22:44:48+00:00","article_modified_time":"2022-04-29T04:00:25+00:00","og_image":[{"width":1170,"height":1439,"url":"https:\/\/futbolhoy.co\/wp-content\/uploads\/2022\/04\/20220428_173828.jpg","type":"image\/jpeg"}],"author":"Laura Hern\u00e1ndez","twitter_card":"summary_large_image","twitter_creator":"@FutbolHoyCol","twitter_site":"@FutbolHoyCol","twitter_misc":{"Escrito por":"Laura Hern\u00e1ndez","Tiempo de lectura":"1 minuto"},"schema":{"@context":"https:\/\/schema.org","@graph":[{"@type":"Article","@id":"https:\/\/futbolhoy.co\/index.php\/2022\/04\/28\/frankfurt-dio-un-gran-paso-en-la-europa-league\/#article","isPartOf":{"@id":"https:\/\/futbolhoy.co\/index.php\/2022\/04\/28\/frankfurt-dio-un-gran-paso-en-la-europa-league\/"},"author":{"name":"Laura Hern\u00e1ndez","@id":"https:\/\/futbolhoy.co\/#\/schema\/person\/c4a353a512b127643723a34bb1812f7d"},"headline":"Frankfurt dio un gran paso en la Europa League","datePublished":"2022-04-28T22:44:48+00:00","dateModified":"2022-04-29T04:00:25+00:00","mainEntityOfPage":{"@id":"https:\/\/futbolhoy.co\/index.php\/2022\/04\/28\/frankfurt-dio-un-gran-paso-en-la-europa-league\/"},"wordCount":123,"commentCount":0,"publisher":{"@id":"https:\/\/futbolhoy.co\/#organization"},"image":{"@id":"https:\/\/futbolhoy.co\/index.php\/2022\/04\/28\/frankfurt-dio-un-gran-paso-en-la-europa-league\/#primaryimage"},"thumbnailUrl":"https:\/\/futbolhoy.co\/wp-content\/uploads\/2022\/04\/20220428_173828.jpg","articleSection":["Mundo Futbol"],"inLanguage":"es","potentialAction":[{"@type":"CommentAction","name":"Comment","target":["https:\/\/futbolhoy.co\/index.php\/2022\/04\/28\/frankfurt-dio-un-gran-paso-en-la-europa-league\/#respond"]}]},{"@type":"WebPage","@id":"https:\/\/futbolhoy.co\/index.php\/2022\/04\/28\/frankfurt-dio-un-gran-paso-en-la-europa-league\/","url":"https:\/\/futbolhoy.co\/index.php\/2022\/04\/28\/frankfurt-dio-un-gran-paso-en-la-europa-league\/","name":"Frankfurt dio un gran paso en la Europa League -","isPartOf":{"@id":"https:\/\/futbolhoy.co\/#website"},"primaryImageOfPage":{"@id":"https:\/\/futbolhoy.co\/index.php\/2022\/04\/28\/frankfurt-dio-un-gran-paso-en-la-europa-league\/#primaryimage"},"image":{"@id":"https:\/\/futbolhoy.co\/index.php\/2022\/04\/28\/frankfurt-dio-un-gran-paso-en-la-europa-league\/#primaryimage"},"thumbnailUrl":"https:\/\/futbolhoy.co\/wp-content\/uploads\/2022\/04\/20220428_173828.jpg","datePublished":"2022-04-28T22:44:48+00:00","dateModified":"2022-04-29T04:00:25+00:00","breadcrumb":{"@id":"https:\/\/futbolhoy.co\/index.php\/2022\/04\/28\/frankfurt-dio-un-gran-paso-en-la-europa-league\/#breadcrumb"},"inLanguage":"es","potentialAction":[{"@type":"ReadAction","target":["https:\/\/futbolhoy.co\/index.php\/2022\/04\/28\/frankfurt-dio-un-gran-paso-en-la-europa-league\/"]}]},{"@type":"ImageObject","inLanguage":"es","@id":"https:\/\/futbolhoy.co\/index.php\/2022\/04\/28\/frankfurt-dio-un-gran-paso-en-la-europa-league\/#primaryimage","url":"https:\/\/futbolhoy.co\/wp-content\/uploads\/2022\/04\/20220428_173828.jpg","contentUrl":"https:\/\/futbolhoy.co\/wp-content\/uploads\/2022\/04\/20220428_173828.jpg","width":1170,"height":1439},{"@type":"BreadcrumbList","@id":"https:\/\/futbolhoy.co\/index.php\/2022\/04\/28\/frankfurt-dio-un-gran-paso-en-la-europa-league\/#breadcrumb","itemListElement":[{"@type":"ListItem","position":1,"name":"Portada","item":"https:\/\/futbolhoy.co\/"},{"@type":"ListItem","position":2,"name":"Frankfurt dio un gran paso en la Europa League"}]},{"@type":"WebSite","@id":"https:\/\/futbolhoy.co\/#website","url":"https:\/\/futbolhoy.co\/","name":"FutbolHoy","description":"","publisher":{"@id":"https:\/\/futbolhoy.co\/#organization"},"potentialAction":[{"@type":"SearchAction","target":{"@type":"EntryPoint","urlTemplate":"https:\/\/futbolhoy.co\/?s={search_term_string}"},"query-input":{"@type":"PropertyValueSpecification","valueRequired":true,"valueName":"search_term_string"}}],"inLanguage":"es"},{"@type":"Organization","@id":"https:\/\/futbolhoy.co\/#organization","name":"Futbolhoy.co","url":"https:\/\/futbolhoy.co\/","logo":{"@type":"ImageObject","inLanguage":"es","@id":"https:\/\/futbolhoy.co\/#\/schema\/logo\/image\/","url":"https:\/\/futbolhoy.co\/wp-content\/uploads\/2018\/08\/17426380_1906371736249227_6326180412931521141_n.jpg","contentUrl":"https:\/\/futbolhoy.co\/wp-content\/uploads\/2018\/08\/17426380_1906371736249227_6326180412931521141_n.jpg","width":960,"height":960,"caption":"Futbolhoy.co"},"image":{"@id":"https:\/\/futbolhoy.co\/#\/schema\/logo\/image\/"},"sameAs":["https:\/\/www.facebook.com\/FutbolHoyCol\/","https:\/\/x.com\/FutbolHoyCol","https:\/\/www.instagram.com\/futbolhoycol\/"]},{"@type":"Person","@id":"https:\/\/futbolhoy.co\/#\/schema\/person\/c4a353a512b127643723a34bb1812f7d","name":"Laura Hern\u00e1ndez","image":{"@type":"ImageObject","inLanguage":"es","@id":"https:\/\/futbolhoy.co\/#\/schema\/person\/image\/","url":"https:\/\/secure.gravatar.com\/avatar\/d25959a15b9b293a743f99181c7cfd01?s=96&d=mm&r=g","contentUrl":"https:\/\/secure.gravatar.com\/avatar\/d25959a15b9b293a743f99181c7cfd01?s=96&d=mm&r=g","caption":"Laura Hern\u00e1ndez"}}]}},"publishpress_future_action":{"enabled":false,"date":"2026-05-04 10:29:48","action":"change-status","newStatus":"draft","terms":[],"taxonomy":"category","extraData":[]},"publishpress_future_workflow_manual_trigger":{"enabledWorkflows":[]},"_links":{"self":[{"href":"https:\/\/futbolhoy.co\/index.php\/wp-json\/wp\/v2\/posts\/79425","targetHints":{"allow":["GET"]}}],"collection":[{"href":"https:\/\/futbolhoy.co\/index.php\/wp-json\/wp\/v2\/posts"}],"about":[{"href":"https:\/\/futbolhoy.co\/index.php\/wp-json\/wp\/v2\/types\/post"}],"author":[{"embeddable":true,"href":"https:\/\/futbolhoy.co\/index.php\/wp-json\/wp\/v2\/users\/5"}],"replies":[{"embeddable":true,"href":"https:\/\/futbolhoy.co\/index.php\/wp-json\/wp\/v2\/comments?post=79425"}],"version-history":[{"count":1,"href":"https:\/\/futbolhoy.co\/index.php\/wp-json\/wp\/v2\/posts\/79425\/revisions"}],"predecessor-version":[{"id":79428,"href":"https:\/\/futbolhoy.co\/index.php\/wp-json\/wp\/v2\/posts\/79425\/revisions\/79428"}],"wp:featuredmedia":[{"embeddable":true,"href":"https:\/\/futbolhoy.co\/index.php\/wp-json\/wp\/v2\/media\/79427"}],"wp:attachment":[{"href":"https:\/\/futbolhoy.co\/index.php\/wp-json\/wp\/v2\/media?parent=79425"}],"wp:term":[{"taxonomy":"category","embeddable":true,"href":"https:\/\/futbolhoy.co\/index.php\/wp-json\/wp\/v2\/categories?post=79425"},{"taxonomy":"post_tag","embeddable":true,"href":"https:\/\/futbolhoy.co\/index.php\/wp-json\/wp\/v2\/tags?post=79425"}],"curies":[{"name":"wp","href":"https:\/\/api.w.org\/{rel}","templated":true}]}}