{"id":79432,"date":"2022-04-28T19:47:40","date_gmt":"2022-04-29T00:47:40","guid":{"rendered":"https:\/\/futbolhoy.co\/?p=79432"},"modified":"2022-04-29T10:29:52","modified_gmt":"2022-04-29T15:29:52","slug":"diaz-es-la-figura-del-pais-y-el-liverpool-el-pibe","status":"publish","type":"post","link":"https:\/\/futbolhoy.co\/index.php\/2022\/04\/28\/diaz-es-la-figura-del-pais-y-el-liverpool-el-pibe\/","title":{"rendered":"\u201cD\u00edaz es la figura del pa\u00eds y el Liverpool\u201d, \u2018El Pibe\u2019"},"content":{"rendered":"<p style=\"text-align: justify;\"><span style=\"font-family: helvetica, arial, sans-serif;\"><b>Carlos \u2018El Pibe\u2019 Valderrama\u00a0<\/b>asegur\u00f3 que el extremo guajiro\u00a0<b>Luis D\u00edaz<\/b>\u00a0es la figura del\u00a0<b>Liverpool y la selecci\u00f3n Colombia<\/b>\u00a0en este momento.<\/span><\/p>\n<p style=\"text-align: justify;\"><span style=\"font-family: helvetica, arial, sans-serif;\">\u201cEs la figura del equipo y de nuestro pa\u00eds en este momento, est\u00e1 jugando bien. Me hace acordar de\u00a0<b>Faustino Asprilla<\/b>\u00a0cuando todos est\u00e1bamos en las calles y dej\u00e1bamos lo que est\u00e1bamos haciendo para ir a ver a Fausto; as\u00ed sucede ahora con Lucho, cuando juega el Liverpool\u201d, declar\u00f3 el eterno capit\u00e1n de la selecci\u00f3n Colombia.<\/span><\/p>\n<p style=\"text-align: justify;\"><span style=\"font-family: helvetica, arial, sans-serif;\">Respecto a la actualidad de la\u00a0<b>Federaci\u00f3n Colombiana de F\u00fatbol<\/b>,\u00a0<b>\u2018El Pibe\u2019<\/b>\u00a0\u00a0indic\u00f3 que deber\u00edan renunciar por que hacen las cosas mal: \u201cPor ah\u00ed o\u00ed que los due\u00f1os del f\u00fatbol son los directivos, los que mandan son ellos, pero mandan mal. No se puede decir nada porque aqu\u00ed todos se incomodan, los ex futbolistas no podemos opinar porque resentimos a los otros muchachos (dirigentes)\u201d.<\/span><\/p>\n","protected":false},"excerpt":{"rendered":"<p>Carlos \u2018El Pibe\u2019 Valderrama\u00a0asegur\u00f3 que el extremo guajiro\u00a0Luis D\u00edaz\u00a0es la figura del\u00a0Liverpool y la selecci\u00f3n Colombia\u00a0en este momento. \u201cEs la figura del equipo y de nuestro pa\u00eds en este momento, est\u00e1 jugando bien. Me hace acordar de\u00a0Faustino Asprilla\u00a0cuando todos est\u00e1bamos en las calles y dej\u00e1bamos lo que est\u00e1bamos haciendo para ir a ver a Fausto; [&hellip;]<\/p>\n","protected":false},"author":5,"featured_media":79437,"comment_status":"open","ping_status":"open","sticky":false,"template":"","format":"standard","meta":{"_acf_changed":false,"footnotes":""},"categories":[418],"tags":[],"class_list":{"0":"post-79432","1":"post","2":"type-post","3":"status-publish","4":"format-standard","5":"has-post-thumbnail","7":"category-colombia"},"acf":[],"yoast_head":"<!-- This site is optimized with the Yoast SEO plugin v26.8 - https:\/\/yoast.com\/product\/yoast-seo-wordpress\/ -->\n<title>\u201cD\u00edaz es la figura del pa\u00eds y el Liverpool\u201d, \u2018El Pibe\u2019 -<\/title>\n<meta name=\"robots\" content=\"index, follow, max-snippet:-1, max-image-preview:large, max-video-preview:-1\" \/>\n<link rel=\"canonical\" href=\"https:\/\/futbolhoy.co\/index.php\/2022\/04\/28\/diaz-es-la-figura-del-pais-y-el-liverpool-el-pibe\/\" \/>\n<meta property=\"og:locale\" content=\"es_ES\" \/>\n<meta property=\"og:type\" content=\"article\" \/>\n<meta property=\"og:title\" content=\"\u201cD\u00edaz es la figura del pa\u00eds y el Liverpool\u201d, \u2018El Pibe\u2019 -\" \/>\n<meta property=\"og:description\" content=\"Carlos \u2018El Pibe\u2019 Valderrama\u00a0asegur\u00f3 que el extremo guajiro\u00a0Luis D\u00edaz\u00a0es la figura del\u00a0Liverpool y la selecci\u00f3n Colombia\u00a0en este momento. \u201cEs la figura del equipo y de nuestro pa\u00eds en este momento, est\u00e1 jugando bien. Me hace acordar de\u00a0Faustino Asprilla\u00a0cuando todos est\u00e1bamos en las calles y dej\u00e1bamos lo que est\u00e1bamos haciendo para ir a ver a Fausto; [&hellip;]\" \/>\n<meta property=\"og:url\" content=\"https:\/\/futbolhoy.co\/index.php\/2022\/04\/28\/diaz-es-la-figura-del-pais-y-el-liverpool-el-pibe\/\" \/>\n<meta property=\"article:publisher\" content=\"https:\/\/www.facebook.com\/FutbolHoyCol\/\" \/>\n<meta property=\"article:published_time\" content=\"2022-04-29T00:47:40+00:00\" \/>\n<meta property=\"article:modified_time\" content=\"2022-04-29T15:29:52+00:00\" \/>\n<meta property=\"og:image\" content=\"https:\/\/futbolhoy.co\/wp-content\/uploads\/2022\/04\/20220428_194702.jpg\" \/>\n\t<meta property=\"og:image:width\" content=\"800\" \/>\n\t<meta property=\"og:image:height\" content=\"533\" \/>\n\t<meta property=\"og:image:type\" content=\"image\/jpeg\" \/>\n<meta name=\"author\" content=\"Laura Hern\u00e1ndez\" \/>\n<meta name=\"twitter:card\" content=\"summary_large_image\" \/>\n<meta name=\"twitter:creator\" content=\"@FutbolHoyCol\" \/>\n<meta name=\"twitter:site\" content=\"@FutbolHoyCol\" \/>\n<meta name=\"twitter:label1\" content=\"Escrito por\" \/>\n\t<meta name=\"twitter:data1\" content=\"Laura Hern\u00e1ndez\" \/>\n\t<meta name=\"twitter:label2\" content=\"Tiempo de lectura\" \/>\n\t<meta name=\"twitter:data2\" content=\"1 minuto\" \/>\n<script type=\"application\/ld+json\" class=\"yoast-schema-graph\">{\"@context\":\"https:\/\/schema.org\",\"@graph\":[{\"@type\":\"Article\",\"@id\":\"https:\/\/futbolhoy.co\/index.php\/2022\/04\/28\/diaz-es-la-figura-del-pais-y-el-liverpool-el-pibe\/#article\",\"isPartOf\":{\"@id\":\"https:\/\/futbolhoy.co\/index.php\/2022\/04\/28\/diaz-es-la-figura-del-pais-y-el-liverpool-el-pibe\/\"},\"author\":{\"name\":\"Laura Hern\u00e1ndez\",\"@id\":\"https:\/\/futbolhoy.co\/#\/schema\/person\/c4a353a512b127643723a34bb1812f7d\"},\"headline\":\"\u201cD\u00edaz es la figura del pa\u00eds y el Liverpool\u201d, \u2018El Pibe\u2019\",\"datePublished\":\"2022-04-29T00:47:40+00:00\",\"dateModified\":\"2022-04-29T15:29:52+00:00\",\"mainEntityOfPage\":{\"@id\":\"https:\/\/futbolhoy.co\/index.php\/2022\/04\/28\/diaz-es-la-figura-del-pais-y-el-liverpool-el-pibe\/\"},\"wordCount\":169,\"commentCount\":0,\"publisher\":{\"@id\":\"https:\/\/futbolhoy.co\/#organization\"},\"image\":{\"@id\":\"https:\/\/futbolhoy.co\/index.php\/2022\/04\/28\/diaz-es-la-figura-del-pais-y-el-liverpool-el-pibe\/#primaryimage\"},\"thumbnailUrl\":\"https:\/\/futbolhoy.co\/wp-content\/uploads\/2022\/04\/20220428_194702.jpg\",\"articleSection\":[\"Colombia\"],\"inLanguage\":\"es\",\"potentialAction\":[{\"@type\":\"CommentAction\",\"name\":\"Comment\",\"target\":[\"https:\/\/futbolhoy.co\/index.php\/2022\/04\/28\/diaz-es-la-figura-del-pais-y-el-liverpool-el-pibe\/#respond\"]}]},{\"@type\":\"WebPage\",\"@id\":\"https:\/\/futbolhoy.co\/index.php\/2022\/04\/28\/diaz-es-la-figura-del-pais-y-el-liverpool-el-pibe\/\",\"url\":\"https:\/\/futbolhoy.co\/index.php\/2022\/04\/28\/diaz-es-la-figura-del-pais-y-el-liverpool-el-pibe\/\",\"name\":\"\u201cD\u00edaz es la figura del pa\u00eds y el Liverpool\u201d, \u2018El Pibe\u2019 -\",\"isPartOf\":{\"@id\":\"https:\/\/futbolhoy.co\/#website\"},\"primaryImageOfPage\":{\"@id\":\"https:\/\/futbolhoy.co\/index.php\/2022\/04\/28\/diaz-es-la-figura-del-pais-y-el-liverpool-el-pibe\/#primaryimage\"},\"image\":{\"@id\":\"https:\/\/futbolhoy.co\/index.php\/2022\/04\/28\/diaz-es-la-figura-del-pais-y-el-liverpool-el-pibe\/#primaryimage\"},\"thumbnailUrl\":\"https:\/\/futbolhoy.co\/wp-content\/uploads\/2022\/04\/20220428_194702.jpg\",\"datePublished\":\"2022-04-29T00:47:40+00:00\",\"dateModified\":\"2022-04-29T15:29:52+00:00\",\"breadcrumb\":{\"@id\":\"https:\/\/futbolhoy.co\/index.php\/2022\/04\/28\/diaz-es-la-figura-del-pais-y-el-liverpool-el-pibe\/#breadcrumb\"},\"inLanguage\":\"es\",\"potentialAction\":[{\"@type\":\"ReadAction\",\"target\":[\"https:\/\/futbolhoy.co\/index.php\/2022\/04\/28\/diaz-es-la-figura-del-pais-y-el-liverpool-el-pibe\/\"]}]},{\"@type\":\"ImageObject\",\"inLanguage\":\"es\",\"@id\":\"https:\/\/futbolhoy.co\/index.php\/2022\/04\/28\/diaz-es-la-figura-del-pais-y-el-liverpool-el-pibe\/#primaryimage\",\"url\":\"https:\/\/futbolhoy.co\/wp-content\/uploads\/2022\/04\/20220428_194702.jpg\",\"contentUrl\":\"https:\/\/futbolhoy.co\/wp-content\/uploads\/2022\/04\/20220428_194702.jpg\",\"width\":800,\"height\":533},{\"@type\":\"BreadcrumbList\",\"@id\":\"https:\/\/futbolhoy.co\/index.php\/2022\/04\/28\/diaz-es-la-figura-del-pais-y-el-liverpool-el-pibe\/#breadcrumb\",\"itemListElement\":[{\"@type\":\"ListItem\",\"position\":1,\"name\":\"Portada\",\"item\":\"https:\/\/futbolhoy.co\/\"},{\"@type\":\"ListItem\",\"position\":2,\"name\":\"\u201cD\u00edaz es la figura del pa\u00eds y el Liverpool\u201d, \u2018El Pibe\u2019\"}]},{\"@type\":\"WebSite\",\"@id\":\"https:\/\/futbolhoy.co\/#website\",\"url\":\"https:\/\/futbolhoy.co\/\",\"name\":\"FutbolHoy\",\"description\":\"\",\"publisher\":{\"@id\":\"https:\/\/futbolhoy.co\/#organization\"},\"potentialAction\":[{\"@type\":\"SearchAction\",\"target\":{\"@type\":\"EntryPoint\",\"urlTemplate\":\"https:\/\/futbolhoy.co\/?s={search_term_string}\"},\"query-input\":{\"@type\":\"PropertyValueSpecification\",\"valueRequired\":true,\"valueName\":\"search_term_string\"}}],\"inLanguage\":\"es\"},{\"@type\":\"Organization\",\"@id\":\"https:\/\/futbolhoy.co\/#organization\",\"name\":\"Futbolhoy.co\",\"url\":\"https:\/\/futbolhoy.co\/\",\"logo\":{\"@type\":\"ImageObject\",\"inLanguage\":\"es\",\"@id\":\"https:\/\/futbolhoy.co\/#\/schema\/logo\/image\/\",\"url\":\"https:\/\/futbolhoy.co\/wp-content\/uploads\/2018\/08\/17426380_1906371736249227_6326180412931521141_n.jpg\",\"contentUrl\":\"https:\/\/futbolhoy.co\/wp-content\/uploads\/2018\/08\/17426380_1906371736249227_6326180412931521141_n.jpg\",\"width\":960,\"height\":960,\"caption\":\"Futbolhoy.co\"},\"image\":{\"@id\":\"https:\/\/futbolhoy.co\/#\/schema\/logo\/image\/\"},\"sameAs\":[\"https:\/\/www.facebook.com\/FutbolHoyCol\/\",\"https:\/\/x.com\/FutbolHoyCol\",\"https:\/\/www.instagram.com\/futbolhoycol\/\"]},{\"@type\":\"Person\",\"@id\":\"https:\/\/futbolhoy.co\/#\/schema\/person\/c4a353a512b127643723a34bb1812f7d\",\"name\":\"Laura Hern\u00e1ndez\",\"image\":{\"@type\":\"ImageObject\",\"inLanguage\":\"es\",\"@id\":\"https:\/\/futbolhoy.co\/#\/schema\/person\/image\/\",\"url\":\"https:\/\/secure.gravatar.com\/avatar\/d25959a15b9b293a743f99181c7cfd01?s=96&d=mm&r=g\",\"contentUrl\":\"https:\/\/secure.gravatar.com\/avatar\/d25959a15b9b293a743f99181c7cfd01?s=96&d=mm&r=g\",\"caption\":\"Laura Hern\u00e1ndez\"}}]}<\/script>\n<!-- \/ Yoast SEO plugin. -->","yoast_head_json":{"title":"\u201cD\u00edaz es la figura del pa\u00eds y el Liverpool\u201d, \u2018El Pibe\u2019 -","robots":{"index":"index","follow":"follow","max-snippet":"max-snippet:-1","max-image-preview":"max-image-preview:large","max-video-preview":"max-video-preview:-1"},"canonical":"https:\/\/futbolhoy.co\/index.php\/2022\/04\/28\/diaz-es-la-figura-del-pais-y-el-liverpool-el-pibe\/","og_locale":"es_ES","og_type":"article","og_title":"\u201cD\u00edaz es la figura del pa\u00eds y el Liverpool\u201d, \u2018El Pibe\u2019 -","og_description":"Carlos \u2018El Pibe\u2019 Valderrama\u00a0asegur\u00f3 que el extremo guajiro\u00a0Luis D\u00edaz\u00a0es la figura del\u00a0Liverpool y la selecci\u00f3n Colombia\u00a0en este momento. \u201cEs la figura del equipo y de nuestro pa\u00eds en este momento, est\u00e1 jugando bien. Me hace acordar de\u00a0Faustino Asprilla\u00a0cuando todos est\u00e1bamos en las calles y dej\u00e1bamos lo que est\u00e1bamos haciendo para ir a ver a Fausto; [&hellip;]","og_url":"https:\/\/futbolhoy.co\/index.php\/2022\/04\/28\/diaz-es-la-figura-del-pais-y-el-liverpool-el-pibe\/","article_publisher":"https:\/\/www.facebook.com\/FutbolHoyCol\/","article_published_time":"2022-04-29T00:47:40+00:00","article_modified_time":"2022-04-29T15:29:52+00:00","og_image":[{"width":800,"height":533,"url":"https:\/\/futbolhoy.co\/wp-content\/uploads\/2022\/04\/20220428_194702.jpg","type":"image\/jpeg"}],"author":"Laura Hern\u00e1ndez","twitter_card":"summary_large_image","twitter_creator":"@FutbolHoyCol","twitter_site":"@FutbolHoyCol","twitter_misc":{"Escrito por":"Laura Hern\u00e1ndez","Tiempo de lectura":"1 minuto"},"schema":{"@context":"https:\/\/schema.org","@graph":[{"@type":"Article","@id":"https:\/\/futbolhoy.co\/index.php\/2022\/04\/28\/diaz-es-la-figura-del-pais-y-el-liverpool-el-pibe\/#article","isPartOf":{"@id":"https:\/\/futbolhoy.co\/index.php\/2022\/04\/28\/diaz-es-la-figura-del-pais-y-el-liverpool-el-pibe\/"},"author":{"name":"Laura Hern\u00e1ndez","@id":"https:\/\/futbolhoy.co\/#\/schema\/person\/c4a353a512b127643723a34bb1812f7d"},"headline":"\u201cD\u00edaz es la figura del pa\u00eds y el Liverpool\u201d, \u2018El Pibe\u2019","datePublished":"2022-04-29T00:47:40+00:00","dateModified":"2022-04-29T15:29:52+00:00","mainEntityOfPage":{"@id":"https:\/\/futbolhoy.co\/index.php\/2022\/04\/28\/diaz-es-la-figura-del-pais-y-el-liverpool-el-pibe\/"},"wordCount":169,"commentCount":0,"publisher":{"@id":"https:\/\/futbolhoy.co\/#organization"},"image":{"@id":"https:\/\/futbolhoy.co\/index.php\/2022\/04\/28\/diaz-es-la-figura-del-pais-y-el-liverpool-el-pibe\/#primaryimage"},"thumbnailUrl":"https:\/\/futbolhoy.co\/wp-content\/uploads\/2022\/04\/20220428_194702.jpg","articleSection":["Colombia"],"inLanguage":"es","potentialAction":[{"@type":"CommentAction","name":"Comment","target":["https:\/\/futbolhoy.co\/index.php\/2022\/04\/28\/diaz-es-la-figura-del-pais-y-el-liverpool-el-pibe\/#respond"]}]},{"@type":"WebPage","@id":"https:\/\/futbolhoy.co\/index.php\/2022\/04\/28\/diaz-es-la-figura-del-pais-y-el-liverpool-el-pibe\/","url":"https:\/\/futbolhoy.co\/index.php\/2022\/04\/28\/diaz-es-la-figura-del-pais-y-el-liverpool-el-pibe\/","name":"\u201cD\u00edaz es la figura del pa\u00eds y el Liverpool\u201d, \u2018El Pibe\u2019 -","isPartOf":{"@id":"https:\/\/futbolhoy.co\/#website"},"primaryImageOfPage":{"@id":"https:\/\/futbolhoy.co\/index.php\/2022\/04\/28\/diaz-es-la-figura-del-pais-y-el-liverpool-el-pibe\/#primaryimage"},"image":{"@id":"https:\/\/futbolhoy.co\/index.php\/2022\/04\/28\/diaz-es-la-figura-del-pais-y-el-liverpool-el-pibe\/#primaryimage"},"thumbnailUrl":"https:\/\/futbolhoy.co\/wp-content\/uploads\/2022\/04\/20220428_194702.jpg","datePublished":"2022-04-29T00:47:40+00:00","dateModified":"2022-04-29T15:29:52+00:00","breadcrumb":{"@id":"https:\/\/futbolhoy.co\/index.php\/2022\/04\/28\/diaz-es-la-figura-del-pais-y-el-liverpool-el-pibe\/#breadcrumb"},"inLanguage":"es","potentialAction":[{"@type":"ReadAction","target":["https:\/\/futbolhoy.co\/index.php\/2022\/04\/28\/diaz-es-la-figura-del-pais-y-el-liverpool-el-pibe\/"]}]},{"@type":"ImageObject","inLanguage":"es","@id":"https:\/\/futbolhoy.co\/index.php\/2022\/04\/28\/diaz-es-la-figura-del-pais-y-el-liverpool-el-pibe\/#primaryimage","url":"https:\/\/futbolhoy.co\/wp-content\/uploads\/2022\/04\/20220428_194702.jpg","contentUrl":"https:\/\/futbolhoy.co\/wp-content\/uploads\/2022\/04\/20220428_194702.jpg","width":800,"height":533},{"@type":"BreadcrumbList","@id":"https:\/\/futbolhoy.co\/index.php\/2022\/04\/28\/diaz-es-la-figura-del-pais-y-el-liverpool-el-pibe\/#breadcrumb","itemListElement":[{"@type":"ListItem","position":1,"name":"Portada","item":"https:\/\/futbolhoy.co\/"},{"@type":"ListItem","position":2,"name":"\u201cD\u00edaz es la figura del pa\u00eds y el Liverpool\u201d, \u2018El Pibe\u2019"}]},{"@type":"WebSite","@id":"https:\/\/futbolhoy.co\/#website","url":"https:\/\/futbolhoy.co\/","name":"FutbolHoy","description":"","publisher":{"@id":"https:\/\/futbolhoy.co\/#organization"},"potentialAction":[{"@type":"SearchAction","target":{"@type":"EntryPoint","urlTemplate":"https:\/\/futbolhoy.co\/?s={search_term_string}"},"query-input":{"@type":"PropertyValueSpecification","valueRequired":true,"valueName":"search_term_string"}}],"inLanguage":"es"},{"@type":"Organization","@id":"https:\/\/futbolhoy.co\/#organization","name":"Futbolhoy.co","url":"https:\/\/futbolhoy.co\/","logo":{"@type":"ImageObject","inLanguage":"es","@id":"https:\/\/futbolhoy.co\/#\/schema\/logo\/image\/","url":"https:\/\/futbolhoy.co\/wp-content\/uploads\/2018\/08\/17426380_1906371736249227_6326180412931521141_n.jpg","contentUrl":"https:\/\/futbolhoy.co\/wp-content\/uploads\/2018\/08\/17426380_1906371736249227_6326180412931521141_n.jpg","width":960,"height":960,"caption":"Futbolhoy.co"},"image":{"@id":"https:\/\/futbolhoy.co\/#\/schema\/logo\/image\/"},"sameAs":["https:\/\/www.facebook.com\/FutbolHoyCol\/","https:\/\/x.com\/FutbolHoyCol","https:\/\/www.instagram.com\/futbolhoycol\/"]},{"@type":"Person","@id":"https:\/\/futbolhoy.co\/#\/schema\/person\/c4a353a512b127643723a34bb1812f7d","name":"Laura Hern\u00e1ndez","image":{"@type":"ImageObject","inLanguage":"es","@id":"https:\/\/futbolhoy.co\/#\/schema\/person\/image\/","url":"https:\/\/secure.gravatar.com\/avatar\/d25959a15b9b293a743f99181c7cfd01?s=96&d=mm&r=g","contentUrl":"https:\/\/secure.gravatar.com\/avatar\/d25959a15b9b293a743f99181c7cfd01?s=96&d=mm&r=g","caption":"Laura Hern\u00e1ndez"}}]}},"publishpress_future_action":{"enabled":false,"date":"2026-05-03 22:46:56","action":"change-status","newStatus":"draft","terms":[],"taxonomy":"category","extraData":[]},"publishpress_future_workflow_manual_trigger":{"enabledWorkflows":[]},"_links":{"self":[{"href":"https:\/\/futbolhoy.co\/index.php\/wp-json\/wp\/v2\/posts\/79432","targetHints":{"allow":["GET"]}}],"collection":[{"href":"https:\/\/futbolhoy.co\/index.php\/wp-json\/wp\/v2\/posts"}],"about":[{"href":"https:\/\/futbolhoy.co\/index.php\/wp-json\/wp\/v2\/types\/post"}],"author":[{"embeddable":true,"href":"https:\/\/futbolhoy.co\/index.php\/wp-json\/wp\/v2\/users\/5"}],"replies":[{"embeddable":true,"href":"https:\/\/futbolhoy.co\/index.php\/wp-json\/wp\/v2\/comments?post=79432"}],"version-history":[{"count":1,"href":"https:\/\/futbolhoy.co\/index.php\/wp-json\/wp\/v2\/posts\/79432\/revisions"}],"predecessor-version":[{"id":79438,"href":"https:\/\/futbolhoy.co\/index.php\/wp-json\/wp\/v2\/posts\/79432\/revisions\/79438"}],"wp:featuredmedia":[{"embeddable":true,"href":"https:\/\/futbolhoy.co\/index.php\/wp-json\/wp\/v2\/media\/79437"}],"wp:attachment":[{"href":"https:\/\/futbolhoy.co\/index.php\/wp-json\/wp\/v2\/media?parent=79432"}],"wp:term":[{"taxonomy":"category","embeddable":true,"href":"https:\/\/futbolhoy.co\/index.php\/wp-json\/wp\/v2\/categories?post=79432"},{"taxonomy":"post_tag","embeddable":true,"href":"https:\/\/futbolhoy.co\/index.php\/wp-json\/wp\/v2\/tags?post=79432"}],"curies":[{"name":"wp","href":"https:\/\/api.w.org\/{rel}","templated":true}]}}