{"id":79452,"date":"2022-04-29T07:56:15","date_gmt":"2022-04-29T12:56:15","guid":{"rendered":"https:\/\/futbolhoy.co\/?p=79452"},"modified":"2022-04-29T19:25:47","modified_gmt":"2022-04-30T00:25:47","slug":"salah-el-mejor-de-la-premier","status":"publish","type":"post","link":"https:\/\/futbolhoy.co\/index.php\/2022\/04\/29\/salah-el-mejor-de-la-premier\/","title":{"rendered":"Salah, el mejor de la Premier"},"content":{"rendered":"<p style=\"text-align: justify;\"><span lang=\"ES-MX\" style=\"font-family: helvetica, arial, sans-serif;\">El delantero egipcio\u00a0<b>Mohamed Salah<\/b>, del\u00a0<b>Liverpool<\/b>, fue destacado como el mejor futbolista del a\u00f1o de la\u00a0<b>Liga Premier por la Asociaci\u00f3n de Escritores de F\u00fatbol<\/b>.<\/span><\/p>\n<p style=\"text-align: justify;\"><span lang=\"ES-MX\" style=\"font-family: helvetica, arial, sans-serif;\">Salah, quien ya hab\u00eda sido galardonado con este premio en 2018, recibi\u00f3 el 48 % de los votos, superando al volante belga\u00a0<b>Kevin de Bruyne, del Manchester City<\/b>, y al ingl\u00e9s\u00a0<b>Declan Rice, del West Ham<\/b>, segundo y tercero, respectivamente.<\/span><\/p>\n<p style=\"text-align: justify;\"><span lang=\"ES-MX\" style=\"font-family: helvetica, arial, sans-serif;\">En la temporada 2021-2022,\u00a0<b>\u2018El Fara\u00f3n\u2019<\/b>\u00a0ha disputado 44 partidos, con 30 goles marcados y 14 asistencias realizadas en todas las competiciones con los brit\u00e1nicos. Salah se perder\u00e1 el\u00a0<b>Mundial de Qatar 2022<\/b>\u00a0al no clasificar con\u00a0<b>Egipto<\/b>.<\/span><\/p>\n<p style=\"text-align: justify;\"><span lang=\"ES-MX\" style=\"font-family: helvetica, arial, sans-serif;\">Entre las mujeres, la delantera del\u00a0<b>Chelsea, Sam Kerr<\/b>, con el 40 % fue la m\u00e1s destacada, seguida por la neerlandesa\u00a0<b>Vivianne Miedema del Arsenal<\/b>\u00a0y a\u00a0<b>Lauren Hemp del Manchester City<\/b>.<\/span><\/p>\n","protected":false},"excerpt":{"rendered":"<p>El delantero egipcio\u00a0Mohamed Salah, del\u00a0Liverpool, fue destacado como el mejor futbolista del a\u00f1o de la\u00a0Liga Premier por la Asociaci\u00f3n de Escritores de F\u00fatbol. Salah, quien ya hab\u00eda sido galardonado con este premio en 2018, recibi\u00f3 el 48 % de los votos, superando al volante belga\u00a0Kevin de Bruyne, del Manchester City, y al ingl\u00e9s\u00a0Declan Rice, del [&hellip;]<\/p>\n","protected":false},"author":5,"featured_media":79453,"comment_status":"open","ping_status":"closed","sticky":false,"template":"","format":"standard","meta":{"_acf_changed":false,"footnotes":""},"categories":[152],"tags":[],"class_list":["post-79452","post","type-post","status-publish","format-standard","has-post-thumbnail","category-mundo-futbol"],"acf":[],"yoast_head":"<!-- This site is optimized with the Yoast SEO plugin v28.4 - https:\/\/yoast.com\/product\/yoast-seo-wordpress\/ -->\n<title>Salah, el mejor de la Premier -<\/title>\n<meta name=\"robots\" content=\"index, follow, max-snippet:-1, max-image-preview:large, max-video-preview:-1\" \/>\n<link rel=\"canonical\" href=\"https:\/\/futbolhoy.co\/index.php\/2022\/04\/29\/salah-el-mejor-de-la-premier\/\" \/>\n<meta property=\"og:locale\" content=\"es_ES\" \/>\n<meta property=\"og:type\" content=\"article\" \/>\n<meta property=\"og:title\" content=\"Salah, el mejor de la Premier -\" \/>\n<meta property=\"og:description\" content=\"El delantero egipcio\u00a0Mohamed Salah, del\u00a0Liverpool, fue destacado como el mejor futbolista del a\u00f1o de la\u00a0Liga Premier por la Asociaci\u00f3n de Escritores de F\u00fatbol. Salah, quien ya hab\u00eda sido galardonado con este premio en 2018, recibi\u00f3 el 48 % de los votos, superando al volante belga\u00a0Kevin de Bruyne, del Manchester City, y al ingl\u00e9s\u00a0Declan Rice, del [&hellip;]\" \/>\n<meta property=\"og:url\" content=\"https:\/\/futbolhoy.co\/index.php\/2022\/04\/29\/salah-el-mejor-de-la-premier\/\" \/>\n<meta property=\"article:publisher\" content=\"https:\/\/www.facebook.com\/FutbolHoyCol\/\" \/>\n<meta property=\"article:published_time\" content=\"2022-04-29T12:56:15+00:00\" \/>\n<meta property=\"article:modified_time\" content=\"2022-04-30T00:25:47+00:00\" \/>\n<meta property=\"og:image\" content=\"https:\/\/futbolhoy.co\/wp-content\/uploads\/2022\/04\/FQyipRtXoAUFrCs.jpg\" \/>\n\t<meta property=\"og:image:width\" content=\"1440\" \/>\n\t<meta property=\"og:image:height\" content=\"1485\" \/>\n\t<meta property=\"og:image:type\" content=\"image\/jpeg\" \/>\n<meta name=\"author\" content=\"Laura Hern\u00e1ndez\" \/>\n<meta name=\"twitter:card\" content=\"summary_large_image\" \/>\n<meta name=\"twitter:creator\" content=\"@FutbolHoyCol\" \/>\n<meta name=\"twitter:site\" content=\"@FutbolHoyCol\" \/>\n<meta name=\"twitter:label1\" content=\"Escrito por\" \/>\n\t<meta name=\"twitter:data1\" content=\"Laura Hern\u00e1ndez\" \/>\n\t<meta name=\"twitter:label2\" content=\"Tiempo de lectura\" \/>\n\t<meta name=\"twitter:data2\" content=\"1 minuto\" \/>\n<script type=\"application\/ld+json\" class=\"yoast-schema-graph\">{\"@context\":\"https:\\\/\\\/schema.org\",\"@graph\":[{\"@type\":\"Article\",\"@id\":\"https:\\\/\\\/futbolhoy.co\\\/index.php\\\/2022\\\/04\\\/29\\\/salah-el-mejor-de-la-premier\\\/#article\",\"isPartOf\":{\"@id\":\"https:\\\/\\\/futbolhoy.co\\\/index.php\\\/2022\\\/04\\\/29\\\/salah-el-mejor-de-la-premier\\\/\"},\"author\":{\"name\":\"Laura Hern\u00e1ndez\",\"@id\":\"https:\\\/\\\/futbolhoy.co\\\/#\\\/schema\\\/person\\\/c4a353a512b127643723a34bb1812f7d\"},\"headline\":\"Salah, el mejor de la Premier\",\"datePublished\":\"2022-04-29T12:56:15+00:00\",\"dateModified\":\"2022-04-30T00:25:47+00:00\",\"mainEntityOfPage\":{\"@id\":\"https:\\\/\\\/futbolhoy.co\\\/index.php\\\/2022\\\/04\\\/29\\\/salah-el-mejor-de-la-premier\\\/\"},\"wordCount\":141,\"commentCount\":0,\"image\":{\"@id\":\"https:\\\/\\\/futbolhoy.co\\\/index.php\\\/2022\\\/04\\\/29\\\/salah-el-mejor-de-la-premier\\\/#primaryimage\"},\"thumbnailUrl\":\"https:\\\/\\\/futbolhoy.co\\\/wp-content\\\/uploads\\\/2022\\\/04\\\/FQyipRtXoAUFrCs.jpg\",\"articleSection\":[\"Mundo Futbol\"],\"inLanguage\":\"es\",\"potentialAction\":[{\"@type\":\"CommentAction\",\"name\":\"Comment\",\"target\":[\"https:\\\/\\\/futbolhoy.co\\\/index.php\\\/2022\\\/04\\\/29\\\/salah-el-mejor-de-la-premier\\\/#respond\"]}]},{\"@type\":\"WebPage\",\"@id\":\"https:\\\/\\\/futbolhoy.co\\\/index.php\\\/2022\\\/04\\\/29\\\/salah-el-mejor-de-la-premier\\\/\",\"url\":\"https:\\\/\\\/futbolhoy.co\\\/index.php\\\/2022\\\/04\\\/29\\\/salah-el-mejor-de-la-premier\\\/\",\"name\":\"Salah, el mejor de la Premier -\",\"isPartOf\":{\"@id\":\"https:\\\/\\\/futbolhoy.co\\\/#website\"},\"primaryImageOfPage\":{\"@id\":\"https:\\\/\\\/futbolhoy.co\\\/index.php\\\/2022\\\/04\\\/29\\\/salah-el-mejor-de-la-premier\\\/#primaryimage\"},\"image\":{\"@id\":\"https:\\\/\\\/futbolhoy.co\\\/index.php\\\/2022\\\/04\\\/29\\\/salah-el-mejor-de-la-premier\\\/#primaryimage\"},\"thumbnailUrl\":\"https:\\\/\\\/futbolhoy.co\\\/wp-content\\\/uploads\\\/2022\\\/04\\\/FQyipRtXoAUFrCs.jpg\",\"datePublished\":\"2022-04-29T12:56:15+00:00\",\"dateModified\":\"2022-04-30T00:25:47+00:00\",\"author\":{\"@id\":\"https:\\\/\\\/futbolhoy.co\\\/#\\\/schema\\\/person\\\/c4a353a512b127643723a34bb1812f7d\"},\"breadcrumb\":{\"@id\":\"https:\\\/\\\/futbolhoy.co\\\/index.php\\\/2022\\\/04\\\/29\\\/salah-el-mejor-de-la-premier\\\/#breadcrumb\"},\"inLanguage\":\"es\",\"potentialAction\":[{\"@type\":\"ReadAction\",\"target\":[\"https:\\\/\\\/futbolhoy.co\\\/index.php\\\/2022\\\/04\\\/29\\\/salah-el-mejor-de-la-premier\\\/\"]}]},{\"@type\":\"ImageObject\",\"inLanguage\":\"es\",\"@id\":\"https:\\\/\\\/futbolhoy.co\\\/index.php\\\/2022\\\/04\\\/29\\\/salah-el-mejor-de-la-premier\\\/#primaryimage\",\"url\":\"https:\\\/\\\/futbolhoy.co\\\/wp-content\\\/uploads\\\/2022\\\/04\\\/FQyipRtXoAUFrCs.jpg\",\"contentUrl\":\"https:\\\/\\\/futbolhoy.co\\\/wp-content\\\/uploads\\\/2022\\\/04\\\/FQyipRtXoAUFrCs.jpg\",\"width\":1440,\"height\":1485},{\"@type\":\"BreadcrumbList\",\"@id\":\"https:\\\/\\\/futbolhoy.co\\\/index.php\\\/2022\\\/04\\\/29\\\/salah-el-mejor-de-la-premier\\\/#breadcrumb\",\"itemListElement\":[{\"@type\":\"ListItem\",\"position\":1,\"name\":\"Portada\",\"item\":\"https:\\\/\\\/futbolhoy.co\\\/\"},{\"@type\":\"ListItem\",\"position\":2,\"name\":\"Salah, el mejor de la Premier\"}]},{\"@type\":\"WebSite\",\"@id\":\"https:\\\/\\\/futbolhoy.co\\\/#website\",\"url\":\"https:\\\/\\\/futbolhoy.co\\\/\",\"name\":\"FutbolHoy\",\"description\":\"\",\"potentialAction\":[{\"@type\":\"SearchAction\",\"target\":{\"@type\":\"EntryPoint\",\"urlTemplate\":\"https:\\\/\\\/futbolhoy.co\\\/?s={search_term_string}\"},\"query-input\":{\"@type\":\"PropertyValueSpecification\",\"valueRequired\":true,\"valueName\":\"search_term_string\"}}],\"inLanguage\":\"es\"},{\"@type\":\"Person\",\"@id\":\"https:\\\/\\\/futbolhoy.co\\\/#\\\/schema\\\/person\\\/c4a353a512b127643723a34bb1812f7d\",\"name\":\"Laura Hern\u00e1ndez\",\"image\":{\"@type\":\"ImageObject\",\"inLanguage\":\"es\",\"@id\":\"https:\\\/\\\/secure.gravatar.com\\\/avatar\\\/1ae6b7966942c60c822ea71afe0e5cf4105b8e983193883c6d026db4d508431d?s=96&d=mm&r=g\",\"url\":\"https:\\\/\\\/secure.gravatar.com\\\/avatar\\\/1ae6b7966942c60c822ea71afe0e5cf4105b8e983193883c6d026db4d508431d?s=96&d=mm&r=g\",\"contentUrl\":\"https:\\\/\\\/secure.gravatar.com\\\/avatar\\\/1ae6b7966942c60c822ea71afe0e5cf4105b8e983193883c6d026db4d508431d?s=96&d=mm&r=g\",\"caption\":\"Laura Hern\u00e1ndez\"}}]}<\/script>\n<!-- \/ Yoast SEO plugin. -->","yoast_head_json":{"title":"Salah, el mejor de la Premier -","robots":{"index":"index","follow":"follow","max-snippet":"max-snippet:-1","max-image-preview":"max-image-preview:large","max-video-preview":"max-video-preview:-1"},"canonical":"https:\/\/futbolhoy.co\/index.php\/2022\/04\/29\/salah-el-mejor-de-la-premier\/","og_locale":"es_ES","og_type":"article","og_title":"Salah, el mejor de la Premier -","og_description":"El delantero egipcio\u00a0Mohamed Salah, del\u00a0Liverpool, fue destacado como el mejor futbolista del a\u00f1o de la\u00a0Liga Premier por la Asociaci\u00f3n de Escritores de F\u00fatbol. Salah, quien ya hab\u00eda sido galardonado con este premio en 2018, recibi\u00f3 el 48 % de los votos, superando al volante belga\u00a0Kevin de Bruyne, del Manchester City, y al ingl\u00e9s\u00a0Declan Rice, del [&hellip;]","og_url":"https:\/\/futbolhoy.co\/index.php\/2022\/04\/29\/salah-el-mejor-de-la-premier\/","article_publisher":"https:\/\/www.facebook.com\/FutbolHoyCol\/","article_published_time":"2022-04-29T12:56:15+00:00","article_modified_time":"2022-04-30T00:25:47+00:00","og_image":[{"width":1440,"height":1485,"url":"https:\/\/futbolhoy.co\/wp-content\/uploads\/2022\/04\/FQyipRtXoAUFrCs.jpg","type":"image\/jpeg"}],"author":"Laura Hern\u00e1ndez","twitter_card":"summary_large_image","twitter_creator":"@FutbolHoyCol","twitter_site":"@FutbolHoyCol","twitter_misc":{"Escrito por":"Laura Hern\u00e1ndez","Tiempo de lectura":"1 minuto"},"schema":{"@context":"https:\/\/schema.org","@graph":[{"@type":"Article","@id":"https:\/\/futbolhoy.co\/index.php\/2022\/04\/29\/salah-el-mejor-de-la-premier\/#article","isPartOf":{"@id":"https:\/\/futbolhoy.co\/index.php\/2022\/04\/29\/salah-el-mejor-de-la-premier\/"},"author":{"name":"Laura Hern\u00e1ndez","@id":"https:\/\/futbolhoy.co\/#\/schema\/person\/c4a353a512b127643723a34bb1812f7d"},"headline":"Salah, el mejor de la Premier","datePublished":"2022-04-29T12:56:15+00:00","dateModified":"2022-04-30T00:25:47+00:00","mainEntityOfPage":{"@id":"https:\/\/futbolhoy.co\/index.php\/2022\/04\/29\/salah-el-mejor-de-la-premier\/"},"wordCount":141,"commentCount":0,"image":{"@id":"https:\/\/futbolhoy.co\/index.php\/2022\/04\/29\/salah-el-mejor-de-la-premier\/#primaryimage"},"thumbnailUrl":"https:\/\/futbolhoy.co\/wp-content\/uploads\/2022\/04\/FQyipRtXoAUFrCs.jpg","articleSection":["Mundo Futbol"],"inLanguage":"es","potentialAction":[{"@type":"CommentAction","name":"Comment","target":["https:\/\/futbolhoy.co\/index.php\/2022\/04\/29\/salah-el-mejor-de-la-premier\/#respond"]}]},{"@type":"WebPage","@id":"https:\/\/futbolhoy.co\/index.php\/2022\/04\/29\/salah-el-mejor-de-la-premier\/","url":"https:\/\/futbolhoy.co\/index.php\/2022\/04\/29\/salah-el-mejor-de-la-premier\/","name":"Salah, el mejor de la Premier -","isPartOf":{"@id":"https:\/\/futbolhoy.co\/#website"},"primaryImageOfPage":{"@id":"https:\/\/futbolhoy.co\/index.php\/2022\/04\/29\/salah-el-mejor-de-la-premier\/#primaryimage"},"image":{"@id":"https:\/\/futbolhoy.co\/index.php\/2022\/04\/29\/salah-el-mejor-de-la-premier\/#primaryimage"},"thumbnailUrl":"https:\/\/futbolhoy.co\/wp-content\/uploads\/2022\/04\/FQyipRtXoAUFrCs.jpg","datePublished":"2022-04-29T12:56:15+00:00","dateModified":"2022-04-30T00:25:47+00:00","author":{"@id":"https:\/\/futbolhoy.co\/#\/schema\/person\/c4a353a512b127643723a34bb1812f7d"},"breadcrumb":{"@id":"https:\/\/futbolhoy.co\/index.php\/2022\/04\/29\/salah-el-mejor-de-la-premier\/#breadcrumb"},"inLanguage":"es","potentialAction":[{"@type":"ReadAction","target":["https:\/\/futbolhoy.co\/index.php\/2022\/04\/29\/salah-el-mejor-de-la-premier\/"]}]},{"@type":"ImageObject","inLanguage":"es","@id":"https:\/\/futbolhoy.co\/index.php\/2022\/04\/29\/salah-el-mejor-de-la-premier\/#primaryimage","url":"https:\/\/futbolhoy.co\/wp-content\/uploads\/2022\/04\/FQyipRtXoAUFrCs.jpg","contentUrl":"https:\/\/futbolhoy.co\/wp-content\/uploads\/2022\/04\/FQyipRtXoAUFrCs.jpg","width":1440,"height":1485},{"@type":"BreadcrumbList","@id":"https:\/\/futbolhoy.co\/index.php\/2022\/04\/29\/salah-el-mejor-de-la-premier\/#breadcrumb","itemListElement":[{"@type":"ListItem","position":1,"name":"Portada","item":"https:\/\/futbolhoy.co\/"},{"@type":"ListItem","position":2,"name":"Salah, el mejor de la Premier"}]},{"@type":"WebSite","@id":"https:\/\/futbolhoy.co\/#website","url":"https:\/\/futbolhoy.co\/","name":"FutbolHoy","description":"","potentialAction":[{"@type":"SearchAction","target":{"@type":"EntryPoint","urlTemplate":"https:\/\/futbolhoy.co\/?s={search_term_string}"},"query-input":{"@type":"PropertyValueSpecification","valueRequired":true,"valueName":"search_term_string"}}],"inLanguage":"es"},{"@type":"Person","@id":"https:\/\/futbolhoy.co\/#\/schema\/person\/c4a353a512b127643723a34bb1812f7d","name":"Laura Hern\u00e1ndez","image":{"@type":"ImageObject","inLanguage":"es","@id":"https:\/\/secure.gravatar.com\/avatar\/1ae6b7966942c60c822ea71afe0e5cf4105b8e983193883c6d026db4d508431d?s=96&d=mm&r=g","url":"https:\/\/secure.gravatar.com\/avatar\/1ae6b7966942c60c822ea71afe0e5cf4105b8e983193883c6d026db4d508431d?s=96&d=mm&r=g","contentUrl":"https:\/\/secure.gravatar.com\/avatar\/1ae6b7966942c60c822ea71afe0e5cf4105b8e983193883c6d026db4d508431d?s=96&d=mm&r=g","caption":"Laura Hern\u00e1ndez"}}]}},"_links":{"self":[{"href":"https:\/\/futbolhoy.co\/index.php\/wp-json\/wp\/v2\/posts\/79452","targetHints":{"allow":["GET"]}}],"collection":[{"href":"https:\/\/futbolhoy.co\/index.php\/wp-json\/wp\/v2\/posts"}],"about":[{"href":"https:\/\/futbolhoy.co\/index.php\/wp-json\/wp\/v2\/types\/post"}],"author":[{"embeddable":true,"href":"https:\/\/futbolhoy.co\/index.php\/wp-json\/wp\/v2\/users\/5"}],"replies":[{"embeddable":true,"href":"https:\/\/futbolhoy.co\/index.php\/wp-json\/wp\/v2\/comments?post=79452"}],"version-history":[{"count":1,"href":"https:\/\/futbolhoy.co\/index.php\/wp-json\/wp\/v2\/posts\/79452\/revisions"}],"predecessor-version":[{"id":79454,"href":"https:\/\/futbolhoy.co\/index.php\/wp-json\/wp\/v2\/posts\/79452\/revisions\/79454"}],"wp:featuredmedia":[{"embeddable":true,"href":"https:\/\/futbolhoy.co\/index.php\/wp-json\/wp\/v2\/media\/79453"}],"wp:attachment":[{"href":"https:\/\/futbolhoy.co\/index.php\/wp-json\/wp\/v2\/media?parent=79452"}],"wp:term":[{"taxonomy":"category","embeddable":true,"href":"https:\/\/futbolhoy.co\/index.php\/wp-json\/wp\/v2\/categories?post=79452"},{"taxonomy":"post_tag","embeddable":true,"href":"https:\/\/futbolhoy.co\/index.php\/wp-json\/wp\/v2\/tags?post=79452"}],"curies":[{"name":"wp","href":"https:\/\/api.w.org\/{rel}","templated":true}]}}