{"id":79571,"date":"2022-05-02T07:08:03","date_gmt":"2022-05-02T12:08:03","guid":{"rendered":"https:\/\/futbolhoy.co\/?p=79571"},"modified":"2022-05-02T16:19:16","modified_gmt":"2022-05-02T21:19:16","slug":"falcao-lidero-los-goleadores-colombianos-en-el-mundo","status":"publish","type":"post","link":"https:\/\/futbolhoy.co\/index.php\/2022\/05\/02\/falcao-lidero-los-goleadores-colombianos-en-el-mundo\/","title":{"rendered":"Falcao lider\u00f3 los goleadores colombianos en el mundo"},"content":{"rendered":"<p class=\"x_ydp440e91b3MsoNormal\" style=\"text-align: justify;\"><span style=\"font-family: helvetica, arial, sans-serif;\"><b>Falcao Garc\u00eda<\/b>\u00a0volvi\u00f3 al gol y encabez\u00f3 el listado de jugadores colombianos que marcaron durante el fin de semana en las ligas internacionales.<\/span><\/p>\n<p class=\"x_ydp440e91b3MsoNormal\" style=\"text-align: justify;\"><span style=\"font-family: helvetica, arial, sans-serif;\"><b>\u2018El Tigre\u2019<\/b>\u00a0empat\u00f3 para el\u00a0<b>Rayo Vallecano<\/b>\u00a01-1 su partido ante la\u00a0<b>Real Sociedad<\/b>\u00a0en\u00a0<b>LaLiga<\/b>, donde complet\u00f3 seis tantos en la temporada.<\/span><\/p>\n<p class=\"x_ydp440e91b3MsoNormal\" style=\"text-align: justify;\"><span style=\"font-family: helvetica, arial, sans-serif;\">En la\u00a0<b>Serie A de Italia<\/b>,\u00a0<b>Kevin Agudelo<\/b>\u00a0hizo uno de los goles del\u00a0<b>Spezia<\/b>\u00a0en su derrota 3-4 ante la\u00a0<b>Lazio<\/b>, su tercera anotaci\u00f3n en el\u00a0<b>Calcio<\/b>.<\/span><\/p>\n<p class=\"x_ydp440e91b3MsoNormal\" style=\"text-align: justify;\"><span style=\"font-family: helvetica, arial, sans-serif;\"><b>Johan Carbonero<\/b>\u00a0se estren\u00f3 en el arco contrario y contribuy\u00f3 en la goleada 0-6 de\u00a0<b>Gimnasia y Esgrima de La Plata<\/b>\u00a0sobre\u00a0<b>Patronato<\/b>\u00a0en la\u00a0<b>Copa de Liga de Argentina.<\/b><\/span><\/p>\n<p class=\"x_ydp440e91b3MsoNormal\" style=\"text-align: justify;\"><span style=\"font-family: helvetica, arial, sans-serif;\">En\u00a0<b>Brasil<\/b>,\u00a0<b>Juan Pablo \u2018El Indio\u2019 Ram\u00edrez<\/b>\u00a0convirti\u00f3 el tanto de\u00a0<b>Am\u00e9rica Mineiro<\/b>, que super\u00f3 1-0 al\u00a0<b>Atl\u00e9tico Paranaense en el Brasileirao<\/b>.<\/span><\/p>\n<p class=\"x_ydp440e91b3MsoNormal\" style=\"text-align: justify;\"><span style=\"font-family: helvetica, arial, sans-serif;\"><b>Mateo Casierra<\/b>\u00a0aport\u00f3 uno de los goles del\u00a0<b>Sochi<\/b>\u00a0en el amplio triunfo 0-6 sobre\u00a0<b>Rub\u00edn Kazan en Rusia<\/b>, llegando a 11 en la Liga.<\/span><\/p>\n<p class=\"x_ydp440e91b3MsoNormal\" style=\"text-align: justify;\"><span style=\"font-family: helvetica, arial, sans-serif;\"><b>\u00d3scar Estupi\u00f1\u00e1n<\/b>\u00a0sigue en racha en Portugal y llego a 13 anotaciones con\u00a0<b>Vitoria Guimaraes<\/b>\u00a0que empat\u00f3 1-1 con\u00a0<b>Santa Clara<\/b>.<\/span><\/p>\n<p class=\"x_ydp440e91b3MsoNormal\" style=\"text-align: justify;\"><span style=\"font-family: helvetica, arial, sans-serif;\">En la\u00a0<b>Liga MX de M\u00e9xico<\/b>,\u00a0<b>Stiven Barreiro<\/b>\u00a0hizo un de los goles de\u00a0<b>Le\u00f3n<\/b>\u00a0que igual\u00f3 4-4 frente al\u00a0<b>Toluca<\/b>.<\/span><\/p>\n<p class=\"x_ydp440e91b3MsoNormal\" style=\"text-align: justify;\"><span style=\"font-family: helvetica, arial, sans-serif;\">Por su parte,\u00a0<b>Leicy Santos<\/b>\u00a0se volvi\u00f3 a hacer presente en el triunfo\u00a0<b>del Atl\u00e9tico de Madrid<\/b>\u00a00-5 en campo del\u00a0<b>Levante.<\/b><\/span><\/p>\n","protected":false},"excerpt":{"rendered":"<p>Falcao Garc\u00eda\u00a0volvi\u00f3 al gol y encabez\u00f3 el listado de jugadores colombianos que marcaron durante el fin de semana en las ligas internacionales. \u2018El Tigre\u2019\u00a0empat\u00f3 para el\u00a0Rayo Vallecano\u00a01-1 su partido ante la\u00a0Real Sociedad\u00a0en\u00a0LaLiga, donde complet\u00f3 seis tantos en la temporada. En la\u00a0Serie A de Italia,\u00a0Kevin Agudelo\u00a0hizo uno de los goles del\u00a0Spezia\u00a0en su derrota 3-4 ante la\u00a0Lazio, [&hellip;]<\/p>\n","protected":false},"author":5,"featured_media":79572,"comment_status":"open","ping_status":"closed","sticky":false,"template":"","format":"standard","meta":{"_acf_changed":false,"footnotes":""},"categories":[418],"tags":[616,1063],"class_list":["post-79571","post","type-post","status-publish","format-standard","has-post-thumbnail","category-colombia","tag-falcao","tag-rayo-vallecano"],"acf":[],"yoast_head":"<!-- This site is optimized with the Yoast SEO plugin v28.4 - https:\/\/yoast.com\/product\/yoast-seo-wordpress\/ -->\n<title>Falcao lider\u00f3 los goleadores colombianos en el mundo -<\/title>\n<meta name=\"robots\" content=\"index, follow, max-snippet:-1, max-image-preview:large, max-video-preview:-1\" \/>\n<link rel=\"canonical\" href=\"https:\/\/futbolhoy.co\/index.php\/2022\/05\/02\/falcao-lidero-los-goleadores-colombianos-en-el-mundo\/\" \/>\n<meta property=\"og:locale\" content=\"es_ES\" \/>\n<meta property=\"og:type\" content=\"article\" \/>\n<meta property=\"og:title\" content=\"Falcao lider\u00f3 los goleadores colombianos en el mundo -\" \/>\n<meta property=\"og:description\" content=\"Falcao Garc\u00eda\u00a0volvi\u00f3 al gol y encabez\u00f3 el listado de jugadores colombianos que marcaron durante el fin de semana en las ligas internacionales. \u2018El Tigre\u2019\u00a0empat\u00f3 para el\u00a0Rayo Vallecano\u00a01-1 su partido ante la\u00a0Real Sociedad\u00a0en\u00a0LaLiga, donde complet\u00f3 seis tantos en la temporada. En la\u00a0Serie A de Italia,\u00a0Kevin Agudelo\u00a0hizo uno de los goles del\u00a0Spezia\u00a0en su derrota 3-4 ante la\u00a0Lazio, [&hellip;]\" \/>\n<meta property=\"og:url\" content=\"https:\/\/futbolhoy.co\/index.php\/2022\/05\/02\/falcao-lidero-los-goleadores-colombianos-en-el-mundo\/\" \/>\n<meta property=\"article:publisher\" content=\"https:\/\/www.facebook.com\/FutbolHoyCol\/\" \/>\n<meta property=\"article:published_time\" content=\"2022-05-02T12:08:03+00:00\" \/>\n<meta property=\"article:modified_time\" content=\"2022-05-02T21:19:16+00:00\" \/>\n<meta property=\"og:image\" content=\"https:\/\/futbolhoy.co\/wp-content\/uploads\/2022\/05\/Falcao.gif\" \/>\n\t<meta property=\"og:image:width\" content=\"810\" \/>\n\t<meta property=\"og:image:height\" content=\"594\" \/>\n\t<meta property=\"og:image:type\" content=\"image\/gif\" \/>\n<meta name=\"author\" content=\"Laura Hern\u00e1ndez\" \/>\n<meta name=\"twitter:card\" content=\"summary_large_image\" \/>\n<meta name=\"twitter:creator\" content=\"@FutbolHoyCol\" \/>\n<meta name=\"twitter:site\" content=\"@FutbolHoyCol\" \/>\n<meta name=\"twitter:label1\" content=\"Escrito por\" \/>\n\t<meta name=\"twitter:data1\" content=\"Laura Hern\u00e1ndez\" \/>\n\t<meta name=\"twitter:label2\" content=\"Tiempo de lectura\" \/>\n\t<meta name=\"twitter:data2\" content=\"1 minuto\" \/>\n<script type=\"application\/ld+json\" class=\"yoast-schema-graph\">{\"@context\":\"https:\\\/\\\/schema.org\",\"@graph\":[{\"@type\":\"Article\",\"@id\":\"https:\\\/\\\/futbolhoy.co\\\/index.php\\\/2022\\\/05\\\/02\\\/falcao-lidero-los-goleadores-colombianos-en-el-mundo\\\/#article\",\"isPartOf\":{\"@id\":\"https:\\\/\\\/futbolhoy.co\\\/index.php\\\/2022\\\/05\\\/02\\\/falcao-lidero-los-goleadores-colombianos-en-el-mundo\\\/\"},\"author\":{\"name\":\"Laura Hern\u00e1ndez\",\"@id\":\"https:\\\/\\\/futbolhoy.co\\\/#\\\/schema\\\/person\\\/c4a353a512b127643723a34bb1812f7d\"},\"headline\":\"Falcao lider\u00f3 los goleadores colombianos en el mundo\",\"datePublished\":\"2022-05-02T12:08:03+00:00\",\"dateModified\":\"2022-05-02T21:19:16+00:00\",\"mainEntityOfPage\":{\"@id\":\"https:\\\/\\\/futbolhoy.co\\\/index.php\\\/2022\\\/05\\\/02\\\/falcao-lidero-los-goleadores-colombianos-en-el-mundo\\\/\"},\"wordCount\":231,\"commentCount\":0,\"image\":{\"@id\":\"https:\\\/\\\/futbolhoy.co\\\/index.php\\\/2022\\\/05\\\/02\\\/falcao-lidero-los-goleadores-colombianos-en-el-mundo\\\/#primaryimage\"},\"thumbnailUrl\":\"https:\\\/\\\/futbolhoy.co\\\/wp-content\\\/uploads\\\/2022\\\/05\\\/Falcao.gif\",\"keywords\":[\"Falcao\",\"Rayo Vallecano\"],\"articleSection\":[\"Colombia\"],\"inLanguage\":\"es\",\"potentialAction\":[{\"@type\":\"CommentAction\",\"name\":\"Comment\",\"target\":[\"https:\\\/\\\/futbolhoy.co\\\/index.php\\\/2022\\\/05\\\/02\\\/falcao-lidero-los-goleadores-colombianos-en-el-mundo\\\/#respond\"]}]},{\"@type\":\"WebPage\",\"@id\":\"https:\\\/\\\/futbolhoy.co\\\/index.php\\\/2022\\\/05\\\/02\\\/falcao-lidero-los-goleadores-colombianos-en-el-mundo\\\/\",\"url\":\"https:\\\/\\\/futbolhoy.co\\\/index.php\\\/2022\\\/05\\\/02\\\/falcao-lidero-los-goleadores-colombianos-en-el-mundo\\\/\",\"name\":\"Falcao lider\u00f3 los goleadores colombianos en el mundo -\",\"isPartOf\":{\"@id\":\"https:\\\/\\\/futbolhoy.co\\\/#website\"},\"primaryImageOfPage\":{\"@id\":\"https:\\\/\\\/futbolhoy.co\\\/index.php\\\/2022\\\/05\\\/02\\\/falcao-lidero-los-goleadores-colombianos-en-el-mundo\\\/#primaryimage\"},\"image\":{\"@id\":\"https:\\\/\\\/futbolhoy.co\\\/index.php\\\/2022\\\/05\\\/02\\\/falcao-lidero-los-goleadores-colombianos-en-el-mundo\\\/#primaryimage\"},\"thumbnailUrl\":\"https:\\\/\\\/futbolhoy.co\\\/wp-content\\\/uploads\\\/2022\\\/05\\\/Falcao.gif\",\"datePublished\":\"2022-05-02T12:08:03+00:00\",\"dateModified\":\"2022-05-02T21:19:16+00:00\",\"author\":{\"@id\":\"https:\\\/\\\/futbolhoy.co\\\/#\\\/schema\\\/person\\\/c4a353a512b127643723a34bb1812f7d\"},\"breadcrumb\":{\"@id\":\"https:\\\/\\\/futbolhoy.co\\\/index.php\\\/2022\\\/05\\\/02\\\/falcao-lidero-los-goleadores-colombianos-en-el-mundo\\\/#breadcrumb\"},\"inLanguage\":\"es\",\"potentialAction\":[{\"@type\":\"ReadAction\",\"target\":[\"https:\\\/\\\/futbolhoy.co\\\/index.php\\\/2022\\\/05\\\/02\\\/falcao-lidero-los-goleadores-colombianos-en-el-mundo\\\/\"]}]},{\"@type\":\"ImageObject\",\"inLanguage\":\"es\",\"@id\":\"https:\\\/\\\/futbolhoy.co\\\/index.php\\\/2022\\\/05\\\/02\\\/falcao-lidero-los-goleadores-colombianos-en-el-mundo\\\/#primaryimage\",\"url\":\"https:\\\/\\\/futbolhoy.co\\\/wp-content\\\/uploads\\\/2022\\\/05\\\/Falcao.gif\",\"contentUrl\":\"https:\\\/\\\/futbolhoy.co\\\/wp-content\\\/uploads\\\/2022\\\/05\\\/Falcao.gif\",\"width\":810,\"height\":594},{\"@type\":\"BreadcrumbList\",\"@id\":\"https:\\\/\\\/futbolhoy.co\\\/index.php\\\/2022\\\/05\\\/02\\\/falcao-lidero-los-goleadores-colombianos-en-el-mundo\\\/#breadcrumb\",\"itemListElement\":[{\"@type\":\"ListItem\",\"position\":1,\"name\":\"Portada\",\"item\":\"https:\\\/\\\/futbolhoy.co\\\/\"},{\"@type\":\"ListItem\",\"position\":2,\"name\":\"Falcao lider\u00f3 los goleadores colombianos en el mundo\"}]},{\"@type\":\"WebSite\",\"@id\":\"https:\\\/\\\/futbolhoy.co\\\/#website\",\"url\":\"https:\\\/\\\/futbolhoy.co\\\/\",\"name\":\"FutbolHoy\",\"description\":\"\",\"potentialAction\":[{\"@type\":\"SearchAction\",\"target\":{\"@type\":\"EntryPoint\",\"urlTemplate\":\"https:\\\/\\\/futbolhoy.co\\\/?s={search_term_string}\"},\"query-input\":{\"@type\":\"PropertyValueSpecification\",\"valueRequired\":true,\"valueName\":\"search_term_string\"}}],\"inLanguage\":\"es\"},{\"@type\":\"Person\",\"@id\":\"https:\\\/\\\/futbolhoy.co\\\/#\\\/schema\\\/person\\\/c4a353a512b127643723a34bb1812f7d\",\"name\":\"Laura Hern\u00e1ndez\",\"image\":{\"@type\":\"ImageObject\",\"inLanguage\":\"es\",\"@id\":\"https:\\\/\\\/secure.gravatar.com\\\/avatar\\\/1ae6b7966942c60c822ea71afe0e5cf4105b8e983193883c6d026db4d508431d?s=96&d=mm&r=g\",\"url\":\"https:\\\/\\\/secure.gravatar.com\\\/avatar\\\/1ae6b7966942c60c822ea71afe0e5cf4105b8e983193883c6d026db4d508431d?s=96&d=mm&r=g\",\"contentUrl\":\"https:\\\/\\\/secure.gravatar.com\\\/avatar\\\/1ae6b7966942c60c822ea71afe0e5cf4105b8e983193883c6d026db4d508431d?s=96&d=mm&r=g\",\"caption\":\"Laura Hern\u00e1ndez\"}}]}<\/script>\n<!-- \/ Yoast SEO plugin. -->","yoast_head_json":{"title":"Falcao lider\u00f3 los goleadores colombianos en el mundo -","robots":{"index":"index","follow":"follow","max-snippet":"max-snippet:-1","max-image-preview":"max-image-preview:large","max-video-preview":"max-video-preview:-1"},"canonical":"https:\/\/futbolhoy.co\/index.php\/2022\/05\/02\/falcao-lidero-los-goleadores-colombianos-en-el-mundo\/","og_locale":"es_ES","og_type":"article","og_title":"Falcao lider\u00f3 los goleadores colombianos en el mundo -","og_description":"Falcao Garc\u00eda\u00a0volvi\u00f3 al gol y encabez\u00f3 el listado de jugadores colombianos que marcaron durante el fin de semana en las ligas internacionales. \u2018El Tigre\u2019\u00a0empat\u00f3 para el\u00a0Rayo Vallecano\u00a01-1 su partido ante la\u00a0Real Sociedad\u00a0en\u00a0LaLiga, donde complet\u00f3 seis tantos en la temporada. En la\u00a0Serie A de Italia,\u00a0Kevin Agudelo\u00a0hizo uno de los goles del\u00a0Spezia\u00a0en su derrota 3-4 ante la\u00a0Lazio, [&hellip;]","og_url":"https:\/\/futbolhoy.co\/index.php\/2022\/05\/02\/falcao-lidero-los-goleadores-colombianos-en-el-mundo\/","article_publisher":"https:\/\/www.facebook.com\/FutbolHoyCol\/","article_published_time":"2022-05-02T12:08:03+00:00","article_modified_time":"2022-05-02T21:19:16+00:00","og_image":[{"width":810,"height":594,"url":"https:\/\/futbolhoy.co\/wp-content\/uploads\/2022\/05\/Falcao.gif","type":"image\/gif"}],"author":"Laura Hern\u00e1ndez","twitter_card":"summary_large_image","twitter_creator":"@FutbolHoyCol","twitter_site":"@FutbolHoyCol","twitter_misc":{"Escrito por":"Laura Hern\u00e1ndez","Tiempo de lectura":"1 minuto"},"schema":{"@context":"https:\/\/schema.org","@graph":[{"@type":"Article","@id":"https:\/\/futbolhoy.co\/index.php\/2022\/05\/02\/falcao-lidero-los-goleadores-colombianos-en-el-mundo\/#article","isPartOf":{"@id":"https:\/\/futbolhoy.co\/index.php\/2022\/05\/02\/falcao-lidero-los-goleadores-colombianos-en-el-mundo\/"},"author":{"name":"Laura Hern\u00e1ndez","@id":"https:\/\/futbolhoy.co\/#\/schema\/person\/c4a353a512b127643723a34bb1812f7d"},"headline":"Falcao lider\u00f3 los goleadores colombianos en el mundo","datePublished":"2022-05-02T12:08:03+00:00","dateModified":"2022-05-02T21:19:16+00:00","mainEntityOfPage":{"@id":"https:\/\/futbolhoy.co\/index.php\/2022\/05\/02\/falcao-lidero-los-goleadores-colombianos-en-el-mundo\/"},"wordCount":231,"commentCount":0,"image":{"@id":"https:\/\/futbolhoy.co\/index.php\/2022\/05\/02\/falcao-lidero-los-goleadores-colombianos-en-el-mundo\/#primaryimage"},"thumbnailUrl":"https:\/\/futbolhoy.co\/wp-content\/uploads\/2022\/05\/Falcao.gif","keywords":["Falcao","Rayo Vallecano"],"articleSection":["Colombia"],"inLanguage":"es","potentialAction":[{"@type":"CommentAction","name":"Comment","target":["https:\/\/futbolhoy.co\/index.php\/2022\/05\/02\/falcao-lidero-los-goleadores-colombianos-en-el-mundo\/#respond"]}]},{"@type":"WebPage","@id":"https:\/\/futbolhoy.co\/index.php\/2022\/05\/02\/falcao-lidero-los-goleadores-colombianos-en-el-mundo\/","url":"https:\/\/futbolhoy.co\/index.php\/2022\/05\/02\/falcao-lidero-los-goleadores-colombianos-en-el-mundo\/","name":"Falcao lider\u00f3 los goleadores colombianos en el mundo -","isPartOf":{"@id":"https:\/\/futbolhoy.co\/#website"},"primaryImageOfPage":{"@id":"https:\/\/futbolhoy.co\/index.php\/2022\/05\/02\/falcao-lidero-los-goleadores-colombianos-en-el-mundo\/#primaryimage"},"image":{"@id":"https:\/\/futbolhoy.co\/index.php\/2022\/05\/02\/falcao-lidero-los-goleadores-colombianos-en-el-mundo\/#primaryimage"},"thumbnailUrl":"https:\/\/futbolhoy.co\/wp-content\/uploads\/2022\/05\/Falcao.gif","datePublished":"2022-05-02T12:08:03+00:00","dateModified":"2022-05-02T21:19:16+00:00","author":{"@id":"https:\/\/futbolhoy.co\/#\/schema\/person\/c4a353a512b127643723a34bb1812f7d"},"breadcrumb":{"@id":"https:\/\/futbolhoy.co\/index.php\/2022\/05\/02\/falcao-lidero-los-goleadores-colombianos-en-el-mundo\/#breadcrumb"},"inLanguage":"es","potentialAction":[{"@type":"ReadAction","target":["https:\/\/futbolhoy.co\/index.php\/2022\/05\/02\/falcao-lidero-los-goleadores-colombianos-en-el-mundo\/"]}]},{"@type":"ImageObject","inLanguage":"es","@id":"https:\/\/futbolhoy.co\/index.php\/2022\/05\/02\/falcao-lidero-los-goleadores-colombianos-en-el-mundo\/#primaryimage","url":"https:\/\/futbolhoy.co\/wp-content\/uploads\/2022\/05\/Falcao.gif","contentUrl":"https:\/\/futbolhoy.co\/wp-content\/uploads\/2022\/05\/Falcao.gif","width":810,"height":594},{"@type":"BreadcrumbList","@id":"https:\/\/futbolhoy.co\/index.php\/2022\/05\/02\/falcao-lidero-los-goleadores-colombianos-en-el-mundo\/#breadcrumb","itemListElement":[{"@type":"ListItem","position":1,"name":"Portada","item":"https:\/\/futbolhoy.co\/"},{"@type":"ListItem","position":2,"name":"Falcao lider\u00f3 los goleadores colombianos en el mundo"}]},{"@type":"WebSite","@id":"https:\/\/futbolhoy.co\/#website","url":"https:\/\/futbolhoy.co\/","name":"FutbolHoy","description":"","potentialAction":[{"@type":"SearchAction","target":{"@type":"EntryPoint","urlTemplate":"https:\/\/futbolhoy.co\/?s={search_term_string}"},"query-input":{"@type":"PropertyValueSpecification","valueRequired":true,"valueName":"search_term_string"}}],"inLanguage":"es"},{"@type":"Person","@id":"https:\/\/futbolhoy.co\/#\/schema\/person\/c4a353a512b127643723a34bb1812f7d","name":"Laura Hern\u00e1ndez","image":{"@type":"ImageObject","inLanguage":"es","@id":"https:\/\/secure.gravatar.com\/avatar\/1ae6b7966942c60c822ea71afe0e5cf4105b8e983193883c6d026db4d508431d?s=96&d=mm&r=g","url":"https:\/\/secure.gravatar.com\/avatar\/1ae6b7966942c60c822ea71afe0e5cf4105b8e983193883c6d026db4d508431d?s=96&d=mm&r=g","contentUrl":"https:\/\/secure.gravatar.com\/avatar\/1ae6b7966942c60c822ea71afe0e5cf4105b8e983193883c6d026db4d508431d?s=96&d=mm&r=g","caption":"Laura Hern\u00e1ndez"}}]}},"_links":{"self":[{"href":"https:\/\/futbolhoy.co\/index.php\/wp-json\/wp\/v2\/posts\/79571","targetHints":{"allow":["GET"]}}],"collection":[{"href":"https:\/\/futbolhoy.co\/index.php\/wp-json\/wp\/v2\/posts"}],"about":[{"href":"https:\/\/futbolhoy.co\/index.php\/wp-json\/wp\/v2\/types\/post"}],"author":[{"embeddable":true,"href":"https:\/\/futbolhoy.co\/index.php\/wp-json\/wp\/v2\/users\/5"}],"replies":[{"embeddable":true,"href":"https:\/\/futbolhoy.co\/index.php\/wp-json\/wp\/v2\/comments?post=79571"}],"version-history":[{"count":1,"href":"https:\/\/futbolhoy.co\/index.php\/wp-json\/wp\/v2\/posts\/79571\/revisions"}],"predecessor-version":[{"id":79573,"href":"https:\/\/futbolhoy.co\/index.php\/wp-json\/wp\/v2\/posts\/79571\/revisions\/79573"}],"wp:featuredmedia":[{"embeddable":true,"href":"https:\/\/futbolhoy.co\/index.php\/wp-json\/wp\/v2\/media\/79572"}],"wp:attachment":[{"href":"https:\/\/futbolhoy.co\/index.php\/wp-json\/wp\/v2\/media?parent=79571"}],"wp:term":[{"taxonomy":"category","embeddable":true,"href":"https:\/\/futbolhoy.co\/index.php\/wp-json\/wp\/v2\/categories?post=79571"},{"taxonomy":"post_tag","embeddable":true,"href":"https:\/\/futbolhoy.co\/index.php\/wp-json\/wp\/v2\/tags?post=79571"}],"curies":[{"name":"wp","href":"https:\/\/api.w.org\/{rel}","templated":true}]}}