{"id":79629,"date":"2022-05-02T16:22:06","date_gmt":"2022-05-02T21:22:06","guid":{"rendered":"https:\/\/futbolhoy.co\/?p=79629"},"modified":"2022-05-03T07:31:52","modified_gmt":"2022-05-03T12:31:52","slug":"millonarios-pierde-una-de-sus-figuras-para-las-finales","status":"publish","type":"post","link":"https:\/\/futbolhoy.co\/index.php\/2022\/05\/02\/millonarios-pierde-una-de-sus-figuras-para-las-finales\/","title":{"rendered":"Millonarios pierde una de sus figuras para las finales"},"content":{"rendered":"<p style=\"text-align: justify;\"><span style=\"font-family: helvetica, arial, sans-serif;\">El volante de <strong>Millonarios, Stiven Vega,<\/strong> se perder\u00e1 lo que resta de esta Liga y todo el segundo campeonato, despu\u00e9s de confirmarse una lesi\u00f3n de ligamento en su rodilla izquierda, confirm\u00f3 el equipo bogotano.<\/span><\/p>\n<p style=\"text-align: justify;\"><span style=\"font-family: helvetica, arial, sans-serif;\">Inicialmente se inform\u00f3 que se trataba de un esguince en su rodilla, pero este lunes se confirm\u00f3 la gravedad.<\/span><\/p>\n<p style=\"text-align: justify;\"><span style=\"font-family: helvetica, arial, sans-serif;\">\u201cLuego de un completo seguimiento por parte de nuestro departamento m\u00e9dico y con varios ex\u00e1menes de diagn\u00f3stico complementarios y de control, se encontr\u00f3 una alteraci\u00f3n del injerto del ligamento cruzado anterior de su rodilla izquierda, por lo cual se ha decidido hacer intervenci\u00f3n quir\u00fargica\u00bb, anunci\u00f3 el club.<\/span><\/p>\n<p style=\"text-align: justify;\"><span style=\"font-family: helvetica, arial, sans-serif;\">El futbolista antioque\u00f1o, de 23 a\u00f1os, se resinti\u00f3 en el partido donde <strong>Millonarios<\/strong> perdi\u00f3 1-0 en su visita al <strong>Deportivo Pereira<\/strong> por la fecha 16, disputado el pasado 17 de abril.<\/span><\/p>\n<p style=\"text-align: justify;\"><span style=\"font-family: helvetica, arial, sans-serif;\"><strong>Vega<\/strong>, quien particip\u00f3 en 17 partidos durante esta temporada <strong>(Liga<\/strong> y Copa <strong>Libertadores),<\/strong> ser\u00e1 operado el pr\u00f3ximo s\u00e1bado y su recuperaci\u00f3n tardar\u00eda alrededor de nueve meses.<\/span><\/p>\n<p><img fetchpriority=\"high\" decoding=\"async\" class=\"alignnone size-full wp-image-79631\" src=\"https:\/\/futbolhoy.co\/wp-content\/uploads\/2022\/05\/FRxjVfVWQAAFiFp.jpg\" alt=\"\" width=\"720\" height=\"900\" srcset=\"https:\/\/futbolhoy.co\/wp-content\/uploads\/2022\/05\/FRxjVfVWQAAFiFp.jpg 720w, https:\/\/futbolhoy.co\/wp-content\/uploads\/2022\/05\/FRxjVfVWQAAFiFp-240x300.jpg 240w, https:\/\/futbolhoy.co\/wp-content\/uploads\/2022\/05\/FRxjVfVWQAAFiFp-696x870.jpg 696w, https:\/\/futbolhoy.co\/wp-content\/uploads\/2022\/05\/FRxjVfVWQAAFiFp-336x420.jpg 336w, https:\/\/futbolhoy.co\/wp-content\/uploads\/2022\/05\/FRxjVfVWQAAFiFp-102x128.jpg 102w, https:\/\/futbolhoy.co\/wp-content\/uploads\/2022\/05\/FRxjVfVWQAAFiFp-26x32.jpg 26w\" sizes=\"(max-width: 720px) 100vw, 720px\" \/><\/p>\n","protected":false},"excerpt":{"rendered":"<p>El volante de Millonarios, Stiven Vega, se perder\u00e1 lo que resta de esta Liga y todo el segundo campeonato, despu\u00e9s de confirmarse una lesi\u00f3n de ligamento en su rodilla izquierda, confirm\u00f3 el equipo bogotano. Inicialmente se inform\u00f3 que se trataba de un esguince en su rodilla, pero este lunes se confirm\u00f3 la gravedad. \u201cLuego de [&hellip;]<\/p>\n","protected":false},"author":5,"featured_media":79630,"comment_status":"open","ping_status":"closed","sticky":false,"template":"","format":"standard","meta":{"_acf_changed":false,"footnotes":""},"categories":[7],"tags":[],"class_list":{"0":"post-79629","1":"post","2":"type-post","3":"status-publish","4":"format-standard","5":"has-post-thumbnail","7":"category-liga-betplay"},"acf":[],"_links":{"self":[{"href":"https:\/\/futbolhoy.co\/index.php\/wp-json\/wp\/v2\/posts\/79629","targetHints":{"allow":["GET"]}}],"collection":[{"href":"https:\/\/futbolhoy.co\/index.php\/wp-json\/wp\/v2\/posts"}],"about":[{"href":"https:\/\/futbolhoy.co\/index.php\/wp-json\/wp\/v2\/types\/post"}],"author":[{"embeddable":true,"href":"https:\/\/futbolhoy.co\/index.php\/wp-json\/wp\/v2\/users\/5"}],"replies":[{"embeddable":true,"href":"https:\/\/futbolhoy.co\/index.php\/wp-json\/wp\/v2\/comments?post=79629"}],"version-history":[{"count":3,"href":"https:\/\/futbolhoy.co\/index.php\/wp-json\/wp\/v2\/posts\/79629\/revisions"}],"predecessor-version":[{"id":79644,"href":"https:\/\/futbolhoy.co\/index.php\/wp-json\/wp\/v2\/posts\/79629\/revisions\/79644"}],"wp:featuredmedia":[{"embeddable":true,"href":"https:\/\/futbolhoy.co\/index.php\/wp-json\/wp\/v2\/media\/79630"}],"wp:attachment":[{"href":"https:\/\/futbolhoy.co\/index.php\/wp-json\/wp\/v2\/media?parent=79629"}],"wp:term":[{"taxonomy":"category","embeddable":true,"href":"https:\/\/futbolhoy.co\/index.php\/wp-json\/wp\/v2\/categories?post=79629"},{"taxonomy":"post_tag","embeddable":true,"href":"https:\/\/futbolhoy.co\/index.php\/wp-json\/wp\/v2\/tags?post=79629"}],"curies":[{"name":"wp","href":"https:\/\/api.w.org\/{rel}","templated":true}]}}