{"id":79645,"date":"2022-05-03T05:25:22","date_gmt":"2022-05-03T10:25:22","guid":{"rendered":"https:\/\/futbolhoy.co\/?p=79645"},"modified":"2022-05-03T21:24:13","modified_gmt":"2022-05-04T02:24:13","slug":"ancelotti-se-retiraria-en-madrid","status":"publish","type":"post","link":"https:\/\/futbolhoy.co\/index.php\/2022\/05\/03\/ancelotti-se-retiraria-en-madrid\/","title":{"rendered":"Ancelotti se retirar\u00eda en Madrid"},"content":{"rendered":"<p class=\"x_ydp741ba9b2MsoNormal\" style=\"text-align: justify;\"><span lang=\"ES\" style=\"font-family: helvetica, arial, sans-serif;\">El t\u00e9cnico italiano\u00a0<b>Carlo Ancelotti<\/b>\u00a0analiza la posibilidad de retirarse cuando termine su v\u00ednculo como entrenador del\u00a0<b>Real Madrid<\/b>, seg\u00fan se\u00f1al\u00f3 en una entrevista con\u00a0<b>Prime Video<\/b>, donde aclar\u00f3 estar preparado a prolongar varios a\u00f1os m\u00e1s su contrato, que va hasta junio de 2024.<\/span><\/p>\n<p class=\"x_ydp741ba9b2MsoNormal\" style=\"text-align: justify;\"><span lang=\"ES\" style=\"font-family: helvetica, arial, sans-serif;\">\"Despu\u00e9s del Real s\u00ed, probablemente pare. Pero si el Real me mantiene aqu\u00ed durante diez a\u00f1os, entrenar\u00e9 durante diez a\u00f1os\", declar\u00f3 el italiano de 62 a\u00f1os, quien agreg\u00f3 que quiere disfrutar de su familia y viajar por todo el mundo.<\/span><\/p>\n<p class=\"x_ydp741ba9b2MsoNormal\" style=\"text-align: justify;\"><span lang=\"ES\" style=\"font-family: helvetica, arial, sans-serif;\">\"Me gustar\u00eda pasar tiempo con mis nietos, irme de vacaciones con mi mujer, hay tantas cosas que he descuidado y que querr\u00eda hacer. Ir a cientos de lugares a los que nunca he ido\", explic\u00f3.<\/span><\/p>\n<p class=\"x_ydp741ba9b2MsoNormal\" style=\"text-align: justify;\"><span lang=\"ES\" style=\"font-family: helvetica, arial, sans-serif;\">\"No he ido nunca a\u00a0<b>Australia<\/b>, tampoco a\u00a0<b>Rio de Janeiro<\/b>. Ir a ver a mi hermana m\u00e1s a menudo. Desafortunadamente no podemos hacer todo y por ello el d\u00eda que pare, tendr\u00e9 todas esas cosas por hacer\", sentenci\u00f3.<\/span><\/p>\n<p class=\"x_ydp741ba9b2MsoNormal\" style=\"text-align: justify;\"><span lang=\"ES\" style=\"font-family: helvetica, arial, sans-serif;\">Ancelotti, sin embargo, tendr\u00eda la posibilidad de dirigir la\u00a0<b>selecci\u00f3n de Canad\u00e1<\/b>, pa\u00eds de origen de su mujer, en el\u00a0<b>Mundial de 2026<\/b>.<\/span><\/p>\n","protected":false},"excerpt":{"rendered":"<p>El t\u00e9cnico italiano\u00a0Carlo Ancelotti\u00a0analiza la posibilidad de retirarse cuando termine su v\u00ednculo como entrenador del\u00a0Real Madrid, seg\u00fan se\u00f1al\u00f3 en una entrevista con\u00a0Prime Video, donde aclar\u00f3 estar preparado a prolongar varios a\u00f1os m\u00e1s su contrato, que va hasta junio de 2024. \"Despu\u00e9s del Real s\u00ed, probablemente pare. Pero si el Real me mantiene aqu\u00ed durante diez [&hellip;]<\/p>\n","protected":false},"author":5,"featured_media":79650,"comment_status":"open","ping_status":"open","sticky":false,"template":"","format":"standard","meta":{"_acf_changed":false,"footnotes":""},"categories":[4],"tags":[167,110],"class_list":{"0":"post-79645","1":"post","2":"type-post","3":"status-publish","4":"format-standard","5":"has-post-thumbnail","7":"category-champions-league","8":"tag-carlo-ancelotti","9":"tag-real-madrid"},"acf":[],"yoast_head":"<!-- This site is optimized with the Yoast SEO plugin v26.8 - https:\/\/yoast.com\/product\/yoast-seo-wordpress\/ -->\n<title>Ancelotti se retirar\u00eda en Madrid -<\/title>\n<meta name=\"robots\" content=\"index, follow, max-snippet:-1, max-image-preview:large, max-video-preview:-1\" \/>\n<link rel=\"canonical\" href=\"https:\/\/futbolhoy.co\/index.php\/2022\/05\/03\/ancelotti-se-retiraria-en-madrid\/\" \/>\n<meta property=\"og:locale\" content=\"es_ES\" \/>\n<meta property=\"og:type\" content=\"article\" \/>\n<meta property=\"og:title\" content=\"Ancelotti se retirar\u00eda en Madrid -\" \/>\n<meta property=\"og:description\" content=\"El t\u00e9cnico italiano\u00a0Carlo Ancelotti\u00a0analiza la posibilidad de retirarse cuando termine su v\u00ednculo como entrenador del\u00a0Real Madrid, seg\u00fan se\u00f1al\u00f3 en una entrevista con\u00a0Prime Video, donde aclar\u00f3 estar preparado a prolongar varios a\u00f1os m\u00e1s su contrato, que va hasta junio de 2024. &quot;Despu\u00e9s del Real s\u00ed, probablemente pare. Pero si el Real me mantiene aqu\u00ed durante diez [&hellip;]\" \/>\n<meta property=\"og:url\" content=\"https:\/\/futbolhoy.co\/index.php\/2022\/05\/03\/ancelotti-se-retiraria-en-madrid\/\" \/>\n<meta property=\"article:publisher\" content=\"https:\/\/www.facebook.com\/FutbolHoyCol\/\" \/>\n<meta property=\"article:published_time\" content=\"2022-05-03T10:25:22+00:00\" \/>\n<meta property=\"article:modified_time\" content=\"2022-05-04T02:24:13+00:00\" \/>\n<meta property=\"og:image\" content=\"https:\/\/futbolhoy.co\/wp-content\/uploads\/2022\/05\/Ancelotti.gif\" \/>\n\t<meta property=\"og:image:width\" content=\"653\" \/>\n\t<meta property=\"og:image:height\" content=\"599\" \/>\n\t<meta property=\"og:image:type\" content=\"image\/gif\" \/>\n<meta name=\"author\" content=\"Laura Hern\u00e1ndez\" \/>\n<meta name=\"twitter:card\" content=\"summary_large_image\" \/>\n<meta name=\"twitter:creator\" content=\"@FutbolHoyCol\" \/>\n<meta name=\"twitter:site\" content=\"@FutbolHoyCol\" \/>\n<meta name=\"twitter:label1\" content=\"Escrito por\" \/>\n\t<meta name=\"twitter:data1\" content=\"Laura Hern\u00e1ndez\" \/>\n\t<meta name=\"twitter:label2\" content=\"Tiempo de lectura\" \/>\n\t<meta name=\"twitter:data2\" content=\"1 minuto\" \/>\n<script type=\"application\/ld+json\" class=\"yoast-schema-graph\">{\"@context\":\"https:\/\/schema.org\",\"@graph\":[{\"@type\":\"Article\",\"@id\":\"https:\/\/futbolhoy.co\/index.php\/2022\/05\/03\/ancelotti-se-retiraria-en-madrid\/#article\",\"isPartOf\":{\"@id\":\"https:\/\/futbolhoy.co\/index.php\/2022\/05\/03\/ancelotti-se-retiraria-en-madrid\/\"},\"author\":{\"name\":\"Laura Hern\u00e1ndez\",\"@id\":\"https:\/\/futbolhoy.co\/#\/schema\/person\/c4a353a512b127643723a34bb1812f7d\"},\"headline\":\"Ancelotti se retirar\u00eda en Madrid\",\"datePublished\":\"2022-05-03T10:25:22+00:00\",\"dateModified\":\"2022-05-04T02:24:13+00:00\",\"mainEntityOfPage\":{\"@id\":\"https:\/\/futbolhoy.co\/index.php\/2022\/05\/03\/ancelotti-se-retiraria-en-madrid\/\"},\"wordCount\":201,\"commentCount\":0,\"publisher\":{\"@id\":\"https:\/\/futbolhoy.co\/#organization\"},\"image\":{\"@id\":\"https:\/\/futbolhoy.co\/index.php\/2022\/05\/03\/ancelotti-se-retiraria-en-madrid\/#primaryimage\"},\"thumbnailUrl\":\"https:\/\/futbolhoy.co\/wp-content\/uploads\/2022\/05\/Ancelotti.gif\",\"keywords\":[\"Carlo Ancelotti\",\"Real Madrid\"],\"articleSection\":[\"Champions League\"],\"inLanguage\":\"es\",\"potentialAction\":[{\"@type\":\"CommentAction\",\"name\":\"Comment\",\"target\":[\"https:\/\/futbolhoy.co\/index.php\/2022\/05\/03\/ancelotti-se-retiraria-en-madrid\/#respond\"]}]},{\"@type\":\"WebPage\",\"@id\":\"https:\/\/futbolhoy.co\/index.php\/2022\/05\/03\/ancelotti-se-retiraria-en-madrid\/\",\"url\":\"https:\/\/futbolhoy.co\/index.php\/2022\/05\/03\/ancelotti-se-retiraria-en-madrid\/\",\"name\":\"Ancelotti se retirar\u00eda en Madrid -\",\"isPartOf\":{\"@id\":\"https:\/\/futbolhoy.co\/#website\"},\"primaryImageOfPage\":{\"@id\":\"https:\/\/futbolhoy.co\/index.php\/2022\/05\/03\/ancelotti-se-retiraria-en-madrid\/#primaryimage\"},\"image\":{\"@id\":\"https:\/\/futbolhoy.co\/index.php\/2022\/05\/03\/ancelotti-se-retiraria-en-madrid\/#primaryimage\"},\"thumbnailUrl\":\"https:\/\/futbolhoy.co\/wp-content\/uploads\/2022\/05\/Ancelotti.gif\",\"datePublished\":\"2022-05-03T10:25:22+00:00\",\"dateModified\":\"2022-05-04T02:24:13+00:00\",\"breadcrumb\":{\"@id\":\"https:\/\/futbolhoy.co\/index.php\/2022\/05\/03\/ancelotti-se-retiraria-en-madrid\/#breadcrumb\"},\"inLanguage\":\"es\",\"potentialAction\":[{\"@type\":\"ReadAction\",\"target\":[\"https:\/\/futbolhoy.co\/index.php\/2022\/05\/03\/ancelotti-se-retiraria-en-madrid\/\"]}]},{\"@type\":\"ImageObject\",\"inLanguage\":\"es\",\"@id\":\"https:\/\/futbolhoy.co\/index.php\/2022\/05\/03\/ancelotti-se-retiraria-en-madrid\/#primaryimage\",\"url\":\"https:\/\/futbolhoy.co\/wp-content\/uploads\/2022\/05\/Ancelotti.gif\",\"contentUrl\":\"https:\/\/futbolhoy.co\/wp-content\/uploads\/2022\/05\/Ancelotti.gif\",\"width\":653,\"height\":599},{\"@type\":\"BreadcrumbList\",\"@id\":\"https:\/\/futbolhoy.co\/index.php\/2022\/05\/03\/ancelotti-se-retiraria-en-madrid\/#breadcrumb\",\"itemListElement\":[{\"@type\":\"ListItem\",\"position\":1,\"name\":\"Portada\",\"item\":\"https:\/\/futbolhoy.co\/\"},{\"@type\":\"ListItem\",\"position\":2,\"name\":\"Ancelotti se retirar\u00eda en Madrid\"}]},{\"@type\":\"WebSite\",\"@id\":\"https:\/\/futbolhoy.co\/#website\",\"url\":\"https:\/\/futbolhoy.co\/\",\"name\":\"FutbolHoy\",\"description\":\"\",\"publisher\":{\"@id\":\"https:\/\/futbolhoy.co\/#organization\"},\"potentialAction\":[{\"@type\":\"SearchAction\",\"target\":{\"@type\":\"EntryPoint\",\"urlTemplate\":\"https:\/\/futbolhoy.co\/?s={search_term_string}\"},\"query-input\":{\"@type\":\"PropertyValueSpecification\",\"valueRequired\":true,\"valueName\":\"search_term_string\"}}],\"inLanguage\":\"es\"},{\"@type\":\"Organization\",\"@id\":\"https:\/\/futbolhoy.co\/#organization\",\"name\":\"Futbolhoy.co\",\"url\":\"https:\/\/futbolhoy.co\/\",\"logo\":{\"@type\":\"ImageObject\",\"inLanguage\":\"es\",\"@id\":\"https:\/\/futbolhoy.co\/#\/schema\/logo\/image\/\",\"url\":\"https:\/\/futbolhoy.co\/wp-content\/uploads\/2018\/08\/17426380_1906371736249227_6326180412931521141_n.jpg\",\"contentUrl\":\"https:\/\/futbolhoy.co\/wp-content\/uploads\/2018\/08\/17426380_1906371736249227_6326180412931521141_n.jpg\",\"width\":960,\"height\":960,\"caption\":\"Futbolhoy.co\"},\"image\":{\"@id\":\"https:\/\/futbolhoy.co\/#\/schema\/logo\/image\/\"},\"sameAs\":[\"https:\/\/www.facebook.com\/FutbolHoyCol\/\",\"https:\/\/x.com\/FutbolHoyCol\",\"https:\/\/www.instagram.com\/futbolhoycol\/\"]},{\"@type\":\"Person\",\"@id\":\"https:\/\/futbolhoy.co\/#\/schema\/person\/c4a353a512b127643723a34bb1812f7d\",\"name\":\"Laura Hern\u00e1ndez\",\"image\":{\"@type\":\"ImageObject\",\"inLanguage\":\"es\",\"@id\":\"https:\/\/futbolhoy.co\/#\/schema\/person\/image\/\",\"url\":\"https:\/\/secure.gravatar.com\/avatar\/d25959a15b9b293a743f99181c7cfd01?s=96&d=mm&r=g\",\"contentUrl\":\"https:\/\/secure.gravatar.com\/avatar\/d25959a15b9b293a743f99181c7cfd01?s=96&d=mm&r=g\",\"caption\":\"Laura Hern\u00e1ndez\"}}]}<\/script>\n<!-- \/ Yoast SEO plugin. -->","yoast_head_json":{"title":"Ancelotti se retirar\u00eda en Madrid -","robots":{"index":"index","follow":"follow","max-snippet":"max-snippet:-1","max-image-preview":"max-image-preview:large","max-video-preview":"max-video-preview:-1"},"canonical":"https:\/\/futbolhoy.co\/index.php\/2022\/05\/03\/ancelotti-se-retiraria-en-madrid\/","og_locale":"es_ES","og_type":"article","og_title":"Ancelotti se retirar\u00eda en Madrid -","og_description":"El t\u00e9cnico italiano\u00a0Carlo Ancelotti\u00a0analiza la posibilidad de retirarse cuando termine su v\u00ednculo como entrenador del\u00a0Real Madrid, seg\u00fan se\u00f1al\u00f3 en una entrevista con\u00a0Prime Video, donde aclar\u00f3 estar preparado a prolongar varios a\u00f1os m\u00e1s su contrato, que va hasta junio de 2024. \"Despu\u00e9s del Real s\u00ed, probablemente pare. Pero si el Real me mantiene aqu\u00ed durante diez [&hellip;]","og_url":"https:\/\/futbolhoy.co\/index.php\/2022\/05\/03\/ancelotti-se-retiraria-en-madrid\/","article_publisher":"https:\/\/www.facebook.com\/FutbolHoyCol\/","article_published_time":"2022-05-03T10:25:22+00:00","article_modified_time":"2022-05-04T02:24:13+00:00","og_image":[{"width":653,"height":599,"url":"https:\/\/futbolhoy.co\/wp-content\/uploads\/2022\/05\/Ancelotti.gif","type":"image\/gif"}],"author":"Laura Hern\u00e1ndez","twitter_card":"summary_large_image","twitter_creator":"@FutbolHoyCol","twitter_site":"@FutbolHoyCol","twitter_misc":{"Escrito por":"Laura Hern\u00e1ndez","Tiempo de lectura":"1 minuto"},"schema":{"@context":"https:\/\/schema.org","@graph":[{"@type":"Article","@id":"https:\/\/futbolhoy.co\/index.php\/2022\/05\/03\/ancelotti-se-retiraria-en-madrid\/#article","isPartOf":{"@id":"https:\/\/futbolhoy.co\/index.php\/2022\/05\/03\/ancelotti-se-retiraria-en-madrid\/"},"author":{"name":"Laura Hern\u00e1ndez","@id":"https:\/\/futbolhoy.co\/#\/schema\/person\/c4a353a512b127643723a34bb1812f7d"},"headline":"Ancelotti se retirar\u00eda en Madrid","datePublished":"2022-05-03T10:25:22+00:00","dateModified":"2022-05-04T02:24:13+00:00","mainEntityOfPage":{"@id":"https:\/\/futbolhoy.co\/index.php\/2022\/05\/03\/ancelotti-se-retiraria-en-madrid\/"},"wordCount":201,"commentCount":0,"publisher":{"@id":"https:\/\/futbolhoy.co\/#organization"},"image":{"@id":"https:\/\/futbolhoy.co\/index.php\/2022\/05\/03\/ancelotti-se-retiraria-en-madrid\/#primaryimage"},"thumbnailUrl":"https:\/\/futbolhoy.co\/wp-content\/uploads\/2022\/05\/Ancelotti.gif","keywords":["Carlo Ancelotti","Real Madrid"],"articleSection":["Champions League"],"inLanguage":"es","potentialAction":[{"@type":"CommentAction","name":"Comment","target":["https:\/\/futbolhoy.co\/index.php\/2022\/05\/03\/ancelotti-se-retiraria-en-madrid\/#respond"]}]},{"@type":"WebPage","@id":"https:\/\/futbolhoy.co\/index.php\/2022\/05\/03\/ancelotti-se-retiraria-en-madrid\/","url":"https:\/\/futbolhoy.co\/index.php\/2022\/05\/03\/ancelotti-se-retiraria-en-madrid\/","name":"Ancelotti se retirar\u00eda en Madrid -","isPartOf":{"@id":"https:\/\/futbolhoy.co\/#website"},"primaryImageOfPage":{"@id":"https:\/\/futbolhoy.co\/index.php\/2022\/05\/03\/ancelotti-se-retiraria-en-madrid\/#primaryimage"},"image":{"@id":"https:\/\/futbolhoy.co\/index.php\/2022\/05\/03\/ancelotti-se-retiraria-en-madrid\/#primaryimage"},"thumbnailUrl":"https:\/\/futbolhoy.co\/wp-content\/uploads\/2022\/05\/Ancelotti.gif","datePublished":"2022-05-03T10:25:22+00:00","dateModified":"2022-05-04T02:24:13+00:00","breadcrumb":{"@id":"https:\/\/futbolhoy.co\/index.php\/2022\/05\/03\/ancelotti-se-retiraria-en-madrid\/#breadcrumb"},"inLanguage":"es","potentialAction":[{"@type":"ReadAction","target":["https:\/\/futbolhoy.co\/index.php\/2022\/05\/03\/ancelotti-se-retiraria-en-madrid\/"]}]},{"@type":"ImageObject","inLanguage":"es","@id":"https:\/\/futbolhoy.co\/index.php\/2022\/05\/03\/ancelotti-se-retiraria-en-madrid\/#primaryimage","url":"https:\/\/futbolhoy.co\/wp-content\/uploads\/2022\/05\/Ancelotti.gif","contentUrl":"https:\/\/futbolhoy.co\/wp-content\/uploads\/2022\/05\/Ancelotti.gif","width":653,"height":599},{"@type":"BreadcrumbList","@id":"https:\/\/futbolhoy.co\/index.php\/2022\/05\/03\/ancelotti-se-retiraria-en-madrid\/#breadcrumb","itemListElement":[{"@type":"ListItem","position":1,"name":"Portada","item":"https:\/\/futbolhoy.co\/"},{"@type":"ListItem","position":2,"name":"Ancelotti se retirar\u00eda en Madrid"}]},{"@type":"WebSite","@id":"https:\/\/futbolhoy.co\/#website","url":"https:\/\/futbolhoy.co\/","name":"FutbolHoy","description":"","publisher":{"@id":"https:\/\/futbolhoy.co\/#organization"},"potentialAction":[{"@type":"SearchAction","target":{"@type":"EntryPoint","urlTemplate":"https:\/\/futbolhoy.co\/?s={search_term_string}"},"query-input":{"@type":"PropertyValueSpecification","valueRequired":true,"valueName":"search_term_string"}}],"inLanguage":"es"},{"@type":"Organization","@id":"https:\/\/futbolhoy.co\/#organization","name":"Futbolhoy.co","url":"https:\/\/futbolhoy.co\/","logo":{"@type":"ImageObject","inLanguage":"es","@id":"https:\/\/futbolhoy.co\/#\/schema\/logo\/image\/","url":"https:\/\/futbolhoy.co\/wp-content\/uploads\/2018\/08\/17426380_1906371736249227_6326180412931521141_n.jpg","contentUrl":"https:\/\/futbolhoy.co\/wp-content\/uploads\/2018\/08\/17426380_1906371736249227_6326180412931521141_n.jpg","width":960,"height":960,"caption":"Futbolhoy.co"},"image":{"@id":"https:\/\/futbolhoy.co\/#\/schema\/logo\/image\/"},"sameAs":["https:\/\/www.facebook.com\/FutbolHoyCol\/","https:\/\/x.com\/FutbolHoyCol","https:\/\/www.instagram.com\/futbolhoycol\/"]},{"@type":"Person","@id":"https:\/\/futbolhoy.co\/#\/schema\/person\/c4a353a512b127643723a34bb1812f7d","name":"Laura Hern\u00e1ndez","image":{"@type":"ImageObject","inLanguage":"es","@id":"https:\/\/futbolhoy.co\/#\/schema\/person\/image\/","url":"https:\/\/secure.gravatar.com\/avatar\/d25959a15b9b293a743f99181c7cfd01?s=96&d=mm&r=g","contentUrl":"https:\/\/secure.gravatar.com\/avatar\/d25959a15b9b293a743f99181c7cfd01?s=96&d=mm&r=g","caption":"Laura Hern\u00e1ndez"}}]}},"publishpress_future_action":{"enabled":false,"date":"2026-05-04 10:08:51","action":"change-status","newStatus":"draft","terms":[],"taxonomy":"category","extraData":[]},"publishpress_future_workflow_manual_trigger":{"enabledWorkflows":[]},"_links":{"self":[{"href":"https:\/\/futbolhoy.co\/index.php\/wp-json\/wp\/v2\/posts\/79645","targetHints":{"allow":["GET"]}}],"collection":[{"href":"https:\/\/futbolhoy.co\/index.php\/wp-json\/wp\/v2\/posts"}],"about":[{"href":"https:\/\/futbolhoy.co\/index.php\/wp-json\/wp\/v2\/types\/post"}],"author":[{"embeddable":true,"href":"https:\/\/futbolhoy.co\/index.php\/wp-json\/wp\/v2\/users\/5"}],"replies":[{"embeddable":true,"href":"https:\/\/futbolhoy.co\/index.php\/wp-json\/wp\/v2\/comments?post=79645"}],"version-history":[{"count":1,"href":"https:\/\/futbolhoy.co\/index.php\/wp-json\/wp\/v2\/posts\/79645\/revisions"}],"predecessor-version":[{"id":79651,"href":"https:\/\/futbolhoy.co\/index.php\/wp-json\/wp\/v2\/posts\/79645\/revisions\/79651"}],"wp:featuredmedia":[{"embeddable":true,"href":"https:\/\/futbolhoy.co\/index.php\/wp-json\/wp\/v2\/media\/79650"}],"wp:attachment":[{"href":"https:\/\/futbolhoy.co\/index.php\/wp-json\/wp\/v2\/media?parent=79645"}],"wp:term":[{"taxonomy":"category","embeddable":true,"href":"https:\/\/futbolhoy.co\/index.php\/wp-json\/wp\/v2\/categories?post=79645"},{"taxonomy":"post_tag","embeddable":true,"href":"https:\/\/futbolhoy.co\/index.php\/wp-json\/wp\/v2\/tags?post=79645"}],"curies":[{"name":"wp","href":"https:\/\/api.w.org\/{rel}","templated":true}]}}