{"id":79654,"date":"2022-05-03T11:20:07","date_gmt":"2022-05-03T16:20:07","guid":{"rendered":"https:\/\/futbolhoy.co\/?p=79654"},"modified":"2022-05-03T21:24:56","modified_gmt":"2022-05-04T02:24:56","slug":"luis-diaz-es-la-contratacion-del-ano-en-la-premier-ferdinand","status":"publish","type":"post","link":"https:\/\/futbolhoy.co\/index.php\/2022\/05\/03\/luis-diaz-es-la-contratacion-del-ano-en-la-premier-ferdinand\/","title":{"rendered":"\u201cLuis D\u00edaz es la contrataci\u00f3n del a\u00f1o en la Premier\u201d, Ferdinand"},"content":{"rendered":"<!--[if lt IE 9]><script>document.createElement('audio');<\/script><![endif]-->\n<audio class=\"wp-audio-shortcode\" id=\"audio-79654-1\" preload=\"none\" style=\"width: 100%;\" controls=\"controls\"><source type=\"audio\/mpeg\" src=\"https:\/\/futbolhoy.co\/wp-content\/uploads\/2022\/05\/DEPORTES-11.30-FEDINAND-MAY-32022-05-03.mp3?_=1\" \/><a href=\"https:\/\/futbolhoy.co\/wp-content\/uploads\/2022\/05\/DEPORTES-11.30-FEDINAND-MAY-32022-05-03.mp3\">https:\/\/futbolhoy.co\/wp-content\/uploads\/2022\/05\/DEPORTES-11.30-FEDINAND-MAY-32022-05-03.mp3<\/a><\/audio>\n<p>(Rio Ferdinand en su canal de YouTube)<\/p>\n<p class=\"x_ydpdb522040MsoNormal\" style=\"text-align: justify;\"><span lang=\"ES\" style=\"font-family: helvetica, arial, sans-serif;\">El ex defensa central ingl\u00e9s\u00a0<b>Rio Ferdinand<\/b>\u00a0elogi\u00f3 la contrataci\u00f3n del volante colombiano\u00a0<b>Luis D\u00edaz<\/b>\u00a0por parte del\u00a0<b>Liverpool<\/b>\u00a0y lo calific\u00f3 como la mejor vinculaci\u00f3n del mercado invernal en la\u00a0<b>Liga Premier<\/b>.<\/span><\/p>\n<p class=\"x_ydpdb522040MsoNormal\" style=\"text-align: justify;\"><span lang=\"ES\" style=\"font-family: helvetica, arial, sans-serif;\">\"Ese es el impacto que ha tenido desde que lleg\u00f3. Simplemente ha sido un soplo de aire fresco. Lo ves jugar y con el bal\u00f3n es brillante, pero su reacci\u00f3n cuando pierden el bal\u00f3n es irreal\", declar\u00f3 Ferdinand.<\/span><\/p>\n<p class=\"x_ydpdb522040MsoNormal\" style=\"text-align: justify;\"><span lang=\"ES\" style=\"font-family: helvetica, arial, sans-serif;\">El ex jugador de 43 a\u00f1os a\u00f1adi\u00f3: \"Probablemente est\u00e9 compitiendo ahora para estar entre los tres mejores.\u00a0<b>Firmino<\/b>\u00a0tiene problemas para entrar all\u00ed, D\u00edaz probablemente se ubique por delante de\u00a0<b>Diogo Jota<\/b>, ya que ahora si est\u00e1n poniendo a su mejor equipo en la\u00a0<b>Champions<\/b>\u00a0y las finales de liga\".<\/span><\/p>\n<p class=\"x_ydpdb522040MsoNormal\" style=\"text-align: justify;\"><span lang=\"ES\" style=\"font-family: helvetica, arial, sans-serif;\">\u201cEs como un gatillo, bang, ve, ve y recup\u00e9ralo. Por esas razones, es el fichaje m\u00e1s destacado de la temporada para m\u00ed\u201d, sentenci\u00f3 Ferdinand.<\/span><\/p>\n","protected":false},"excerpt":{"rendered":"<p>(Rio Ferdinand en su canal de YouTube) El ex defensa central ingl\u00e9s\u00a0Rio Ferdinand\u00a0elogi\u00f3 la contrataci\u00f3n del volante colombiano\u00a0Luis D\u00edaz\u00a0por parte del\u00a0Liverpool\u00a0y lo calific\u00f3 como la mejor vinculaci\u00f3n del mercado invernal en la\u00a0Liga Premier. \"Ese es el impacto que ha tenido desde que lleg\u00f3. Simplemente ha sido un soplo de aire fresco. Lo ves jugar y [&hellip;]<\/p>\n","protected":false},"author":5,"featured_media":75774,"comment_status":"open","ping_status":"open","sticky":false,"template":"","format":"video","meta":{"_acf_changed":false,"footnotes":""},"categories":[418],"tags":[],"class_list":{"0":"post-79654","1":"post","2":"type-post","3":"status-publish","4":"format-video","5":"has-post-thumbnail","7":"category-colombia","8":"post_format-post-format-video"},"acf":[],"yoast_head":"<!-- This site is optimized with the Yoast SEO plugin v26.8 - https:\/\/yoast.com\/product\/yoast-seo-wordpress\/ -->\n<title>\u201cLuis D\u00edaz es la contrataci\u00f3n del a\u00f1o en la Premier\u201d, Ferdinand -<\/title>\n<meta name=\"robots\" content=\"index, follow, max-snippet:-1, max-image-preview:large, max-video-preview:-1\" \/>\n<link rel=\"canonical\" href=\"https:\/\/futbolhoy.co\/index.php\/2022\/05\/03\/luis-diaz-es-la-contratacion-del-ano-en-la-premier-ferdinand\/\" \/>\n<meta property=\"og:locale\" content=\"es_ES\" \/>\n<meta property=\"og:type\" content=\"article\" \/>\n<meta property=\"og:title\" content=\"\u201cLuis D\u00edaz es la contrataci\u00f3n del a\u00f1o en la Premier\u201d, Ferdinand -\" \/>\n<meta property=\"og:description\" content=\"(Rio Ferdinand en su canal de YouTube) El ex defensa central ingl\u00e9s\u00a0Rio Ferdinand\u00a0elogi\u00f3 la contrataci\u00f3n del volante colombiano\u00a0Luis D\u00edaz\u00a0por parte del\u00a0Liverpool\u00a0y lo calific\u00f3 como la mejor vinculaci\u00f3n del mercado invernal en la\u00a0Liga Premier. &quot;Ese es el impacto que ha tenido desde que lleg\u00f3. Simplemente ha sido un soplo de aire fresco. Lo ves jugar y [&hellip;]\" \/>\n<meta property=\"og:url\" content=\"https:\/\/futbolhoy.co\/index.php\/2022\/05\/03\/luis-diaz-es-la-contratacion-del-ano-en-la-premier-ferdinand\/\" \/>\n<meta property=\"article:publisher\" content=\"https:\/\/www.facebook.com\/FutbolHoyCol\/\" \/>\n<meta property=\"article:published_time\" content=\"2022-05-03T16:20:07+00:00\" \/>\n<meta property=\"article:modified_time\" content=\"2022-05-04T02:24:56+00:00\" \/>\n<meta property=\"og:image\" content=\"https:\/\/futbolhoy.co\/wp-content\/uploads\/2022\/02\/Diazl-1024x761.png\" \/>\n\t<meta property=\"og:image:width\" content=\"1024\" \/>\n\t<meta property=\"og:image:height\" content=\"761\" \/>\n\t<meta property=\"og:image:type\" content=\"image\/png\" \/>\n<meta name=\"author\" content=\"Laura Hern\u00e1ndez\" \/>\n<meta name=\"twitter:card\" content=\"summary_large_image\" \/>\n<meta name=\"twitter:creator\" content=\"@FutbolHoyCol\" \/>\n<meta name=\"twitter:site\" content=\"@FutbolHoyCol\" \/>\n<meta name=\"twitter:label1\" content=\"Escrito por\" \/>\n\t<meta name=\"twitter:data1\" content=\"Laura Hern\u00e1ndez\" \/>\n\t<meta name=\"twitter:label2\" content=\"Tiempo de lectura\" \/>\n\t<meta name=\"twitter:data2\" content=\"1 minuto\" \/>\n<script type=\"application\/ld+json\" class=\"yoast-schema-graph\">{\"@context\":\"https:\/\/schema.org\",\"@graph\":[{\"@type\":\"Article\",\"@id\":\"https:\/\/futbolhoy.co\/index.php\/2022\/05\/03\/luis-diaz-es-la-contratacion-del-ano-en-la-premier-ferdinand\/#article\",\"isPartOf\":{\"@id\":\"https:\/\/futbolhoy.co\/index.php\/2022\/05\/03\/luis-diaz-es-la-contratacion-del-ano-en-la-premier-ferdinand\/\"},\"author\":{\"name\":\"Laura Hern\u00e1ndez\",\"@id\":\"https:\/\/futbolhoy.co\/#\/schema\/person\/c4a353a512b127643723a34bb1812f7d\"},\"headline\":\"\u201cLuis D\u00edaz es la contrataci\u00f3n del a\u00f1o en la Premier\u201d, Ferdinand\",\"datePublished\":\"2022-05-03T16:20:07+00:00\",\"dateModified\":\"2022-05-04T02:24:56+00:00\",\"mainEntityOfPage\":{\"@id\":\"https:\/\/futbolhoy.co\/index.php\/2022\/05\/03\/luis-diaz-es-la-contratacion-del-ano-en-la-premier-ferdinand\/\"},\"wordCount\":191,\"commentCount\":0,\"publisher\":{\"@id\":\"https:\/\/futbolhoy.co\/#organization\"},\"image\":{\"@id\":\"https:\/\/futbolhoy.co\/index.php\/2022\/05\/03\/luis-diaz-es-la-contratacion-del-ano-en-la-premier-ferdinand\/#primaryimage\"},\"thumbnailUrl\":\"https:\/\/futbolhoy.co\/wp-content\/uploads\/2022\/02\/Diazl.png\",\"articleSection\":[\"Colombia\"],\"inLanguage\":\"es\",\"potentialAction\":[{\"@type\":\"CommentAction\",\"name\":\"Comment\",\"target\":[\"https:\/\/futbolhoy.co\/index.php\/2022\/05\/03\/luis-diaz-es-la-contratacion-del-ano-en-la-premier-ferdinand\/#respond\"]}]},{\"@type\":\"WebPage\",\"@id\":\"https:\/\/futbolhoy.co\/index.php\/2022\/05\/03\/luis-diaz-es-la-contratacion-del-ano-en-la-premier-ferdinand\/\",\"url\":\"https:\/\/futbolhoy.co\/index.php\/2022\/05\/03\/luis-diaz-es-la-contratacion-del-ano-en-la-premier-ferdinand\/\",\"name\":\"\u201cLuis D\u00edaz es la contrataci\u00f3n del a\u00f1o en la Premier\u201d, Ferdinand -\",\"isPartOf\":{\"@id\":\"https:\/\/futbolhoy.co\/#website\"},\"primaryImageOfPage\":{\"@id\":\"https:\/\/futbolhoy.co\/index.php\/2022\/05\/03\/luis-diaz-es-la-contratacion-del-ano-en-la-premier-ferdinand\/#primaryimage\"},\"image\":{\"@id\":\"https:\/\/futbolhoy.co\/index.php\/2022\/05\/03\/luis-diaz-es-la-contratacion-del-ano-en-la-premier-ferdinand\/#primaryimage\"},\"thumbnailUrl\":\"https:\/\/futbolhoy.co\/wp-content\/uploads\/2022\/02\/Diazl.png\",\"datePublished\":\"2022-05-03T16:20:07+00:00\",\"dateModified\":\"2022-05-04T02:24:56+00:00\",\"breadcrumb\":{\"@id\":\"https:\/\/futbolhoy.co\/index.php\/2022\/05\/03\/luis-diaz-es-la-contratacion-del-ano-en-la-premier-ferdinand\/#breadcrumb\"},\"inLanguage\":\"es\",\"potentialAction\":[{\"@type\":\"ReadAction\",\"target\":[\"https:\/\/futbolhoy.co\/index.php\/2022\/05\/03\/luis-diaz-es-la-contratacion-del-ano-en-la-premier-ferdinand\/\"]}]},{\"@type\":\"ImageObject\",\"inLanguage\":\"es\",\"@id\":\"https:\/\/futbolhoy.co\/index.php\/2022\/05\/03\/luis-diaz-es-la-contratacion-del-ano-en-la-premier-ferdinand\/#primaryimage\",\"url\":\"https:\/\/futbolhoy.co\/wp-content\/uploads\/2022\/02\/Diazl.png\",\"contentUrl\":\"https:\/\/futbolhoy.co\/wp-content\/uploads\/2022\/02\/Diazl.png\",\"width\":1091,\"height\":811},{\"@type\":\"BreadcrumbList\",\"@id\":\"https:\/\/futbolhoy.co\/index.php\/2022\/05\/03\/luis-diaz-es-la-contratacion-del-ano-en-la-premier-ferdinand\/#breadcrumb\",\"itemListElement\":[{\"@type\":\"ListItem\",\"position\":1,\"name\":\"Portada\",\"item\":\"https:\/\/futbolhoy.co\/\"},{\"@type\":\"ListItem\",\"position\":2,\"name\":\"\u201cLuis D\u00edaz es la contrataci\u00f3n del a\u00f1o en la Premier\u201d, Ferdinand\"}]},{\"@type\":\"WebSite\",\"@id\":\"https:\/\/futbolhoy.co\/#website\",\"url\":\"https:\/\/futbolhoy.co\/\",\"name\":\"FutbolHoy\",\"description\":\"\",\"publisher\":{\"@id\":\"https:\/\/futbolhoy.co\/#organization\"},\"potentialAction\":[{\"@type\":\"SearchAction\",\"target\":{\"@type\":\"EntryPoint\",\"urlTemplate\":\"https:\/\/futbolhoy.co\/?s={search_term_string}\"},\"query-input\":{\"@type\":\"PropertyValueSpecification\",\"valueRequired\":true,\"valueName\":\"search_term_string\"}}],\"inLanguage\":\"es\"},{\"@type\":\"Organization\",\"@id\":\"https:\/\/futbolhoy.co\/#organization\",\"name\":\"Futbolhoy.co\",\"url\":\"https:\/\/futbolhoy.co\/\",\"logo\":{\"@type\":\"ImageObject\",\"inLanguage\":\"es\",\"@id\":\"https:\/\/futbolhoy.co\/#\/schema\/logo\/image\/\",\"url\":\"https:\/\/futbolhoy.co\/wp-content\/uploads\/2018\/08\/17426380_1906371736249227_6326180412931521141_n.jpg\",\"contentUrl\":\"https:\/\/futbolhoy.co\/wp-content\/uploads\/2018\/08\/17426380_1906371736249227_6326180412931521141_n.jpg\",\"width\":960,\"height\":960,\"caption\":\"Futbolhoy.co\"},\"image\":{\"@id\":\"https:\/\/futbolhoy.co\/#\/schema\/logo\/image\/\"},\"sameAs\":[\"https:\/\/www.facebook.com\/FutbolHoyCol\/\",\"https:\/\/x.com\/FutbolHoyCol\",\"https:\/\/www.instagram.com\/futbolhoycol\/\"]},{\"@type\":\"Person\",\"@id\":\"https:\/\/futbolhoy.co\/#\/schema\/person\/c4a353a512b127643723a34bb1812f7d\",\"name\":\"Laura Hern\u00e1ndez\",\"image\":{\"@type\":\"ImageObject\",\"inLanguage\":\"es\",\"@id\":\"https:\/\/futbolhoy.co\/#\/schema\/person\/image\/\",\"url\":\"https:\/\/secure.gravatar.com\/avatar\/d25959a15b9b293a743f99181c7cfd01?s=96&d=mm&r=g\",\"contentUrl\":\"https:\/\/secure.gravatar.com\/avatar\/d25959a15b9b293a743f99181c7cfd01?s=96&d=mm&r=g\",\"caption\":\"Laura Hern\u00e1ndez\"}}]}<\/script>\n<!-- \/ Yoast SEO plugin. -->","yoast_head_json":{"title":"\u201cLuis D\u00edaz es la contrataci\u00f3n del a\u00f1o en la Premier\u201d, Ferdinand -","robots":{"index":"index","follow":"follow","max-snippet":"max-snippet:-1","max-image-preview":"max-image-preview:large","max-video-preview":"max-video-preview:-1"},"canonical":"https:\/\/futbolhoy.co\/index.php\/2022\/05\/03\/luis-diaz-es-la-contratacion-del-ano-en-la-premier-ferdinand\/","og_locale":"es_ES","og_type":"article","og_title":"\u201cLuis D\u00edaz es la contrataci\u00f3n del a\u00f1o en la Premier\u201d, Ferdinand -","og_description":"(Rio Ferdinand en su canal de YouTube) El ex defensa central ingl\u00e9s\u00a0Rio Ferdinand\u00a0elogi\u00f3 la contrataci\u00f3n del volante colombiano\u00a0Luis D\u00edaz\u00a0por parte del\u00a0Liverpool\u00a0y lo calific\u00f3 como la mejor vinculaci\u00f3n del mercado invernal en la\u00a0Liga Premier. \"Ese es el impacto que ha tenido desde que lleg\u00f3. Simplemente ha sido un soplo de aire fresco. Lo ves jugar y [&hellip;]","og_url":"https:\/\/futbolhoy.co\/index.php\/2022\/05\/03\/luis-diaz-es-la-contratacion-del-ano-en-la-premier-ferdinand\/","article_publisher":"https:\/\/www.facebook.com\/FutbolHoyCol\/","article_published_time":"2022-05-03T16:20:07+00:00","article_modified_time":"2022-05-04T02:24:56+00:00","og_image":[{"width":1024,"height":761,"url":"https:\/\/futbolhoy.co\/wp-content\/uploads\/2022\/02\/Diazl-1024x761.png","type":"image\/png"}],"author":"Laura Hern\u00e1ndez","twitter_card":"summary_large_image","twitter_creator":"@FutbolHoyCol","twitter_site":"@FutbolHoyCol","twitter_misc":{"Escrito por":"Laura Hern\u00e1ndez","Tiempo de lectura":"1 minuto"},"schema":{"@context":"https:\/\/schema.org","@graph":[{"@type":"Article","@id":"https:\/\/futbolhoy.co\/index.php\/2022\/05\/03\/luis-diaz-es-la-contratacion-del-ano-en-la-premier-ferdinand\/#article","isPartOf":{"@id":"https:\/\/futbolhoy.co\/index.php\/2022\/05\/03\/luis-diaz-es-la-contratacion-del-ano-en-la-premier-ferdinand\/"},"author":{"name":"Laura Hern\u00e1ndez","@id":"https:\/\/futbolhoy.co\/#\/schema\/person\/c4a353a512b127643723a34bb1812f7d"},"headline":"\u201cLuis D\u00edaz es la contrataci\u00f3n del a\u00f1o en la Premier\u201d, Ferdinand","datePublished":"2022-05-03T16:20:07+00:00","dateModified":"2022-05-04T02:24:56+00:00","mainEntityOfPage":{"@id":"https:\/\/futbolhoy.co\/index.php\/2022\/05\/03\/luis-diaz-es-la-contratacion-del-ano-en-la-premier-ferdinand\/"},"wordCount":191,"commentCount":0,"publisher":{"@id":"https:\/\/futbolhoy.co\/#organization"},"image":{"@id":"https:\/\/futbolhoy.co\/index.php\/2022\/05\/03\/luis-diaz-es-la-contratacion-del-ano-en-la-premier-ferdinand\/#primaryimage"},"thumbnailUrl":"https:\/\/futbolhoy.co\/wp-content\/uploads\/2022\/02\/Diazl.png","articleSection":["Colombia"],"inLanguage":"es","potentialAction":[{"@type":"CommentAction","name":"Comment","target":["https:\/\/futbolhoy.co\/index.php\/2022\/05\/03\/luis-diaz-es-la-contratacion-del-ano-en-la-premier-ferdinand\/#respond"]}]},{"@type":"WebPage","@id":"https:\/\/futbolhoy.co\/index.php\/2022\/05\/03\/luis-diaz-es-la-contratacion-del-ano-en-la-premier-ferdinand\/","url":"https:\/\/futbolhoy.co\/index.php\/2022\/05\/03\/luis-diaz-es-la-contratacion-del-ano-en-la-premier-ferdinand\/","name":"\u201cLuis D\u00edaz es la contrataci\u00f3n del a\u00f1o en la Premier\u201d, Ferdinand -","isPartOf":{"@id":"https:\/\/futbolhoy.co\/#website"},"primaryImageOfPage":{"@id":"https:\/\/futbolhoy.co\/index.php\/2022\/05\/03\/luis-diaz-es-la-contratacion-del-ano-en-la-premier-ferdinand\/#primaryimage"},"image":{"@id":"https:\/\/futbolhoy.co\/index.php\/2022\/05\/03\/luis-diaz-es-la-contratacion-del-ano-en-la-premier-ferdinand\/#primaryimage"},"thumbnailUrl":"https:\/\/futbolhoy.co\/wp-content\/uploads\/2022\/02\/Diazl.png","datePublished":"2022-05-03T16:20:07+00:00","dateModified":"2022-05-04T02:24:56+00:00","breadcrumb":{"@id":"https:\/\/futbolhoy.co\/index.php\/2022\/05\/03\/luis-diaz-es-la-contratacion-del-ano-en-la-premier-ferdinand\/#breadcrumb"},"inLanguage":"es","potentialAction":[{"@type":"ReadAction","target":["https:\/\/futbolhoy.co\/index.php\/2022\/05\/03\/luis-diaz-es-la-contratacion-del-ano-en-la-premier-ferdinand\/"]}]},{"@type":"ImageObject","inLanguage":"es","@id":"https:\/\/futbolhoy.co\/index.php\/2022\/05\/03\/luis-diaz-es-la-contratacion-del-ano-en-la-premier-ferdinand\/#primaryimage","url":"https:\/\/futbolhoy.co\/wp-content\/uploads\/2022\/02\/Diazl.png","contentUrl":"https:\/\/futbolhoy.co\/wp-content\/uploads\/2022\/02\/Diazl.png","width":1091,"height":811},{"@type":"BreadcrumbList","@id":"https:\/\/futbolhoy.co\/index.php\/2022\/05\/03\/luis-diaz-es-la-contratacion-del-ano-en-la-premier-ferdinand\/#breadcrumb","itemListElement":[{"@type":"ListItem","position":1,"name":"Portada","item":"https:\/\/futbolhoy.co\/"},{"@type":"ListItem","position":2,"name":"\u201cLuis D\u00edaz es la contrataci\u00f3n del a\u00f1o en la Premier\u201d, Ferdinand"}]},{"@type":"WebSite","@id":"https:\/\/futbolhoy.co\/#website","url":"https:\/\/futbolhoy.co\/","name":"FutbolHoy","description":"","publisher":{"@id":"https:\/\/futbolhoy.co\/#organization"},"potentialAction":[{"@type":"SearchAction","target":{"@type":"EntryPoint","urlTemplate":"https:\/\/futbolhoy.co\/?s={search_term_string}"},"query-input":{"@type":"PropertyValueSpecification","valueRequired":true,"valueName":"search_term_string"}}],"inLanguage":"es"},{"@type":"Organization","@id":"https:\/\/futbolhoy.co\/#organization","name":"Futbolhoy.co","url":"https:\/\/futbolhoy.co\/","logo":{"@type":"ImageObject","inLanguage":"es","@id":"https:\/\/futbolhoy.co\/#\/schema\/logo\/image\/","url":"https:\/\/futbolhoy.co\/wp-content\/uploads\/2018\/08\/17426380_1906371736249227_6326180412931521141_n.jpg","contentUrl":"https:\/\/futbolhoy.co\/wp-content\/uploads\/2018\/08\/17426380_1906371736249227_6326180412931521141_n.jpg","width":960,"height":960,"caption":"Futbolhoy.co"},"image":{"@id":"https:\/\/futbolhoy.co\/#\/schema\/logo\/image\/"},"sameAs":["https:\/\/www.facebook.com\/FutbolHoyCol\/","https:\/\/x.com\/FutbolHoyCol","https:\/\/www.instagram.com\/futbolhoycol\/"]},{"@type":"Person","@id":"https:\/\/futbolhoy.co\/#\/schema\/person\/c4a353a512b127643723a34bb1812f7d","name":"Laura Hern\u00e1ndez","image":{"@type":"ImageObject","inLanguage":"es","@id":"https:\/\/futbolhoy.co\/#\/schema\/person\/image\/","url":"https:\/\/secure.gravatar.com\/avatar\/d25959a15b9b293a743f99181c7cfd01?s=96&d=mm&r=g","contentUrl":"https:\/\/secure.gravatar.com\/avatar\/d25959a15b9b293a743f99181c7cfd01?s=96&d=mm&r=g","caption":"Laura Hern\u00e1ndez"}}]}},"publishpress_future_action":{"enabled":false,"date":"2026-05-03 22:45:58","action":"change-status","newStatus":"draft","terms":[],"taxonomy":"category","extraData":[]},"publishpress_future_workflow_manual_trigger":{"enabledWorkflows":[]},"_links":{"self":[{"href":"https:\/\/futbolhoy.co\/index.php\/wp-json\/wp\/v2\/posts\/79654","targetHints":{"allow":["GET"]}}],"collection":[{"href":"https:\/\/futbolhoy.co\/index.php\/wp-json\/wp\/v2\/posts"}],"about":[{"href":"https:\/\/futbolhoy.co\/index.php\/wp-json\/wp\/v2\/types\/post"}],"author":[{"embeddable":true,"href":"https:\/\/futbolhoy.co\/index.php\/wp-json\/wp\/v2\/users\/5"}],"replies":[{"embeddable":true,"href":"https:\/\/futbolhoy.co\/index.php\/wp-json\/wp\/v2\/comments?post=79654"}],"version-history":[{"count":2,"href":"https:\/\/futbolhoy.co\/index.php\/wp-json\/wp\/v2\/posts\/79654\/revisions"}],"predecessor-version":[{"id":79672,"href":"https:\/\/futbolhoy.co\/index.php\/wp-json\/wp\/v2\/posts\/79654\/revisions\/79672"}],"wp:featuredmedia":[{"embeddable":true,"href":"https:\/\/futbolhoy.co\/index.php\/wp-json\/wp\/v2\/media\/75774"}],"wp:attachment":[{"href":"https:\/\/futbolhoy.co\/index.php\/wp-json\/wp\/v2\/media?parent=79654"}],"wp:term":[{"taxonomy":"category","embeddable":true,"href":"https:\/\/futbolhoy.co\/index.php\/wp-json\/wp\/v2\/categories?post=79654"},{"taxonomy":"post_tag","embeddable":true,"href":"https:\/\/futbolhoy.co\/index.php\/wp-json\/wp\/v2\/tags?post=79654"}],"curies":[{"name":"wp","href":"https:\/\/api.w.org\/{rel}","templated":true}]}}