{"id":79663,"date":"2022-05-03T16:28:15","date_gmt":"2022-05-03T21:28:15","guid":{"rendered":"https:\/\/futbolhoy.co\/?p=79663"},"modified":"2022-05-04T10:16:18","modified_gmt":"2022-05-04T15:16:18","slug":"liverpool-y-luis-diaz-a-la-final","status":"publish","type":"post","link":"https:\/\/futbolhoy.co\/index.php\/2022\/05\/03\/liverpool-y-luis-diaz-a-la-final\/","title":{"rendered":"Liverpool y Luis D\u00edaz, a la final"},"content":{"rendered":"<p style=\"text-align: justify;\"><span style=\"font-family: helvetica, arial, sans-serif;\"><strong>Liverpool,<\/strong> con un gol de <strong>Luis D\u00edaz<\/strong>, remont\u00f3 y se impuso 2-3 al <strong>Villarreal<\/strong> para clasificarse a la final de la <strong>Liga de Campeones,<\/strong> cuyo t\u00edtulo se definir\u00e1 el pr\u00f3ximo 28 de mayo en Paris.<\/span><\/p>\n<p style=\"text-align: justify;\"><span style=\"font-family: helvetica, arial, sans-serif;\">El guajiro, quien ingres\u00f3 para la segunda parte, marc\u00f3 a los 68 minutos de golpe de cabeza, luego de un centro de <strong>Alexander Arnold,<\/strong> para poner el empate parcial 2-2 del equipo ingl\u00e9s.<\/span><\/p>\n<p style=\"text-align: justify;\"><span style=\"font-family: helvetica, arial, sans-serif;\">Los otros tantos del plantel que dirige <strong>J\u00fcrgen Kloop<\/strong>, fueron convertidos por <strong>Fabinho (62\u2019) y Sadio Man\u00e9 (74\u2019<\/strong>).<\/span><\/p>\n<p style=\"text-align: justify;\"><span style=\"font-family: helvetica, arial, sans-serif;\">Los espa\u00f1oles rozaron una gesta hist\u00f3rica de alcanzar por primera vez una final de Champions, al terminar el primer tiempo 2-0 a su favor, igualando la serie. Sin embargo, en la segunda parte se hundieron y perdieron la llave 2-5 en el global.<\/span><\/p>\n<p style=\"text-align: justify;\"><span style=\"font-family: helvetica, arial, sans-serif;\">Los goles del local fueron anotados por <strong>Boulaye Dia (3\u2019) y Francis Coquelin (40\u2019).<\/strong><\/span><\/p>\n<p style=\"text-align: justify;\"><span style=\"font-family: helvetica, arial, sans-serif;\"><strong>Villarreal<\/strong> termin\u00f3 con 10 jugadores, despu\u00e9s de la expulsi\u00f3n del franc\u00e9s <strong>\u00c9tienne Capoue<\/strong>, a los 85 minutos por doble tarjeta amarilla.<\/span><\/p>\n<p style=\"text-align: justify;\"><span style=\"font-family: helvetica, arial, sans-serif;\">El equipo ingl\u00e9s espera a su rival para la final en Par\u00eds, que saldr\u00e1 del duelo de este mi\u00e9rcoles entre el <strong>Real Madrid<\/strong> y el <strong>Manchester City<\/strong>. La serie favorece al City 4-3.<\/span><\/p>\n<p style=\"text-align: justify;\"><span style=\"font-family: helvetica, arial, sans-serif;\">D\u00edaz se convirti\u00f3 en el quinto colombiano clasificado a la final del torneo europeo. Previamente estuvieron Iv\u00e1n Ramiro C\u00f3rdoba (Inter de Mil\u00e1n), Juan Guillermo Cuadrado (Juventus), D\u00e1vinson S\u00e1nchez (Tottenham) y James Rodr\u00edguez (Real Madrid).<\/span><\/p>\n<p style=\"text-align: justify;\"><span style=\"font-family: helvetica, arial, sans-serif;\"><strong>C\u00f3rdoba,<\/strong> que no actu\u00f3 en el \u00faltimo partido, fue campe\u00f3n con el equipo italiano en 2010; <strong>James,<\/strong> que tampoco tuvo minutos, gan\u00f3 en dos ocasiones el torneo, 2016 y 2017, mientras que <strong>Cuadrado<\/strong> particip\u00f3 en la final del 2016, que su equipo perdi\u00f3 frente al Madrid.<\/span><\/p>\n<p style=\"text-align: justify;\"><span style=\"font-family: helvetica, arial, sans-serif;\">S\u00e1nchez hizo parte del plantel de los 'spurs' que fue finalista en 2019, pero por lesi\u00f3n no jug\u00f3 la final, que su club perdi\u00f3 frente al Liverpool.<\/span><\/p>\n","protected":false},"excerpt":{"rendered":"<p>Liverpool, con un gol de Luis D\u00edaz, remont\u00f3 y se impuso 2-3 al Villarreal para clasificarse a la final de la Liga de Campeones, cuyo t\u00edtulo se definir\u00e1 el pr\u00f3ximo 28 de mayo en Paris. El guajiro, quien ingres\u00f3 para la segunda parte, marc\u00f3 a los 68 minutos de golpe de cabeza, luego de un [&hellip;]<\/p>\n","protected":false},"author":5,"featured_media":79664,"comment_status":"open","ping_status":"open","sticky":false,"template":"","format":"standard","meta":{"_acf_changed":false,"footnotes":""},"categories":[4],"tags":[],"class_list":{"0":"post-79663","1":"post","2":"type-post","3":"status-publish","4":"format-standard","5":"has-post-thumbnail","7":"category-champions-league"},"acf":[],"yoast_head":"<!-- This site is optimized with the Yoast SEO plugin v26.8 - https:\/\/yoast.com\/product\/yoast-seo-wordpress\/ -->\n<title>Liverpool y Luis D\u00edaz, a la final -<\/title>\n<meta name=\"robots\" content=\"index, follow, max-snippet:-1, max-image-preview:large, max-video-preview:-1\" \/>\n<link rel=\"canonical\" href=\"https:\/\/futbolhoy.co\/index.php\/2022\/05\/03\/liverpool-y-luis-diaz-a-la-final\/\" \/>\n<meta property=\"og:locale\" content=\"es_ES\" \/>\n<meta property=\"og:type\" content=\"article\" \/>\n<meta property=\"og:title\" content=\"Liverpool y Luis D\u00edaz, a la final -\" \/>\n<meta property=\"og:description\" content=\"Liverpool, con un gol de Luis D\u00edaz, remont\u00f3 y se impuso 2-3 al Villarreal para clasificarse a la final de la Liga de Campeones, cuyo t\u00edtulo se definir\u00e1 el pr\u00f3ximo 28 de mayo en Paris. El guajiro, quien ingres\u00f3 para la segunda parte, marc\u00f3 a los 68 minutos de golpe de cabeza, luego de un [&hellip;]\" \/>\n<meta property=\"og:url\" content=\"https:\/\/futbolhoy.co\/index.php\/2022\/05\/03\/liverpool-y-luis-diaz-a-la-final\/\" \/>\n<meta property=\"article:publisher\" content=\"https:\/\/www.facebook.com\/FutbolHoyCol\/\" \/>\n<meta property=\"article:published_time\" content=\"2022-05-03T21:28:15+00:00\" \/>\n<meta property=\"article:modified_time\" content=\"2022-05-04T15:16:18+00:00\" \/>\n<meta property=\"og:image\" content=\"https:\/\/futbolhoy.co\/wp-content\/uploads\/2022\/05\/20220503_162516.jpg\" \/>\n\t<meta property=\"og:image:width\" content=\"1280\" \/>\n\t<meta property=\"og:image:height\" content=\"1600\" \/>\n\t<meta property=\"og:image:type\" content=\"image\/jpeg\" \/>\n<meta name=\"author\" content=\"Laura Hern\u00e1ndez\" \/>\n<meta name=\"twitter:card\" content=\"summary_large_image\" \/>\n<meta name=\"twitter:creator\" content=\"@FutbolHoyCol\" \/>\n<meta name=\"twitter:site\" content=\"@FutbolHoyCol\" \/>\n<meta name=\"twitter:label1\" content=\"Escrito por\" \/>\n\t<meta name=\"twitter:data1\" content=\"Laura Hern\u00e1ndez\" \/>\n\t<meta name=\"twitter:label2\" content=\"Tiempo de lectura\" \/>\n\t<meta name=\"twitter:data2\" content=\"2 minutos\" \/>\n<script type=\"application\/ld+json\" class=\"yoast-schema-graph\">{\"@context\":\"https:\/\/schema.org\",\"@graph\":[{\"@type\":\"Article\",\"@id\":\"https:\/\/futbolhoy.co\/index.php\/2022\/05\/03\/liverpool-y-luis-diaz-a-la-final\/#article\",\"isPartOf\":{\"@id\":\"https:\/\/futbolhoy.co\/index.php\/2022\/05\/03\/liverpool-y-luis-diaz-a-la-final\/\"},\"author\":{\"name\":\"Laura Hern\u00e1ndez\",\"@id\":\"https:\/\/futbolhoy.co\/#\/schema\/person\/c4a353a512b127643723a34bb1812f7d\"},\"headline\":\"Liverpool y Luis D\u00edaz, a la final\",\"datePublished\":\"2022-05-03T21:28:15+00:00\",\"dateModified\":\"2022-05-04T15:16:18+00:00\",\"mainEntityOfPage\":{\"@id\":\"https:\/\/futbolhoy.co\/index.php\/2022\/05\/03\/liverpool-y-luis-diaz-a-la-final\/\"},\"wordCount\":323,\"commentCount\":0,\"publisher\":{\"@id\":\"https:\/\/futbolhoy.co\/#organization\"},\"image\":{\"@id\":\"https:\/\/futbolhoy.co\/index.php\/2022\/05\/03\/liverpool-y-luis-diaz-a-la-final\/#primaryimage\"},\"thumbnailUrl\":\"https:\/\/futbolhoy.co\/wp-content\/uploads\/2022\/05\/20220503_162516.jpg\",\"articleSection\":[\"Champions League\"],\"inLanguage\":\"es\",\"potentialAction\":[{\"@type\":\"CommentAction\",\"name\":\"Comment\",\"target\":[\"https:\/\/futbolhoy.co\/index.php\/2022\/05\/03\/liverpool-y-luis-diaz-a-la-final\/#respond\"]}]},{\"@type\":\"WebPage\",\"@id\":\"https:\/\/futbolhoy.co\/index.php\/2022\/05\/03\/liverpool-y-luis-diaz-a-la-final\/\",\"url\":\"https:\/\/futbolhoy.co\/index.php\/2022\/05\/03\/liverpool-y-luis-diaz-a-la-final\/\",\"name\":\"Liverpool y Luis D\u00edaz, a la final -\",\"isPartOf\":{\"@id\":\"https:\/\/futbolhoy.co\/#website\"},\"primaryImageOfPage\":{\"@id\":\"https:\/\/futbolhoy.co\/index.php\/2022\/05\/03\/liverpool-y-luis-diaz-a-la-final\/#primaryimage\"},\"image\":{\"@id\":\"https:\/\/futbolhoy.co\/index.php\/2022\/05\/03\/liverpool-y-luis-diaz-a-la-final\/#primaryimage\"},\"thumbnailUrl\":\"https:\/\/futbolhoy.co\/wp-content\/uploads\/2022\/05\/20220503_162516.jpg\",\"datePublished\":\"2022-05-03T21:28:15+00:00\",\"dateModified\":\"2022-05-04T15:16:18+00:00\",\"breadcrumb\":{\"@id\":\"https:\/\/futbolhoy.co\/index.php\/2022\/05\/03\/liverpool-y-luis-diaz-a-la-final\/#breadcrumb\"},\"inLanguage\":\"es\",\"potentialAction\":[{\"@type\":\"ReadAction\",\"target\":[\"https:\/\/futbolhoy.co\/index.php\/2022\/05\/03\/liverpool-y-luis-diaz-a-la-final\/\"]}]},{\"@type\":\"ImageObject\",\"inLanguage\":\"es\",\"@id\":\"https:\/\/futbolhoy.co\/index.php\/2022\/05\/03\/liverpool-y-luis-diaz-a-la-final\/#primaryimage\",\"url\":\"https:\/\/futbolhoy.co\/wp-content\/uploads\/2022\/05\/20220503_162516.jpg\",\"contentUrl\":\"https:\/\/futbolhoy.co\/wp-content\/uploads\/2022\/05\/20220503_162516.jpg\",\"width\":1280,\"height\":1600},{\"@type\":\"BreadcrumbList\",\"@id\":\"https:\/\/futbolhoy.co\/index.php\/2022\/05\/03\/liverpool-y-luis-diaz-a-la-final\/#breadcrumb\",\"itemListElement\":[{\"@type\":\"ListItem\",\"position\":1,\"name\":\"Portada\",\"item\":\"https:\/\/futbolhoy.co\/\"},{\"@type\":\"ListItem\",\"position\":2,\"name\":\"Liverpool y Luis D\u00edaz, a la final\"}]},{\"@type\":\"WebSite\",\"@id\":\"https:\/\/futbolhoy.co\/#website\",\"url\":\"https:\/\/futbolhoy.co\/\",\"name\":\"FutbolHoy\",\"description\":\"\",\"publisher\":{\"@id\":\"https:\/\/futbolhoy.co\/#organization\"},\"potentialAction\":[{\"@type\":\"SearchAction\",\"target\":{\"@type\":\"EntryPoint\",\"urlTemplate\":\"https:\/\/futbolhoy.co\/?s={search_term_string}\"},\"query-input\":{\"@type\":\"PropertyValueSpecification\",\"valueRequired\":true,\"valueName\":\"search_term_string\"}}],\"inLanguage\":\"es\"},{\"@type\":\"Organization\",\"@id\":\"https:\/\/futbolhoy.co\/#organization\",\"name\":\"Futbolhoy.co\",\"url\":\"https:\/\/futbolhoy.co\/\",\"logo\":{\"@type\":\"ImageObject\",\"inLanguage\":\"es\",\"@id\":\"https:\/\/futbolhoy.co\/#\/schema\/logo\/image\/\",\"url\":\"https:\/\/futbolhoy.co\/wp-content\/uploads\/2018\/08\/17426380_1906371736249227_6326180412931521141_n.jpg\",\"contentUrl\":\"https:\/\/futbolhoy.co\/wp-content\/uploads\/2018\/08\/17426380_1906371736249227_6326180412931521141_n.jpg\",\"width\":960,\"height\":960,\"caption\":\"Futbolhoy.co\"},\"image\":{\"@id\":\"https:\/\/futbolhoy.co\/#\/schema\/logo\/image\/\"},\"sameAs\":[\"https:\/\/www.facebook.com\/FutbolHoyCol\/\",\"https:\/\/x.com\/FutbolHoyCol\",\"https:\/\/www.instagram.com\/futbolhoycol\/\"]},{\"@type\":\"Person\",\"@id\":\"https:\/\/futbolhoy.co\/#\/schema\/person\/c4a353a512b127643723a34bb1812f7d\",\"name\":\"Laura Hern\u00e1ndez\",\"image\":{\"@type\":\"ImageObject\",\"inLanguage\":\"es\",\"@id\":\"https:\/\/futbolhoy.co\/#\/schema\/person\/image\/\",\"url\":\"https:\/\/secure.gravatar.com\/avatar\/d25959a15b9b293a743f99181c7cfd01?s=96&d=mm&r=g\",\"contentUrl\":\"https:\/\/secure.gravatar.com\/avatar\/d25959a15b9b293a743f99181c7cfd01?s=96&d=mm&r=g\",\"caption\":\"Laura Hern\u00e1ndez\"}}]}<\/script>\n<!-- \/ Yoast SEO plugin. -->","yoast_head_json":{"title":"Liverpool y Luis D\u00edaz, a la final -","robots":{"index":"index","follow":"follow","max-snippet":"max-snippet:-1","max-image-preview":"max-image-preview:large","max-video-preview":"max-video-preview:-1"},"canonical":"https:\/\/futbolhoy.co\/index.php\/2022\/05\/03\/liverpool-y-luis-diaz-a-la-final\/","og_locale":"es_ES","og_type":"article","og_title":"Liverpool y Luis D\u00edaz, a la final -","og_description":"Liverpool, con un gol de Luis D\u00edaz, remont\u00f3 y se impuso 2-3 al Villarreal para clasificarse a la final de la Liga de Campeones, cuyo t\u00edtulo se definir\u00e1 el pr\u00f3ximo 28 de mayo en Paris. El guajiro, quien ingres\u00f3 para la segunda parte, marc\u00f3 a los 68 minutos de golpe de cabeza, luego de un [&hellip;]","og_url":"https:\/\/futbolhoy.co\/index.php\/2022\/05\/03\/liverpool-y-luis-diaz-a-la-final\/","article_publisher":"https:\/\/www.facebook.com\/FutbolHoyCol\/","article_published_time":"2022-05-03T21:28:15+00:00","article_modified_time":"2022-05-04T15:16:18+00:00","og_image":[{"width":1280,"height":1600,"url":"https:\/\/futbolhoy.co\/wp-content\/uploads\/2022\/05\/20220503_162516.jpg","type":"image\/jpeg"}],"author":"Laura Hern\u00e1ndez","twitter_card":"summary_large_image","twitter_creator":"@FutbolHoyCol","twitter_site":"@FutbolHoyCol","twitter_misc":{"Escrito por":"Laura Hern\u00e1ndez","Tiempo de lectura":"2 minutos"},"schema":{"@context":"https:\/\/schema.org","@graph":[{"@type":"Article","@id":"https:\/\/futbolhoy.co\/index.php\/2022\/05\/03\/liverpool-y-luis-diaz-a-la-final\/#article","isPartOf":{"@id":"https:\/\/futbolhoy.co\/index.php\/2022\/05\/03\/liverpool-y-luis-diaz-a-la-final\/"},"author":{"name":"Laura Hern\u00e1ndez","@id":"https:\/\/futbolhoy.co\/#\/schema\/person\/c4a353a512b127643723a34bb1812f7d"},"headline":"Liverpool y Luis D\u00edaz, a la final","datePublished":"2022-05-03T21:28:15+00:00","dateModified":"2022-05-04T15:16:18+00:00","mainEntityOfPage":{"@id":"https:\/\/futbolhoy.co\/index.php\/2022\/05\/03\/liverpool-y-luis-diaz-a-la-final\/"},"wordCount":323,"commentCount":0,"publisher":{"@id":"https:\/\/futbolhoy.co\/#organization"},"image":{"@id":"https:\/\/futbolhoy.co\/index.php\/2022\/05\/03\/liverpool-y-luis-diaz-a-la-final\/#primaryimage"},"thumbnailUrl":"https:\/\/futbolhoy.co\/wp-content\/uploads\/2022\/05\/20220503_162516.jpg","articleSection":["Champions League"],"inLanguage":"es","potentialAction":[{"@type":"CommentAction","name":"Comment","target":["https:\/\/futbolhoy.co\/index.php\/2022\/05\/03\/liverpool-y-luis-diaz-a-la-final\/#respond"]}]},{"@type":"WebPage","@id":"https:\/\/futbolhoy.co\/index.php\/2022\/05\/03\/liverpool-y-luis-diaz-a-la-final\/","url":"https:\/\/futbolhoy.co\/index.php\/2022\/05\/03\/liverpool-y-luis-diaz-a-la-final\/","name":"Liverpool y Luis D\u00edaz, a la final -","isPartOf":{"@id":"https:\/\/futbolhoy.co\/#website"},"primaryImageOfPage":{"@id":"https:\/\/futbolhoy.co\/index.php\/2022\/05\/03\/liverpool-y-luis-diaz-a-la-final\/#primaryimage"},"image":{"@id":"https:\/\/futbolhoy.co\/index.php\/2022\/05\/03\/liverpool-y-luis-diaz-a-la-final\/#primaryimage"},"thumbnailUrl":"https:\/\/futbolhoy.co\/wp-content\/uploads\/2022\/05\/20220503_162516.jpg","datePublished":"2022-05-03T21:28:15+00:00","dateModified":"2022-05-04T15:16:18+00:00","breadcrumb":{"@id":"https:\/\/futbolhoy.co\/index.php\/2022\/05\/03\/liverpool-y-luis-diaz-a-la-final\/#breadcrumb"},"inLanguage":"es","potentialAction":[{"@type":"ReadAction","target":["https:\/\/futbolhoy.co\/index.php\/2022\/05\/03\/liverpool-y-luis-diaz-a-la-final\/"]}]},{"@type":"ImageObject","inLanguage":"es","@id":"https:\/\/futbolhoy.co\/index.php\/2022\/05\/03\/liverpool-y-luis-diaz-a-la-final\/#primaryimage","url":"https:\/\/futbolhoy.co\/wp-content\/uploads\/2022\/05\/20220503_162516.jpg","contentUrl":"https:\/\/futbolhoy.co\/wp-content\/uploads\/2022\/05\/20220503_162516.jpg","width":1280,"height":1600},{"@type":"BreadcrumbList","@id":"https:\/\/futbolhoy.co\/index.php\/2022\/05\/03\/liverpool-y-luis-diaz-a-la-final\/#breadcrumb","itemListElement":[{"@type":"ListItem","position":1,"name":"Portada","item":"https:\/\/futbolhoy.co\/"},{"@type":"ListItem","position":2,"name":"Liverpool y Luis D\u00edaz, a la final"}]},{"@type":"WebSite","@id":"https:\/\/futbolhoy.co\/#website","url":"https:\/\/futbolhoy.co\/","name":"FutbolHoy","description":"","publisher":{"@id":"https:\/\/futbolhoy.co\/#organization"},"potentialAction":[{"@type":"SearchAction","target":{"@type":"EntryPoint","urlTemplate":"https:\/\/futbolhoy.co\/?s={search_term_string}"},"query-input":{"@type":"PropertyValueSpecification","valueRequired":true,"valueName":"search_term_string"}}],"inLanguage":"es"},{"@type":"Organization","@id":"https:\/\/futbolhoy.co\/#organization","name":"Futbolhoy.co","url":"https:\/\/futbolhoy.co\/","logo":{"@type":"ImageObject","inLanguage":"es","@id":"https:\/\/futbolhoy.co\/#\/schema\/logo\/image\/","url":"https:\/\/futbolhoy.co\/wp-content\/uploads\/2018\/08\/17426380_1906371736249227_6326180412931521141_n.jpg","contentUrl":"https:\/\/futbolhoy.co\/wp-content\/uploads\/2018\/08\/17426380_1906371736249227_6326180412931521141_n.jpg","width":960,"height":960,"caption":"Futbolhoy.co"},"image":{"@id":"https:\/\/futbolhoy.co\/#\/schema\/logo\/image\/"},"sameAs":["https:\/\/www.facebook.com\/FutbolHoyCol\/","https:\/\/x.com\/FutbolHoyCol","https:\/\/www.instagram.com\/futbolhoycol\/"]},{"@type":"Person","@id":"https:\/\/futbolhoy.co\/#\/schema\/person\/c4a353a512b127643723a34bb1812f7d","name":"Laura Hern\u00e1ndez","image":{"@type":"ImageObject","inLanguage":"es","@id":"https:\/\/futbolhoy.co\/#\/schema\/person\/image\/","url":"https:\/\/secure.gravatar.com\/avatar\/d25959a15b9b293a743f99181c7cfd01?s=96&d=mm&r=g","contentUrl":"https:\/\/secure.gravatar.com\/avatar\/d25959a15b9b293a743f99181c7cfd01?s=96&d=mm&r=g","caption":"Laura Hern\u00e1ndez"}}]}},"publishpress_future_action":{"enabled":false,"date":"2026-05-04 05:59:38","action":"change-status","newStatus":"draft","terms":[],"taxonomy":"category","extraData":[]},"publishpress_future_workflow_manual_trigger":{"enabledWorkflows":[]},"_links":{"self":[{"href":"https:\/\/futbolhoy.co\/index.php\/wp-json\/wp\/v2\/posts\/79663","targetHints":{"allow":["GET"]}}],"collection":[{"href":"https:\/\/futbolhoy.co\/index.php\/wp-json\/wp\/v2\/posts"}],"about":[{"href":"https:\/\/futbolhoy.co\/index.php\/wp-json\/wp\/v2\/types\/post"}],"author":[{"embeddable":true,"href":"https:\/\/futbolhoy.co\/index.php\/wp-json\/wp\/v2\/users\/5"}],"replies":[{"embeddable":true,"href":"https:\/\/futbolhoy.co\/index.php\/wp-json\/wp\/v2\/comments?post=79663"}],"version-history":[{"count":2,"href":"https:\/\/futbolhoy.co\/index.php\/wp-json\/wp\/v2\/posts\/79663\/revisions"}],"predecessor-version":[{"id":79666,"href":"https:\/\/futbolhoy.co\/index.php\/wp-json\/wp\/v2\/posts\/79663\/revisions\/79666"}],"wp:featuredmedia":[{"embeddable":true,"href":"https:\/\/futbolhoy.co\/index.php\/wp-json\/wp\/v2\/media\/79664"}],"wp:attachment":[{"href":"https:\/\/futbolhoy.co\/index.php\/wp-json\/wp\/v2\/media?parent=79663"}],"wp:term":[{"taxonomy":"category","embeddable":true,"href":"https:\/\/futbolhoy.co\/index.php\/wp-json\/wp\/v2\/categories?post=79663"},{"taxonomy":"post_tag","embeddable":true,"href":"https:\/\/futbolhoy.co\/index.php\/wp-json\/wp\/v2\/tags?post=79663"}],"curies":[{"name":"wp","href":"https:\/\/api.w.org\/{rel}","templated":true}]}}