{"id":79796,"date":"2022-05-06T16:15:46","date_gmt":"2022-05-06T21:15:46","guid":{"rendered":"https:\/\/futbolhoy.co\/?p=79796"},"modified":"2022-05-07T10:13:29","modified_gmt":"2022-05-07T15:13:29","slug":"jaguares-medellin-seria-aplazado-por-orden-publico","status":"publish","type":"post","link":"https:\/\/futbolhoy.co\/index.php\/2022\/05\/06\/jaguares-medellin-seria-aplazado-por-orden-publico\/","title":{"rendered":"Jaguares-Medell\u00edn, en duda"},"content":{"rendered":"<p style=\"text-align: justify;\"><span style=\"font-family: helvetica, arial, sans-serif;\"><strong>Independiente Medell\u00edn<\/strong> anunci\u00f3 que no viajar\u00e1 Monter\u00eda para disputar el partido frente a <strong>Jaguares<\/strong> por la fecha 19 de la <strong>Liga BetPlay Dimayor I-2022<\/strong>, debido a la dif\u00edcil situaci\u00f3n de orden p\u00fablico.<\/span><\/p>\n<p style=\"text-align: justify;\"><span style=\"font-family: helvetica, arial, sans-serif;\">\u201cTras evaluar la situaci\u00f3n social y de orden p\u00fablico\u00a0\u00a0que se vive en el Departamento de C\u00f3rdoba, ha tomado la decisi\u00f3n institucional de no viajar a la ciudad de Monter\u00eda\u201d, dice la nota de prensa del club.<\/span><\/p>\n<p style=\"text-align: justify;\"><span style=\"font-family: helvetica, arial, sans-serif;\">\u201cNos hemos comunicado con los encargados de los temas log\u00edsticos que requieren estos desplazamientos y no se puede garantizar la seguridad de la delegaci\u00f3n\u201d, agreg\u00f3 el comunicado.<\/span><\/p>\n<p style=\"text-align: justify;\"><span style=\"font-family: helvetica, arial, sans-serif;\">Entretanto, <strong>Dimayor,<\/strong> que inicialmente no estaba dispuesta a aplazar el encuentro, est\u00e1 analizando esta situaci\u00f3n y en las pr\u00f3ximas horas se pronunciar\u00e1 sobre el tema.<\/span><\/p>\n<p style=\"text-align: justify;\"><span style=\"font-family: helvetica, arial, sans-serif;\">El equipo antioque\u00f1o, con 31 puntos, ocupa la quinta posici\u00f3n en el campeonato y tiene asegurada su presencia en la fase de cuadrangulares. Jaguares, sin opciones, suma 21 unidades.<\/span><\/p>\n","protected":false},"excerpt":{"rendered":"<p>Independiente Medell\u00edn anunci\u00f3 que no viajar\u00e1 Monter\u00eda para disputar el partido frente a Jaguares por la fecha 19 de la Liga BetPlay Dimayor I-2022, debido a la dif\u00edcil situaci\u00f3n de orden p\u00fablico. \u201cTras evaluar la situaci\u00f3n social y de orden p\u00fablico\u00a0\u00a0que se vive en el Departamento de C\u00f3rdoba, ha tomado la decisi\u00f3n institucional de no [&hellip;]<\/p>\n","protected":false},"author":5,"featured_media":79797,"comment_status":"open","ping_status":"closed","sticky":false,"template":"","format":"standard","meta":{"_acf_changed":false,"footnotes":""},"categories":[7],"tags":[],"class_list":{"0":"post-79796","1":"post","2":"type-post","3":"status-publish","4":"format-standard","5":"has-post-thumbnail","7":"category-liga-betplay"},"acf":[],"_links":{"self":[{"href":"https:\/\/futbolhoy.co\/index.php\/wp-json\/wp\/v2\/posts\/79796","targetHints":{"allow":["GET"]}}],"collection":[{"href":"https:\/\/futbolhoy.co\/index.php\/wp-json\/wp\/v2\/posts"}],"about":[{"href":"https:\/\/futbolhoy.co\/index.php\/wp-json\/wp\/v2\/types\/post"}],"author":[{"embeddable":true,"href":"https:\/\/futbolhoy.co\/index.php\/wp-json\/wp\/v2\/users\/5"}],"replies":[{"embeddable":true,"href":"https:\/\/futbolhoy.co\/index.php\/wp-json\/wp\/v2\/comments?post=79796"}],"version-history":[{"count":2,"href":"https:\/\/futbolhoy.co\/index.php\/wp-json\/wp\/v2\/posts\/79796\/revisions"}],"predecessor-version":[{"id":79802,"href":"https:\/\/futbolhoy.co\/index.php\/wp-json\/wp\/v2\/posts\/79796\/revisions\/79802"}],"wp:featuredmedia":[{"embeddable":true,"href":"https:\/\/futbolhoy.co\/index.php\/wp-json\/wp\/v2\/media\/79797"}],"wp:attachment":[{"href":"https:\/\/futbolhoy.co\/index.php\/wp-json\/wp\/v2\/media?parent=79796"}],"wp:term":[{"taxonomy":"category","embeddable":true,"href":"https:\/\/futbolhoy.co\/index.php\/wp-json\/wp\/v2\/categories?post=79796"},{"taxonomy":"post_tag","embeddable":true,"href":"https:\/\/futbolhoy.co\/index.php\/wp-json\/wp\/v2\/tags?post=79796"}],"curies":[{"name":"wp","href":"https:\/\/api.w.org\/{rel}","templated":true}]}}