{"id":79835,"date":"2022-05-07T15:23:40","date_gmt":"2022-05-07T20:23:40","guid":{"rendered":"https:\/\/futbolhoy.co\/?p=79835"},"modified":"2022-05-07T17:27:02","modified_gmt":"2022-05-07T22:27:02","slug":"matheus-en-la-historia-del-porto-que-llego-a-30-titulos","status":"publish","type":"post","link":"https:\/\/futbolhoy.co\/index.php\/2022\/05\/07\/matheus-en-la-historia-del-porto-que-llego-a-30-titulos\/","title":{"rendered":"Matheus en la historia del Porto"},"content":{"rendered":"<p style=\"text-align: justify;\"><span style=\"font-family: helvetica, arial, sans-serif;\">El <strong>Porto,<\/strong> donde juega el volante antioque\u00f1o <strong>Matheus Uribe<\/strong>, \u00a0se proclam\u00f3 campe\u00f3n de Portugal por trig\u00e9sima ocasi\u00f3n en su historia al imponerse 1- 0 en su visita al <strong>Benfica<\/strong> en la pen\u00faltima fecha.<\/span><\/p>\n<p style=\"text-align: justify;\"><span style=\"font-family: helvetica, arial, sans-serif;\">El nigeriano <strong>Zaidu Sanusi<\/strong> anot\u00f3 el tanto del triunfo en el descuento (90+4). En cualquier caso, el solo empate le hubiera permitido asegurar matem\u00e1ticamente el t\u00edtulo.<\/span><\/p>\n<p style=\"text-align: justify;\"><span style=\"font-family: helvetica, arial, sans-serif;\"><strong>Uribe,<\/strong> quien se recupera de una lesi\u00f3n muscular que sufri\u00f3 el pasado 7 de abril en un partido frente a\u00a0 Santa Clara, no estuvo en el grupo de concentrados.<\/span><\/p>\n<p style=\"text-align: justify;\"><span style=\"font-family: helvetica, arial, sans-serif;\">Con este resultado, <strong>Porto<\/strong> ya no puede ser alcanzado por el vigente campe\u00f3n, <strong>Sporting de Lisboa<\/strong>, que es segundo y al que le sac\u00f3 nueve puntos de ventaja a falta de dos fechas.<\/span><\/p>\n<p style=\"text-align: justify;\"><span style=\"font-family: helvetica, arial, sans-serif;\"><strong>Porto<\/strong> y <strong>Sporting<\/strong> aseguraron su cupo a la fase de grupos de la <strong>Liga de Campeones<\/strong>, mientras que el tercero, que ser\u00e1 el <strong>Benfica,<\/strong> tendr\u00e1 que jugar la tercera ronda preliminar del mismo torneo.<\/span><\/p>\n<p style=\"text-align: justify;\"><span style=\"font-family: helvetica, arial, sans-serif;\"><strong>Porto<\/strong> aspira ahora al &#8216;doblete&#8217;, ya que el pr\u00f3ximo 22 de mayo disputar\u00e1 ante el Tondela, la final de la <strong>Copa de Portugal<\/strong>.<\/span><\/p>\n<p style=\"text-align: justify;\"><span style=\"font-family: helvetica, arial, sans-serif;\">El nuevo campe\u00f3n cont\u00f3 en la primera parte de la Liga con el guajiro <strong>Luis D\u00edaz<\/strong>, quien hoy triunfa en el <strong>Liverpool<\/strong> de Inglaterra. El guajiro particip\u00f3 en 18 encuentros por Liga durante esta temporada.<\/span><\/p>\n<p style=\"text-align: justify;\"><span style=\"font-family: helvetica, arial, sans-serif;\">En el palmar\u00e9s del equipo luso, figuran varios colombianos con t\u00edtulos en liga:<\/span><\/p>\n<p style=\"text-align: justify;\"><span style=\"font-family: helvetica, arial, sans-serif;\">James Rodr\u00edguez, 3 t\u00edtulos (2011, 2012, 2013)<\/span><\/p>\n<p style=\"text-align: justify;\"><span style=\"font-family: helvetica, arial, sans-serif;\">Fredy Guar\u00edn, 3 t\u00edtulos (2009, 2011, 2012, cedido antes de finalizar la temporada)<\/span><\/p>\n<p style=\"text-align: justify;\"><span style=\"font-family: helvetica, arial, sans-serif;\">Falcao Garc\u00eda, 2 t\u00edtulos (2011 y 2012)<\/span><\/p>\n<p style=\"text-align: justify;\"><span style=\"font-family: helvetica, arial, sans-serif;\">Mateus Uribe, dos t\u00edtulos (2020, 2022)<\/span><\/p>\n<p style=\"text-align: justify;\"><span style=\"font-family: helvetica, arial, sans-serif;\">Luis D\u00edaz, dos t\u00edtulos (2020, 2022, cedido antes finalizar la temporada)<\/span><\/p>\n<p style=\"text-align: justify;\"><span style=\"font-family: helvetica, arial, sans-serif;\">Jackson\u00a0 Mart\u00ednez, un t\u00edtulo (2013)<\/span><\/p>\n<p style=\"text-align: justify;\"><span style=\"font-family: helvetica, arial, sans-serif;\">El volante Juan Fernando Quintero, quien estuvo dos temporadas, gan\u00f3 una Supercopa de Portugal y el defensa H\u00e9ctor Qui\u00f1ones solo jug\u00f3 dos partidos en 2013 (uno por liga y uno por Copa), donde el club venci\u00f3 en Liga.<\/span><\/p>\n","protected":false},"excerpt":{"rendered":"<p>El Porto, donde juega el volante antioque\u00f1o Matheus Uribe, \u00a0se proclam\u00f3 campe\u00f3n de Portugal por trig\u00e9sima ocasi\u00f3n en su historia al imponerse 1- 0 en su visita al Benfica en la pen\u00faltima fecha. El nigeriano Zaidu Sanusi anot\u00f3 el tanto del triunfo en el descuento (90+4). En cualquier caso, el solo empate le hubiera permitido [&hellip;]<\/p>\n","protected":false},"author":5,"featured_media":79836,"comment_status":"open","ping_status":"closed","sticky":false,"template":"","format":"standard","meta":{"_acf_changed":false,"footnotes":""},"categories":[5],"tags":[],"class_list":["post-79835","post","type-post","status-publish","format-standard","has-post-thumbnail","category-destacados"],"acf":[],"yoast_head":"<!-- This site is optimized with the Yoast SEO plugin v28.4 - https:\/\/yoast.com\/product\/yoast-seo-wordpress\/ -->\n<title>Matheus en la historia del Porto -<\/title>\n<meta name=\"robots\" content=\"index, follow, max-snippet:-1, max-image-preview:large, max-video-preview:-1\" \/>\n<link rel=\"canonical\" href=\"https:\/\/futbolhoy.co\/index.php\/2022\/05\/07\/matheus-en-la-historia-del-porto-que-llego-a-30-titulos\/\" \/>\n<meta property=\"og:locale\" content=\"es_ES\" \/>\n<meta property=\"og:type\" content=\"article\" \/>\n<meta property=\"og:title\" content=\"Matheus en la historia del Porto -\" \/>\n<meta property=\"og:description\" content=\"El Porto, donde juega el volante antioque\u00f1o Matheus Uribe, \u00a0se proclam\u00f3 campe\u00f3n de Portugal por trig\u00e9sima ocasi\u00f3n en su historia al imponerse 1- 0 en su visita al Benfica en la pen\u00faltima fecha. El nigeriano Zaidu Sanusi anot\u00f3 el tanto del triunfo en el descuento (90+4). En cualquier caso, el solo empate le hubiera permitido [&hellip;]\" \/>\n<meta property=\"og:url\" content=\"https:\/\/futbolhoy.co\/index.php\/2022\/05\/07\/matheus-en-la-historia-del-porto-que-llego-a-30-titulos\/\" \/>\n<meta property=\"article:publisher\" content=\"https:\/\/www.facebook.com\/FutbolHoyCol\/\" \/>\n<meta property=\"article:published_time\" content=\"2022-05-07T20:23:40+00:00\" \/>\n<meta property=\"article:modified_time\" content=\"2022-05-07T22:27:02+00:00\" \/>\n<meta property=\"og:image\" content=\"https:\/\/futbolhoy.co\/wp-content\/uploads\/2022\/05\/20220507_152220.jpg\" \/>\n\t<meta property=\"og:image:width\" content=\"1600\" \/>\n\t<meta property=\"og:image:height\" content=\"1103\" \/>\n\t<meta property=\"og:image:type\" content=\"image\/jpeg\" \/>\n<meta name=\"author\" content=\"Laura Hern\u00e1ndez\" \/>\n<meta name=\"twitter:card\" content=\"summary_large_image\" \/>\n<meta name=\"twitter:creator\" content=\"@FutbolHoyCol\" \/>\n<meta name=\"twitter:site\" content=\"@FutbolHoyCol\" \/>\n<meta name=\"twitter:label1\" content=\"Escrito por\" \/>\n\t<meta name=\"twitter:data1\" content=\"Laura Hern\u00e1ndez\" \/>\n\t<meta name=\"twitter:label2\" content=\"Tiempo de lectura\" \/>\n\t<meta name=\"twitter:data2\" content=\"2 minutos\" \/>\n<script type=\"application\/ld+json\" class=\"yoast-schema-graph\">{\"@context\":\"https:\\\/\\\/schema.org\",\"@graph\":[{\"@type\":\"Article\",\"@id\":\"https:\\\/\\\/futbolhoy.co\\\/index.php\\\/2022\\\/05\\\/07\\\/matheus-en-la-historia-del-porto-que-llego-a-30-titulos\\\/#article\",\"isPartOf\":{\"@id\":\"https:\\\/\\\/futbolhoy.co\\\/index.php\\\/2022\\\/05\\\/07\\\/matheus-en-la-historia-del-porto-que-llego-a-30-titulos\\\/\"},\"author\":{\"name\":\"Laura Hern\u00e1ndez\",\"@id\":\"https:\\\/\\\/futbolhoy.co\\\/#\\\/schema\\\/person\\\/c4a353a512b127643723a34bb1812f7d\"},\"headline\":\"Matheus en la historia del Porto\",\"datePublished\":\"2022-05-07T20:23:40+00:00\",\"dateModified\":\"2022-05-07T22:27:02+00:00\",\"mainEntityOfPage\":{\"@id\":\"https:\\\/\\\/futbolhoy.co\\\/index.php\\\/2022\\\/05\\\/07\\\/matheus-en-la-historia-del-porto-que-llego-a-30-titulos\\\/\"},\"wordCount\":324,\"commentCount\":0,\"image\":{\"@id\":\"https:\\\/\\\/futbolhoy.co\\\/index.php\\\/2022\\\/05\\\/07\\\/matheus-en-la-historia-del-porto-que-llego-a-30-titulos\\\/#primaryimage\"},\"thumbnailUrl\":\"https:\\\/\\\/futbolhoy.co\\\/wp-content\\\/uploads\\\/2022\\\/05\\\/20220507_152220.jpg\",\"articleSection\":[\"Destacados\"],\"inLanguage\":\"es\",\"potentialAction\":[{\"@type\":\"CommentAction\",\"name\":\"Comment\",\"target\":[\"https:\\\/\\\/futbolhoy.co\\\/index.php\\\/2022\\\/05\\\/07\\\/matheus-en-la-historia-del-porto-que-llego-a-30-titulos\\\/#respond\"]}]},{\"@type\":\"WebPage\",\"@id\":\"https:\\\/\\\/futbolhoy.co\\\/index.php\\\/2022\\\/05\\\/07\\\/matheus-en-la-historia-del-porto-que-llego-a-30-titulos\\\/\",\"url\":\"https:\\\/\\\/futbolhoy.co\\\/index.php\\\/2022\\\/05\\\/07\\\/matheus-en-la-historia-del-porto-que-llego-a-30-titulos\\\/\",\"name\":\"Matheus en la historia del Porto -\",\"isPartOf\":{\"@id\":\"https:\\\/\\\/futbolhoy.co\\\/#website\"},\"primaryImageOfPage\":{\"@id\":\"https:\\\/\\\/futbolhoy.co\\\/index.php\\\/2022\\\/05\\\/07\\\/matheus-en-la-historia-del-porto-que-llego-a-30-titulos\\\/#primaryimage\"},\"image\":{\"@id\":\"https:\\\/\\\/futbolhoy.co\\\/index.php\\\/2022\\\/05\\\/07\\\/matheus-en-la-historia-del-porto-que-llego-a-30-titulos\\\/#primaryimage\"},\"thumbnailUrl\":\"https:\\\/\\\/futbolhoy.co\\\/wp-content\\\/uploads\\\/2022\\\/05\\\/20220507_152220.jpg\",\"datePublished\":\"2022-05-07T20:23:40+00:00\",\"dateModified\":\"2022-05-07T22:27:02+00:00\",\"author\":{\"@id\":\"https:\\\/\\\/futbolhoy.co\\\/#\\\/schema\\\/person\\\/c4a353a512b127643723a34bb1812f7d\"},\"breadcrumb\":{\"@id\":\"https:\\\/\\\/futbolhoy.co\\\/index.php\\\/2022\\\/05\\\/07\\\/matheus-en-la-historia-del-porto-que-llego-a-30-titulos\\\/#breadcrumb\"},\"inLanguage\":\"es\",\"potentialAction\":[{\"@type\":\"ReadAction\",\"target\":[\"https:\\\/\\\/futbolhoy.co\\\/index.php\\\/2022\\\/05\\\/07\\\/matheus-en-la-historia-del-porto-que-llego-a-30-titulos\\\/\"]}]},{\"@type\":\"ImageObject\",\"inLanguage\":\"es\",\"@id\":\"https:\\\/\\\/futbolhoy.co\\\/index.php\\\/2022\\\/05\\\/07\\\/matheus-en-la-historia-del-porto-que-llego-a-30-titulos\\\/#primaryimage\",\"url\":\"https:\\\/\\\/futbolhoy.co\\\/wp-content\\\/uploads\\\/2022\\\/05\\\/20220507_152220.jpg\",\"contentUrl\":\"https:\\\/\\\/futbolhoy.co\\\/wp-content\\\/uploads\\\/2022\\\/05\\\/20220507_152220.jpg\",\"width\":1600,\"height\":1103},{\"@type\":\"BreadcrumbList\",\"@id\":\"https:\\\/\\\/futbolhoy.co\\\/index.php\\\/2022\\\/05\\\/07\\\/matheus-en-la-historia-del-porto-que-llego-a-30-titulos\\\/#breadcrumb\",\"itemListElement\":[{\"@type\":\"ListItem\",\"position\":1,\"name\":\"Portada\",\"item\":\"https:\\\/\\\/futbolhoy.co\\\/\"},{\"@type\":\"ListItem\",\"position\":2,\"name\":\"Matheus en la historia del Porto\"}]},{\"@type\":\"WebSite\",\"@id\":\"https:\\\/\\\/futbolhoy.co\\\/#website\",\"url\":\"https:\\\/\\\/futbolhoy.co\\\/\",\"name\":\"FutbolHoy\",\"description\":\"\",\"potentialAction\":[{\"@type\":\"SearchAction\",\"target\":{\"@type\":\"EntryPoint\",\"urlTemplate\":\"https:\\\/\\\/futbolhoy.co\\\/?s={search_term_string}\"},\"query-input\":{\"@type\":\"PropertyValueSpecification\",\"valueRequired\":true,\"valueName\":\"search_term_string\"}}],\"inLanguage\":\"es\"},{\"@type\":\"Person\",\"@id\":\"https:\\\/\\\/futbolhoy.co\\\/#\\\/schema\\\/person\\\/c4a353a512b127643723a34bb1812f7d\",\"name\":\"Laura Hern\u00e1ndez\",\"image\":{\"@type\":\"ImageObject\",\"inLanguage\":\"es\",\"@id\":\"https:\\\/\\\/secure.gravatar.com\\\/avatar\\\/1ae6b7966942c60c822ea71afe0e5cf4105b8e983193883c6d026db4d508431d?s=96&d=mm&r=g\",\"url\":\"https:\\\/\\\/secure.gravatar.com\\\/avatar\\\/1ae6b7966942c60c822ea71afe0e5cf4105b8e983193883c6d026db4d508431d?s=96&d=mm&r=g\",\"contentUrl\":\"https:\\\/\\\/secure.gravatar.com\\\/avatar\\\/1ae6b7966942c60c822ea71afe0e5cf4105b8e983193883c6d026db4d508431d?s=96&d=mm&r=g\",\"caption\":\"Laura Hern\u00e1ndez\"}}]}<\/script>\n<!-- \/ Yoast SEO plugin. -->","yoast_head_json":{"title":"Matheus en la historia del Porto -","robots":{"index":"index","follow":"follow","max-snippet":"max-snippet:-1","max-image-preview":"max-image-preview:large","max-video-preview":"max-video-preview:-1"},"canonical":"https:\/\/futbolhoy.co\/index.php\/2022\/05\/07\/matheus-en-la-historia-del-porto-que-llego-a-30-titulos\/","og_locale":"es_ES","og_type":"article","og_title":"Matheus en la historia del Porto -","og_description":"El Porto, donde juega el volante antioque\u00f1o Matheus Uribe, \u00a0se proclam\u00f3 campe\u00f3n de Portugal por trig\u00e9sima ocasi\u00f3n en su historia al imponerse 1- 0 en su visita al Benfica en la pen\u00faltima fecha. El nigeriano Zaidu Sanusi anot\u00f3 el tanto del triunfo en el descuento (90+4). En cualquier caso, el solo empate le hubiera permitido [&hellip;]","og_url":"https:\/\/futbolhoy.co\/index.php\/2022\/05\/07\/matheus-en-la-historia-del-porto-que-llego-a-30-titulos\/","article_publisher":"https:\/\/www.facebook.com\/FutbolHoyCol\/","article_published_time":"2022-05-07T20:23:40+00:00","article_modified_time":"2022-05-07T22:27:02+00:00","og_image":[{"width":1600,"height":1103,"url":"https:\/\/futbolhoy.co\/wp-content\/uploads\/2022\/05\/20220507_152220.jpg","type":"image\/jpeg"}],"author":"Laura Hern\u00e1ndez","twitter_card":"summary_large_image","twitter_creator":"@FutbolHoyCol","twitter_site":"@FutbolHoyCol","twitter_misc":{"Escrito por":"Laura Hern\u00e1ndez","Tiempo de lectura":"2 minutos"},"schema":{"@context":"https:\/\/schema.org","@graph":[{"@type":"Article","@id":"https:\/\/futbolhoy.co\/index.php\/2022\/05\/07\/matheus-en-la-historia-del-porto-que-llego-a-30-titulos\/#article","isPartOf":{"@id":"https:\/\/futbolhoy.co\/index.php\/2022\/05\/07\/matheus-en-la-historia-del-porto-que-llego-a-30-titulos\/"},"author":{"name":"Laura Hern\u00e1ndez","@id":"https:\/\/futbolhoy.co\/#\/schema\/person\/c4a353a512b127643723a34bb1812f7d"},"headline":"Matheus en la historia del Porto","datePublished":"2022-05-07T20:23:40+00:00","dateModified":"2022-05-07T22:27:02+00:00","mainEntityOfPage":{"@id":"https:\/\/futbolhoy.co\/index.php\/2022\/05\/07\/matheus-en-la-historia-del-porto-que-llego-a-30-titulos\/"},"wordCount":324,"commentCount":0,"image":{"@id":"https:\/\/futbolhoy.co\/index.php\/2022\/05\/07\/matheus-en-la-historia-del-porto-que-llego-a-30-titulos\/#primaryimage"},"thumbnailUrl":"https:\/\/futbolhoy.co\/wp-content\/uploads\/2022\/05\/20220507_152220.jpg","articleSection":["Destacados"],"inLanguage":"es","potentialAction":[{"@type":"CommentAction","name":"Comment","target":["https:\/\/futbolhoy.co\/index.php\/2022\/05\/07\/matheus-en-la-historia-del-porto-que-llego-a-30-titulos\/#respond"]}]},{"@type":"WebPage","@id":"https:\/\/futbolhoy.co\/index.php\/2022\/05\/07\/matheus-en-la-historia-del-porto-que-llego-a-30-titulos\/","url":"https:\/\/futbolhoy.co\/index.php\/2022\/05\/07\/matheus-en-la-historia-del-porto-que-llego-a-30-titulos\/","name":"Matheus en la historia del Porto -","isPartOf":{"@id":"https:\/\/futbolhoy.co\/#website"},"primaryImageOfPage":{"@id":"https:\/\/futbolhoy.co\/index.php\/2022\/05\/07\/matheus-en-la-historia-del-porto-que-llego-a-30-titulos\/#primaryimage"},"image":{"@id":"https:\/\/futbolhoy.co\/index.php\/2022\/05\/07\/matheus-en-la-historia-del-porto-que-llego-a-30-titulos\/#primaryimage"},"thumbnailUrl":"https:\/\/futbolhoy.co\/wp-content\/uploads\/2022\/05\/20220507_152220.jpg","datePublished":"2022-05-07T20:23:40+00:00","dateModified":"2022-05-07T22:27:02+00:00","author":{"@id":"https:\/\/futbolhoy.co\/#\/schema\/person\/c4a353a512b127643723a34bb1812f7d"},"breadcrumb":{"@id":"https:\/\/futbolhoy.co\/index.php\/2022\/05\/07\/matheus-en-la-historia-del-porto-que-llego-a-30-titulos\/#breadcrumb"},"inLanguage":"es","potentialAction":[{"@type":"ReadAction","target":["https:\/\/futbolhoy.co\/index.php\/2022\/05\/07\/matheus-en-la-historia-del-porto-que-llego-a-30-titulos\/"]}]},{"@type":"ImageObject","inLanguage":"es","@id":"https:\/\/futbolhoy.co\/index.php\/2022\/05\/07\/matheus-en-la-historia-del-porto-que-llego-a-30-titulos\/#primaryimage","url":"https:\/\/futbolhoy.co\/wp-content\/uploads\/2022\/05\/20220507_152220.jpg","contentUrl":"https:\/\/futbolhoy.co\/wp-content\/uploads\/2022\/05\/20220507_152220.jpg","width":1600,"height":1103},{"@type":"BreadcrumbList","@id":"https:\/\/futbolhoy.co\/index.php\/2022\/05\/07\/matheus-en-la-historia-del-porto-que-llego-a-30-titulos\/#breadcrumb","itemListElement":[{"@type":"ListItem","position":1,"name":"Portada","item":"https:\/\/futbolhoy.co\/"},{"@type":"ListItem","position":2,"name":"Matheus en la historia del Porto"}]},{"@type":"WebSite","@id":"https:\/\/futbolhoy.co\/#website","url":"https:\/\/futbolhoy.co\/","name":"FutbolHoy","description":"","potentialAction":[{"@type":"SearchAction","target":{"@type":"EntryPoint","urlTemplate":"https:\/\/futbolhoy.co\/?s={search_term_string}"},"query-input":{"@type":"PropertyValueSpecification","valueRequired":true,"valueName":"search_term_string"}}],"inLanguage":"es"},{"@type":"Person","@id":"https:\/\/futbolhoy.co\/#\/schema\/person\/c4a353a512b127643723a34bb1812f7d","name":"Laura Hern\u00e1ndez","image":{"@type":"ImageObject","inLanguage":"es","@id":"https:\/\/secure.gravatar.com\/avatar\/1ae6b7966942c60c822ea71afe0e5cf4105b8e983193883c6d026db4d508431d?s=96&d=mm&r=g","url":"https:\/\/secure.gravatar.com\/avatar\/1ae6b7966942c60c822ea71afe0e5cf4105b8e983193883c6d026db4d508431d?s=96&d=mm&r=g","contentUrl":"https:\/\/secure.gravatar.com\/avatar\/1ae6b7966942c60c822ea71afe0e5cf4105b8e983193883c6d026db4d508431d?s=96&d=mm&r=g","caption":"Laura Hern\u00e1ndez"}}]}},"_links":{"self":[{"href":"https:\/\/futbolhoy.co\/index.php\/wp-json\/wp\/v2\/posts\/79835","targetHints":{"allow":["GET"]}}],"collection":[{"href":"https:\/\/futbolhoy.co\/index.php\/wp-json\/wp\/v2\/posts"}],"about":[{"href":"https:\/\/futbolhoy.co\/index.php\/wp-json\/wp\/v2\/types\/post"}],"author":[{"embeddable":true,"href":"https:\/\/futbolhoy.co\/index.php\/wp-json\/wp\/v2\/users\/5"}],"replies":[{"embeddable":true,"href":"https:\/\/futbolhoy.co\/index.php\/wp-json\/wp\/v2\/comments?post=79835"}],"version-history":[{"count":2,"href":"https:\/\/futbolhoy.co\/index.php\/wp-json\/wp\/v2\/posts\/79835\/revisions"}],"predecessor-version":[{"id":79854,"href":"https:\/\/futbolhoy.co\/index.php\/wp-json\/wp\/v2\/posts\/79835\/revisions\/79854"}],"wp:featuredmedia":[{"embeddable":true,"href":"https:\/\/futbolhoy.co\/index.php\/wp-json\/wp\/v2\/media\/79836"}],"wp:attachment":[{"href":"https:\/\/futbolhoy.co\/index.php\/wp-json\/wp\/v2\/media?parent=79835"}],"wp:term":[{"taxonomy":"category","embeddable":true,"href":"https:\/\/futbolhoy.co\/index.php\/wp-json\/wp\/v2\/categories?post=79835"},{"taxonomy":"post_tag","embeddable":true,"href":"https:\/\/futbolhoy.co\/index.php\/wp-json\/wp\/v2\/tags?post=79835"}],"curies":[{"name":"wp","href":"https:\/\/api.w.org\/{rel}","templated":true}]}}