{"id":79843,"date":"2022-05-07T16:05:57","date_gmt":"2022-05-07T21:05:57","guid":{"rendered":"https:\/\/futbolhoy.co\/?p=79843"},"modified":"2022-05-08T18:45:39","modified_gmt":"2022-05-08T23:45:39","slug":"diaz-salvo-el-punto-pero-liverpool-se-complico","status":"publish","type":"post","link":"https:\/\/futbolhoy.co\/index.php\/2022\/05\/07\/diaz-salvo-el-punto-pero-liverpool-se-complico\/","title":{"rendered":"D\u00edaz salv\u00f3 el punto, pero Liverpool se complic\u00f3"},"content":{"rendered":"<p style=\"text-align: justify;\"><span style=\"font-family: helvetica, arial, sans-serif;\"><strong>Liverpool,<\/strong> con gol de <strong>Luis D\u00edaz<\/strong>, empat\u00f3 1-1 con <strong>Tottenham<\/strong> en partido por la fecha 36 de la <strong>Liga Premier<\/strong> de Inglaterra, pero se le complic\u00f3 la posibilidad de alcanzar el t\u00edtulo.<\/span><\/p>\n<p style=\"text-align: justify;\"><span style=\"font-family: helvetica, arial, sans-serif;\">El \u00fanico tanto de los \u2018Reds\u2019 lleg\u00f3 a los 73 minutos, luego de un fuerte remate con derecha del colombiano desde fuera del \u00e1rea, que alcanz\u00f3 a desviar un defensa de los \u2018Spurs\u2019.<\/span><\/p>\n<p style=\"text-align: justify;\"><span style=\"font-family: helvetica, arial, sans-serif;\"><strong>Tottenham<\/strong> abri\u00f3 la cuenta a trav\u00e9s de <strong>Son Heung-min,<\/strong> a los 56 minutos.<\/span><\/p>\n<p style=\"text-align: justify;\"><span style=\"font-family: helvetica, arial, sans-serif;\"><strong>D\u00edaz,<\/strong> quien estuvo todo el juego, complet\u00f3 cuatro goles en Liga y seis en la temporada, en todas las competencias.<\/span><\/p>\n<p style=\"text-align: justify;\"><span style=\"font-family: helvetica, arial, sans-serif;\">Con este empate, <strong>Liverpool<\/strong> lleg\u00f3 al tope de la tabla con 83 puntos, los mismos que <strong>Manchester City<\/strong>, que este domingo recibir\u00e1 al Newcastle.<\/span><\/p>\n<p style=\"text-align: justify;\"><span style=\"font-family: helvetica, arial, sans-serif;\">El pr\u00f3ximo partido del <strong>Liverpool<\/strong> por Liga, ser\u00e1 el martes en cancha del <strong>Aston Villa<\/strong>. Adem\u00e1s el equipo que dirige J\u00fcrgen Klopp, se alista para disputar el t\u00edtulo de Liga de Campeones frente al Real Madrid.<\/span><\/p>\n","protected":false},"excerpt":{"rendered":"<p>Liverpool, con gol de Luis D\u00edaz, empat\u00f3 1-1 con Tottenham en partido por la fecha 36 de la Liga Premier de Inglaterra, pero se le complic\u00f3 la posibilidad de alcanzar el t\u00edtulo. El \u00fanico tanto de los \u2018Reds\u2019 lleg\u00f3 a los 73 minutos, luego de un fuerte remate con derecha del colombiano desde fuera del [&hellip;]<\/p>\n","protected":false},"author":5,"featured_media":79845,"comment_status":"open","ping_status":"closed","sticky":false,"template":"","format":"standard","meta":{"_acf_changed":false,"footnotes":""},"categories":[418],"tags":[],"class_list":["post-79843","post","type-post","status-publish","format-standard","has-post-thumbnail","category-colombia"],"acf":[],"yoast_head":"<!-- This site is optimized with the Yoast SEO plugin v28.4 - https:\/\/yoast.com\/product\/yoast-seo-wordpress\/ -->\n<title>D\u00edaz salv\u00f3 el punto, pero Liverpool se complic\u00f3 -<\/title>\n<meta name=\"robots\" content=\"index, follow, max-snippet:-1, max-image-preview:large, max-video-preview:-1\" \/>\n<link rel=\"canonical\" href=\"https:\/\/futbolhoy.co\/index.php\/2022\/05\/07\/diaz-salvo-el-punto-pero-liverpool-se-complico\/\" \/>\n<meta property=\"og:locale\" content=\"es_ES\" \/>\n<meta property=\"og:type\" content=\"article\" \/>\n<meta property=\"og:title\" content=\"D\u00edaz salv\u00f3 el punto, pero Liverpool se complic\u00f3 -\" \/>\n<meta property=\"og:description\" content=\"Liverpool, con gol de Luis D\u00edaz, empat\u00f3 1-1 con Tottenham en partido por la fecha 36 de la Liga Premier de Inglaterra, pero se le complic\u00f3 la posibilidad de alcanzar el t\u00edtulo. El \u00fanico tanto de los \u2018Reds\u2019 lleg\u00f3 a los 73 minutos, luego de un fuerte remate con derecha del colombiano desde fuera del [&hellip;]\" \/>\n<meta property=\"og:url\" content=\"https:\/\/futbolhoy.co\/index.php\/2022\/05\/07\/diaz-salvo-el-punto-pero-liverpool-se-complico\/\" \/>\n<meta property=\"article:publisher\" content=\"https:\/\/www.facebook.com\/FutbolHoyCol\/\" \/>\n<meta property=\"article:published_time\" content=\"2022-05-07T21:05:57+00:00\" \/>\n<meta property=\"article:modified_time\" content=\"2022-05-08T23:45:39+00:00\" \/>\n<meta property=\"og:image\" content=\"https:\/\/futbolhoy.co\/wp-content\/uploads\/2022\/05\/20220507_160244-819x1024.jpg\" \/>\n\t<meta property=\"og:image:width\" content=\"819\" \/>\n\t<meta property=\"og:image:height\" content=\"1024\" \/>\n\t<meta property=\"og:image:type\" content=\"image\/jpeg\" \/>\n<meta name=\"author\" content=\"Laura Hern\u00e1ndez\" \/>\n<meta name=\"twitter:card\" content=\"summary_large_image\" \/>\n<meta name=\"twitter:creator\" content=\"@FutbolHoyCol\" \/>\n<meta name=\"twitter:site\" content=\"@FutbolHoyCol\" \/>\n<meta name=\"twitter:label1\" content=\"Escrito por\" \/>\n\t<meta name=\"twitter:data1\" content=\"Laura Hern\u00e1ndez\" \/>\n\t<meta name=\"twitter:label2\" content=\"Tiempo de lectura\" \/>\n\t<meta name=\"twitter:data2\" content=\"1 minuto\" \/>\n<script type=\"application\/ld+json\" class=\"yoast-schema-graph\">{\"@context\":\"https:\\\/\\\/schema.org\",\"@graph\":[{\"@type\":\"Article\",\"@id\":\"https:\\\/\\\/futbolhoy.co\\\/index.php\\\/2022\\\/05\\\/07\\\/diaz-salvo-el-punto-pero-liverpool-se-complico\\\/#article\",\"isPartOf\":{\"@id\":\"https:\\\/\\\/futbolhoy.co\\\/index.php\\\/2022\\\/05\\\/07\\\/diaz-salvo-el-punto-pero-liverpool-se-complico\\\/\"},\"author\":{\"name\":\"Laura Hern\u00e1ndez\",\"@id\":\"https:\\\/\\\/futbolhoy.co\\\/#\\\/schema\\\/person\\\/c4a353a512b127643723a34bb1812f7d\"},\"headline\":\"D\u00edaz salv\u00f3 el punto, pero Liverpool se complic\u00f3\",\"datePublished\":\"2022-05-07T21:05:57+00:00\",\"dateModified\":\"2022-05-08T23:45:39+00:00\",\"mainEntityOfPage\":{\"@id\":\"https:\\\/\\\/futbolhoy.co\\\/index.php\\\/2022\\\/05\\\/07\\\/diaz-salvo-el-punto-pero-liverpool-se-complico\\\/\"},\"wordCount\":171,\"commentCount\":0,\"image\":{\"@id\":\"https:\\\/\\\/futbolhoy.co\\\/index.php\\\/2022\\\/05\\\/07\\\/diaz-salvo-el-punto-pero-liverpool-se-complico\\\/#primaryimage\"},\"thumbnailUrl\":\"https:\\\/\\\/futbolhoy.co\\\/wp-content\\\/uploads\\\/2022\\\/05\\\/20220507_160244.jpg\",\"articleSection\":[\"Colombia\"],\"inLanguage\":\"es\",\"potentialAction\":[{\"@type\":\"CommentAction\",\"name\":\"Comment\",\"target\":[\"https:\\\/\\\/futbolhoy.co\\\/index.php\\\/2022\\\/05\\\/07\\\/diaz-salvo-el-punto-pero-liverpool-se-complico\\\/#respond\"]}]},{\"@type\":\"WebPage\",\"@id\":\"https:\\\/\\\/futbolhoy.co\\\/index.php\\\/2022\\\/05\\\/07\\\/diaz-salvo-el-punto-pero-liverpool-se-complico\\\/\",\"url\":\"https:\\\/\\\/futbolhoy.co\\\/index.php\\\/2022\\\/05\\\/07\\\/diaz-salvo-el-punto-pero-liverpool-se-complico\\\/\",\"name\":\"D\u00edaz salv\u00f3 el punto, pero Liverpool se complic\u00f3 -\",\"isPartOf\":{\"@id\":\"https:\\\/\\\/futbolhoy.co\\\/#website\"},\"primaryImageOfPage\":{\"@id\":\"https:\\\/\\\/futbolhoy.co\\\/index.php\\\/2022\\\/05\\\/07\\\/diaz-salvo-el-punto-pero-liverpool-se-complico\\\/#primaryimage\"},\"image\":{\"@id\":\"https:\\\/\\\/futbolhoy.co\\\/index.php\\\/2022\\\/05\\\/07\\\/diaz-salvo-el-punto-pero-liverpool-se-complico\\\/#primaryimage\"},\"thumbnailUrl\":\"https:\\\/\\\/futbolhoy.co\\\/wp-content\\\/uploads\\\/2022\\\/05\\\/20220507_160244.jpg\",\"datePublished\":\"2022-05-07T21:05:57+00:00\",\"dateModified\":\"2022-05-08T23:45:39+00:00\",\"author\":{\"@id\":\"https:\\\/\\\/futbolhoy.co\\\/#\\\/schema\\\/person\\\/c4a353a512b127643723a34bb1812f7d\"},\"breadcrumb\":{\"@id\":\"https:\\\/\\\/futbolhoy.co\\\/index.php\\\/2022\\\/05\\\/07\\\/diaz-salvo-el-punto-pero-liverpool-se-complico\\\/#breadcrumb\"},\"inLanguage\":\"es\",\"potentialAction\":[{\"@type\":\"ReadAction\",\"target\":[\"https:\\\/\\\/futbolhoy.co\\\/index.php\\\/2022\\\/05\\\/07\\\/diaz-salvo-el-punto-pero-liverpool-se-complico\\\/\"]}]},{\"@type\":\"ImageObject\",\"inLanguage\":\"es\",\"@id\":\"https:\\\/\\\/futbolhoy.co\\\/index.php\\\/2022\\\/05\\\/07\\\/diaz-salvo-el-punto-pero-liverpool-se-complico\\\/#primaryimage\",\"url\":\"https:\\\/\\\/futbolhoy.co\\\/wp-content\\\/uploads\\\/2022\\\/05\\\/20220507_160244.jpg\",\"contentUrl\":\"https:\\\/\\\/futbolhoy.co\\\/wp-content\\\/uploads\\\/2022\\\/05\\\/20220507_160244.jpg\",\"width\":1850,\"height\":2313},{\"@type\":\"BreadcrumbList\",\"@id\":\"https:\\\/\\\/futbolhoy.co\\\/index.php\\\/2022\\\/05\\\/07\\\/diaz-salvo-el-punto-pero-liverpool-se-complico\\\/#breadcrumb\",\"itemListElement\":[{\"@type\":\"ListItem\",\"position\":1,\"name\":\"Portada\",\"item\":\"https:\\\/\\\/futbolhoy.co\\\/\"},{\"@type\":\"ListItem\",\"position\":2,\"name\":\"D\u00edaz salv\u00f3 el punto, pero Liverpool se complic\u00f3\"}]},{\"@type\":\"WebSite\",\"@id\":\"https:\\\/\\\/futbolhoy.co\\\/#website\",\"url\":\"https:\\\/\\\/futbolhoy.co\\\/\",\"name\":\"FutbolHoy\",\"description\":\"\",\"potentialAction\":[{\"@type\":\"SearchAction\",\"target\":{\"@type\":\"EntryPoint\",\"urlTemplate\":\"https:\\\/\\\/futbolhoy.co\\\/?s={search_term_string}\"},\"query-input\":{\"@type\":\"PropertyValueSpecification\",\"valueRequired\":true,\"valueName\":\"search_term_string\"}}],\"inLanguage\":\"es\"},{\"@type\":\"Person\",\"@id\":\"https:\\\/\\\/futbolhoy.co\\\/#\\\/schema\\\/person\\\/c4a353a512b127643723a34bb1812f7d\",\"name\":\"Laura Hern\u00e1ndez\",\"image\":{\"@type\":\"ImageObject\",\"inLanguage\":\"es\",\"@id\":\"https:\\\/\\\/secure.gravatar.com\\\/avatar\\\/1ae6b7966942c60c822ea71afe0e5cf4105b8e983193883c6d026db4d508431d?s=96&d=mm&r=g\",\"url\":\"https:\\\/\\\/secure.gravatar.com\\\/avatar\\\/1ae6b7966942c60c822ea71afe0e5cf4105b8e983193883c6d026db4d508431d?s=96&d=mm&r=g\",\"contentUrl\":\"https:\\\/\\\/secure.gravatar.com\\\/avatar\\\/1ae6b7966942c60c822ea71afe0e5cf4105b8e983193883c6d026db4d508431d?s=96&d=mm&r=g\",\"caption\":\"Laura Hern\u00e1ndez\"}}]}<\/script>\n<!-- \/ Yoast SEO plugin. -->","yoast_head_json":{"title":"D\u00edaz salv\u00f3 el punto, pero Liverpool se complic\u00f3 -","robots":{"index":"index","follow":"follow","max-snippet":"max-snippet:-1","max-image-preview":"max-image-preview:large","max-video-preview":"max-video-preview:-1"},"canonical":"https:\/\/futbolhoy.co\/index.php\/2022\/05\/07\/diaz-salvo-el-punto-pero-liverpool-se-complico\/","og_locale":"es_ES","og_type":"article","og_title":"D\u00edaz salv\u00f3 el punto, pero Liverpool se complic\u00f3 -","og_description":"Liverpool, con gol de Luis D\u00edaz, empat\u00f3 1-1 con Tottenham en partido por la fecha 36 de la Liga Premier de Inglaterra, pero se le complic\u00f3 la posibilidad de alcanzar el t\u00edtulo. El \u00fanico tanto de los \u2018Reds\u2019 lleg\u00f3 a los 73 minutos, luego de un fuerte remate con derecha del colombiano desde fuera del [&hellip;]","og_url":"https:\/\/futbolhoy.co\/index.php\/2022\/05\/07\/diaz-salvo-el-punto-pero-liverpool-se-complico\/","article_publisher":"https:\/\/www.facebook.com\/FutbolHoyCol\/","article_published_time":"2022-05-07T21:05:57+00:00","article_modified_time":"2022-05-08T23:45:39+00:00","og_image":[{"width":819,"height":1024,"url":"https:\/\/futbolhoy.co\/wp-content\/uploads\/2022\/05\/20220507_160244-819x1024.jpg","type":"image\/jpeg"}],"author":"Laura Hern\u00e1ndez","twitter_card":"summary_large_image","twitter_creator":"@FutbolHoyCol","twitter_site":"@FutbolHoyCol","twitter_misc":{"Escrito por":"Laura Hern\u00e1ndez","Tiempo de lectura":"1 minuto"},"schema":{"@context":"https:\/\/schema.org","@graph":[{"@type":"Article","@id":"https:\/\/futbolhoy.co\/index.php\/2022\/05\/07\/diaz-salvo-el-punto-pero-liverpool-se-complico\/#article","isPartOf":{"@id":"https:\/\/futbolhoy.co\/index.php\/2022\/05\/07\/diaz-salvo-el-punto-pero-liverpool-se-complico\/"},"author":{"name":"Laura Hern\u00e1ndez","@id":"https:\/\/futbolhoy.co\/#\/schema\/person\/c4a353a512b127643723a34bb1812f7d"},"headline":"D\u00edaz salv\u00f3 el punto, pero Liverpool se complic\u00f3","datePublished":"2022-05-07T21:05:57+00:00","dateModified":"2022-05-08T23:45:39+00:00","mainEntityOfPage":{"@id":"https:\/\/futbolhoy.co\/index.php\/2022\/05\/07\/diaz-salvo-el-punto-pero-liverpool-se-complico\/"},"wordCount":171,"commentCount":0,"image":{"@id":"https:\/\/futbolhoy.co\/index.php\/2022\/05\/07\/diaz-salvo-el-punto-pero-liverpool-se-complico\/#primaryimage"},"thumbnailUrl":"https:\/\/futbolhoy.co\/wp-content\/uploads\/2022\/05\/20220507_160244.jpg","articleSection":["Colombia"],"inLanguage":"es","potentialAction":[{"@type":"CommentAction","name":"Comment","target":["https:\/\/futbolhoy.co\/index.php\/2022\/05\/07\/diaz-salvo-el-punto-pero-liverpool-se-complico\/#respond"]}]},{"@type":"WebPage","@id":"https:\/\/futbolhoy.co\/index.php\/2022\/05\/07\/diaz-salvo-el-punto-pero-liverpool-se-complico\/","url":"https:\/\/futbolhoy.co\/index.php\/2022\/05\/07\/diaz-salvo-el-punto-pero-liverpool-se-complico\/","name":"D\u00edaz salv\u00f3 el punto, pero Liverpool se complic\u00f3 -","isPartOf":{"@id":"https:\/\/futbolhoy.co\/#website"},"primaryImageOfPage":{"@id":"https:\/\/futbolhoy.co\/index.php\/2022\/05\/07\/diaz-salvo-el-punto-pero-liverpool-se-complico\/#primaryimage"},"image":{"@id":"https:\/\/futbolhoy.co\/index.php\/2022\/05\/07\/diaz-salvo-el-punto-pero-liverpool-se-complico\/#primaryimage"},"thumbnailUrl":"https:\/\/futbolhoy.co\/wp-content\/uploads\/2022\/05\/20220507_160244.jpg","datePublished":"2022-05-07T21:05:57+00:00","dateModified":"2022-05-08T23:45:39+00:00","author":{"@id":"https:\/\/futbolhoy.co\/#\/schema\/person\/c4a353a512b127643723a34bb1812f7d"},"breadcrumb":{"@id":"https:\/\/futbolhoy.co\/index.php\/2022\/05\/07\/diaz-salvo-el-punto-pero-liverpool-se-complico\/#breadcrumb"},"inLanguage":"es","potentialAction":[{"@type":"ReadAction","target":["https:\/\/futbolhoy.co\/index.php\/2022\/05\/07\/diaz-salvo-el-punto-pero-liverpool-se-complico\/"]}]},{"@type":"ImageObject","inLanguage":"es","@id":"https:\/\/futbolhoy.co\/index.php\/2022\/05\/07\/diaz-salvo-el-punto-pero-liverpool-se-complico\/#primaryimage","url":"https:\/\/futbolhoy.co\/wp-content\/uploads\/2022\/05\/20220507_160244.jpg","contentUrl":"https:\/\/futbolhoy.co\/wp-content\/uploads\/2022\/05\/20220507_160244.jpg","width":1850,"height":2313},{"@type":"BreadcrumbList","@id":"https:\/\/futbolhoy.co\/index.php\/2022\/05\/07\/diaz-salvo-el-punto-pero-liverpool-se-complico\/#breadcrumb","itemListElement":[{"@type":"ListItem","position":1,"name":"Portada","item":"https:\/\/futbolhoy.co\/"},{"@type":"ListItem","position":2,"name":"D\u00edaz salv\u00f3 el punto, pero Liverpool se complic\u00f3"}]},{"@type":"WebSite","@id":"https:\/\/futbolhoy.co\/#website","url":"https:\/\/futbolhoy.co\/","name":"FutbolHoy","description":"","potentialAction":[{"@type":"SearchAction","target":{"@type":"EntryPoint","urlTemplate":"https:\/\/futbolhoy.co\/?s={search_term_string}"},"query-input":{"@type":"PropertyValueSpecification","valueRequired":true,"valueName":"search_term_string"}}],"inLanguage":"es"},{"@type":"Person","@id":"https:\/\/futbolhoy.co\/#\/schema\/person\/c4a353a512b127643723a34bb1812f7d","name":"Laura Hern\u00e1ndez","image":{"@type":"ImageObject","inLanguage":"es","@id":"https:\/\/secure.gravatar.com\/avatar\/1ae6b7966942c60c822ea71afe0e5cf4105b8e983193883c6d026db4d508431d?s=96&d=mm&r=g","url":"https:\/\/secure.gravatar.com\/avatar\/1ae6b7966942c60c822ea71afe0e5cf4105b8e983193883c6d026db4d508431d?s=96&d=mm&r=g","contentUrl":"https:\/\/secure.gravatar.com\/avatar\/1ae6b7966942c60c822ea71afe0e5cf4105b8e983193883c6d026db4d508431d?s=96&d=mm&r=g","caption":"Laura Hern\u00e1ndez"}}]}},"_links":{"self":[{"href":"https:\/\/futbolhoy.co\/index.php\/wp-json\/wp\/v2\/posts\/79843","targetHints":{"allow":["GET"]}}],"collection":[{"href":"https:\/\/futbolhoy.co\/index.php\/wp-json\/wp\/v2\/posts"}],"about":[{"href":"https:\/\/futbolhoy.co\/index.php\/wp-json\/wp\/v2\/types\/post"}],"author":[{"embeddable":true,"href":"https:\/\/futbolhoy.co\/index.php\/wp-json\/wp\/v2\/users\/5"}],"replies":[{"embeddable":true,"href":"https:\/\/futbolhoy.co\/index.php\/wp-json\/wp\/v2\/comments?post=79843"}],"version-history":[{"count":1,"href":"https:\/\/futbolhoy.co\/index.php\/wp-json\/wp\/v2\/posts\/79843\/revisions"}],"predecessor-version":[{"id":79847,"href":"https:\/\/futbolhoy.co\/index.php\/wp-json\/wp\/v2\/posts\/79843\/revisions\/79847"}],"wp:featuredmedia":[{"embeddable":true,"href":"https:\/\/futbolhoy.co\/index.php\/wp-json\/wp\/v2\/media\/79845"}],"wp:attachment":[{"href":"https:\/\/futbolhoy.co\/index.php\/wp-json\/wp\/v2\/media?parent=79843"}],"wp:term":[{"taxonomy":"category","embeddable":true,"href":"https:\/\/futbolhoy.co\/index.php\/wp-json\/wp\/v2\/categories?post=79843"},{"taxonomy":"post_tag","embeddable":true,"href":"https:\/\/futbolhoy.co\/index.php\/wp-json\/wp\/v2\/tags?post=79843"}],"curies":[{"name":"wp","href":"https:\/\/api.w.org\/{rel}","templated":true}]}}