{"id":79866,"date":"2022-05-07T20:20:24","date_gmt":"2022-05-08T01:20:24","guid":{"rendered":"https:\/\/futbolhoy.co\/?p=79866"},"modified":"2022-05-08T11:20:21","modified_gmt":"2022-05-08T16:20:21","slug":"pasto-sumo-su-quinto-triunfo","status":"publish","type":"post","link":"https:\/\/futbolhoy.co\/index.php\/2022\/05\/07\/pasto-sumo-su-quinto-triunfo\/","title":{"rendered":"Pasto sum\u00f3 su quinto triunfo"},"content":{"rendered":"<p style=\"text-align: justify;\"><span style=\"font-family: helvetica, arial, sans-serif;\"><strong>Deportivo Pasto<\/strong> se impuso 3-1 al <strong>Am\u00e9rica<\/strong> en partido que cerr\u00f3 la jornada sabatina, por la fecha 19 de la <strong>Liga BetPlay Dimayor I-2022,<\/strong> celebrado en el estadio Departamental Libertad.<\/span><\/p>\n<p style=\"text-align: justify;\"><span style=\"font-family: helvetica, arial, sans-serif;\">Los goles del equipo nari\u00f1ense fueron anotados por <strong>Camilo Ayala<\/strong>\u00a0(2\u2019), <strong>Adri\u00e1n Estacio<\/strong> (18\u2019) y\u00a0<strong>Duvier Riascos<\/strong> de penalti (26\u2019).<\/span><\/p>\n<p style=\"text-align: justify;\"><span style=\"font-family: helvetica, arial, sans-serif;\"><strong>Am\u00e9rica<\/strong> descont\u00f3 con <strong>David Lemos<\/strong>, desde el punto de penalti, luego de una mano de <strong>Diego S\u00e1nchez<\/strong>.<\/span><\/p>\n<p style=\"text-align: justify;\"><span style=\"font-family: helvetica, arial, sans-serif;\">El local, que complet\u00f3 5 victorias en este torneo, hizo m\u00e1s por el resultado sobre todo en la primera parte.<\/span><\/p>\n<p style=\"text-align: justify;\"><span style=\"font-family: helvetica, arial, sans-serif;\"><strong>Am\u00e9rica,<\/strong> que se alista para visitar a mitad de semana al <strong>Uni\u00f3n Magdalena<\/strong> por Copa, volvi\u00f3 a darles minutos a algunos jugadores que poca oportunidad han tenido en esta temporada.<\/span><\/p>\n<p style=\"text-align: justify;\"><span style=\"font-family: helvetica, arial, sans-serif;\">En la \u00faltima fecha por Liga, Pasto visitar\u00e1 al Medell\u00edn y Am\u00e9rica recibir\u00e1 a los samarios.<\/span><\/p>\n","protected":false},"excerpt":{"rendered":"<p>Deportivo Pasto se impuso 3-1 al Am\u00e9rica en partido que cerr\u00f3 la jornada sabatina, por la fecha 19 de la Liga BetPlay Dimayor I-2022, celebrado en el estadio Departamental Libertad. Los goles del equipo nari\u00f1ense fueron anotados por Camilo Ayala\u00a0(2\u2019), Adri\u00e1n Estacio (18\u2019) y\u00a0Duvier Riascos de penalti (26\u2019). Am\u00e9rica descont\u00f3 con David Lemos, desde el [&hellip;]<\/p>\n","protected":false},"author":5,"featured_media":79867,"comment_status":"open","ping_status":"closed","sticky":false,"template":"","format":"standard","meta":{"_acf_changed":false,"footnotes":""},"categories":[7],"tags":[],"class_list":["post-79866","post","type-post","status-publish","format-standard","has-post-thumbnail","category-liga-betplay"],"acf":[],"yoast_head":"<!-- This site is optimized with the Yoast SEO plugin v28.4 - https:\/\/yoast.com\/product\/yoast-seo-wordpress\/ -->\n<title>Pasto sum\u00f3 su quinto triunfo -<\/title>\n<meta name=\"robots\" content=\"index, follow, max-snippet:-1, max-image-preview:large, max-video-preview:-1\" \/>\n<link rel=\"canonical\" href=\"https:\/\/futbolhoy.co\/index.php\/2022\/05\/07\/pasto-sumo-su-quinto-triunfo\/\" \/>\n<meta property=\"og:locale\" content=\"es_ES\" \/>\n<meta property=\"og:type\" content=\"article\" \/>\n<meta property=\"og:title\" content=\"Pasto sum\u00f3 su quinto triunfo -\" \/>\n<meta property=\"og:description\" content=\"Deportivo Pasto se impuso 3-1 al Am\u00e9rica en partido que cerr\u00f3 la jornada sabatina, por la fecha 19 de la Liga BetPlay Dimayor I-2022, celebrado en el estadio Departamental Libertad. Los goles del equipo nari\u00f1ense fueron anotados por Camilo Ayala\u00a0(2\u2019), Adri\u00e1n Estacio (18\u2019) y\u00a0Duvier Riascos de penalti (26\u2019). Am\u00e9rica descont\u00f3 con David Lemos, desde el [&hellip;]\" \/>\n<meta property=\"og:url\" content=\"https:\/\/futbolhoy.co\/index.php\/2022\/05\/07\/pasto-sumo-su-quinto-triunfo\/\" \/>\n<meta property=\"article:publisher\" content=\"https:\/\/www.facebook.com\/FutbolHoyCol\/\" \/>\n<meta property=\"article:published_time\" content=\"2022-05-08T01:20:24+00:00\" \/>\n<meta property=\"article:modified_time\" content=\"2022-05-08T16:20:21+00:00\" \/>\n<meta property=\"og:image\" content=\"https:\/\/futbolhoy.co\/wp-content\/uploads\/2022\/05\/weibLwbA.jpeg.jpg\" \/>\n\t<meta property=\"og:image:width\" content=\"2400\" \/>\n\t<meta property=\"og:image:height\" content=\"1587\" \/>\n\t<meta property=\"og:image:type\" content=\"image\/jpeg\" \/>\n<meta name=\"author\" content=\"Laura Hern\u00e1ndez\" \/>\n<meta name=\"twitter:card\" content=\"summary_large_image\" \/>\n<meta name=\"twitter:creator\" content=\"@FutbolHoyCol\" \/>\n<meta name=\"twitter:site\" content=\"@FutbolHoyCol\" \/>\n<meta name=\"twitter:label1\" content=\"Escrito por\" \/>\n\t<meta name=\"twitter:data1\" content=\"Laura Hern\u00e1ndez\" \/>\n\t<meta name=\"twitter:label2\" content=\"Tiempo de lectura\" \/>\n\t<meta name=\"twitter:data2\" content=\"1 minuto\" \/>\n<script type=\"application\/ld+json\" class=\"yoast-schema-graph\">{\"@context\":\"https:\\\/\\\/schema.org\",\"@graph\":[{\"@type\":\"Article\",\"@id\":\"https:\\\/\\\/futbolhoy.co\\\/index.php\\\/2022\\\/05\\\/07\\\/pasto-sumo-su-quinto-triunfo\\\/#article\",\"isPartOf\":{\"@id\":\"https:\\\/\\\/futbolhoy.co\\\/index.php\\\/2022\\\/05\\\/07\\\/pasto-sumo-su-quinto-triunfo\\\/\"},\"author\":{\"name\":\"Laura Hern\u00e1ndez\",\"@id\":\"https:\\\/\\\/futbolhoy.co\\\/#\\\/schema\\\/person\\\/c4a353a512b127643723a34bb1812f7d\"},\"headline\":\"Pasto sum\u00f3 su quinto triunfo\",\"datePublished\":\"2022-05-08T01:20:24+00:00\",\"dateModified\":\"2022-05-08T16:20:21+00:00\",\"mainEntityOfPage\":{\"@id\":\"https:\\\/\\\/futbolhoy.co\\\/index.php\\\/2022\\\/05\\\/07\\\/pasto-sumo-su-quinto-triunfo\\\/\"},\"wordCount\":143,\"commentCount\":0,\"image\":{\"@id\":\"https:\\\/\\\/futbolhoy.co\\\/index.php\\\/2022\\\/05\\\/07\\\/pasto-sumo-su-quinto-triunfo\\\/#primaryimage\"},\"thumbnailUrl\":\"https:\\\/\\\/futbolhoy.co\\\/wp-content\\\/uploads\\\/2022\\\/05\\\/weibLwbA.jpeg.jpg\",\"articleSection\":[\"Liga BetPlay\"],\"inLanguage\":\"es\",\"potentialAction\":[{\"@type\":\"CommentAction\",\"name\":\"Comment\",\"target\":[\"https:\\\/\\\/futbolhoy.co\\\/index.php\\\/2022\\\/05\\\/07\\\/pasto-sumo-su-quinto-triunfo\\\/#respond\"]}]},{\"@type\":\"WebPage\",\"@id\":\"https:\\\/\\\/futbolhoy.co\\\/index.php\\\/2022\\\/05\\\/07\\\/pasto-sumo-su-quinto-triunfo\\\/\",\"url\":\"https:\\\/\\\/futbolhoy.co\\\/index.php\\\/2022\\\/05\\\/07\\\/pasto-sumo-su-quinto-triunfo\\\/\",\"name\":\"Pasto sum\u00f3 su quinto triunfo -\",\"isPartOf\":{\"@id\":\"https:\\\/\\\/futbolhoy.co\\\/#website\"},\"primaryImageOfPage\":{\"@id\":\"https:\\\/\\\/futbolhoy.co\\\/index.php\\\/2022\\\/05\\\/07\\\/pasto-sumo-su-quinto-triunfo\\\/#primaryimage\"},\"image\":{\"@id\":\"https:\\\/\\\/futbolhoy.co\\\/index.php\\\/2022\\\/05\\\/07\\\/pasto-sumo-su-quinto-triunfo\\\/#primaryimage\"},\"thumbnailUrl\":\"https:\\\/\\\/futbolhoy.co\\\/wp-content\\\/uploads\\\/2022\\\/05\\\/weibLwbA.jpeg.jpg\",\"datePublished\":\"2022-05-08T01:20:24+00:00\",\"dateModified\":\"2022-05-08T16:20:21+00:00\",\"author\":{\"@id\":\"https:\\\/\\\/futbolhoy.co\\\/#\\\/schema\\\/person\\\/c4a353a512b127643723a34bb1812f7d\"},\"breadcrumb\":{\"@id\":\"https:\\\/\\\/futbolhoy.co\\\/index.php\\\/2022\\\/05\\\/07\\\/pasto-sumo-su-quinto-triunfo\\\/#breadcrumb\"},\"inLanguage\":\"es\",\"potentialAction\":[{\"@type\":\"ReadAction\",\"target\":[\"https:\\\/\\\/futbolhoy.co\\\/index.php\\\/2022\\\/05\\\/07\\\/pasto-sumo-su-quinto-triunfo\\\/\"]}]},{\"@type\":\"ImageObject\",\"inLanguage\":\"es\",\"@id\":\"https:\\\/\\\/futbolhoy.co\\\/index.php\\\/2022\\\/05\\\/07\\\/pasto-sumo-su-quinto-triunfo\\\/#primaryimage\",\"url\":\"https:\\\/\\\/futbolhoy.co\\\/wp-content\\\/uploads\\\/2022\\\/05\\\/weibLwbA.jpeg.jpg\",\"contentUrl\":\"https:\\\/\\\/futbolhoy.co\\\/wp-content\\\/uploads\\\/2022\\\/05\\\/weibLwbA.jpeg.jpg\",\"width\":2400,\"height\":1587},{\"@type\":\"BreadcrumbList\",\"@id\":\"https:\\\/\\\/futbolhoy.co\\\/index.php\\\/2022\\\/05\\\/07\\\/pasto-sumo-su-quinto-triunfo\\\/#breadcrumb\",\"itemListElement\":[{\"@type\":\"ListItem\",\"position\":1,\"name\":\"Portada\",\"item\":\"https:\\\/\\\/futbolhoy.co\\\/\"},{\"@type\":\"ListItem\",\"position\":2,\"name\":\"Pasto sum\u00f3 su quinto triunfo\"}]},{\"@type\":\"WebSite\",\"@id\":\"https:\\\/\\\/futbolhoy.co\\\/#website\",\"url\":\"https:\\\/\\\/futbolhoy.co\\\/\",\"name\":\"FutbolHoy\",\"description\":\"\",\"potentialAction\":[{\"@type\":\"SearchAction\",\"target\":{\"@type\":\"EntryPoint\",\"urlTemplate\":\"https:\\\/\\\/futbolhoy.co\\\/?s={search_term_string}\"},\"query-input\":{\"@type\":\"PropertyValueSpecification\",\"valueRequired\":true,\"valueName\":\"search_term_string\"}}],\"inLanguage\":\"es\"},{\"@type\":\"Person\",\"@id\":\"https:\\\/\\\/futbolhoy.co\\\/#\\\/schema\\\/person\\\/c4a353a512b127643723a34bb1812f7d\",\"name\":\"Laura Hern\u00e1ndez\",\"image\":{\"@type\":\"ImageObject\",\"inLanguage\":\"es\",\"@id\":\"https:\\\/\\\/secure.gravatar.com\\\/avatar\\\/1ae6b7966942c60c822ea71afe0e5cf4105b8e983193883c6d026db4d508431d?s=96&d=mm&r=g\",\"url\":\"https:\\\/\\\/secure.gravatar.com\\\/avatar\\\/1ae6b7966942c60c822ea71afe0e5cf4105b8e983193883c6d026db4d508431d?s=96&d=mm&r=g\",\"contentUrl\":\"https:\\\/\\\/secure.gravatar.com\\\/avatar\\\/1ae6b7966942c60c822ea71afe0e5cf4105b8e983193883c6d026db4d508431d?s=96&d=mm&r=g\",\"caption\":\"Laura Hern\u00e1ndez\"}}]}<\/script>\n<!-- \/ Yoast SEO plugin. -->","yoast_head_json":{"title":"Pasto sum\u00f3 su quinto triunfo -","robots":{"index":"index","follow":"follow","max-snippet":"max-snippet:-1","max-image-preview":"max-image-preview:large","max-video-preview":"max-video-preview:-1"},"canonical":"https:\/\/futbolhoy.co\/index.php\/2022\/05\/07\/pasto-sumo-su-quinto-triunfo\/","og_locale":"es_ES","og_type":"article","og_title":"Pasto sum\u00f3 su quinto triunfo -","og_description":"Deportivo Pasto se impuso 3-1 al Am\u00e9rica en partido que cerr\u00f3 la jornada sabatina, por la fecha 19 de la Liga BetPlay Dimayor I-2022, celebrado en el estadio Departamental Libertad. Los goles del equipo nari\u00f1ense fueron anotados por Camilo Ayala\u00a0(2\u2019), Adri\u00e1n Estacio (18\u2019) y\u00a0Duvier Riascos de penalti (26\u2019). Am\u00e9rica descont\u00f3 con David Lemos, desde el [&hellip;]","og_url":"https:\/\/futbolhoy.co\/index.php\/2022\/05\/07\/pasto-sumo-su-quinto-triunfo\/","article_publisher":"https:\/\/www.facebook.com\/FutbolHoyCol\/","article_published_time":"2022-05-08T01:20:24+00:00","article_modified_time":"2022-05-08T16:20:21+00:00","og_image":[{"width":2400,"height":1587,"url":"https:\/\/futbolhoy.co\/wp-content\/uploads\/2022\/05\/weibLwbA.jpeg.jpg","type":"image\/jpeg"}],"author":"Laura Hern\u00e1ndez","twitter_card":"summary_large_image","twitter_creator":"@FutbolHoyCol","twitter_site":"@FutbolHoyCol","twitter_misc":{"Escrito por":"Laura Hern\u00e1ndez","Tiempo de lectura":"1 minuto"},"schema":{"@context":"https:\/\/schema.org","@graph":[{"@type":"Article","@id":"https:\/\/futbolhoy.co\/index.php\/2022\/05\/07\/pasto-sumo-su-quinto-triunfo\/#article","isPartOf":{"@id":"https:\/\/futbolhoy.co\/index.php\/2022\/05\/07\/pasto-sumo-su-quinto-triunfo\/"},"author":{"name":"Laura Hern\u00e1ndez","@id":"https:\/\/futbolhoy.co\/#\/schema\/person\/c4a353a512b127643723a34bb1812f7d"},"headline":"Pasto sum\u00f3 su quinto triunfo","datePublished":"2022-05-08T01:20:24+00:00","dateModified":"2022-05-08T16:20:21+00:00","mainEntityOfPage":{"@id":"https:\/\/futbolhoy.co\/index.php\/2022\/05\/07\/pasto-sumo-su-quinto-triunfo\/"},"wordCount":143,"commentCount":0,"image":{"@id":"https:\/\/futbolhoy.co\/index.php\/2022\/05\/07\/pasto-sumo-su-quinto-triunfo\/#primaryimage"},"thumbnailUrl":"https:\/\/futbolhoy.co\/wp-content\/uploads\/2022\/05\/weibLwbA.jpeg.jpg","articleSection":["Liga BetPlay"],"inLanguage":"es","potentialAction":[{"@type":"CommentAction","name":"Comment","target":["https:\/\/futbolhoy.co\/index.php\/2022\/05\/07\/pasto-sumo-su-quinto-triunfo\/#respond"]}]},{"@type":"WebPage","@id":"https:\/\/futbolhoy.co\/index.php\/2022\/05\/07\/pasto-sumo-su-quinto-triunfo\/","url":"https:\/\/futbolhoy.co\/index.php\/2022\/05\/07\/pasto-sumo-su-quinto-triunfo\/","name":"Pasto sum\u00f3 su quinto triunfo -","isPartOf":{"@id":"https:\/\/futbolhoy.co\/#website"},"primaryImageOfPage":{"@id":"https:\/\/futbolhoy.co\/index.php\/2022\/05\/07\/pasto-sumo-su-quinto-triunfo\/#primaryimage"},"image":{"@id":"https:\/\/futbolhoy.co\/index.php\/2022\/05\/07\/pasto-sumo-su-quinto-triunfo\/#primaryimage"},"thumbnailUrl":"https:\/\/futbolhoy.co\/wp-content\/uploads\/2022\/05\/weibLwbA.jpeg.jpg","datePublished":"2022-05-08T01:20:24+00:00","dateModified":"2022-05-08T16:20:21+00:00","author":{"@id":"https:\/\/futbolhoy.co\/#\/schema\/person\/c4a353a512b127643723a34bb1812f7d"},"breadcrumb":{"@id":"https:\/\/futbolhoy.co\/index.php\/2022\/05\/07\/pasto-sumo-su-quinto-triunfo\/#breadcrumb"},"inLanguage":"es","potentialAction":[{"@type":"ReadAction","target":["https:\/\/futbolhoy.co\/index.php\/2022\/05\/07\/pasto-sumo-su-quinto-triunfo\/"]}]},{"@type":"ImageObject","inLanguage":"es","@id":"https:\/\/futbolhoy.co\/index.php\/2022\/05\/07\/pasto-sumo-su-quinto-triunfo\/#primaryimage","url":"https:\/\/futbolhoy.co\/wp-content\/uploads\/2022\/05\/weibLwbA.jpeg.jpg","contentUrl":"https:\/\/futbolhoy.co\/wp-content\/uploads\/2022\/05\/weibLwbA.jpeg.jpg","width":2400,"height":1587},{"@type":"BreadcrumbList","@id":"https:\/\/futbolhoy.co\/index.php\/2022\/05\/07\/pasto-sumo-su-quinto-triunfo\/#breadcrumb","itemListElement":[{"@type":"ListItem","position":1,"name":"Portada","item":"https:\/\/futbolhoy.co\/"},{"@type":"ListItem","position":2,"name":"Pasto sum\u00f3 su quinto triunfo"}]},{"@type":"WebSite","@id":"https:\/\/futbolhoy.co\/#website","url":"https:\/\/futbolhoy.co\/","name":"FutbolHoy","description":"","potentialAction":[{"@type":"SearchAction","target":{"@type":"EntryPoint","urlTemplate":"https:\/\/futbolhoy.co\/?s={search_term_string}"},"query-input":{"@type":"PropertyValueSpecification","valueRequired":true,"valueName":"search_term_string"}}],"inLanguage":"es"},{"@type":"Person","@id":"https:\/\/futbolhoy.co\/#\/schema\/person\/c4a353a512b127643723a34bb1812f7d","name":"Laura Hern\u00e1ndez","image":{"@type":"ImageObject","inLanguage":"es","@id":"https:\/\/secure.gravatar.com\/avatar\/1ae6b7966942c60c822ea71afe0e5cf4105b8e983193883c6d026db4d508431d?s=96&d=mm&r=g","url":"https:\/\/secure.gravatar.com\/avatar\/1ae6b7966942c60c822ea71afe0e5cf4105b8e983193883c6d026db4d508431d?s=96&d=mm&r=g","contentUrl":"https:\/\/secure.gravatar.com\/avatar\/1ae6b7966942c60c822ea71afe0e5cf4105b8e983193883c6d026db4d508431d?s=96&d=mm&r=g","caption":"Laura Hern\u00e1ndez"}}]}},"_links":{"self":[{"href":"https:\/\/futbolhoy.co\/index.php\/wp-json\/wp\/v2\/posts\/79866","targetHints":{"allow":["GET"]}}],"collection":[{"href":"https:\/\/futbolhoy.co\/index.php\/wp-json\/wp\/v2\/posts"}],"about":[{"href":"https:\/\/futbolhoy.co\/index.php\/wp-json\/wp\/v2\/types\/post"}],"author":[{"embeddable":true,"href":"https:\/\/futbolhoy.co\/index.php\/wp-json\/wp\/v2\/users\/5"}],"replies":[{"embeddable":true,"href":"https:\/\/futbolhoy.co\/index.php\/wp-json\/wp\/v2\/comments?post=79866"}],"version-history":[{"count":1,"href":"https:\/\/futbolhoy.co\/index.php\/wp-json\/wp\/v2\/posts\/79866\/revisions"}],"predecessor-version":[{"id":79868,"href":"https:\/\/futbolhoy.co\/index.php\/wp-json\/wp\/v2\/posts\/79866\/revisions\/79868"}],"wp:featuredmedia":[{"embeddable":true,"href":"https:\/\/futbolhoy.co\/index.php\/wp-json\/wp\/v2\/media\/79867"}],"wp:attachment":[{"href":"https:\/\/futbolhoy.co\/index.php\/wp-json\/wp\/v2\/media?parent=79866"}],"wp:term":[{"taxonomy":"category","embeddable":true,"href":"https:\/\/futbolhoy.co\/index.php\/wp-json\/wp\/v2\/categories?post=79866"},{"taxonomy":"post_tag","embeddable":true,"href":"https:\/\/futbolhoy.co\/index.php\/wp-json\/wp\/v2\/tags?post=79866"}],"curies":[{"name":"wp","href":"https:\/\/api.w.org\/{rel}","templated":true}]}}