{"id":79869,"date":"2022-05-07T21:12:54","date_gmt":"2022-05-08T02:12:54","guid":{"rendered":"https:\/\/futbolhoy.co\/?p=79869"},"modified":"2022-05-08T11:18:44","modified_gmt":"2022-05-08T16:18:44","slug":"puntos-sin-partido-en-monteria","status":"publish","type":"post","link":"https:\/\/futbolhoy.co\/index.php\/2022\/05\/07\/puntos-sin-partido-en-monteria\/","title":{"rendered":"Puntos sin partido en Monter\u00eda"},"content":{"rendered":"<p style=\"text-align: justify;\"><span style=\"font-family: helvetica, arial, sans-serif;\">El partido entre Jaguares y Medell\u00edn v\u00e1lido por la fecha 19 de la Liga BetPlay Dimayor I-2022, no se llev\u00f3 a cabo por la situaci\u00f3n de orden p\u00fablico que se presenta en Monter\u00eda.\u00a0<\/span><\/p>\n<p style=\"text-align: justify;\"><span style=\"font-family: helvetica, arial, sans-serif;\">El cuadro local, asisti\u00f3 al estadio y se cumplieron con los actos protocolarios. Adem\u00e1s el equipo arbitral tambi\u00e9n estuvo presente en el Jaraguay y el central Jorge Duarte pit\u00f3 para decretar la victoria de Jaguares por la inasistencia de Medell\u00edn.\u00a0<\/span><\/p>\n<p style=\"text-align: justify;\"><span style=\"font-family: helvetica, arial, sans-serif;\">El \u00abpoderoso\u00bb hab\u00eda anunciado desde el viernes que no viajar\u00eda como consecuencia del paro armado y tras el partido emiti\u00f3 un comunicado lamentando la situaci\u00f3n y aclarando que Dimayor no accedi\u00f3 a aplazar el encuentro.\u00a0<\/span><\/p>\n<p style=\"text-align: justify;\"><span style=\"font-family: helvetica, arial, sans-serif;\"><img fetchpriority=\"high\" decoding=\"async\" class=\"alignnone size-full wp-image-79870\" src=\"https:\/\/futbolhoy.co\/wp-content\/uploads\/2022\/05\/20220507_203618.jpg\" alt=\"\" width=\"1080\" height=\"1132\" srcset=\"https:\/\/futbolhoy.co\/wp-content\/uploads\/2022\/05\/20220507_203618.jpg 1080w, https:\/\/futbolhoy.co\/wp-content\/uploads\/2022\/05\/20220507_203618-286x300.jpg 286w, https:\/\/futbolhoy.co\/wp-content\/uploads\/2022\/05\/20220507_203618-977x1024.jpg 977w, https:\/\/futbolhoy.co\/wp-content\/uploads\/2022\/05\/20220507_203618-768x805.jpg 768w, https:\/\/futbolhoy.co\/wp-content\/uploads\/2022\/05\/20220507_203618-696x730.jpg 696w, https:\/\/futbolhoy.co\/wp-content\/uploads\/2022\/05\/20220507_203618-1068x1119.jpg 1068w, https:\/\/futbolhoy.co\/wp-content\/uploads\/2022\/05\/20220507_203618-401x420.jpg 401w, https:\/\/futbolhoy.co\/wp-content\/uploads\/2022\/05\/20220507_203618-122x128.jpg 122w\" sizes=\"(max-width: 1080px) 100vw, 1080px\" \/> <img decoding=\"async\" class=\"alignnone size-full wp-image-79871\" src=\"https:\/\/futbolhoy.co\/wp-content\/uploads\/2022\/05\/20220507_203620.jpg\" alt=\"\" width=\"1080\" height=\"1650\" srcset=\"https:\/\/futbolhoy.co\/wp-content\/uploads\/2022\/05\/20220507_203620.jpg 1080w, https:\/\/futbolhoy.co\/wp-content\/uploads\/2022\/05\/20220507_203620-196x300.jpg 196w, https:\/\/futbolhoy.co\/wp-content\/uploads\/2022\/05\/20220507_203620-670x1024.jpg 670w, https:\/\/futbolhoy.co\/wp-content\/uploads\/2022\/05\/20220507_203620-768x1173.jpg 768w, https:\/\/futbolhoy.co\/wp-content\/uploads\/2022\/05\/20220507_203620-1005x1536.jpg 1005w, https:\/\/futbolhoy.co\/wp-content\/uploads\/2022\/05\/20220507_203620-696x1063.jpg 696w, https:\/\/futbolhoy.co\/wp-content\/uploads\/2022\/05\/20220507_203620-1068x1632.jpg 1068w, https:\/\/futbolhoy.co\/wp-content\/uploads\/2022\/05\/20220507_203620-275x420.jpg 275w, https:\/\/futbolhoy.co\/wp-content\/uploads\/2022\/05\/20220507_203620-84x128.jpg 84w, https:\/\/futbolhoy.co\/wp-content\/uploads\/2022\/05\/20220507_203620-21x32.jpg 21w\" sizes=\"(max-width: 1080px) 100vw, 1080px\" \/> <img decoding=\"async\" class=\"alignnone size-full wp-image-79872\" src=\"https:\/\/futbolhoy.co\/wp-content\/uploads\/2022\/05\/20220507_203623.jpg\" alt=\"\" width=\"1074\" height=\"508\" srcset=\"https:\/\/futbolhoy.co\/wp-content\/uploads\/2022\/05\/20220507_203623.jpg 1074w, https:\/\/futbolhoy.co\/wp-content\/uploads\/2022\/05\/20220507_203623-300x142.jpg 300w, https:\/\/futbolhoy.co\/wp-content\/uploads\/2022\/05\/20220507_203623-1024x484.jpg 1024w, https:\/\/futbolhoy.co\/wp-content\/uploads\/2022\/05\/20220507_203623-768x363.jpg 768w, https:\/\/futbolhoy.co\/wp-content\/uploads\/2022\/05\/20220507_203623-696x329.jpg 696w, https:\/\/futbolhoy.co\/wp-content\/uploads\/2022\/05\/20220507_203623-1068x505.jpg 1068w, https:\/\/futbolhoy.co\/wp-content\/uploads\/2022\/05\/20220507_203623-888x420.jpg 888w, https:\/\/futbolhoy.co\/wp-content\/uploads\/2022\/05\/20220507_203623-128x61.jpg 128w, https:\/\/futbolhoy.co\/wp-content\/uploads\/2022\/05\/20220507_203623-32x15.jpg 32w\" sizes=\"(max-width: 1074px) 100vw, 1074px\" \/><\/span><\/p>\n<p style=\"text-align: justify;\">\n","protected":false},"excerpt":{"rendered":"<p>El partido entre Jaguares y Medell\u00edn v\u00e1lido por la fecha 19 de la Liga BetPlay Dimayor I-2022, no se llev\u00f3 a cabo por la situaci\u00f3n de orden p\u00fablico que se presenta en Monter\u00eda.\u00a0 El cuadro local, asisti\u00f3 al estadio y se cumplieron con los actos protocolarios. Adem\u00e1s el equipo arbitral tambi\u00e9n estuvo presente en el [&hellip;]<\/p>\n","protected":false},"author":5,"featured_media":79875,"comment_status":"open","ping_status":"closed","sticky":false,"template":"","format":"standard","meta":{"_acf_changed":false,"footnotes":""},"categories":[7],"tags":[],"class_list":["post-79869","post","type-post","status-publish","format-standard","has-post-thumbnail","category-liga-betplay"],"acf":[],"yoast_head":"<!-- This site is optimized with the Yoast SEO plugin v28.4 - https:\/\/yoast.com\/product\/yoast-seo-wordpress\/ -->\n<title>Puntos sin partido en Monter\u00eda -<\/title>\n<meta name=\"robots\" content=\"index, follow, max-snippet:-1, max-image-preview:large, max-video-preview:-1\" \/>\n<link rel=\"canonical\" href=\"https:\/\/futbolhoy.co\/index.php\/2022\/05\/07\/puntos-sin-partido-en-monteria\/\" \/>\n<meta property=\"og:locale\" content=\"es_ES\" \/>\n<meta property=\"og:type\" content=\"article\" \/>\n<meta property=\"og:title\" content=\"Puntos sin partido en Monter\u00eda -\" \/>\n<meta property=\"og:description\" content=\"El partido entre Jaguares y Medell\u00edn v\u00e1lido por la fecha 19 de la Liga BetPlay Dimayor I-2022, no se llev\u00f3 a cabo por la situaci\u00f3n de orden p\u00fablico que se presenta en Monter\u00eda.\u00a0 El cuadro local, asisti\u00f3 al estadio y se cumplieron con los actos protocolarios. Adem\u00e1s el equipo arbitral tambi\u00e9n estuvo presente en el [&hellip;]\" \/>\n<meta property=\"og:url\" content=\"https:\/\/futbolhoy.co\/index.php\/2022\/05\/07\/puntos-sin-partido-en-monteria\/\" \/>\n<meta property=\"article:publisher\" content=\"https:\/\/www.facebook.com\/FutbolHoyCol\/\" \/>\n<meta property=\"article:published_time\" content=\"2022-05-08T02:12:54+00:00\" \/>\n<meta property=\"article:modified_time\" content=\"2022-05-08T16:18:44+00:00\" \/>\n<meta property=\"og:image\" content=\"https:\/\/futbolhoy.co\/wp-content\/uploads\/2022\/05\/20220507_212236.jpg\" \/>\n\t<meta property=\"og:image:width\" content=\"731\" \/>\n\t<meta property=\"og:image:height\" content=\"722\" \/>\n\t<meta property=\"og:image:type\" content=\"image\/jpeg\" \/>\n<meta name=\"author\" content=\"Laura Hern\u00e1ndez\" \/>\n<meta name=\"twitter:card\" content=\"summary_large_image\" \/>\n<meta name=\"twitter:creator\" content=\"@FutbolHoyCol\" \/>\n<meta name=\"twitter:site\" content=\"@FutbolHoyCol\" \/>\n<meta name=\"twitter:label1\" content=\"Escrito por\" \/>\n\t<meta name=\"twitter:data1\" content=\"Laura Hern\u00e1ndez\" \/>\n\t<meta name=\"twitter:label2\" content=\"Tiempo de lectura\" \/>\n\t<meta name=\"twitter:data2\" content=\"2 minutos\" \/>\n<script type=\"application\/ld+json\" class=\"yoast-schema-graph\">{\"@context\":\"https:\\\/\\\/schema.org\",\"@graph\":[{\"@type\":\"Article\",\"@id\":\"https:\\\/\\\/futbolhoy.co\\\/index.php\\\/2022\\\/05\\\/07\\\/puntos-sin-partido-en-monteria\\\/#article\",\"isPartOf\":{\"@id\":\"https:\\\/\\\/futbolhoy.co\\\/index.php\\\/2022\\\/05\\\/07\\\/puntos-sin-partido-en-monteria\\\/\"},\"author\":{\"name\":\"Laura Hern\u00e1ndez\",\"@id\":\"https:\\\/\\\/futbolhoy.co\\\/#\\\/schema\\\/person\\\/c4a353a512b127643723a34bb1812f7d\"},\"headline\":\"Puntos sin partido en Monter\u00eda\",\"datePublished\":\"2022-05-08T02:12:54+00:00\",\"dateModified\":\"2022-05-08T16:18:44+00:00\",\"mainEntityOfPage\":{\"@id\":\"https:\\\/\\\/futbolhoy.co\\\/index.php\\\/2022\\\/05\\\/07\\\/puntos-sin-partido-en-monteria\\\/\"},\"wordCount\":124,\"commentCount\":0,\"image\":{\"@id\":\"https:\\\/\\\/futbolhoy.co\\\/index.php\\\/2022\\\/05\\\/07\\\/puntos-sin-partido-en-monteria\\\/#primaryimage\"},\"thumbnailUrl\":\"https:\\\/\\\/futbolhoy.co\\\/wp-content\\\/uploads\\\/2022\\\/05\\\/20220507_212236.jpg\",\"articleSection\":[\"Liga BetPlay\"],\"inLanguage\":\"es\",\"potentialAction\":[{\"@type\":\"CommentAction\",\"name\":\"Comment\",\"target\":[\"https:\\\/\\\/futbolhoy.co\\\/index.php\\\/2022\\\/05\\\/07\\\/puntos-sin-partido-en-monteria\\\/#respond\"]}]},{\"@type\":\"WebPage\",\"@id\":\"https:\\\/\\\/futbolhoy.co\\\/index.php\\\/2022\\\/05\\\/07\\\/puntos-sin-partido-en-monteria\\\/\",\"url\":\"https:\\\/\\\/futbolhoy.co\\\/index.php\\\/2022\\\/05\\\/07\\\/puntos-sin-partido-en-monteria\\\/\",\"name\":\"Puntos sin partido en Monter\u00eda -\",\"isPartOf\":{\"@id\":\"https:\\\/\\\/futbolhoy.co\\\/#website\"},\"primaryImageOfPage\":{\"@id\":\"https:\\\/\\\/futbolhoy.co\\\/index.php\\\/2022\\\/05\\\/07\\\/puntos-sin-partido-en-monteria\\\/#primaryimage\"},\"image\":{\"@id\":\"https:\\\/\\\/futbolhoy.co\\\/index.php\\\/2022\\\/05\\\/07\\\/puntos-sin-partido-en-monteria\\\/#primaryimage\"},\"thumbnailUrl\":\"https:\\\/\\\/futbolhoy.co\\\/wp-content\\\/uploads\\\/2022\\\/05\\\/20220507_212236.jpg\",\"datePublished\":\"2022-05-08T02:12:54+00:00\",\"dateModified\":\"2022-05-08T16:18:44+00:00\",\"author\":{\"@id\":\"https:\\\/\\\/futbolhoy.co\\\/#\\\/schema\\\/person\\\/c4a353a512b127643723a34bb1812f7d\"},\"breadcrumb\":{\"@id\":\"https:\\\/\\\/futbolhoy.co\\\/index.php\\\/2022\\\/05\\\/07\\\/puntos-sin-partido-en-monteria\\\/#breadcrumb\"},\"inLanguage\":\"es\",\"potentialAction\":[{\"@type\":\"ReadAction\",\"target\":[\"https:\\\/\\\/futbolhoy.co\\\/index.php\\\/2022\\\/05\\\/07\\\/puntos-sin-partido-en-monteria\\\/\"]}]},{\"@type\":\"ImageObject\",\"inLanguage\":\"es\",\"@id\":\"https:\\\/\\\/futbolhoy.co\\\/index.php\\\/2022\\\/05\\\/07\\\/puntos-sin-partido-en-monteria\\\/#primaryimage\",\"url\":\"https:\\\/\\\/futbolhoy.co\\\/wp-content\\\/uploads\\\/2022\\\/05\\\/20220507_212236.jpg\",\"contentUrl\":\"https:\\\/\\\/futbolhoy.co\\\/wp-content\\\/uploads\\\/2022\\\/05\\\/20220507_212236.jpg\",\"width\":731,\"height\":722},{\"@type\":\"BreadcrumbList\",\"@id\":\"https:\\\/\\\/futbolhoy.co\\\/index.php\\\/2022\\\/05\\\/07\\\/puntos-sin-partido-en-monteria\\\/#breadcrumb\",\"itemListElement\":[{\"@type\":\"ListItem\",\"position\":1,\"name\":\"Portada\",\"item\":\"https:\\\/\\\/futbolhoy.co\\\/\"},{\"@type\":\"ListItem\",\"position\":2,\"name\":\"Puntos sin partido en Monter\u00eda\"}]},{\"@type\":\"WebSite\",\"@id\":\"https:\\\/\\\/futbolhoy.co\\\/#website\",\"url\":\"https:\\\/\\\/futbolhoy.co\\\/\",\"name\":\"FutbolHoy\",\"description\":\"\",\"potentialAction\":[{\"@type\":\"SearchAction\",\"target\":{\"@type\":\"EntryPoint\",\"urlTemplate\":\"https:\\\/\\\/futbolhoy.co\\\/?s={search_term_string}\"},\"query-input\":{\"@type\":\"PropertyValueSpecification\",\"valueRequired\":true,\"valueName\":\"search_term_string\"}}],\"inLanguage\":\"es\"},{\"@type\":\"Person\",\"@id\":\"https:\\\/\\\/futbolhoy.co\\\/#\\\/schema\\\/person\\\/c4a353a512b127643723a34bb1812f7d\",\"name\":\"Laura Hern\u00e1ndez\",\"image\":{\"@type\":\"ImageObject\",\"inLanguage\":\"es\",\"@id\":\"https:\\\/\\\/secure.gravatar.com\\\/avatar\\\/1ae6b7966942c60c822ea71afe0e5cf4105b8e983193883c6d026db4d508431d?s=96&d=mm&r=g\",\"url\":\"https:\\\/\\\/secure.gravatar.com\\\/avatar\\\/1ae6b7966942c60c822ea71afe0e5cf4105b8e983193883c6d026db4d508431d?s=96&d=mm&r=g\",\"contentUrl\":\"https:\\\/\\\/secure.gravatar.com\\\/avatar\\\/1ae6b7966942c60c822ea71afe0e5cf4105b8e983193883c6d026db4d508431d?s=96&d=mm&r=g\",\"caption\":\"Laura Hern\u00e1ndez\"}}]}<\/script>\n<!-- \/ Yoast SEO plugin. -->","yoast_head_json":{"title":"Puntos sin partido en Monter\u00eda -","robots":{"index":"index","follow":"follow","max-snippet":"max-snippet:-1","max-image-preview":"max-image-preview:large","max-video-preview":"max-video-preview:-1"},"canonical":"https:\/\/futbolhoy.co\/index.php\/2022\/05\/07\/puntos-sin-partido-en-monteria\/","og_locale":"es_ES","og_type":"article","og_title":"Puntos sin partido en Monter\u00eda -","og_description":"El partido entre Jaguares y Medell\u00edn v\u00e1lido por la fecha 19 de la Liga BetPlay Dimayor I-2022, no se llev\u00f3 a cabo por la situaci\u00f3n de orden p\u00fablico que se presenta en Monter\u00eda.\u00a0 El cuadro local, asisti\u00f3 al estadio y se cumplieron con los actos protocolarios. Adem\u00e1s el equipo arbitral tambi\u00e9n estuvo presente en el [&hellip;]","og_url":"https:\/\/futbolhoy.co\/index.php\/2022\/05\/07\/puntos-sin-partido-en-monteria\/","article_publisher":"https:\/\/www.facebook.com\/FutbolHoyCol\/","article_published_time":"2022-05-08T02:12:54+00:00","article_modified_time":"2022-05-08T16:18:44+00:00","og_image":[{"width":731,"height":722,"url":"https:\/\/futbolhoy.co\/wp-content\/uploads\/2022\/05\/20220507_212236.jpg","type":"image\/jpeg"}],"author":"Laura Hern\u00e1ndez","twitter_card":"summary_large_image","twitter_creator":"@FutbolHoyCol","twitter_site":"@FutbolHoyCol","twitter_misc":{"Escrito por":"Laura Hern\u00e1ndez","Tiempo de lectura":"2 minutos"},"schema":{"@context":"https:\/\/schema.org","@graph":[{"@type":"Article","@id":"https:\/\/futbolhoy.co\/index.php\/2022\/05\/07\/puntos-sin-partido-en-monteria\/#article","isPartOf":{"@id":"https:\/\/futbolhoy.co\/index.php\/2022\/05\/07\/puntos-sin-partido-en-monteria\/"},"author":{"name":"Laura Hern\u00e1ndez","@id":"https:\/\/futbolhoy.co\/#\/schema\/person\/c4a353a512b127643723a34bb1812f7d"},"headline":"Puntos sin partido en Monter\u00eda","datePublished":"2022-05-08T02:12:54+00:00","dateModified":"2022-05-08T16:18:44+00:00","mainEntityOfPage":{"@id":"https:\/\/futbolhoy.co\/index.php\/2022\/05\/07\/puntos-sin-partido-en-monteria\/"},"wordCount":124,"commentCount":0,"image":{"@id":"https:\/\/futbolhoy.co\/index.php\/2022\/05\/07\/puntos-sin-partido-en-monteria\/#primaryimage"},"thumbnailUrl":"https:\/\/futbolhoy.co\/wp-content\/uploads\/2022\/05\/20220507_212236.jpg","articleSection":["Liga BetPlay"],"inLanguage":"es","potentialAction":[{"@type":"CommentAction","name":"Comment","target":["https:\/\/futbolhoy.co\/index.php\/2022\/05\/07\/puntos-sin-partido-en-monteria\/#respond"]}]},{"@type":"WebPage","@id":"https:\/\/futbolhoy.co\/index.php\/2022\/05\/07\/puntos-sin-partido-en-monteria\/","url":"https:\/\/futbolhoy.co\/index.php\/2022\/05\/07\/puntos-sin-partido-en-monteria\/","name":"Puntos sin partido en Monter\u00eda -","isPartOf":{"@id":"https:\/\/futbolhoy.co\/#website"},"primaryImageOfPage":{"@id":"https:\/\/futbolhoy.co\/index.php\/2022\/05\/07\/puntos-sin-partido-en-monteria\/#primaryimage"},"image":{"@id":"https:\/\/futbolhoy.co\/index.php\/2022\/05\/07\/puntos-sin-partido-en-monteria\/#primaryimage"},"thumbnailUrl":"https:\/\/futbolhoy.co\/wp-content\/uploads\/2022\/05\/20220507_212236.jpg","datePublished":"2022-05-08T02:12:54+00:00","dateModified":"2022-05-08T16:18:44+00:00","author":{"@id":"https:\/\/futbolhoy.co\/#\/schema\/person\/c4a353a512b127643723a34bb1812f7d"},"breadcrumb":{"@id":"https:\/\/futbolhoy.co\/index.php\/2022\/05\/07\/puntos-sin-partido-en-monteria\/#breadcrumb"},"inLanguage":"es","potentialAction":[{"@type":"ReadAction","target":["https:\/\/futbolhoy.co\/index.php\/2022\/05\/07\/puntos-sin-partido-en-monteria\/"]}]},{"@type":"ImageObject","inLanguage":"es","@id":"https:\/\/futbolhoy.co\/index.php\/2022\/05\/07\/puntos-sin-partido-en-monteria\/#primaryimage","url":"https:\/\/futbolhoy.co\/wp-content\/uploads\/2022\/05\/20220507_212236.jpg","contentUrl":"https:\/\/futbolhoy.co\/wp-content\/uploads\/2022\/05\/20220507_212236.jpg","width":731,"height":722},{"@type":"BreadcrumbList","@id":"https:\/\/futbolhoy.co\/index.php\/2022\/05\/07\/puntos-sin-partido-en-monteria\/#breadcrumb","itemListElement":[{"@type":"ListItem","position":1,"name":"Portada","item":"https:\/\/futbolhoy.co\/"},{"@type":"ListItem","position":2,"name":"Puntos sin partido en Monter\u00eda"}]},{"@type":"WebSite","@id":"https:\/\/futbolhoy.co\/#website","url":"https:\/\/futbolhoy.co\/","name":"FutbolHoy","description":"","potentialAction":[{"@type":"SearchAction","target":{"@type":"EntryPoint","urlTemplate":"https:\/\/futbolhoy.co\/?s={search_term_string}"},"query-input":{"@type":"PropertyValueSpecification","valueRequired":true,"valueName":"search_term_string"}}],"inLanguage":"es"},{"@type":"Person","@id":"https:\/\/futbolhoy.co\/#\/schema\/person\/c4a353a512b127643723a34bb1812f7d","name":"Laura Hern\u00e1ndez","image":{"@type":"ImageObject","inLanguage":"es","@id":"https:\/\/secure.gravatar.com\/avatar\/1ae6b7966942c60c822ea71afe0e5cf4105b8e983193883c6d026db4d508431d?s=96&d=mm&r=g","url":"https:\/\/secure.gravatar.com\/avatar\/1ae6b7966942c60c822ea71afe0e5cf4105b8e983193883c6d026db4d508431d?s=96&d=mm&r=g","contentUrl":"https:\/\/secure.gravatar.com\/avatar\/1ae6b7966942c60c822ea71afe0e5cf4105b8e983193883c6d026db4d508431d?s=96&d=mm&r=g","caption":"Laura Hern\u00e1ndez"}}]}},"_links":{"self":[{"href":"https:\/\/futbolhoy.co\/index.php\/wp-json\/wp\/v2\/posts\/79869","targetHints":{"allow":["GET"]}}],"collection":[{"href":"https:\/\/futbolhoy.co\/index.php\/wp-json\/wp\/v2\/posts"}],"about":[{"href":"https:\/\/futbolhoy.co\/index.php\/wp-json\/wp\/v2\/types\/post"}],"author":[{"embeddable":true,"href":"https:\/\/futbolhoy.co\/index.php\/wp-json\/wp\/v2\/users\/5"}],"replies":[{"embeddable":true,"href":"https:\/\/futbolhoy.co\/index.php\/wp-json\/wp\/v2\/comments?post=79869"}],"version-history":[{"count":2,"href":"https:\/\/futbolhoy.co\/index.php\/wp-json\/wp\/v2\/posts\/79869\/revisions"}],"predecessor-version":[{"id":79892,"href":"https:\/\/futbolhoy.co\/index.php\/wp-json\/wp\/v2\/posts\/79869\/revisions\/79892"}],"wp:featuredmedia":[{"embeddable":true,"href":"https:\/\/futbolhoy.co\/index.php\/wp-json\/wp\/v2\/media\/79875"}],"wp:attachment":[{"href":"https:\/\/futbolhoy.co\/index.php\/wp-json\/wp\/v2\/media?parent=79869"}],"wp:term":[{"taxonomy":"category","embeddable":true,"href":"https:\/\/futbolhoy.co\/index.php\/wp-json\/wp\/v2\/categories?post=79869"},{"taxonomy":"post_tag","embeddable":true,"href":"https:\/\/futbolhoy.co\/index.php\/wp-json\/wp\/v2\/tags?post=79869"}],"curies":[{"name":"wp","href":"https:\/\/api.w.org\/{rel}","templated":true}]}}