{"id":79979,"date":"2022-05-10T10:00:00","date_gmt":"2022-05-10T15:00:00","guid":{"rendered":"https:\/\/futbolhoy.co\/?p=79979"},"modified":"2022-05-10T19:46:31","modified_gmt":"2022-05-11T00:46:31","slug":"mina-dos-semanas-out","status":"publish","type":"post","link":"https:\/\/futbolhoy.co\/index.php\/2022\/05\/10\/mina-dos-semanas-out\/","title":{"rendered":"Mina, dos semanas out"},"content":{"rendered":"<p style=\"text-align: justify;\"><span style=\"font-family: helvetica, arial, sans-serif;\"><strong>Yerry Mina<\/strong> estar\u00e1 al menos dos semanas fuera de las canchas, debido a una nueva lesi\u00f3n en la pantorrilla de la que se resinti\u00f3 el pasado domingo.<\/span><\/p>\n<p style=\"text-align: justify;\"><span style=\"font-family: helvetica, arial, sans-serif;\">\u201cYerry Mina tiene una peque\u00f1a lesi\u00f3n en la pantorrilla, por lo que no jugar\u00e1 en este partido ante el Watford. Probablemente estemos mirando hacia el \u00faltimo encuentro de la temporada, por el que Yerry Mina podr\u00eda estar en la pelea\u201d, dijo su entrenado<strong>r Frank Lampard.<\/strong><\/span><\/p>\n<p style=\"text-align: justify;\"><span style=\"font-family: helvetica, arial, sans-serif;\">El central colombiano tan solo pudo actuar durante 18 minutos, en el choque donde <strong>Everton<\/strong> se impuso 1-2 sobre <strong>Leicester.<\/strong><\/span><\/p>\n<p style=\"text-align: justify;\"><span style=\"font-family: helvetica, arial, sans-serif;\">El defensa se perder\u00e1 los pr\u00f3ximos tres partidos de su equipo, empezando por el de este mi\u00e9rcoles frente al <strong>Watford<\/strong> (pendiente de la fecha 30 de la <strong>Liga Premier).<\/strong><\/span><\/p>\n<p style=\"text-align: justify;\"><span style=\"font-family: helvetica, arial, sans-serif;\">Esta es la cuarta lesi\u00f3n de Mina durante la actual temporada, donde ha participado en 13 encuentros en la <strong>Liga Premier<\/strong> y uno en la<strong> FA Cup.<\/strong><\/span><\/p>\n","protected":false},"excerpt":{"rendered":"<p>Yerry Mina estar\u00e1 al menos dos semanas fuera de las canchas, debido a una nueva lesi\u00f3n en la pantorrilla de la que se resinti\u00f3 el pasado domingo. \u201cYerry Mina tiene una peque\u00f1a lesi\u00f3n en la pantorrilla, por lo que no jugar\u00e1 en este partido ante el Watford. Probablemente estemos mirando hacia el \u00faltimo encuentro de [&hellip;]<\/p>\n","protected":false},"author":5,"featured_media":79980,"comment_status":"open","ping_status":"open","sticky":false,"template":"","format":"standard","meta":{"_acf_changed":false,"footnotes":""},"categories":[418],"tags":[],"class_list":{"0":"post-79979","1":"post","2":"type-post","3":"status-publish","4":"format-standard","5":"has-post-thumbnail","7":"category-colombia"},"acf":[],"yoast_head":"<!-- This site is optimized with the Yoast SEO plugin v26.8 - https:\/\/yoast.com\/product\/yoast-seo-wordpress\/ -->\n<title>Mina, dos semanas out -<\/title>\n<meta name=\"robots\" content=\"index, follow, max-snippet:-1, max-image-preview:large, max-video-preview:-1\" \/>\n<link rel=\"canonical\" href=\"https:\/\/futbolhoy.co\/index.php\/2022\/05\/10\/mina-dos-semanas-out\/\" \/>\n<meta property=\"og:locale\" content=\"es_ES\" \/>\n<meta property=\"og:type\" content=\"article\" \/>\n<meta property=\"og:title\" content=\"Mina, dos semanas out -\" \/>\n<meta property=\"og:description\" content=\"Yerry Mina estar\u00e1 al menos dos semanas fuera de las canchas, debido a una nueva lesi\u00f3n en la pantorrilla de la que se resinti\u00f3 el pasado domingo. \u201cYerry Mina tiene una peque\u00f1a lesi\u00f3n en la pantorrilla, por lo que no jugar\u00e1 en este partido ante el Watford. Probablemente estemos mirando hacia el \u00faltimo encuentro de [&hellip;]\" \/>\n<meta property=\"og:url\" content=\"https:\/\/futbolhoy.co\/index.php\/2022\/05\/10\/mina-dos-semanas-out\/\" \/>\n<meta property=\"article:publisher\" content=\"https:\/\/www.facebook.com\/FutbolHoyCol\/\" \/>\n<meta property=\"article:published_time\" content=\"2022-05-10T15:00:00+00:00\" \/>\n<meta property=\"article:modified_time\" content=\"2022-05-11T00:46:31+00:00\" \/>\n<meta property=\"og:image\" content=\"https:\/\/futbolhoy.co\/wp-content\/uploads\/2022\/05\/Yerry-Mina.gif\" \/>\n\t<meta property=\"og:image:width\" content=\"729\" \/>\n\t<meta property=\"og:image:height\" content=\"592\" \/>\n\t<meta property=\"og:image:type\" content=\"image\/gif\" \/>\n<meta name=\"author\" content=\"Laura Hern\u00e1ndez\" \/>\n<meta name=\"twitter:card\" content=\"summary_large_image\" \/>\n<meta name=\"twitter:creator\" content=\"@FutbolHoyCol\" \/>\n<meta name=\"twitter:site\" content=\"@FutbolHoyCol\" \/>\n<meta name=\"twitter:label1\" content=\"Escrito por\" \/>\n\t<meta name=\"twitter:data1\" content=\"Laura Hern\u00e1ndez\" \/>\n\t<meta name=\"twitter:label2\" content=\"Tiempo de lectura\" \/>\n\t<meta name=\"twitter:data2\" content=\"1 minuto\" \/>\n<script type=\"application\/ld+json\" class=\"yoast-schema-graph\">{\"@context\":\"https:\/\/schema.org\",\"@graph\":[{\"@type\":\"Article\",\"@id\":\"https:\/\/futbolhoy.co\/index.php\/2022\/05\/10\/mina-dos-semanas-out\/#article\",\"isPartOf\":{\"@id\":\"https:\/\/futbolhoy.co\/index.php\/2022\/05\/10\/mina-dos-semanas-out\/\"},\"author\":{\"name\":\"Laura Hern\u00e1ndez\",\"@id\":\"https:\/\/futbolhoy.co\/#\/schema\/person\/c4a353a512b127643723a34bb1812f7d\"},\"headline\":\"Mina, dos semanas out\",\"datePublished\":\"2022-05-10T15:00:00+00:00\",\"dateModified\":\"2022-05-11T00:46:31+00:00\",\"mainEntityOfPage\":{\"@id\":\"https:\/\/futbolhoy.co\/index.php\/2022\/05\/10\/mina-dos-semanas-out\/\"},\"wordCount\":156,\"commentCount\":0,\"publisher\":{\"@id\":\"https:\/\/futbolhoy.co\/#organization\"},\"image\":{\"@id\":\"https:\/\/futbolhoy.co\/index.php\/2022\/05\/10\/mina-dos-semanas-out\/#primaryimage\"},\"thumbnailUrl\":\"https:\/\/futbolhoy.co\/wp-content\/uploads\/2022\/05\/Yerry-Mina.gif\",\"articleSection\":[\"Colombia\"],\"inLanguage\":\"es\",\"potentialAction\":[{\"@type\":\"CommentAction\",\"name\":\"Comment\",\"target\":[\"https:\/\/futbolhoy.co\/index.php\/2022\/05\/10\/mina-dos-semanas-out\/#respond\"]}]},{\"@type\":\"WebPage\",\"@id\":\"https:\/\/futbolhoy.co\/index.php\/2022\/05\/10\/mina-dos-semanas-out\/\",\"url\":\"https:\/\/futbolhoy.co\/index.php\/2022\/05\/10\/mina-dos-semanas-out\/\",\"name\":\"Mina, dos semanas out -\",\"isPartOf\":{\"@id\":\"https:\/\/futbolhoy.co\/#website\"},\"primaryImageOfPage\":{\"@id\":\"https:\/\/futbolhoy.co\/index.php\/2022\/05\/10\/mina-dos-semanas-out\/#primaryimage\"},\"image\":{\"@id\":\"https:\/\/futbolhoy.co\/index.php\/2022\/05\/10\/mina-dos-semanas-out\/#primaryimage\"},\"thumbnailUrl\":\"https:\/\/futbolhoy.co\/wp-content\/uploads\/2022\/05\/Yerry-Mina.gif\",\"datePublished\":\"2022-05-10T15:00:00+00:00\",\"dateModified\":\"2022-05-11T00:46:31+00:00\",\"breadcrumb\":{\"@id\":\"https:\/\/futbolhoy.co\/index.php\/2022\/05\/10\/mina-dos-semanas-out\/#breadcrumb\"},\"inLanguage\":\"es\",\"potentialAction\":[{\"@type\":\"ReadAction\",\"target\":[\"https:\/\/futbolhoy.co\/index.php\/2022\/05\/10\/mina-dos-semanas-out\/\"]}]},{\"@type\":\"ImageObject\",\"inLanguage\":\"es\",\"@id\":\"https:\/\/futbolhoy.co\/index.php\/2022\/05\/10\/mina-dos-semanas-out\/#primaryimage\",\"url\":\"https:\/\/futbolhoy.co\/wp-content\/uploads\/2022\/05\/Yerry-Mina.gif\",\"contentUrl\":\"https:\/\/futbolhoy.co\/wp-content\/uploads\/2022\/05\/Yerry-Mina.gif\",\"width\":729,\"height\":592},{\"@type\":\"BreadcrumbList\",\"@id\":\"https:\/\/futbolhoy.co\/index.php\/2022\/05\/10\/mina-dos-semanas-out\/#breadcrumb\",\"itemListElement\":[{\"@type\":\"ListItem\",\"position\":1,\"name\":\"Portada\",\"item\":\"https:\/\/futbolhoy.co\/\"},{\"@type\":\"ListItem\",\"position\":2,\"name\":\"Mina, dos semanas out\"}]},{\"@type\":\"WebSite\",\"@id\":\"https:\/\/futbolhoy.co\/#website\",\"url\":\"https:\/\/futbolhoy.co\/\",\"name\":\"FutbolHoy\",\"description\":\"\",\"publisher\":{\"@id\":\"https:\/\/futbolhoy.co\/#organization\"},\"potentialAction\":[{\"@type\":\"SearchAction\",\"target\":{\"@type\":\"EntryPoint\",\"urlTemplate\":\"https:\/\/futbolhoy.co\/?s={search_term_string}\"},\"query-input\":{\"@type\":\"PropertyValueSpecification\",\"valueRequired\":true,\"valueName\":\"search_term_string\"}}],\"inLanguage\":\"es\"},{\"@type\":\"Organization\",\"@id\":\"https:\/\/futbolhoy.co\/#organization\",\"name\":\"Futbolhoy.co\",\"url\":\"https:\/\/futbolhoy.co\/\",\"logo\":{\"@type\":\"ImageObject\",\"inLanguage\":\"es\",\"@id\":\"https:\/\/futbolhoy.co\/#\/schema\/logo\/image\/\",\"url\":\"https:\/\/futbolhoy.co\/wp-content\/uploads\/2018\/08\/17426380_1906371736249227_6326180412931521141_n.jpg\",\"contentUrl\":\"https:\/\/futbolhoy.co\/wp-content\/uploads\/2018\/08\/17426380_1906371736249227_6326180412931521141_n.jpg\",\"width\":960,\"height\":960,\"caption\":\"Futbolhoy.co\"},\"image\":{\"@id\":\"https:\/\/futbolhoy.co\/#\/schema\/logo\/image\/\"},\"sameAs\":[\"https:\/\/www.facebook.com\/FutbolHoyCol\/\",\"https:\/\/x.com\/FutbolHoyCol\",\"https:\/\/www.instagram.com\/futbolhoycol\/\"]},{\"@type\":\"Person\",\"@id\":\"https:\/\/futbolhoy.co\/#\/schema\/person\/c4a353a512b127643723a34bb1812f7d\",\"name\":\"Laura Hern\u00e1ndez\",\"image\":{\"@type\":\"ImageObject\",\"inLanguage\":\"es\",\"@id\":\"https:\/\/futbolhoy.co\/#\/schema\/person\/image\/\",\"url\":\"https:\/\/secure.gravatar.com\/avatar\/d25959a15b9b293a743f99181c7cfd01?s=96&d=mm&r=g\",\"contentUrl\":\"https:\/\/secure.gravatar.com\/avatar\/d25959a15b9b293a743f99181c7cfd01?s=96&d=mm&r=g\",\"caption\":\"Laura Hern\u00e1ndez\"}}]}<\/script>\n<!-- \/ Yoast SEO plugin. -->","yoast_head_json":{"title":"Mina, dos semanas out -","robots":{"index":"index","follow":"follow","max-snippet":"max-snippet:-1","max-image-preview":"max-image-preview:large","max-video-preview":"max-video-preview:-1"},"canonical":"https:\/\/futbolhoy.co\/index.php\/2022\/05\/10\/mina-dos-semanas-out\/","og_locale":"es_ES","og_type":"article","og_title":"Mina, dos semanas out -","og_description":"Yerry Mina estar\u00e1 al menos dos semanas fuera de las canchas, debido a una nueva lesi\u00f3n en la pantorrilla de la que se resinti\u00f3 el pasado domingo. \u201cYerry Mina tiene una peque\u00f1a lesi\u00f3n en la pantorrilla, por lo que no jugar\u00e1 en este partido ante el Watford. Probablemente estemos mirando hacia el \u00faltimo encuentro de [&hellip;]","og_url":"https:\/\/futbolhoy.co\/index.php\/2022\/05\/10\/mina-dos-semanas-out\/","article_publisher":"https:\/\/www.facebook.com\/FutbolHoyCol\/","article_published_time":"2022-05-10T15:00:00+00:00","article_modified_time":"2022-05-11T00:46:31+00:00","og_image":[{"width":729,"height":592,"url":"https:\/\/futbolhoy.co\/wp-content\/uploads\/2022\/05\/Yerry-Mina.gif","type":"image\/gif"}],"author":"Laura Hern\u00e1ndez","twitter_card":"summary_large_image","twitter_creator":"@FutbolHoyCol","twitter_site":"@FutbolHoyCol","twitter_misc":{"Escrito por":"Laura Hern\u00e1ndez","Tiempo de lectura":"1 minuto"},"schema":{"@context":"https:\/\/schema.org","@graph":[{"@type":"Article","@id":"https:\/\/futbolhoy.co\/index.php\/2022\/05\/10\/mina-dos-semanas-out\/#article","isPartOf":{"@id":"https:\/\/futbolhoy.co\/index.php\/2022\/05\/10\/mina-dos-semanas-out\/"},"author":{"name":"Laura Hern\u00e1ndez","@id":"https:\/\/futbolhoy.co\/#\/schema\/person\/c4a353a512b127643723a34bb1812f7d"},"headline":"Mina, dos semanas out","datePublished":"2022-05-10T15:00:00+00:00","dateModified":"2022-05-11T00:46:31+00:00","mainEntityOfPage":{"@id":"https:\/\/futbolhoy.co\/index.php\/2022\/05\/10\/mina-dos-semanas-out\/"},"wordCount":156,"commentCount":0,"publisher":{"@id":"https:\/\/futbolhoy.co\/#organization"},"image":{"@id":"https:\/\/futbolhoy.co\/index.php\/2022\/05\/10\/mina-dos-semanas-out\/#primaryimage"},"thumbnailUrl":"https:\/\/futbolhoy.co\/wp-content\/uploads\/2022\/05\/Yerry-Mina.gif","articleSection":["Colombia"],"inLanguage":"es","potentialAction":[{"@type":"CommentAction","name":"Comment","target":["https:\/\/futbolhoy.co\/index.php\/2022\/05\/10\/mina-dos-semanas-out\/#respond"]}]},{"@type":"WebPage","@id":"https:\/\/futbolhoy.co\/index.php\/2022\/05\/10\/mina-dos-semanas-out\/","url":"https:\/\/futbolhoy.co\/index.php\/2022\/05\/10\/mina-dos-semanas-out\/","name":"Mina, dos semanas out -","isPartOf":{"@id":"https:\/\/futbolhoy.co\/#website"},"primaryImageOfPage":{"@id":"https:\/\/futbolhoy.co\/index.php\/2022\/05\/10\/mina-dos-semanas-out\/#primaryimage"},"image":{"@id":"https:\/\/futbolhoy.co\/index.php\/2022\/05\/10\/mina-dos-semanas-out\/#primaryimage"},"thumbnailUrl":"https:\/\/futbolhoy.co\/wp-content\/uploads\/2022\/05\/Yerry-Mina.gif","datePublished":"2022-05-10T15:00:00+00:00","dateModified":"2022-05-11T00:46:31+00:00","breadcrumb":{"@id":"https:\/\/futbolhoy.co\/index.php\/2022\/05\/10\/mina-dos-semanas-out\/#breadcrumb"},"inLanguage":"es","potentialAction":[{"@type":"ReadAction","target":["https:\/\/futbolhoy.co\/index.php\/2022\/05\/10\/mina-dos-semanas-out\/"]}]},{"@type":"ImageObject","inLanguage":"es","@id":"https:\/\/futbolhoy.co\/index.php\/2022\/05\/10\/mina-dos-semanas-out\/#primaryimage","url":"https:\/\/futbolhoy.co\/wp-content\/uploads\/2022\/05\/Yerry-Mina.gif","contentUrl":"https:\/\/futbolhoy.co\/wp-content\/uploads\/2022\/05\/Yerry-Mina.gif","width":729,"height":592},{"@type":"BreadcrumbList","@id":"https:\/\/futbolhoy.co\/index.php\/2022\/05\/10\/mina-dos-semanas-out\/#breadcrumb","itemListElement":[{"@type":"ListItem","position":1,"name":"Portada","item":"https:\/\/futbolhoy.co\/"},{"@type":"ListItem","position":2,"name":"Mina, dos semanas out"}]},{"@type":"WebSite","@id":"https:\/\/futbolhoy.co\/#website","url":"https:\/\/futbolhoy.co\/","name":"FutbolHoy","description":"","publisher":{"@id":"https:\/\/futbolhoy.co\/#organization"},"potentialAction":[{"@type":"SearchAction","target":{"@type":"EntryPoint","urlTemplate":"https:\/\/futbolhoy.co\/?s={search_term_string}"},"query-input":{"@type":"PropertyValueSpecification","valueRequired":true,"valueName":"search_term_string"}}],"inLanguage":"es"},{"@type":"Organization","@id":"https:\/\/futbolhoy.co\/#organization","name":"Futbolhoy.co","url":"https:\/\/futbolhoy.co\/","logo":{"@type":"ImageObject","inLanguage":"es","@id":"https:\/\/futbolhoy.co\/#\/schema\/logo\/image\/","url":"https:\/\/futbolhoy.co\/wp-content\/uploads\/2018\/08\/17426380_1906371736249227_6326180412931521141_n.jpg","contentUrl":"https:\/\/futbolhoy.co\/wp-content\/uploads\/2018\/08\/17426380_1906371736249227_6326180412931521141_n.jpg","width":960,"height":960,"caption":"Futbolhoy.co"},"image":{"@id":"https:\/\/futbolhoy.co\/#\/schema\/logo\/image\/"},"sameAs":["https:\/\/www.facebook.com\/FutbolHoyCol\/","https:\/\/x.com\/FutbolHoyCol","https:\/\/www.instagram.com\/futbolhoycol\/"]},{"@type":"Person","@id":"https:\/\/futbolhoy.co\/#\/schema\/person\/c4a353a512b127643723a34bb1812f7d","name":"Laura Hern\u00e1ndez","image":{"@type":"ImageObject","inLanguage":"es","@id":"https:\/\/futbolhoy.co\/#\/schema\/person\/image\/","url":"https:\/\/secure.gravatar.com\/avatar\/d25959a15b9b293a743f99181c7cfd01?s=96&d=mm&r=g","contentUrl":"https:\/\/secure.gravatar.com\/avatar\/d25959a15b9b293a743f99181c7cfd01?s=96&d=mm&r=g","caption":"Laura Hern\u00e1ndez"}}]}},"publishpress_future_action":{"enabled":false,"date":"2026-05-04 01:36:16","action":"change-status","newStatus":"draft","terms":[],"taxonomy":"category","extraData":[]},"publishpress_future_workflow_manual_trigger":{"enabledWorkflows":[]},"_links":{"self":[{"href":"https:\/\/futbolhoy.co\/index.php\/wp-json\/wp\/v2\/posts\/79979","targetHints":{"allow":["GET"]}}],"collection":[{"href":"https:\/\/futbolhoy.co\/index.php\/wp-json\/wp\/v2\/posts"}],"about":[{"href":"https:\/\/futbolhoy.co\/index.php\/wp-json\/wp\/v2\/types\/post"}],"author":[{"embeddable":true,"href":"https:\/\/futbolhoy.co\/index.php\/wp-json\/wp\/v2\/users\/5"}],"replies":[{"embeddable":true,"href":"https:\/\/futbolhoy.co\/index.php\/wp-json\/wp\/v2\/comments?post=79979"}],"version-history":[{"count":1,"href":"https:\/\/futbolhoy.co\/index.php\/wp-json\/wp\/v2\/posts\/79979\/revisions"}],"predecessor-version":[{"id":79981,"href":"https:\/\/futbolhoy.co\/index.php\/wp-json\/wp\/v2\/posts\/79979\/revisions\/79981"}],"wp:featuredmedia":[{"embeddable":true,"href":"https:\/\/futbolhoy.co\/index.php\/wp-json\/wp\/v2\/media\/79980"}],"wp:attachment":[{"href":"https:\/\/futbolhoy.co\/index.php\/wp-json\/wp\/v2\/media?parent=79979"}],"wp:term":[{"taxonomy":"category","embeddable":true,"href":"https:\/\/futbolhoy.co\/index.php\/wp-json\/wp\/v2\/categories?post=79979"},{"taxonomy":"post_tag","embeddable":true,"href":"https:\/\/futbolhoy.co\/index.php\/wp-json\/wp\/v2\/tags?post=79979"}],"curies":[{"name":"wp","href":"https:\/\/api.w.org\/{rel}","templated":true}]}}