{"id":79988,"date":"2022-05-10T17:51:40","date_gmt":"2022-05-10T22:51:40","guid":{"rendered":"https:\/\/futbolhoy.co\/?p=79988"},"modified":"2022-05-11T10:18:12","modified_gmt":"2022-05-11T15:18:12","slug":"araujo-dio-el-susto-en-el-triunfo-del-barcelona","status":"publish","type":"post","link":"https:\/\/futbolhoy.co\/index.php\/2022\/05\/10\/araujo-dio-el-susto-en-el-triunfo-del-barcelona\/","title":{"rendered":"Araujo dio el susto en el triunfo del Barcelona"},"content":{"rendered":"<p style=\"text-align: justify;\"><span lang=\"ES-MX\" style=\"font-family: helvetica, arial, sans-serif;\">El defensa central uruguayo\u00a0<b>Ronald Ara\u00fajo<\/b>\u00a0fue evacuado en ambulancia del\u00a0<b>Camp Nou,<\/b>\u00a0tras sufrir un golpe en la cabeza con su compa\u00f1ero\u00a0<b>Gavi<\/b>\u00a0en el partido por la jornada 36 de\u00a0<b>LaLiga<\/b>\u00a0que su equipo el\u00a0<b>Barcelona<\/b>\u00a0le gan\u00f3 3-1 al\u00a0<b>Celta de Vigo.<\/b><\/span><\/p>\n<p style=\"text-align: justify;\"><span lang=\"ES-MX\" style=\"font-family: helvetica, arial, sans-serif;\">\u201cAraujo tiene una conmoci\u00f3n y ha sido trasladado a un centro hospitalario para hacerle pruebas complementarias\", explic\u00f3 el club catal\u00e1n en un breve comunicado.<\/span><\/p>\n<p style=\"text-align: justify;\"><span lang=\"ES-MX\" style=\"font-family: helvetica, arial, sans-serif;\">\"El doctor nos ha dicho que estaba consciente, pasar\u00e1 la noche en el hospital. Est\u00e1 fuera de peligro, el doctor ha dicho que no nos preocupemos que pasar\u00e1 la noche en el hospital por precauci\u00f3n, pero nada m\u00e1s\", se\u00f1al\u00f3 el t\u00e9cnico\u00a0<b>Xavi Hern\u00e1ndez.<\/b><\/span><\/p>\n<p style=\"text-align: justify;\"><span lang=\"ES-MX\" style=\"font-family: helvetica, arial, sans-serif;\">En el minuto 60, Araujo salt\u00f3 a por un bal\u00f3n con su compa\u00f1ero golpe\u00e1ndose ambos en la cabeza y aunque en un primer momento se levant\u00f3, volvi\u00f3 a caerse cuando el partido ya iba 3-1 a favor del\u00a0<b>blaugrana<\/b>.<\/span><\/p>\n<p style=\"text-align: justify;\"><span lang=\"ES-MX\" style=\"font-family: helvetica, arial, sans-serif;\">Las im\u00e1genes de televisi\u00f3n mostraron al jugador del Bar\u00e7a desmayado, mientras un compa\u00f1ero trataba de ponerlo de lado.<\/span><\/p>\n<p style=\"text-align: justify;\"><span lang=\"ES-MX\" style=\"font-family: helvetica, arial, sans-serif;\">Mientras Gavi se repuso sin problemas, las asistencias saltaron r\u00e1pidamente a ayudar al uruguayo, que recuper\u00f3 la conciencia, aunque se pidi\u00f3 la entrada de una ambulancia en el campo.<\/span><\/p>\n<p style=\"text-align: justify;\"><span lang=\"ES-MX\" style=\"font-family: helvetica, arial, sans-serif;\">Tras ser atendido, el jugador fue inmovilizado en una camilla y evacuado en la ambulancia hacia un hospital barcelon\u00e9s.<\/span><\/p>\n","protected":false},"excerpt":{"rendered":"<p>El defensa central uruguayo\u00a0Ronald Ara\u00fajo\u00a0fue evacuado en ambulancia del\u00a0Camp Nou,\u00a0tras sufrir un golpe en la cabeza con su compa\u00f1ero\u00a0Gavi\u00a0en el partido por la jornada 36 de\u00a0LaLiga\u00a0que su equipo el\u00a0Barcelona\u00a0le gan\u00f3 3-1 al\u00a0Celta de Vigo. \u201cAraujo tiene una conmoci\u00f3n y ha sido trasladado a un centro hospitalario para hacerle pruebas complementarias\", explic\u00f3 el club catal\u00e1n en [&hellip;]<\/p>\n","protected":false},"author":5,"featured_media":79989,"comment_status":"open","ping_status":"open","sticky":false,"template":"","format":"standard","meta":{"_acf_changed":false,"footnotes":""},"categories":[152],"tags":[],"class_list":{"0":"post-79988","1":"post","2":"type-post","3":"status-publish","4":"format-standard","5":"has-post-thumbnail","7":"category-mundo-futbol"},"acf":[],"yoast_head":"<!-- This site is optimized with the Yoast SEO plugin v26.8 - https:\/\/yoast.com\/product\/yoast-seo-wordpress\/ -->\n<title>Araujo dio el susto en el triunfo del Barcelona -<\/title>\n<meta name=\"robots\" content=\"index, follow, max-snippet:-1, max-image-preview:large, max-video-preview:-1\" \/>\n<link rel=\"canonical\" href=\"https:\/\/futbolhoy.co\/index.php\/2022\/05\/10\/araujo-dio-el-susto-en-el-triunfo-del-barcelona\/\" \/>\n<meta property=\"og:locale\" content=\"es_ES\" \/>\n<meta property=\"og:type\" content=\"article\" \/>\n<meta property=\"og:title\" content=\"Araujo dio el susto en el triunfo del Barcelona -\" \/>\n<meta property=\"og:description\" content=\"El defensa central uruguayo\u00a0Ronald Ara\u00fajo\u00a0fue evacuado en ambulancia del\u00a0Camp Nou,\u00a0tras sufrir un golpe en la cabeza con su compa\u00f1ero\u00a0Gavi\u00a0en el partido por la jornada 36 de\u00a0LaLiga\u00a0que su equipo el\u00a0Barcelona\u00a0le gan\u00f3 3-1 al\u00a0Celta de Vigo. \u201cAraujo tiene una conmoci\u00f3n y ha sido trasladado a un centro hospitalario para hacerle pruebas complementarias&quot;, explic\u00f3 el club catal\u00e1n en [&hellip;]\" \/>\n<meta property=\"og:url\" content=\"https:\/\/futbolhoy.co\/index.php\/2022\/05\/10\/araujo-dio-el-susto-en-el-triunfo-del-barcelona\/\" \/>\n<meta property=\"article:publisher\" content=\"https:\/\/www.facebook.com\/FutbolHoyCol\/\" \/>\n<meta property=\"article:published_time\" content=\"2022-05-10T22:51:40+00:00\" \/>\n<meta property=\"article:modified_time\" content=\"2022-05-11T15:18:12+00:00\" \/>\n<meta property=\"og:image\" content=\"https:\/\/futbolhoy.co\/wp-content\/uploads\/2022\/05\/FSbRlK1XwAEy7wa.png\" \/>\n\t<meta property=\"og:image:width\" content=\"600\" \/>\n\t<meta property=\"og:image:height\" content=\"600\" \/>\n\t<meta property=\"og:image:type\" content=\"image\/png\" \/>\n<meta name=\"author\" content=\"Laura Hern\u00e1ndez\" \/>\n<meta name=\"twitter:card\" content=\"summary_large_image\" \/>\n<meta name=\"twitter:creator\" content=\"@FutbolHoyCol\" \/>\n<meta name=\"twitter:site\" content=\"@FutbolHoyCol\" \/>\n<meta name=\"twitter:label1\" content=\"Escrito por\" \/>\n\t<meta name=\"twitter:data1\" content=\"Laura Hern\u00e1ndez\" \/>\n\t<meta name=\"twitter:label2\" content=\"Tiempo de lectura\" \/>\n\t<meta name=\"twitter:data2\" content=\"1 minuto\" \/>\n<script type=\"application\/ld+json\" class=\"yoast-schema-graph\">{\"@context\":\"https:\/\/schema.org\",\"@graph\":[{\"@type\":\"Article\",\"@id\":\"https:\/\/futbolhoy.co\/index.php\/2022\/05\/10\/araujo-dio-el-susto-en-el-triunfo-del-barcelona\/#article\",\"isPartOf\":{\"@id\":\"https:\/\/futbolhoy.co\/index.php\/2022\/05\/10\/araujo-dio-el-susto-en-el-triunfo-del-barcelona\/\"},\"author\":{\"name\":\"Laura Hern\u00e1ndez\",\"@id\":\"https:\/\/futbolhoy.co\/#\/schema\/person\/c4a353a512b127643723a34bb1812f7d\"},\"headline\":\"Araujo dio el susto en el triunfo del Barcelona\",\"datePublished\":\"2022-05-10T22:51:40+00:00\",\"dateModified\":\"2022-05-11T15:18:12+00:00\",\"mainEntityOfPage\":{\"@id\":\"https:\/\/futbolhoy.co\/index.php\/2022\/05\/10\/araujo-dio-el-susto-en-el-triunfo-del-barcelona\/\"},\"wordCount\":242,\"commentCount\":0,\"publisher\":{\"@id\":\"https:\/\/futbolhoy.co\/#organization\"},\"image\":{\"@id\":\"https:\/\/futbolhoy.co\/index.php\/2022\/05\/10\/araujo-dio-el-susto-en-el-triunfo-del-barcelona\/#primaryimage\"},\"thumbnailUrl\":\"https:\/\/futbolhoy.co\/wp-content\/uploads\/2022\/05\/FSbRlK1XwAEy7wa.png\",\"articleSection\":[\"Mundo Futbol\"],\"inLanguage\":\"es\",\"potentialAction\":[{\"@type\":\"CommentAction\",\"name\":\"Comment\",\"target\":[\"https:\/\/futbolhoy.co\/index.php\/2022\/05\/10\/araujo-dio-el-susto-en-el-triunfo-del-barcelona\/#respond\"]}]},{\"@type\":\"WebPage\",\"@id\":\"https:\/\/futbolhoy.co\/index.php\/2022\/05\/10\/araujo-dio-el-susto-en-el-triunfo-del-barcelona\/\",\"url\":\"https:\/\/futbolhoy.co\/index.php\/2022\/05\/10\/araujo-dio-el-susto-en-el-triunfo-del-barcelona\/\",\"name\":\"Araujo dio el susto en el triunfo del Barcelona -\",\"isPartOf\":{\"@id\":\"https:\/\/futbolhoy.co\/#website\"},\"primaryImageOfPage\":{\"@id\":\"https:\/\/futbolhoy.co\/index.php\/2022\/05\/10\/araujo-dio-el-susto-en-el-triunfo-del-barcelona\/#primaryimage\"},\"image\":{\"@id\":\"https:\/\/futbolhoy.co\/index.php\/2022\/05\/10\/araujo-dio-el-susto-en-el-triunfo-del-barcelona\/#primaryimage\"},\"thumbnailUrl\":\"https:\/\/futbolhoy.co\/wp-content\/uploads\/2022\/05\/FSbRlK1XwAEy7wa.png\",\"datePublished\":\"2022-05-10T22:51:40+00:00\",\"dateModified\":\"2022-05-11T15:18:12+00:00\",\"breadcrumb\":{\"@id\":\"https:\/\/futbolhoy.co\/index.php\/2022\/05\/10\/araujo-dio-el-susto-en-el-triunfo-del-barcelona\/#breadcrumb\"},\"inLanguage\":\"es\",\"potentialAction\":[{\"@type\":\"ReadAction\",\"target\":[\"https:\/\/futbolhoy.co\/index.php\/2022\/05\/10\/araujo-dio-el-susto-en-el-triunfo-del-barcelona\/\"]}]},{\"@type\":\"ImageObject\",\"inLanguage\":\"es\",\"@id\":\"https:\/\/futbolhoy.co\/index.php\/2022\/05\/10\/araujo-dio-el-susto-en-el-triunfo-del-barcelona\/#primaryimage\",\"url\":\"https:\/\/futbolhoy.co\/wp-content\/uploads\/2022\/05\/FSbRlK1XwAEy7wa.png\",\"contentUrl\":\"https:\/\/futbolhoy.co\/wp-content\/uploads\/2022\/05\/FSbRlK1XwAEy7wa.png\",\"width\":600,\"height\":600},{\"@type\":\"BreadcrumbList\",\"@id\":\"https:\/\/futbolhoy.co\/index.php\/2022\/05\/10\/araujo-dio-el-susto-en-el-triunfo-del-barcelona\/#breadcrumb\",\"itemListElement\":[{\"@type\":\"ListItem\",\"position\":1,\"name\":\"Portada\",\"item\":\"https:\/\/futbolhoy.co\/\"},{\"@type\":\"ListItem\",\"position\":2,\"name\":\"Araujo dio el susto en el triunfo del Barcelona\"}]},{\"@type\":\"WebSite\",\"@id\":\"https:\/\/futbolhoy.co\/#website\",\"url\":\"https:\/\/futbolhoy.co\/\",\"name\":\"FutbolHoy\",\"description\":\"\",\"publisher\":{\"@id\":\"https:\/\/futbolhoy.co\/#organization\"},\"potentialAction\":[{\"@type\":\"SearchAction\",\"target\":{\"@type\":\"EntryPoint\",\"urlTemplate\":\"https:\/\/futbolhoy.co\/?s={search_term_string}\"},\"query-input\":{\"@type\":\"PropertyValueSpecification\",\"valueRequired\":true,\"valueName\":\"search_term_string\"}}],\"inLanguage\":\"es\"},{\"@type\":\"Organization\",\"@id\":\"https:\/\/futbolhoy.co\/#organization\",\"name\":\"Futbolhoy.co\",\"url\":\"https:\/\/futbolhoy.co\/\",\"logo\":{\"@type\":\"ImageObject\",\"inLanguage\":\"es\",\"@id\":\"https:\/\/futbolhoy.co\/#\/schema\/logo\/image\/\",\"url\":\"https:\/\/futbolhoy.co\/wp-content\/uploads\/2018\/08\/17426380_1906371736249227_6326180412931521141_n.jpg\",\"contentUrl\":\"https:\/\/futbolhoy.co\/wp-content\/uploads\/2018\/08\/17426380_1906371736249227_6326180412931521141_n.jpg\",\"width\":960,\"height\":960,\"caption\":\"Futbolhoy.co\"},\"image\":{\"@id\":\"https:\/\/futbolhoy.co\/#\/schema\/logo\/image\/\"},\"sameAs\":[\"https:\/\/www.facebook.com\/FutbolHoyCol\/\",\"https:\/\/x.com\/FutbolHoyCol\",\"https:\/\/www.instagram.com\/futbolhoycol\/\"]},{\"@type\":\"Person\",\"@id\":\"https:\/\/futbolhoy.co\/#\/schema\/person\/c4a353a512b127643723a34bb1812f7d\",\"name\":\"Laura Hern\u00e1ndez\",\"image\":{\"@type\":\"ImageObject\",\"inLanguage\":\"es\",\"@id\":\"https:\/\/futbolhoy.co\/#\/schema\/person\/image\/\",\"url\":\"https:\/\/secure.gravatar.com\/avatar\/d25959a15b9b293a743f99181c7cfd01?s=96&d=mm&r=g\",\"contentUrl\":\"https:\/\/secure.gravatar.com\/avatar\/d25959a15b9b293a743f99181c7cfd01?s=96&d=mm&r=g\",\"caption\":\"Laura Hern\u00e1ndez\"}}]}<\/script>\n<!-- \/ Yoast SEO plugin. -->","yoast_head_json":{"title":"Araujo dio el susto en el triunfo del Barcelona -","robots":{"index":"index","follow":"follow","max-snippet":"max-snippet:-1","max-image-preview":"max-image-preview:large","max-video-preview":"max-video-preview:-1"},"canonical":"https:\/\/futbolhoy.co\/index.php\/2022\/05\/10\/araujo-dio-el-susto-en-el-triunfo-del-barcelona\/","og_locale":"es_ES","og_type":"article","og_title":"Araujo dio el susto en el triunfo del Barcelona -","og_description":"El defensa central uruguayo\u00a0Ronald Ara\u00fajo\u00a0fue evacuado en ambulancia del\u00a0Camp Nou,\u00a0tras sufrir un golpe en la cabeza con su compa\u00f1ero\u00a0Gavi\u00a0en el partido por la jornada 36 de\u00a0LaLiga\u00a0que su equipo el\u00a0Barcelona\u00a0le gan\u00f3 3-1 al\u00a0Celta de Vigo. \u201cAraujo tiene una conmoci\u00f3n y ha sido trasladado a un centro hospitalario para hacerle pruebas complementarias\", explic\u00f3 el club catal\u00e1n en [&hellip;]","og_url":"https:\/\/futbolhoy.co\/index.php\/2022\/05\/10\/araujo-dio-el-susto-en-el-triunfo-del-barcelona\/","article_publisher":"https:\/\/www.facebook.com\/FutbolHoyCol\/","article_published_time":"2022-05-10T22:51:40+00:00","article_modified_time":"2022-05-11T15:18:12+00:00","og_image":[{"width":600,"height":600,"url":"https:\/\/futbolhoy.co\/wp-content\/uploads\/2022\/05\/FSbRlK1XwAEy7wa.png","type":"image\/png"}],"author":"Laura Hern\u00e1ndez","twitter_card":"summary_large_image","twitter_creator":"@FutbolHoyCol","twitter_site":"@FutbolHoyCol","twitter_misc":{"Escrito por":"Laura Hern\u00e1ndez","Tiempo de lectura":"1 minuto"},"schema":{"@context":"https:\/\/schema.org","@graph":[{"@type":"Article","@id":"https:\/\/futbolhoy.co\/index.php\/2022\/05\/10\/araujo-dio-el-susto-en-el-triunfo-del-barcelona\/#article","isPartOf":{"@id":"https:\/\/futbolhoy.co\/index.php\/2022\/05\/10\/araujo-dio-el-susto-en-el-triunfo-del-barcelona\/"},"author":{"name":"Laura Hern\u00e1ndez","@id":"https:\/\/futbolhoy.co\/#\/schema\/person\/c4a353a512b127643723a34bb1812f7d"},"headline":"Araujo dio el susto en el triunfo del Barcelona","datePublished":"2022-05-10T22:51:40+00:00","dateModified":"2022-05-11T15:18:12+00:00","mainEntityOfPage":{"@id":"https:\/\/futbolhoy.co\/index.php\/2022\/05\/10\/araujo-dio-el-susto-en-el-triunfo-del-barcelona\/"},"wordCount":242,"commentCount":0,"publisher":{"@id":"https:\/\/futbolhoy.co\/#organization"},"image":{"@id":"https:\/\/futbolhoy.co\/index.php\/2022\/05\/10\/araujo-dio-el-susto-en-el-triunfo-del-barcelona\/#primaryimage"},"thumbnailUrl":"https:\/\/futbolhoy.co\/wp-content\/uploads\/2022\/05\/FSbRlK1XwAEy7wa.png","articleSection":["Mundo Futbol"],"inLanguage":"es","potentialAction":[{"@type":"CommentAction","name":"Comment","target":["https:\/\/futbolhoy.co\/index.php\/2022\/05\/10\/araujo-dio-el-susto-en-el-triunfo-del-barcelona\/#respond"]}]},{"@type":"WebPage","@id":"https:\/\/futbolhoy.co\/index.php\/2022\/05\/10\/araujo-dio-el-susto-en-el-triunfo-del-barcelona\/","url":"https:\/\/futbolhoy.co\/index.php\/2022\/05\/10\/araujo-dio-el-susto-en-el-triunfo-del-barcelona\/","name":"Araujo dio el susto en el triunfo del Barcelona -","isPartOf":{"@id":"https:\/\/futbolhoy.co\/#website"},"primaryImageOfPage":{"@id":"https:\/\/futbolhoy.co\/index.php\/2022\/05\/10\/araujo-dio-el-susto-en-el-triunfo-del-barcelona\/#primaryimage"},"image":{"@id":"https:\/\/futbolhoy.co\/index.php\/2022\/05\/10\/araujo-dio-el-susto-en-el-triunfo-del-barcelona\/#primaryimage"},"thumbnailUrl":"https:\/\/futbolhoy.co\/wp-content\/uploads\/2022\/05\/FSbRlK1XwAEy7wa.png","datePublished":"2022-05-10T22:51:40+00:00","dateModified":"2022-05-11T15:18:12+00:00","breadcrumb":{"@id":"https:\/\/futbolhoy.co\/index.php\/2022\/05\/10\/araujo-dio-el-susto-en-el-triunfo-del-barcelona\/#breadcrumb"},"inLanguage":"es","potentialAction":[{"@type":"ReadAction","target":["https:\/\/futbolhoy.co\/index.php\/2022\/05\/10\/araujo-dio-el-susto-en-el-triunfo-del-barcelona\/"]}]},{"@type":"ImageObject","inLanguage":"es","@id":"https:\/\/futbolhoy.co\/index.php\/2022\/05\/10\/araujo-dio-el-susto-en-el-triunfo-del-barcelona\/#primaryimage","url":"https:\/\/futbolhoy.co\/wp-content\/uploads\/2022\/05\/FSbRlK1XwAEy7wa.png","contentUrl":"https:\/\/futbolhoy.co\/wp-content\/uploads\/2022\/05\/FSbRlK1XwAEy7wa.png","width":600,"height":600},{"@type":"BreadcrumbList","@id":"https:\/\/futbolhoy.co\/index.php\/2022\/05\/10\/araujo-dio-el-susto-en-el-triunfo-del-barcelona\/#breadcrumb","itemListElement":[{"@type":"ListItem","position":1,"name":"Portada","item":"https:\/\/futbolhoy.co\/"},{"@type":"ListItem","position":2,"name":"Araujo dio el susto en el triunfo del Barcelona"}]},{"@type":"WebSite","@id":"https:\/\/futbolhoy.co\/#website","url":"https:\/\/futbolhoy.co\/","name":"FutbolHoy","description":"","publisher":{"@id":"https:\/\/futbolhoy.co\/#organization"},"potentialAction":[{"@type":"SearchAction","target":{"@type":"EntryPoint","urlTemplate":"https:\/\/futbolhoy.co\/?s={search_term_string}"},"query-input":{"@type":"PropertyValueSpecification","valueRequired":true,"valueName":"search_term_string"}}],"inLanguage":"es"},{"@type":"Organization","@id":"https:\/\/futbolhoy.co\/#organization","name":"Futbolhoy.co","url":"https:\/\/futbolhoy.co\/","logo":{"@type":"ImageObject","inLanguage":"es","@id":"https:\/\/futbolhoy.co\/#\/schema\/logo\/image\/","url":"https:\/\/futbolhoy.co\/wp-content\/uploads\/2018\/08\/17426380_1906371736249227_6326180412931521141_n.jpg","contentUrl":"https:\/\/futbolhoy.co\/wp-content\/uploads\/2018\/08\/17426380_1906371736249227_6326180412931521141_n.jpg","width":960,"height":960,"caption":"Futbolhoy.co"},"image":{"@id":"https:\/\/futbolhoy.co\/#\/schema\/logo\/image\/"},"sameAs":["https:\/\/www.facebook.com\/FutbolHoyCol\/","https:\/\/x.com\/FutbolHoyCol","https:\/\/www.instagram.com\/futbolhoycol\/"]},{"@type":"Person","@id":"https:\/\/futbolhoy.co\/#\/schema\/person\/c4a353a512b127643723a34bb1812f7d","name":"Laura Hern\u00e1ndez","image":{"@type":"ImageObject","inLanguage":"es","@id":"https:\/\/futbolhoy.co\/#\/schema\/person\/image\/","url":"https:\/\/secure.gravatar.com\/avatar\/d25959a15b9b293a743f99181c7cfd01?s=96&d=mm&r=g","contentUrl":"https:\/\/secure.gravatar.com\/avatar\/d25959a15b9b293a743f99181c7cfd01?s=96&d=mm&r=g","caption":"Laura Hern\u00e1ndez"}}]}},"publishpress_future_action":{"enabled":false,"date":"2026-05-03 19:50:05","action":"change-status","newStatus":"draft","terms":[],"taxonomy":"category","extraData":[]},"publishpress_future_workflow_manual_trigger":{"enabledWorkflows":[]},"_links":{"self":[{"href":"https:\/\/futbolhoy.co\/index.php\/wp-json\/wp\/v2\/posts\/79988","targetHints":{"allow":["GET"]}}],"collection":[{"href":"https:\/\/futbolhoy.co\/index.php\/wp-json\/wp\/v2\/posts"}],"about":[{"href":"https:\/\/futbolhoy.co\/index.php\/wp-json\/wp\/v2\/types\/post"}],"author":[{"embeddable":true,"href":"https:\/\/futbolhoy.co\/index.php\/wp-json\/wp\/v2\/users\/5"}],"replies":[{"embeddable":true,"href":"https:\/\/futbolhoy.co\/index.php\/wp-json\/wp\/v2\/comments?post=79988"}],"version-history":[{"count":1,"href":"https:\/\/futbolhoy.co\/index.php\/wp-json\/wp\/v2\/posts\/79988\/revisions"}],"predecessor-version":[{"id":79990,"href":"https:\/\/futbolhoy.co\/index.php\/wp-json\/wp\/v2\/posts\/79988\/revisions\/79990"}],"wp:featuredmedia":[{"embeddable":true,"href":"https:\/\/futbolhoy.co\/index.php\/wp-json\/wp\/v2\/media\/79989"}],"wp:attachment":[{"href":"https:\/\/futbolhoy.co\/index.php\/wp-json\/wp\/v2\/media?parent=79988"}],"wp:term":[{"taxonomy":"category","embeddable":true,"href":"https:\/\/futbolhoy.co\/index.php\/wp-json\/wp\/v2\/categories?post=79988"},{"taxonomy":"post_tag","embeddable":true,"href":"https:\/\/futbolhoy.co\/index.php\/wp-json\/wp\/v2\/tags?post=79988"}],"curies":[{"name":"wp","href":"https:\/\/api.w.org\/{rel}","templated":true}]}}