{"id":79993,"date":"2022-05-10T19:11:24","date_gmt":"2022-05-11T00:11:24","guid":{"rendered":"https:\/\/futbolhoy.co\/?p=79993"},"modified":"2022-05-11T16:41:32","modified_gmt":"2022-05-11T21:41:32","slug":"quiero-que-luchito-sea-campeon-james","status":"publish","type":"post","link":"https:\/\/futbolhoy.co\/index.php\/2022\/05\/10\/quiero-que-luchito-sea-campeon-james\/","title":{"rendered":"\u201cQuiero que Luchito sea campe\u00f3n\u201d, James"},"content":{"rendered":"<!--[if lt IE 9]><script>document.createElement('audio');<\/script><![endif]-->\n<audio class=\"wp-audio-shortcode\" id=\"audio-79993-1\" preload=\"none\" style=\"width: 100%;\" controls=\"controls\"><source type=\"audio\/mpeg\" src=\"https:\/\/futbolhoy.co\/wp-content\/uploads\/2022\/05\/James-Rodriguez-en-Twitch..mp3?_=1\" \/><a href=\"https:\/\/futbolhoy.co\/wp-content\/uploads\/2022\/05\/James-Rodriguez-en-Twitch..mp3\">https:\/\/futbolhoy.co\/wp-content\/uploads\/2022\/05\/James-Rodriguez-en-Twitch..mp3<\/a><\/audio>\n<p style=\"text-align: justify;\"><span lang=\"ES-MX\" style=\"font-family: helvetica, arial, sans-serif;\">El volante colombiano\u00a0<b>James Rodr\u00edguez<\/b>, en una reuni\u00f3n con amigos en\u00a0<b>Twitch<\/b>, expres\u00f3 su deseo de que el extremo guajiro\u00a0<b>Luis D\u00edaz<\/b>\u00a0gane la final de la\u00a0<b>Champions<\/b>\u00a0con el\u00a0<b>Liverpool<\/b>, cuando el 28 de mayo enfrente al\u00a0<b>Real Madrid<\/b>\u00a0en\u00a0<b>Paris<\/b>.<\/span><\/p>\n<p style=\"text-align: justify;\"><span lang=\"ES-MX\" style=\"font-family: helvetica, arial, sans-serif;\">\u201cEl Liverpool est\u00e1 pasando por un buen momento, tiene jugadores fant\u00e1sticos, est\u00e1 Luchito D\u00edaz ah\u00ed, es una parte que hala. Yo quiero que quede campe\u00f3n Lucho\u201d, manifest\u00f3 el cucute\u00f1o.<\/span><\/p>\n<p style=\"text-align: justify;\"><span lang=\"ES-MX\" style=\"font-family: helvetica, arial, sans-serif;\">Respecto al elenco\u00a0<b>\u2018merengue\u2019<\/b>, donde milit\u00f3 entre 2014 y 2017 y de 2019 a 2020, expreso: \u201cReal Madrid en este tipo de partidos es muy jodido, se ha visto en los cuartos y en la semifinal, tiene mucha jerarqu\u00eda; pero el Liverpool le puede hacer un gran partido. Quiero que Lucho gane, pero jugu\u00e9 en el Madrid y tengo ex compa\u00f1eros, quiero mucho al club y el Madrid tiene mucha historia en este tipo de partidos\u201d.<\/span><\/p>\n<p style=\"text-align: justify;\"><span lang=\"ES-MX\" style=\"font-family: helvetica, arial, sans-serif;\">Cuando fue consultado sobre el futuro t\u00e9cnico de la\u00a0<b>selecci\u00f3n Colombia<\/b>, indic\u00f3 que era una pregunta muy comprometedora y que \u201cespera que los dirigentes escojan bien y sean sabios, que es lo m\u00e1s importante\u201d.<\/span><\/p>\n<p style=\"text-align: justify;\"><span style=\"font-family: helvetica, arial, sans-serif;\"><b><span lang=\"ES-MX\">James<\/span><\/b><span lang=\"ES-MX\">\u00a0estuvo acompa\u00f1ado en el vivo por el jugador de baloncesto\u00a0<b>Jaime Echenique<\/b>, el primer colombiano en jugar en la\u00a0<b>NBA<\/b>\u00a0para los\u00a0<b>Washington Wizards<\/b>.<\/span><\/span><\/p>\n","protected":false},"excerpt":{"rendered":"<p>El volante colombiano\u00a0James Rodr\u00edguez, en una reuni\u00f3n con amigos en\u00a0Twitch, expres\u00f3 su deseo de que el extremo guajiro\u00a0Luis D\u00edaz\u00a0gane la final de la\u00a0Champions\u00a0con el\u00a0Liverpool, cuando el 28 de mayo enfrente al\u00a0Real Madrid\u00a0en\u00a0Paris. \u201cEl Liverpool est\u00e1 pasando por un buen momento, tiene jugadores fant\u00e1sticos, est\u00e1 Luchito D\u00edaz ah\u00ed, es una parte que hala. Yo quiero que [&hellip;]<\/p>\n","protected":false},"author":5,"featured_media":77688,"comment_status":"open","ping_status":"open","sticky":false,"template":"","format":"video","meta":{"_acf_changed":false,"footnotes":""},"categories":[418],"tags":[],"class_list":{"0":"post-79993","1":"post","2":"type-post","3":"status-publish","4":"format-video","5":"has-post-thumbnail","7":"category-colombia","8":"post_format-post-format-video"},"acf":[],"yoast_head":"<!-- This site is optimized with the Yoast SEO plugin v26.8 - https:\/\/yoast.com\/product\/yoast-seo-wordpress\/ -->\n<title>\u201cQuiero que Luchito sea campe\u00f3n\u201d, James -<\/title>\n<meta name=\"robots\" content=\"index, follow, max-snippet:-1, max-image-preview:large, max-video-preview:-1\" \/>\n<link rel=\"canonical\" href=\"https:\/\/futbolhoy.co\/index.php\/2022\/05\/10\/quiero-que-luchito-sea-campeon-james\/\" \/>\n<meta property=\"og:locale\" content=\"es_ES\" \/>\n<meta property=\"og:type\" content=\"article\" \/>\n<meta property=\"og:title\" content=\"\u201cQuiero que Luchito sea campe\u00f3n\u201d, James -\" \/>\n<meta property=\"og:description\" content=\"El volante colombiano\u00a0James Rodr\u00edguez, en una reuni\u00f3n con amigos en\u00a0Twitch, expres\u00f3 su deseo de que el extremo guajiro\u00a0Luis D\u00edaz\u00a0gane la final de la\u00a0Champions\u00a0con el\u00a0Liverpool, cuando el 28 de mayo enfrente al\u00a0Real Madrid\u00a0en\u00a0Paris. \u201cEl Liverpool est\u00e1 pasando por un buen momento, tiene jugadores fant\u00e1sticos, est\u00e1 Luchito D\u00edaz ah\u00ed, es una parte que hala. Yo quiero que [&hellip;]\" \/>\n<meta property=\"og:url\" content=\"https:\/\/futbolhoy.co\/index.php\/2022\/05\/10\/quiero-que-luchito-sea-campeon-james\/\" \/>\n<meta property=\"article:publisher\" content=\"https:\/\/www.facebook.com\/FutbolHoyCol\/\" \/>\n<meta property=\"article:published_time\" content=\"2022-05-11T00:11:24+00:00\" \/>\n<meta property=\"article:modified_time\" content=\"2022-05-11T21:41:32+00:00\" \/>\n<meta property=\"og:image\" content=\"https:\/\/futbolhoy.co\/wp-content\/uploads\/2022\/03\/FCF6.jpg\" \/>\n\t<meta property=\"og:image:width\" content=\"872\" \/>\n\t<meta property=\"og:image:height\" content=\"604\" \/>\n\t<meta property=\"og:image:type\" content=\"image\/jpeg\" \/>\n<meta name=\"author\" content=\"Laura Hern\u00e1ndez\" \/>\n<meta name=\"twitter:card\" content=\"summary_large_image\" \/>\n<meta name=\"twitter:creator\" content=\"@FutbolHoyCol\" \/>\n<meta name=\"twitter:site\" content=\"@FutbolHoyCol\" \/>\n<meta name=\"twitter:label1\" content=\"Escrito por\" \/>\n\t<meta name=\"twitter:data1\" content=\"Laura Hern\u00e1ndez\" \/>\n\t<meta name=\"twitter:label2\" content=\"Tiempo de lectura\" \/>\n\t<meta name=\"twitter:data2\" content=\"1 minuto\" \/>\n<script type=\"application\/ld+json\" class=\"yoast-schema-graph\">{\"@context\":\"https:\/\/schema.org\",\"@graph\":[{\"@type\":\"Article\",\"@id\":\"https:\/\/futbolhoy.co\/index.php\/2022\/05\/10\/quiero-que-luchito-sea-campeon-james\/#article\",\"isPartOf\":{\"@id\":\"https:\/\/futbolhoy.co\/index.php\/2022\/05\/10\/quiero-que-luchito-sea-campeon-james\/\"},\"author\":{\"name\":\"Laura Hern\u00e1ndez\",\"@id\":\"https:\/\/futbolhoy.co\/#\/schema\/person\/c4a353a512b127643723a34bb1812f7d\"},\"headline\":\"\u201cQuiero que Luchito sea campe\u00f3n\u201d, James\",\"datePublished\":\"2022-05-11T00:11:24+00:00\",\"dateModified\":\"2022-05-11T21:41:32+00:00\",\"mainEntityOfPage\":{\"@id\":\"https:\/\/futbolhoy.co\/index.php\/2022\/05\/10\/quiero-que-luchito-sea-campeon-james\/\"},\"wordCount\":231,\"commentCount\":0,\"publisher\":{\"@id\":\"https:\/\/futbolhoy.co\/#organization\"},\"image\":{\"@id\":\"https:\/\/futbolhoy.co\/index.php\/2022\/05\/10\/quiero-que-luchito-sea-campeon-james\/#primaryimage\"},\"thumbnailUrl\":\"https:\/\/futbolhoy.co\/wp-content\/uploads\/2022\/03\/FCF6.jpg\",\"articleSection\":[\"Colombia\"],\"inLanguage\":\"es\",\"potentialAction\":[{\"@type\":\"CommentAction\",\"name\":\"Comment\",\"target\":[\"https:\/\/futbolhoy.co\/index.php\/2022\/05\/10\/quiero-que-luchito-sea-campeon-james\/#respond\"]}]},{\"@type\":\"WebPage\",\"@id\":\"https:\/\/futbolhoy.co\/index.php\/2022\/05\/10\/quiero-que-luchito-sea-campeon-james\/\",\"url\":\"https:\/\/futbolhoy.co\/index.php\/2022\/05\/10\/quiero-que-luchito-sea-campeon-james\/\",\"name\":\"\u201cQuiero que Luchito sea campe\u00f3n\u201d, James -\",\"isPartOf\":{\"@id\":\"https:\/\/futbolhoy.co\/#website\"},\"primaryImageOfPage\":{\"@id\":\"https:\/\/futbolhoy.co\/index.php\/2022\/05\/10\/quiero-que-luchito-sea-campeon-james\/#primaryimage\"},\"image\":{\"@id\":\"https:\/\/futbolhoy.co\/index.php\/2022\/05\/10\/quiero-que-luchito-sea-campeon-james\/#primaryimage\"},\"thumbnailUrl\":\"https:\/\/futbolhoy.co\/wp-content\/uploads\/2022\/03\/FCF6.jpg\",\"datePublished\":\"2022-05-11T00:11:24+00:00\",\"dateModified\":\"2022-05-11T21:41:32+00:00\",\"breadcrumb\":{\"@id\":\"https:\/\/futbolhoy.co\/index.php\/2022\/05\/10\/quiero-que-luchito-sea-campeon-james\/#breadcrumb\"},\"inLanguage\":\"es\",\"potentialAction\":[{\"@type\":\"ReadAction\",\"target\":[\"https:\/\/futbolhoy.co\/index.php\/2022\/05\/10\/quiero-que-luchito-sea-campeon-james\/\"]}]},{\"@type\":\"ImageObject\",\"inLanguage\":\"es\",\"@id\":\"https:\/\/futbolhoy.co\/index.php\/2022\/05\/10\/quiero-que-luchito-sea-campeon-james\/#primaryimage\",\"url\":\"https:\/\/futbolhoy.co\/wp-content\/uploads\/2022\/03\/FCF6.jpg\",\"contentUrl\":\"https:\/\/futbolhoy.co\/wp-content\/uploads\/2022\/03\/FCF6.jpg\",\"width\":872,\"height\":604,\"caption\":\"Federaci\u00f3n Colombiana de F\u00fatbol\"},{\"@type\":\"BreadcrumbList\",\"@id\":\"https:\/\/futbolhoy.co\/index.php\/2022\/05\/10\/quiero-que-luchito-sea-campeon-james\/#breadcrumb\",\"itemListElement\":[{\"@type\":\"ListItem\",\"position\":1,\"name\":\"Portada\",\"item\":\"https:\/\/futbolhoy.co\/\"},{\"@type\":\"ListItem\",\"position\":2,\"name\":\"\u201cQuiero que Luchito sea campe\u00f3n\u201d, James\"}]},{\"@type\":\"WebSite\",\"@id\":\"https:\/\/futbolhoy.co\/#website\",\"url\":\"https:\/\/futbolhoy.co\/\",\"name\":\"FutbolHoy\",\"description\":\"\",\"publisher\":{\"@id\":\"https:\/\/futbolhoy.co\/#organization\"},\"potentialAction\":[{\"@type\":\"SearchAction\",\"target\":{\"@type\":\"EntryPoint\",\"urlTemplate\":\"https:\/\/futbolhoy.co\/?s={search_term_string}\"},\"query-input\":{\"@type\":\"PropertyValueSpecification\",\"valueRequired\":true,\"valueName\":\"search_term_string\"}}],\"inLanguage\":\"es\"},{\"@type\":\"Organization\",\"@id\":\"https:\/\/futbolhoy.co\/#organization\",\"name\":\"Futbolhoy.co\",\"url\":\"https:\/\/futbolhoy.co\/\",\"logo\":{\"@type\":\"ImageObject\",\"inLanguage\":\"es\",\"@id\":\"https:\/\/futbolhoy.co\/#\/schema\/logo\/image\/\",\"url\":\"https:\/\/futbolhoy.co\/wp-content\/uploads\/2018\/08\/17426380_1906371736249227_6326180412931521141_n.jpg\",\"contentUrl\":\"https:\/\/futbolhoy.co\/wp-content\/uploads\/2018\/08\/17426380_1906371736249227_6326180412931521141_n.jpg\",\"width\":960,\"height\":960,\"caption\":\"Futbolhoy.co\"},\"image\":{\"@id\":\"https:\/\/futbolhoy.co\/#\/schema\/logo\/image\/\"},\"sameAs\":[\"https:\/\/www.facebook.com\/FutbolHoyCol\/\",\"https:\/\/x.com\/FutbolHoyCol\",\"https:\/\/www.instagram.com\/futbolhoycol\/\"]},{\"@type\":\"Person\",\"@id\":\"https:\/\/futbolhoy.co\/#\/schema\/person\/c4a353a512b127643723a34bb1812f7d\",\"name\":\"Laura Hern\u00e1ndez\",\"image\":{\"@type\":\"ImageObject\",\"inLanguage\":\"es\",\"@id\":\"https:\/\/futbolhoy.co\/#\/schema\/person\/image\/\",\"url\":\"https:\/\/secure.gravatar.com\/avatar\/d25959a15b9b293a743f99181c7cfd01?s=96&d=mm&r=g\",\"contentUrl\":\"https:\/\/secure.gravatar.com\/avatar\/d25959a15b9b293a743f99181c7cfd01?s=96&d=mm&r=g\",\"caption\":\"Laura Hern\u00e1ndez\"}}]}<\/script>\n<!-- \/ Yoast SEO plugin. -->","yoast_head_json":{"title":"\u201cQuiero que Luchito sea campe\u00f3n\u201d, James -","robots":{"index":"index","follow":"follow","max-snippet":"max-snippet:-1","max-image-preview":"max-image-preview:large","max-video-preview":"max-video-preview:-1"},"canonical":"https:\/\/futbolhoy.co\/index.php\/2022\/05\/10\/quiero-que-luchito-sea-campeon-james\/","og_locale":"es_ES","og_type":"article","og_title":"\u201cQuiero que Luchito sea campe\u00f3n\u201d, James -","og_description":"El volante colombiano\u00a0James Rodr\u00edguez, en una reuni\u00f3n con amigos en\u00a0Twitch, expres\u00f3 su deseo de que el extremo guajiro\u00a0Luis D\u00edaz\u00a0gane la final de la\u00a0Champions\u00a0con el\u00a0Liverpool, cuando el 28 de mayo enfrente al\u00a0Real Madrid\u00a0en\u00a0Paris. \u201cEl Liverpool est\u00e1 pasando por un buen momento, tiene jugadores fant\u00e1sticos, est\u00e1 Luchito D\u00edaz ah\u00ed, es una parte que hala. Yo quiero que [&hellip;]","og_url":"https:\/\/futbolhoy.co\/index.php\/2022\/05\/10\/quiero-que-luchito-sea-campeon-james\/","article_publisher":"https:\/\/www.facebook.com\/FutbolHoyCol\/","article_published_time":"2022-05-11T00:11:24+00:00","article_modified_time":"2022-05-11T21:41:32+00:00","og_image":[{"width":872,"height":604,"url":"https:\/\/futbolhoy.co\/wp-content\/uploads\/2022\/03\/FCF6.jpg","type":"image\/jpeg"}],"author":"Laura Hern\u00e1ndez","twitter_card":"summary_large_image","twitter_creator":"@FutbolHoyCol","twitter_site":"@FutbolHoyCol","twitter_misc":{"Escrito por":"Laura Hern\u00e1ndez","Tiempo de lectura":"1 minuto"},"schema":{"@context":"https:\/\/schema.org","@graph":[{"@type":"Article","@id":"https:\/\/futbolhoy.co\/index.php\/2022\/05\/10\/quiero-que-luchito-sea-campeon-james\/#article","isPartOf":{"@id":"https:\/\/futbolhoy.co\/index.php\/2022\/05\/10\/quiero-que-luchito-sea-campeon-james\/"},"author":{"name":"Laura Hern\u00e1ndez","@id":"https:\/\/futbolhoy.co\/#\/schema\/person\/c4a353a512b127643723a34bb1812f7d"},"headline":"\u201cQuiero que Luchito sea campe\u00f3n\u201d, James","datePublished":"2022-05-11T00:11:24+00:00","dateModified":"2022-05-11T21:41:32+00:00","mainEntityOfPage":{"@id":"https:\/\/futbolhoy.co\/index.php\/2022\/05\/10\/quiero-que-luchito-sea-campeon-james\/"},"wordCount":231,"commentCount":0,"publisher":{"@id":"https:\/\/futbolhoy.co\/#organization"},"image":{"@id":"https:\/\/futbolhoy.co\/index.php\/2022\/05\/10\/quiero-que-luchito-sea-campeon-james\/#primaryimage"},"thumbnailUrl":"https:\/\/futbolhoy.co\/wp-content\/uploads\/2022\/03\/FCF6.jpg","articleSection":["Colombia"],"inLanguage":"es","potentialAction":[{"@type":"CommentAction","name":"Comment","target":["https:\/\/futbolhoy.co\/index.php\/2022\/05\/10\/quiero-que-luchito-sea-campeon-james\/#respond"]}]},{"@type":"WebPage","@id":"https:\/\/futbolhoy.co\/index.php\/2022\/05\/10\/quiero-que-luchito-sea-campeon-james\/","url":"https:\/\/futbolhoy.co\/index.php\/2022\/05\/10\/quiero-que-luchito-sea-campeon-james\/","name":"\u201cQuiero que Luchito sea campe\u00f3n\u201d, James -","isPartOf":{"@id":"https:\/\/futbolhoy.co\/#website"},"primaryImageOfPage":{"@id":"https:\/\/futbolhoy.co\/index.php\/2022\/05\/10\/quiero-que-luchito-sea-campeon-james\/#primaryimage"},"image":{"@id":"https:\/\/futbolhoy.co\/index.php\/2022\/05\/10\/quiero-que-luchito-sea-campeon-james\/#primaryimage"},"thumbnailUrl":"https:\/\/futbolhoy.co\/wp-content\/uploads\/2022\/03\/FCF6.jpg","datePublished":"2022-05-11T00:11:24+00:00","dateModified":"2022-05-11T21:41:32+00:00","breadcrumb":{"@id":"https:\/\/futbolhoy.co\/index.php\/2022\/05\/10\/quiero-que-luchito-sea-campeon-james\/#breadcrumb"},"inLanguage":"es","potentialAction":[{"@type":"ReadAction","target":["https:\/\/futbolhoy.co\/index.php\/2022\/05\/10\/quiero-que-luchito-sea-campeon-james\/"]}]},{"@type":"ImageObject","inLanguage":"es","@id":"https:\/\/futbolhoy.co\/index.php\/2022\/05\/10\/quiero-que-luchito-sea-campeon-james\/#primaryimage","url":"https:\/\/futbolhoy.co\/wp-content\/uploads\/2022\/03\/FCF6.jpg","contentUrl":"https:\/\/futbolhoy.co\/wp-content\/uploads\/2022\/03\/FCF6.jpg","width":872,"height":604,"caption":"Federaci\u00f3n Colombiana de F\u00fatbol"},{"@type":"BreadcrumbList","@id":"https:\/\/futbolhoy.co\/index.php\/2022\/05\/10\/quiero-que-luchito-sea-campeon-james\/#breadcrumb","itemListElement":[{"@type":"ListItem","position":1,"name":"Portada","item":"https:\/\/futbolhoy.co\/"},{"@type":"ListItem","position":2,"name":"\u201cQuiero que Luchito sea campe\u00f3n\u201d, James"}]},{"@type":"WebSite","@id":"https:\/\/futbolhoy.co\/#website","url":"https:\/\/futbolhoy.co\/","name":"FutbolHoy","description":"","publisher":{"@id":"https:\/\/futbolhoy.co\/#organization"},"potentialAction":[{"@type":"SearchAction","target":{"@type":"EntryPoint","urlTemplate":"https:\/\/futbolhoy.co\/?s={search_term_string}"},"query-input":{"@type":"PropertyValueSpecification","valueRequired":true,"valueName":"search_term_string"}}],"inLanguage":"es"},{"@type":"Organization","@id":"https:\/\/futbolhoy.co\/#organization","name":"Futbolhoy.co","url":"https:\/\/futbolhoy.co\/","logo":{"@type":"ImageObject","inLanguage":"es","@id":"https:\/\/futbolhoy.co\/#\/schema\/logo\/image\/","url":"https:\/\/futbolhoy.co\/wp-content\/uploads\/2018\/08\/17426380_1906371736249227_6326180412931521141_n.jpg","contentUrl":"https:\/\/futbolhoy.co\/wp-content\/uploads\/2018\/08\/17426380_1906371736249227_6326180412931521141_n.jpg","width":960,"height":960,"caption":"Futbolhoy.co"},"image":{"@id":"https:\/\/futbolhoy.co\/#\/schema\/logo\/image\/"},"sameAs":["https:\/\/www.facebook.com\/FutbolHoyCol\/","https:\/\/x.com\/FutbolHoyCol","https:\/\/www.instagram.com\/futbolhoycol\/"]},{"@type":"Person","@id":"https:\/\/futbolhoy.co\/#\/schema\/person\/c4a353a512b127643723a34bb1812f7d","name":"Laura Hern\u00e1ndez","image":{"@type":"ImageObject","inLanguage":"es","@id":"https:\/\/futbolhoy.co\/#\/schema\/person\/image\/","url":"https:\/\/secure.gravatar.com\/avatar\/d25959a15b9b293a743f99181c7cfd01?s=96&d=mm&r=g","contentUrl":"https:\/\/secure.gravatar.com\/avatar\/d25959a15b9b293a743f99181c7cfd01?s=96&d=mm&r=g","caption":"Laura Hern\u00e1ndez"}}]}},"publishpress_future_action":{"enabled":false,"date":"2026-05-03 14:14:00","action":"change-status","newStatus":"draft","terms":[],"taxonomy":"category","extraData":[]},"publishpress_future_workflow_manual_trigger":{"enabledWorkflows":[]},"_links":{"self":[{"href":"https:\/\/futbolhoy.co\/index.php\/wp-json\/wp\/v2\/posts\/79993","targetHints":{"allow":["GET"]}}],"collection":[{"href":"https:\/\/futbolhoy.co\/index.php\/wp-json\/wp\/v2\/posts"}],"about":[{"href":"https:\/\/futbolhoy.co\/index.php\/wp-json\/wp\/v2\/types\/post"}],"author":[{"embeddable":true,"href":"https:\/\/futbolhoy.co\/index.php\/wp-json\/wp\/v2\/users\/5"}],"replies":[{"embeddable":true,"href":"https:\/\/futbolhoy.co\/index.php\/wp-json\/wp\/v2\/comments?post=79993"}],"version-history":[{"count":2,"href":"https:\/\/futbolhoy.co\/index.php\/wp-json\/wp\/v2\/posts\/79993\/revisions"}],"predecessor-version":[{"id":79997,"href":"https:\/\/futbolhoy.co\/index.php\/wp-json\/wp\/v2\/posts\/79993\/revisions\/79997"}],"wp:featuredmedia":[{"embeddable":true,"href":"https:\/\/futbolhoy.co\/index.php\/wp-json\/wp\/v2\/media\/77688"}],"wp:attachment":[{"href":"https:\/\/futbolhoy.co\/index.php\/wp-json\/wp\/v2\/media?parent=79993"}],"wp:term":[{"taxonomy":"category","embeddable":true,"href":"https:\/\/futbolhoy.co\/index.php\/wp-json\/wp\/v2\/categories?post=79993"},{"taxonomy":"post_tag","embeddable":true,"href":"https:\/\/futbolhoy.co\/index.php\/wp-json\/wp\/v2\/tags?post=79993"}],"curies":[{"name":"wp","href":"https:\/\/api.w.org\/{rel}","templated":true}]}}