{"id":80104,"date":"2022-05-14T11:19:52","date_gmt":"2022-05-14T16:19:52","guid":{"rendered":"https:\/\/futbolhoy.co\/?p=80104"},"modified":"2022-05-14T21:41:52","modified_gmt":"2022-05-15T02:41:52","slug":"borre-despidio-la-bundesliga-marcando","status":"publish","type":"post","link":"https:\/\/futbolhoy.co\/index.php\/2022\/05\/14\/borre-despidio-la-bundesliga-marcando\/","title":{"rendered":"Borr\u00e9 despidi\u00f3 la Bundesliga marcando"},"content":{"rendered":"<p class=\"x_ydp36d56378MsoNormal\" style=\"text-align: justify;\"><span lang=\"ES-MX\" style=\"font-family: helvetica, arial, sans-serif;\">El delantero\u00a0<b>colombiano Rafael Santos Borr\u00e9<\/b>\u00a0fue protagonista en la \u00faltima jornada de la\u00a0<b>Bundesliga<\/b>, en el empate de su equipo\u00a0<b>Eintacht Frankfurt<\/b>\u00a02-2 como visitante ante el\u00a0<b>Mainz 05<\/b>, donde convirti\u00f3 el segundo gol.<\/span><\/p>\n<p class=\"x_ydp36d56378MsoNormal\" style=\"text-align: justify;\"><span lang=\"ES-MX\" style=\"font-family: helvetica, arial, sans-serif;\">Borr\u00e9 (26) defini\u00f3 de gran manera y cruzando el bal\u00f3n al portero\u00a0<b>Finn Dahmen<\/b>, tras marcarle el pase a su asistidor\u00a0<b>Ansgar Knauff<\/b>\u00a0a los 35 minutos.<\/span><\/p>\n<p class=\"x_ydp36d56378MsoNormal\" style=\"text-align: justify;\"><span lang=\"ES-MX\" style=\"font-family: helvetica, arial, sans-serif;\">El primer gol del Frankfurt fue obra de\u00a0<b>Tuta<\/b>\u00a0a los 25, recogiendo un rebote del arquero a un cabezazo de Borr\u00e9.<\/span><\/p>\n<p class=\"x_ydp36d56378MsoNormal\" style=\"text-align: justify;\"><span lang=\"ES-MX\" style=\"font-family: helvetica, arial, sans-serif;\">El barranquillero cerr\u00f3 la temporada de la Liga alemana con 8 anotaciones y 4 asistencias en 31 partidos disputados.<\/span><\/p>\n<p class=\"x_ydp36d56378MsoNormal\" style=\"text-align: justify;\"><span lang=\"ES-MX\" style=\"font-family: helvetica, arial, sans-serif;\">La jornada 34 de Bundesliga marc\u00f3 la despedida, con gol de penalti, del noruego\u00a0<b>Erling Haaland<\/b>, en la victoria 2-1 del\u00a0<b>Borussia Dortmund<\/b>\u00a0sobre el\u00a0<b>Hertha Berl\u00edn<\/b>.<\/span><\/p>\n<p class=\"x_ydp36d56378MsoNormal\" style=\"text-align: justify;\"><span lang=\"ES-MX\" style=\"font-family: helvetica, arial, sans-serif;\">Adem\u00e1s, pudo ser el \u00faltimo partido del polaco\u00a0<b>Robert Lewandowski<\/b>\u00a0con el\u00a0<b>Bayern M\u00fanich<\/b>, tambi\u00e9n haci\u00e9ndose presente en el marcador en el 2-2 contra el\u00a0<b>Wolfsburgo<\/b>.<\/span><\/p>\n<p class=\"x_ydp36d56378MsoNormal\" style=\"text-align: justify;\"><span lang=\"ES-MX\" style=\"font-family: helvetica, arial, sans-serif;\">El Bayern fue campe\u00f3n anticipado y sum\u00f3 77 puntos; mientras que el Eintracht termin\u00f3 en la casilla 11 con 42.<\/span><\/p>\n","protected":false},"excerpt":{"rendered":"<p>El delantero\u00a0colombiano Rafael Santos Borr\u00e9\u00a0fue protagonista en la \u00faltima jornada de la\u00a0Bundesliga, en el empate de su equipo\u00a0Eintacht Frankfurt\u00a02-2 como visitante ante el\u00a0Mainz 05, donde convirti\u00f3 el segundo gol. Borr\u00e9 (26) defini\u00f3 de gran manera y cruzando el bal\u00f3n al portero\u00a0Finn Dahmen, tras marcarle el pase a su asistidor\u00a0Ansgar Knauff\u00a0a los 35 minutos. El primer [&hellip;]<\/p>\n","protected":false},"author":5,"featured_media":80106,"comment_status":"open","ping_status":"open","sticky":false,"template":"","format":"standard","meta":{"_acf_changed":false,"footnotes":""},"categories":[418],"tags":[1669,440],"class_list":{"0":"post-80104","1":"post","2":"type-post","3":"status-publish","4":"format-standard","5":"has-post-thumbnail","7":"category-colombia","8":"tag-frankfurt","9":"tag-santos-borre"},"acf":[],"yoast_head":"<!-- This site is optimized with the Yoast SEO plugin v26.8 - https:\/\/yoast.com\/product\/yoast-seo-wordpress\/ -->\n<title>Borr\u00e9 despidi\u00f3 la Bundesliga marcando -<\/title>\n<meta name=\"robots\" content=\"index, follow, max-snippet:-1, max-image-preview:large, max-video-preview:-1\" \/>\n<link rel=\"canonical\" href=\"https:\/\/futbolhoy.co\/index.php\/2022\/05\/14\/borre-despidio-la-bundesliga-marcando\/\" \/>\n<meta property=\"og:locale\" content=\"es_ES\" \/>\n<meta property=\"og:type\" content=\"article\" \/>\n<meta property=\"og:title\" content=\"Borr\u00e9 despidi\u00f3 la Bundesliga marcando -\" \/>\n<meta property=\"og:description\" content=\"El delantero\u00a0colombiano Rafael Santos Borr\u00e9\u00a0fue protagonista en la \u00faltima jornada de la\u00a0Bundesliga, en el empate de su equipo\u00a0Eintacht Frankfurt\u00a02-2 como visitante ante el\u00a0Mainz 05, donde convirti\u00f3 el segundo gol. Borr\u00e9 (26) defini\u00f3 de gran manera y cruzando el bal\u00f3n al portero\u00a0Finn Dahmen, tras marcarle el pase a su asistidor\u00a0Ansgar Knauff\u00a0a los 35 minutos. El primer [&hellip;]\" \/>\n<meta property=\"og:url\" content=\"https:\/\/futbolhoy.co\/index.php\/2022\/05\/14\/borre-despidio-la-bundesliga-marcando\/\" \/>\n<meta property=\"article:publisher\" content=\"https:\/\/www.facebook.com\/FutbolHoyCol\/\" \/>\n<meta property=\"article:published_time\" content=\"2022-05-14T16:19:52+00:00\" \/>\n<meta property=\"article:modified_time\" content=\"2022-05-15T02:41:52+00:00\" \/>\n<meta property=\"og:image\" content=\"https:\/\/futbolhoy.co\/wp-content\/uploads\/2022\/05\/Borre-2.gif\" \/>\n\t<meta property=\"og:image:width\" content=\"733\" \/>\n\t<meta property=\"og:image:height\" content=\"605\" \/>\n\t<meta property=\"og:image:type\" content=\"image\/gif\" \/>\n<meta name=\"author\" content=\"Laura Hern\u00e1ndez\" \/>\n<meta name=\"twitter:card\" content=\"summary_large_image\" \/>\n<meta name=\"twitter:creator\" content=\"@FutbolHoyCol\" \/>\n<meta name=\"twitter:site\" content=\"@FutbolHoyCol\" \/>\n<meta name=\"twitter:label1\" content=\"Escrito por\" \/>\n\t<meta name=\"twitter:data1\" content=\"Laura Hern\u00e1ndez\" \/>\n\t<meta name=\"twitter:label2\" content=\"Tiempo de lectura\" \/>\n\t<meta name=\"twitter:data2\" content=\"1 minuto\" \/>\n<script type=\"application\/ld+json\" class=\"yoast-schema-graph\">{\"@context\":\"https:\/\/schema.org\",\"@graph\":[{\"@type\":\"Article\",\"@id\":\"https:\/\/futbolhoy.co\/index.php\/2022\/05\/14\/borre-despidio-la-bundesliga-marcando\/#article\",\"isPartOf\":{\"@id\":\"https:\/\/futbolhoy.co\/index.php\/2022\/05\/14\/borre-despidio-la-bundesliga-marcando\/\"},\"author\":{\"name\":\"Laura Hern\u00e1ndez\",\"@id\":\"https:\/\/futbolhoy.co\/#\/schema\/person\/c4a353a512b127643723a34bb1812f7d\"},\"headline\":\"Borr\u00e9 despidi\u00f3 la Bundesliga marcando\",\"datePublished\":\"2022-05-14T16:19:52+00:00\",\"dateModified\":\"2022-05-15T02:41:52+00:00\",\"mainEntityOfPage\":{\"@id\":\"https:\/\/futbolhoy.co\/index.php\/2022\/05\/14\/borre-despidio-la-bundesliga-marcando\/\"},\"wordCount\":177,\"commentCount\":0,\"publisher\":{\"@id\":\"https:\/\/futbolhoy.co\/#organization\"},\"image\":{\"@id\":\"https:\/\/futbolhoy.co\/index.php\/2022\/05\/14\/borre-despidio-la-bundesliga-marcando\/#primaryimage\"},\"thumbnailUrl\":\"https:\/\/futbolhoy.co\/wp-content\/uploads\/2022\/05\/Borre-2.gif\",\"keywords\":[\"Frankfurt\",\"Santos Borr\u00e9\"],\"articleSection\":[\"Colombia\"],\"inLanguage\":\"es\",\"potentialAction\":[{\"@type\":\"CommentAction\",\"name\":\"Comment\",\"target\":[\"https:\/\/futbolhoy.co\/index.php\/2022\/05\/14\/borre-despidio-la-bundesliga-marcando\/#respond\"]}]},{\"@type\":\"WebPage\",\"@id\":\"https:\/\/futbolhoy.co\/index.php\/2022\/05\/14\/borre-despidio-la-bundesliga-marcando\/\",\"url\":\"https:\/\/futbolhoy.co\/index.php\/2022\/05\/14\/borre-despidio-la-bundesliga-marcando\/\",\"name\":\"Borr\u00e9 despidi\u00f3 la Bundesliga marcando -\",\"isPartOf\":{\"@id\":\"https:\/\/futbolhoy.co\/#website\"},\"primaryImageOfPage\":{\"@id\":\"https:\/\/futbolhoy.co\/index.php\/2022\/05\/14\/borre-despidio-la-bundesliga-marcando\/#primaryimage\"},\"image\":{\"@id\":\"https:\/\/futbolhoy.co\/index.php\/2022\/05\/14\/borre-despidio-la-bundesliga-marcando\/#primaryimage\"},\"thumbnailUrl\":\"https:\/\/futbolhoy.co\/wp-content\/uploads\/2022\/05\/Borre-2.gif\",\"datePublished\":\"2022-05-14T16:19:52+00:00\",\"dateModified\":\"2022-05-15T02:41:52+00:00\",\"breadcrumb\":{\"@id\":\"https:\/\/futbolhoy.co\/index.php\/2022\/05\/14\/borre-despidio-la-bundesliga-marcando\/#breadcrumb\"},\"inLanguage\":\"es\",\"potentialAction\":[{\"@type\":\"ReadAction\",\"target\":[\"https:\/\/futbolhoy.co\/index.php\/2022\/05\/14\/borre-despidio-la-bundesliga-marcando\/\"]}]},{\"@type\":\"ImageObject\",\"inLanguage\":\"es\",\"@id\":\"https:\/\/futbolhoy.co\/index.php\/2022\/05\/14\/borre-despidio-la-bundesliga-marcando\/#primaryimage\",\"url\":\"https:\/\/futbolhoy.co\/wp-content\/uploads\/2022\/05\/Borre-2.gif\",\"contentUrl\":\"https:\/\/futbolhoy.co\/wp-content\/uploads\/2022\/05\/Borre-2.gif\",\"width\":733,\"height\":605},{\"@type\":\"BreadcrumbList\",\"@id\":\"https:\/\/futbolhoy.co\/index.php\/2022\/05\/14\/borre-despidio-la-bundesliga-marcando\/#breadcrumb\",\"itemListElement\":[{\"@type\":\"ListItem\",\"position\":1,\"name\":\"Portada\",\"item\":\"https:\/\/futbolhoy.co\/\"},{\"@type\":\"ListItem\",\"position\":2,\"name\":\"Borr\u00e9 despidi\u00f3 la Bundesliga marcando\"}]},{\"@type\":\"WebSite\",\"@id\":\"https:\/\/futbolhoy.co\/#website\",\"url\":\"https:\/\/futbolhoy.co\/\",\"name\":\"FutbolHoy\",\"description\":\"\",\"publisher\":{\"@id\":\"https:\/\/futbolhoy.co\/#organization\"},\"potentialAction\":[{\"@type\":\"SearchAction\",\"target\":{\"@type\":\"EntryPoint\",\"urlTemplate\":\"https:\/\/futbolhoy.co\/?s={search_term_string}\"},\"query-input\":{\"@type\":\"PropertyValueSpecification\",\"valueRequired\":true,\"valueName\":\"search_term_string\"}}],\"inLanguage\":\"es\"},{\"@type\":\"Organization\",\"@id\":\"https:\/\/futbolhoy.co\/#organization\",\"name\":\"Futbolhoy.co\",\"url\":\"https:\/\/futbolhoy.co\/\",\"logo\":{\"@type\":\"ImageObject\",\"inLanguage\":\"es\",\"@id\":\"https:\/\/futbolhoy.co\/#\/schema\/logo\/image\/\",\"url\":\"https:\/\/futbolhoy.co\/wp-content\/uploads\/2018\/08\/17426380_1906371736249227_6326180412931521141_n.jpg\",\"contentUrl\":\"https:\/\/futbolhoy.co\/wp-content\/uploads\/2018\/08\/17426380_1906371736249227_6326180412931521141_n.jpg\",\"width\":960,\"height\":960,\"caption\":\"Futbolhoy.co\"},\"image\":{\"@id\":\"https:\/\/futbolhoy.co\/#\/schema\/logo\/image\/\"},\"sameAs\":[\"https:\/\/www.facebook.com\/FutbolHoyCol\/\",\"https:\/\/x.com\/FutbolHoyCol\",\"https:\/\/www.instagram.com\/futbolhoycol\/\"]},{\"@type\":\"Person\",\"@id\":\"https:\/\/futbolhoy.co\/#\/schema\/person\/c4a353a512b127643723a34bb1812f7d\",\"name\":\"Laura Hern\u00e1ndez\",\"image\":{\"@type\":\"ImageObject\",\"inLanguage\":\"es\",\"@id\":\"https:\/\/futbolhoy.co\/#\/schema\/person\/image\/\",\"url\":\"https:\/\/secure.gravatar.com\/avatar\/d25959a15b9b293a743f99181c7cfd01?s=96&d=mm&r=g\",\"contentUrl\":\"https:\/\/secure.gravatar.com\/avatar\/d25959a15b9b293a743f99181c7cfd01?s=96&d=mm&r=g\",\"caption\":\"Laura Hern\u00e1ndez\"}}]}<\/script>\n<!-- \/ Yoast SEO plugin. -->","yoast_head_json":{"title":"Borr\u00e9 despidi\u00f3 la Bundesliga marcando -","robots":{"index":"index","follow":"follow","max-snippet":"max-snippet:-1","max-image-preview":"max-image-preview:large","max-video-preview":"max-video-preview:-1"},"canonical":"https:\/\/futbolhoy.co\/index.php\/2022\/05\/14\/borre-despidio-la-bundesliga-marcando\/","og_locale":"es_ES","og_type":"article","og_title":"Borr\u00e9 despidi\u00f3 la Bundesliga marcando -","og_description":"El delantero\u00a0colombiano Rafael Santos Borr\u00e9\u00a0fue protagonista en la \u00faltima jornada de la\u00a0Bundesliga, en el empate de su equipo\u00a0Eintacht Frankfurt\u00a02-2 como visitante ante el\u00a0Mainz 05, donde convirti\u00f3 el segundo gol. Borr\u00e9 (26) defini\u00f3 de gran manera y cruzando el bal\u00f3n al portero\u00a0Finn Dahmen, tras marcarle el pase a su asistidor\u00a0Ansgar Knauff\u00a0a los 35 minutos. El primer [&hellip;]","og_url":"https:\/\/futbolhoy.co\/index.php\/2022\/05\/14\/borre-despidio-la-bundesliga-marcando\/","article_publisher":"https:\/\/www.facebook.com\/FutbolHoyCol\/","article_published_time":"2022-05-14T16:19:52+00:00","article_modified_time":"2022-05-15T02:41:52+00:00","og_image":[{"width":733,"height":605,"url":"https:\/\/futbolhoy.co\/wp-content\/uploads\/2022\/05\/Borre-2.gif","type":"image\/gif"}],"author":"Laura Hern\u00e1ndez","twitter_card":"summary_large_image","twitter_creator":"@FutbolHoyCol","twitter_site":"@FutbolHoyCol","twitter_misc":{"Escrito por":"Laura Hern\u00e1ndez","Tiempo de lectura":"1 minuto"},"schema":{"@context":"https:\/\/schema.org","@graph":[{"@type":"Article","@id":"https:\/\/futbolhoy.co\/index.php\/2022\/05\/14\/borre-despidio-la-bundesliga-marcando\/#article","isPartOf":{"@id":"https:\/\/futbolhoy.co\/index.php\/2022\/05\/14\/borre-despidio-la-bundesliga-marcando\/"},"author":{"name":"Laura Hern\u00e1ndez","@id":"https:\/\/futbolhoy.co\/#\/schema\/person\/c4a353a512b127643723a34bb1812f7d"},"headline":"Borr\u00e9 despidi\u00f3 la Bundesliga marcando","datePublished":"2022-05-14T16:19:52+00:00","dateModified":"2022-05-15T02:41:52+00:00","mainEntityOfPage":{"@id":"https:\/\/futbolhoy.co\/index.php\/2022\/05\/14\/borre-despidio-la-bundesliga-marcando\/"},"wordCount":177,"commentCount":0,"publisher":{"@id":"https:\/\/futbolhoy.co\/#organization"},"image":{"@id":"https:\/\/futbolhoy.co\/index.php\/2022\/05\/14\/borre-despidio-la-bundesliga-marcando\/#primaryimage"},"thumbnailUrl":"https:\/\/futbolhoy.co\/wp-content\/uploads\/2022\/05\/Borre-2.gif","keywords":["Frankfurt","Santos Borr\u00e9"],"articleSection":["Colombia"],"inLanguage":"es","potentialAction":[{"@type":"CommentAction","name":"Comment","target":["https:\/\/futbolhoy.co\/index.php\/2022\/05\/14\/borre-despidio-la-bundesliga-marcando\/#respond"]}]},{"@type":"WebPage","@id":"https:\/\/futbolhoy.co\/index.php\/2022\/05\/14\/borre-despidio-la-bundesliga-marcando\/","url":"https:\/\/futbolhoy.co\/index.php\/2022\/05\/14\/borre-despidio-la-bundesliga-marcando\/","name":"Borr\u00e9 despidi\u00f3 la Bundesliga marcando -","isPartOf":{"@id":"https:\/\/futbolhoy.co\/#website"},"primaryImageOfPage":{"@id":"https:\/\/futbolhoy.co\/index.php\/2022\/05\/14\/borre-despidio-la-bundesliga-marcando\/#primaryimage"},"image":{"@id":"https:\/\/futbolhoy.co\/index.php\/2022\/05\/14\/borre-despidio-la-bundesliga-marcando\/#primaryimage"},"thumbnailUrl":"https:\/\/futbolhoy.co\/wp-content\/uploads\/2022\/05\/Borre-2.gif","datePublished":"2022-05-14T16:19:52+00:00","dateModified":"2022-05-15T02:41:52+00:00","breadcrumb":{"@id":"https:\/\/futbolhoy.co\/index.php\/2022\/05\/14\/borre-despidio-la-bundesliga-marcando\/#breadcrumb"},"inLanguage":"es","potentialAction":[{"@type":"ReadAction","target":["https:\/\/futbolhoy.co\/index.php\/2022\/05\/14\/borre-despidio-la-bundesliga-marcando\/"]}]},{"@type":"ImageObject","inLanguage":"es","@id":"https:\/\/futbolhoy.co\/index.php\/2022\/05\/14\/borre-despidio-la-bundesliga-marcando\/#primaryimage","url":"https:\/\/futbolhoy.co\/wp-content\/uploads\/2022\/05\/Borre-2.gif","contentUrl":"https:\/\/futbolhoy.co\/wp-content\/uploads\/2022\/05\/Borre-2.gif","width":733,"height":605},{"@type":"BreadcrumbList","@id":"https:\/\/futbolhoy.co\/index.php\/2022\/05\/14\/borre-despidio-la-bundesliga-marcando\/#breadcrumb","itemListElement":[{"@type":"ListItem","position":1,"name":"Portada","item":"https:\/\/futbolhoy.co\/"},{"@type":"ListItem","position":2,"name":"Borr\u00e9 despidi\u00f3 la Bundesliga marcando"}]},{"@type":"WebSite","@id":"https:\/\/futbolhoy.co\/#website","url":"https:\/\/futbolhoy.co\/","name":"FutbolHoy","description":"","publisher":{"@id":"https:\/\/futbolhoy.co\/#organization"},"potentialAction":[{"@type":"SearchAction","target":{"@type":"EntryPoint","urlTemplate":"https:\/\/futbolhoy.co\/?s={search_term_string}"},"query-input":{"@type":"PropertyValueSpecification","valueRequired":true,"valueName":"search_term_string"}}],"inLanguage":"es"},{"@type":"Organization","@id":"https:\/\/futbolhoy.co\/#organization","name":"Futbolhoy.co","url":"https:\/\/futbolhoy.co\/","logo":{"@type":"ImageObject","inLanguage":"es","@id":"https:\/\/futbolhoy.co\/#\/schema\/logo\/image\/","url":"https:\/\/futbolhoy.co\/wp-content\/uploads\/2018\/08\/17426380_1906371736249227_6326180412931521141_n.jpg","contentUrl":"https:\/\/futbolhoy.co\/wp-content\/uploads\/2018\/08\/17426380_1906371736249227_6326180412931521141_n.jpg","width":960,"height":960,"caption":"Futbolhoy.co"},"image":{"@id":"https:\/\/futbolhoy.co\/#\/schema\/logo\/image\/"},"sameAs":["https:\/\/www.facebook.com\/FutbolHoyCol\/","https:\/\/x.com\/FutbolHoyCol","https:\/\/www.instagram.com\/futbolhoycol\/"]},{"@type":"Person","@id":"https:\/\/futbolhoy.co\/#\/schema\/person\/c4a353a512b127643723a34bb1812f7d","name":"Laura Hern\u00e1ndez","image":{"@type":"ImageObject","inLanguage":"es","@id":"https:\/\/futbolhoy.co\/#\/schema\/person\/image\/","url":"https:\/\/secure.gravatar.com\/avatar\/d25959a15b9b293a743f99181c7cfd01?s=96&d=mm&r=g","contentUrl":"https:\/\/secure.gravatar.com\/avatar\/d25959a15b9b293a743f99181c7cfd01?s=96&d=mm&r=g","caption":"Laura Hern\u00e1ndez"}}]}},"publishpress_future_action":{"enabled":false,"date":"2026-05-03 14:34:50","action":"change-status","newStatus":"draft","terms":[],"taxonomy":"category","extraData":[]},"publishpress_future_workflow_manual_trigger":{"enabledWorkflows":[]},"_links":{"self":[{"href":"https:\/\/futbolhoy.co\/index.php\/wp-json\/wp\/v2\/posts\/80104","targetHints":{"allow":["GET"]}}],"collection":[{"href":"https:\/\/futbolhoy.co\/index.php\/wp-json\/wp\/v2\/posts"}],"about":[{"href":"https:\/\/futbolhoy.co\/index.php\/wp-json\/wp\/v2\/types\/post"}],"author":[{"embeddable":true,"href":"https:\/\/futbolhoy.co\/index.php\/wp-json\/wp\/v2\/users\/5"}],"replies":[{"embeddable":true,"href":"https:\/\/futbolhoy.co\/index.php\/wp-json\/wp\/v2\/comments?post=80104"}],"version-history":[{"count":1,"href":"https:\/\/futbolhoy.co\/index.php\/wp-json\/wp\/v2\/posts\/80104\/revisions"}],"predecessor-version":[{"id":80107,"href":"https:\/\/futbolhoy.co\/index.php\/wp-json\/wp\/v2\/posts\/80104\/revisions\/80107"}],"wp:featuredmedia":[{"embeddable":true,"href":"https:\/\/futbolhoy.co\/index.php\/wp-json\/wp\/v2\/media\/80106"}],"wp:attachment":[{"href":"https:\/\/futbolhoy.co\/index.php\/wp-json\/wp\/v2\/media?parent=80104"}],"wp:term":[{"taxonomy":"category","embeddable":true,"href":"https:\/\/futbolhoy.co\/index.php\/wp-json\/wp\/v2\/categories?post=80104"},{"taxonomy":"post_tag","embeddable":true,"href":"https:\/\/futbolhoy.co\/index.php\/wp-json\/wp\/v2\/tags?post=80104"}],"curies":[{"name":"wp","href":"https:\/\/api.w.org\/{rel}","templated":true}]}}