{"id":80114,"date":"2022-05-14T17:00:47","date_gmt":"2022-05-14T22:00:47","guid":{"rendered":"https:\/\/futbolhoy.co\/?p=80114"},"modified":"2022-05-15T10:29:43","modified_gmt":"2022-05-15T15:29:43","slug":"lewandowski-quiere-dejar-munich","status":"publish","type":"post","link":"https:\/\/futbolhoy.co\/index.php\/2022\/05\/14\/lewandowski-quiere-dejar-munich\/","title":{"rendered":"Lewandowski quiere dejar M\u00fanich"},"content":{"rendered":"<p class=\"x_ydpaca35de5MsoNormal\" style=\"text-align: justify;\"><span style=\"font-family: helvetica, arial, sans-serif;\">El delantero polaco\u00a0<b>Robert Lewandowski<\/b>\u00a0manifest\u00f3 su deseo de abandonar el\u00a0<b>Bayern M\u00fanich<\/b>\u00a0a mitad de a\u00f1o, despu\u00e9s de 8 temporadas disputadas en la\u00a0<b>Bundesliga<\/b>\u00a0y 344 goles marcados con el club b\u00e1varo.<\/span><\/p>\n<p class=\"x_ydpaca35de5MsoNormal\" style=\"text-align: justify;\"><span style=\"font-family: helvetica, arial, sans-serif;\">El jugador de 33 a\u00f1os no dio ning\u00fan indicio sobre su eventual destino, aunque la prensa europea le se\u00f1ala al\u00a0<b>Barcelona<\/b>.<\/span><\/p>\n<p class=\"x_ydpaca35de5MsoNormal\" style=\"text-align: justify;\"><span style=\"font-family: helvetica, arial, sans-serif;\">\"Puedo confirmar que he informado a\u00a0<b>Hasan Salihamidzic<\/b>\u00a0(director deportivo del Bayern), he tomado mi decisi\u00f3n y no renovar\u00e9 mi contrato con el Bayern M\u00fanich\", declar\u00f3 el\u00a0<b>The Best de la FIFA 2020 y 2021<\/b>\u00a0en\u00a0<b>Sky<\/b>, despu\u00e9s del \u00faltimo partido de la temporada de Bundesliga ante el\u00a0<b>Wolfsburgo<\/b>\u00a0(2-2), encuentro en el que marc\u00f3 su gol 35 del campeonato para terminar, un a\u00f1o m\u00e1s, como l\u00edder en la tabla de artilleros.<\/span><\/p>\n<p class=\"x_ydpaca35de5MsoNormal\" style=\"text-align: justify;\"><span style=\"font-family: helvetica, arial, sans-serif;\">El contrato del polaco con los alemanes termina en junio de 2023, lo que quiere decir que el Bayern deber\u00eda dejarle salir de manera gratuita si se queda una temporada m\u00e1s.<\/span><\/p>\n<p class=\"x_ydpaca35de5MsoNormal\" style=\"text-align: justify;\"><span style=\"font-family: helvetica, arial, sans-serif;\">\"He dicho a Hasan que si llega una oferta habr\u00e1 que estudiarla, tambi\u00e9n en el inter\u00e9s del equipo\", a\u00f1adi\u00f3.<\/span><\/p>\n<p class=\"x_ydpaca35de5MsoNormal\" style=\"text-align: justify;\"><span style=\"font-family: helvetica, arial, sans-serif;\">El Barcelona, en dificultades financieras, podr\u00eda tener problemas para encontrarlos 40 millones de euros que exigir\u00eda la transacci\u00f3n.<\/span><\/p>\n","protected":false},"excerpt":{"rendered":"<p>El delantero polaco\u00a0Robert Lewandowski\u00a0manifest\u00f3 su deseo de abandonar el\u00a0Bayern M\u00fanich\u00a0a mitad de a\u00f1o, despu\u00e9s de 8 temporadas disputadas en la\u00a0Bundesliga\u00a0y 344 goles marcados con el club b\u00e1varo. El jugador de 33 a\u00f1os no dio ning\u00fan indicio sobre su eventual destino, aunque la prensa europea le se\u00f1ala al\u00a0Barcelona. \"Puedo confirmar que he informado a\u00a0Hasan Salihamidzic\u00a0(director deportivo [&hellip;]<\/p>\n","protected":false},"author":5,"featured_media":80115,"comment_status":"open","ping_status":"open","sticky":false,"template":"","format":"standard","meta":{"_acf_changed":false,"footnotes":""},"categories":[152],"tags":[],"class_list":{"0":"post-80114","1":"post","2":"type-post","3":"status-publish","4":"format-standard","5":"has-post-thumbnail","7":"category-mundo-futbol"},"acf":[],"yoast_head":"<!-- This site is optimized with the Yoast SEO plugin v26.8 - https:\/\/yoast.com\/product\/yoast-seo-wordpress\/ -->\n<title>Lewandowski quiere dejar M\u00fanich -<\/title>\n<meta name=\"robots\" content=\"index, follow, max-snippet:-1, max-image-preview:large, max-video-preview:-1\" \/>\n<link rel=\"canonical\" href=\"https:\/\/futbolhoy.co\/index.php\/2022\/05\/14\/lewandowski-quiere-dejar-munich\/\" \/>\n<meta property=\"og:locale\" content=\"es_ES\" \/>\n<meta property=\"og:type\" content=\"article\" \/>\n<meta property=\"og:title\" content=\"Lewandowski quiere dejar M\u00fanich -\" \/>\n<meta property=\"og:description\" content=\"El delantero polaco\u00a0Robert Lewandowski\u00a0manifest\u00f3 su deseo de abandonar el\u00a0Bayern M\u00fanich\u00a0a mitad de a\u00f1o, despu\u00e9s de 8 temporadas disputadas en la\u00a0Bundesliga\u00a0y 344 goles marcados con el club b\u00e1varo. El jugador de 33 a\u00f1os no dio ning\u00fan indicio sobre su eventual destino, aunque la prensa europea le se\u00f1ala al\u00a0Barcelona. &quot;Puedo confirmar que he informado a\u00a0Hasan Salihamidzic\u00a0(director deportivo [&hellip;]\" \/>\n<meta property=\"og:url\" content=\"https:\/\/futbolhoy.co\/index.php\/2022\/05\/14\/lewandowski-quiere-dejar-munich\/\" \/>\n<meta property=\"article:publisher\" content=\"https:\/\/www.facebook.com\/FutbolHoyCol\/\" \/>\n<meta property=\"article:published_time\" content=\"2022-05-14T22:00:47+00:00\" \/>\n<meta property=\"article:modified_time\" content=\"2022-05-15T15:29:43+00:00\" \/>\n<meta property=\"og:image\" content=\"https:\/\/futbolhoy.co\/wp-content\/uploads\/2022\/05\/FSuYojdWAAArG3h.jpg\" \/>\n\t<meta property=\"og:image:width\" content=\"756\" \/>\n\t<meta property=\"og:image:height\" content=\"756\" \/>\n\t<meta property=\"og:image:type\" content=\"image\/jpeg\" \/>\n<meta name=\"author\" content=\"Laura Hern\u00e1ndez\" \/>\n<meta name=\"twitter:card\" content=\"summary_large_image\" \/>\n<meta name=\"twitter:creator\" content=\"@FutbolHoyCol\" \/>\n<meta name=\"twitter:site\" content=\"@FutbolHoyCol\" \/>\n<meta name=\"twitter:label1\" content=\"Escrito por\" \/>\n\t<meta name=\"twitter:data1\" content=\"Laura Hern\u00e1ndez\" \/>\n\t<meta name=\"twitter:label2\" content=\"Tiempo de lectura\" \/>\n\t<meta name=\"twitter:data2\" content=\"1 minuto\" \/>\n<script type=\"application\/ld+json\" class=\"yoast-schema-graph\">{\"@context\":\"https:\/\/schema.org\",\"@graph\":[{\"@type\":\"Article\",\"@id\":\"https:\/\/futbolhoy.co\/index.php\/2022\/05\/14\/lewandowski-quiere-dejar-munich\/#article\",\"isPartOf\":{\"@id\":\"https:\/\/futbolhoy.co\/index.php\/2022\/05\/14\/lewandowski-quiere-dejar-munich\/\"},\"author\":{\"name\":\"Laura Hern\u00e1ndez\",\"@id\":\"https:\/\/futbolhoy.co\/#\/schema\/person\/c4a353a512b127643723a34bb1812f7d\"},\"headline\":\"Lewandowski quiere dejar M\u00fanich\",\"datePublished\":\"2022-05-14T22:00:47+00:00\",\"dateModified\":\"2022-05-15T15:29:43+00:00\",\"mainEntityOfPage\":{\"@id\":\"https:\/\/futbolhoy.co\/index.php\/2022\/05\/14\/lewandowski-quiere-dejar-munich\/\"},\"wordCount\":212,\"commentCount\":0,\"publisher\":{\"@id\":\"https:\/\/futbolhoy.co\/#organization\"},\"image\":{\"@id\":\"https:\/\/futbolhoy.co\/index.php\/2022\/05\/14\/lewandowski-quiere-dejar-munich\/#primaryimage\"},\"thumbnailUrl\":\"https:\/\/futbolhoy.co\/wp-content\/uploads\/2022\/05\/FSuYojdWAAArG3h.jpg\",\"articleSection\":[\"Mundo Futbol\"],\"inLanguage\":\"es\",\"potentialAction\":[{\"@type\":\"CommentAction\",\"name\":\"Comment\",\"target\":[\"https:\/\/futbolhoy.co\/index.php\/2022\/05\/14\/lewandowski-quiere-dejar-munich\/#respond\"]}]},{\"@type\":\"WebPage\",\"@id\":\"https:\/\/futbolhoy.co\/index.php\/2022\/05\/14\/lewandowski-quiere-dejar-munich\/\",\"url\":\"https:\/\/futbolhoy.co\/index.php\/2022\/05\/14\/lewandowski-quiere-dejar-munich\/\",\"name\":\"Lewandowski quiere dejar M\u00fanich -\",\"isPartOf\":{\"@id\":\"https:\/\/futbolhoy.co\/#website\"},\"primaryImageOfPage\":{\"@id\":\"https:\/\/futbolhoy.co\/index.php\/2022\/05\/14\/lewandowski-quiere-dejar-munich\/#primaryimage\"},\"image\":{\"@id\":\"https:\/\/futbolhoy.co\/index.php\/2022\/05\/14\/lewandowski-quiere-dejar-munich\/#primaryimage\"},\"thumbnailUrl\":\"https:\/\/futbolhoy.co\/wp-content\/uploads\/2022\/05\/FSuYojdWAAArG3h.jpg\",\"datePublished\":\"2022-05-14T22:00:47+00:00\",\"dateModified\":\"2022-05-15T15:29:43+00:00\",\"breadcrumb\":{\"@id\":\"https:\/\/futbolhoy.co\/index.php\/2022\/05\/14\/lewandowski-quiere-dejar-munich\/#breadcrumb\"},\"inLanguage\":\"es\",\"potentialAction\":[{\"@type\":\"ReadAction\",\"target\":[\"https:\/\/futbolhoy.co\/index.php\/2022\/05\/14\/lewandowski-quiere-dejar-munich\/\"]}]},{\"@type\":\"ImageObject\",\"inLanguage\":\"es\",\"@id\":\"https:\/\/futbolhoy.co\/index.php\/2022\/05\/14\/lewandowski-quiere-dejar-munich\/#primaryimage\",\"url\":\"https:\/\/futbolhoy.co\/wp-content\/uploads\/2022\/05\/FSuYojdWAAArG3h.jpg\",\"contentUrl\":\"https:\/\/futbolhoy.co\/wp-content\/uploads\/2022\/05\/FSuYojdWAAArG3h.jpg\",\"width\":756,\"height\":756},{\"@type\":\"BreadcrumbList\",\"@id\":\"https:\/\/futbolhoy.co\/index.php\/2022\/05\/14\/lewandowski-quiere-dejar-munich\/#breadcrumb\",\"itemListElement\":[{\"@type\":\"ListItem\",\"position\":1,\"name\":\"Portada\",\"item\":\"https:\/\/futbolhoy.co\/\"},{\"@type\":\"ListItem\",\"position\":2,\"name\":\"Lewandowski quiere dejar M\u00fanich\"}]},{\"@type\":\"WebSite\",\"@id\":\"https:\/\/futbolhoy.co\/#website\",\"url\":\"https:\/\/futbolhoy.co\/\",\"name\":\"FutbolHoy\",\"description\":\"\",\"publisher\":{\"@id\":\"https:\/\/futbolhoy.co\/#organization\"},\"potentialAction\":[{\"@type\":\"SearchAction\",\"target\":{\"@type\":\"EntryPoint\",\"urlTemplate\":\"https:\/\/futbolhoy.co\/?s={search_term_string}\"},\"query-input\":{\"@type\":\"PropertyValueSpecification\",\"valueRequired\":true,\"valueName\":\"search_term_string\"}}],\"inLanguage\":\"es\"},{\"@type\":\"Organization\",\"@id\":\"https:\/\/futbolhoy.co\/#organization\",\"name\":\"Futbolhoy.co\",\"url\":\"https:\/\/futbolhoy.co\/\",\"logo\":{\"@type\":\"ImageObject\",\"inLanguage\":\"es\",\"@id\":\"https:\/\/futbolhoy.co\/#\/schema\/logo\/image\/\",\"url\":\"https:\/\/futbolhoy.co\/wp-content\/uploads\/2018\/08\/17426380_1906371736249227_6326180412931521141_n.jpg\",\"contentUrl\":\"https:\/\/futbolhoy.co\/wp-content\/uploads\/2018\/08\/17426380_1906371736249227_6326180412931521141_n.jpg\",\"width\":960,\"height\":960,\"caption\":\"Futbolhoy.co\"},\"image\":{\"@id\":\"https:\/\/futbolhoy.co\/#\/schema\/logo\/image\/\"},\"sameAs\":[\"https:\/\/www.facebook.com\/FutbolHoyCol\/\",\"https:\/\/x.com\/FutbolHoyCol\",\"https:\/\/www.instagram.com\/futbolhoycol\/\"]},{\"@type\":\"Person\",\"@id\":\"https:\/\/futbolhoy.co\/#\/schema\/person\/c4a353a512b127643723a34bb1812f7d\",\"name\":\"Laura Hern\u00e1ndez\",\"image\":{\"@type\":\"ImageObject\",\"inLanguage\":\"es\",\"@id\":\"https:\/\/futbolhoy.co\/#\/schema\/person\/image\/\",\"url\":\"https:\/\/secure.gravatar.com\/avatar\/d25959a15b9b293a743f99181c7cfd01?s=96&d=mm&r=g\",\"contentUrl\":\"https:\/\/secure.gravatar.com\/avatar\/d25959a15b9b293a743f99181c7cfd01?s=96&d=mm&r=g\",\"caption\":\"Laura Hern\u00e1ndez\"}}]}<\/script>\n<!-- \/ Yoast SEO plugin. -->","yoast_head_json":{"title":"Lewandowski quiere dejar M\u00fanich -","robots":{"index":"index","follow":"follow","max-snippet":"max-snippet:-1","max-image-preview":"max-image-preview:large","max-video-preview":"max-video-preview:-1"},"canonical":"https:\/\/futbolhoy.co\/index.php\/2022\/05\/14\/lewandowski-quiere-dejar-munich\/","og_locale":"es_ES","og_type":"article","og_title":"Lewandowski quiere dejar M\u00fanich -","og_description":"El delantero polaco\u00a0Robert Lewandowski\u00a0manifest\u00f3 su deseo de abandonar el\u00a0Bayern M\u00fanich\u00a0a mitad de a\u00f1o, despu\u00e9s de 8 temporadas disputadas en la\u00a0Bundesliga\u00a0y 344 goles marcados con el club b\u00e1varo. El jugador de 33 a\u00f1os no dio ning\u00fan indicio sobre su eventual destino, aunque la prensa europea le se\u00f1ala al\u00a0Barcelona. \"Puedo confirmar que he informado a\u00a0Hasan Salihamidzic\u00a0(director deportivo [&hellip;]","og_url":"https:\/\/futbolhoy.co\/index.php\/2022\/05\/14\/lewandowski-quiere-dejar-munich\/","article_publisher":"https:\/\/www.facebook.com\/FutbolHoyCol\/","article_published_time":"2022-05-14T22:00:47+00:00","article_modified_time":"2022-05-15T15:29:43+00:00","og_image":[{"width":756,"height":756,"url":"https:\/\/futbolhoy.co\/wp-content\/uploads\/2022\/05\/FSuYojdWAAArG3h.jpg","type":"image\/jpeg"}],"author":"Laura Hern\u00e1ndez","twitter_card":"summary_large_image","twitter_creator":"@FutbolHoyCol","twitter_site":"@FutbolHoyCol","twitter_misc":{"Escrito por":"Laura Hern\u00e1ndez","Tiempo de lectura":"1 minuto"},"schema":{"@context":"https:\/\/schema.org","@graph":[{"@type":"Article","@id":"https:\/\/futbolhoy.co\/index.php\/2022\/05\/14\/lewandowski-quiere-dejar-munich\/#article","isPartOf":{"@id":"https:\/\/futbolhoy.co\/index.php\/2022\/05\/14\/lewandowski-quiere-dejar-munich\/"},"author":{"name":"Laura Hern\u00e1ndez","@id":"https:\/\/futbolhoy.co\/#\/schema\/person\/c4a353a512b127643723a34bb1812f7d"},"headline":"Lewandowski quiere dejar M\u00fanich","datePublished":"2022-05-14T22:00:47+00:00","dateModified":"2022-05-15T15:29:43+00:00","mainEntityOfPage":{"@id":"https:\/\/futbolhoy.co\/index.php\/2022\/05\/14\/lewandowski-quiere-dejar-munich\/"},"wordCount":212,"commentCount":0,"publisher":{"@id":"https:\/\/futbolhoy.co\/#organization"},"image":{"@id":"https:\/\/futbolhoy.co\/index.php\/2022\/05\/14\/lewandowski-quiere-dejar-munich\/#primaryimage"},"thumbnailUrl":"https:\/\/futbolhoy.co\/wp-content\/uploads\/2022\/05\/FSuYojdWAAArG3h.jpg","articleSection":["Mundo Futbol"],"inLanguage":"es","potentialAction":[{"@type":"CommentAction","name":"Comment","target":["https:\/\/futbolhoy.co\/index.php\/2022\/05\/14\/lewandowski-quiere-dejar-munich\/#respond"]}]},{"@type":"WebPage","@id":"https:\/\/futbolhoy.co\/index.php\/2022\/05\/14\/lewandowski-quiere-dejar-munich\/","url":"https:\/\/futbolhoy.co\/index.php\/2022\/05\/14\/lewandowski-quiere-dejar-munich\/","name":"Lewandowski quiere dejar M\u00fanich -","isPartOf":{"@id":"https:\/\/futbolhoy.co\/#website"},"primaryImageOfPage":{"@id":"https:\/\/futbolhoy.co\/index.php\/2022\/05\/14\/lewandowski-quiere-dejar-munich\/#primaryimage"},"image":{"@id":"https:\/\/futbolhoy.co\/index.php\/2022\/05\/14\/lewandowski-quiere-dejar-munich\/#primaryimage"},"thumbnailUrl":"https:\/\/futbolhoy.co\/wp-content\/uploads\/2022\/05\/FSuYojdWAAArG3h.jpg","datePublished":"2022-05-14T22:00:47+00:00","dateModified":"2022-05-15T15:29:43+00:00","breadcrumb":{"@id":"https:\/\/futbolhoy.co\/index.php\/2022\/05\/14\/lewandowski-quiere-dejar-munich\/#breadcrumb"},"inLanguage":"es","potentialAction":[{"@type":"ReadAction","target":["https:\/\/futbolhoy.co\/index.php\/2022\/05\/14\/lewandowski-quiere-dejar-munich\/"]}]},{"@type":"ImageObject","inLanguage":"es","@id":"https:\/\/futbolhoy.co\/index.php\/2022\/05\/14\/lewandowski-quiere-dejar-munich\/#primaryimage","url":"https:\/\/futbolhoy.co\/wp-content\/uploads\/2022\/05\/FSuYojdWAAArG3h.jpg","contentUrl":"https:\/\/futbolhoy.co\/wp-content\/uploads\/2022\/05\/FSuYojdWAAArG3h.jpg","width":756,"height":756},{"@type":"BreadcrumbList","@id":"https:\/\/futbolhoy.co\/index.php\/2022\/05\/14\/lewandowski-quiere-dejar-munich\/#breadcrumb","itemListElement":[{"@type":"ListItem","position":1,"name":"Portada","item":"https:\/\/futbolhoy.co\/"},{"@type":"ListItem","position":2,"name":"Lewandowski quiere dejar M\u00fanich"}]},{"@type":"WebSite","@id":"https:\/\/futbolhoy.co\/#website","url":"https:\/\/futbolhoy.co\/","name":"FutbolHoy","description":"","publisher":{"@id":"https:\/\/futbolhoy.co\/#organization"},"potentialAction":[{"@type":"SearchAction","target":{"@type":"EntryPoint","urlTemplate":"https:\/\/futbolhoy.co\/?s={search_term_string}"},"query-input":{"@type":"PropertyValueSpecification","valueRequired":true,"valueName":"search_term_string"}}],"inLanguage":"es"},{"@type":"Organization","@id":"https:\/\/futbolhoy.co\/#organization","name":"Futbolhoy.co","url":"https:\/\/futbolhoy.co\/","logo":{"@type":"ImageObject","inLanguage":"es","@id":"https:\/\/futbolhoy.co\/#\/schema\/logo\/image\/","url":"https:\/\/futbolhoy.co\/wp-content\/uploads\/2018\/08\/17426380_1906371736249227_6326180412931521141_n.jpg","contentUrl":"https:\/\/futbolhoy.co\/wp-content\/uploads\/2018\/08\/17426380_1906371736249227_6326180412931521141_n.jpg","width":960,"height":960,"caption":"Futbolhoy.co"},"image":{"@id":"https:\/\/futbolhoy.co\/#\/schema\/logo\/image\/"},"sameAs":["https:\/\/www.facebook.com\/FutbolHoyCol\/","https:\/\/x.com\/FutbolHoyCol","https:\/\/www.instagram.com\/futbolhoycol\/"]},{"@type":"Person","@id":"https:\/\/futbolhoy.co\/#\/schema\/person\/c4a353a512b127643723a34bb1812f7d","name":"Laura Hern\u00e1ndez","image":{"@type":"ImageObject","inLanguage":"es","@id":"https:\/\/futbolhoy.co\/#\/schema\/person\/image\/","url":"https:\/\/secure.gravatar.com\/avatar\/d25959a15b9b293a743f99181c7cfd01?s=96&d=mm&r=g","contentUrl":"https:\/\/secure.gravatar.com\/avatar\/d25959a15b9b293a743f99181c7cfd01?s=96&d=mm&r=g","caption":"Laura Hern\u00e1ndez"}}]}},"publishpress_future_action":{"enabled":false,"date":"2026-05-03 14:15:23","action":"change-status","newStatus":"draft","terms":[],"taxonomy":"category","extraData":[]},"publishpress_future_workflow_manual_trigger":{"enabledWorkflows":[]},"_links":{"self":[{"href":"https:\/\/futbolhoy.co\/index.php\/wp-json\/wp\/v2\/posts\/80114","targetHints":{"allow":["GET"]}}],"collection":[{"href":"https:\/\/futbolhoy.co\/index.php\/wp-json\/wp\/v2\/posts"}],"about":[{"href":"https:\/\/futbolhoy.co\/index.php\/wp-json\/wp\/v2\/types\/post"}],"author":[{"embeddable":true,"href":"https:\/\/futbolhoy.co\/index.php\/wp-json\/wp\/v2\/users\/5"}],"replies":[{"embeddable":true,"href":"https:\/\/futbolhoy.co\/index.php\/wp-json\/wp\/v2\/comments?post=80114"}],"version-history":[{"count":1,"href":"https:\/\/futbolhoy.co\/index.php\/wp-json\/wp\/v2\/posts\/80114\/revisions"}],"predecessor-version":[{"id":80116,"href":"https:\/\/futbolhoy.co\/index.php\/wp-json\/wp\/v2\/posts\/80114\/revisions\/80116"}],"wp:featuredmedia":[{"embeddable":true,"href":"https:\/\/futbolhoy.co\/index.php\/wp-json\/wp\/v2\/media\/80115"}],"wp:attachment":[{"href":"https:\/\/futbolhoy.co\/index.php\/wp-json\/wp\/v2\/media?parent=80114"}],"wp:term":[{"taxonomy":"category","embeddable":true,"href":"https:\/\/futbolhoy.co\/index.php\/wp-json\/wp\/v2\/categories?post=80114"},{"taxonomy":"post_tag","embeddable":true,"href":"https:\/\/futbolhoy.co\/index.php\/wp-json\/wp\/v2\/tags?post=80114"}],"curies":[{"name":"wp","href":"https:\/\/api.w.org\/{rel}","templated":true}]}}