{"id":80117,"date":"2022-05-14T20:07:03","date_gmt":"2022-05-15T01:07:03","guid":{"rendered":"https:\/\/futbolhoy.co\/?p=80117"},"modified":"2022-05-15T17:01:41","modified_gmt":"2022-05-15T22:01:41","slug":"dayro-moreno-metio-al-bucaramanga","status":"publish","type":"post","link":"https:\/\/futbolhoy.co\/index.php\/2022\/05\/14\/dayro-moreno-metio-al-bucaramanga\/","title":{"rendered":"Dayro Moreno meti\u00f3 al Bucaramanga"},"content":{"rendered":"<p class=\"x_ydp6eb9af12MsoNormal\" style=\"text-align: justify;\"><span style=\"font-family: helvetica, arial, sans-serif;\">El delantero tolimense\u00a0<b>Dayro Moreno<\/b>\u00a0marc\u00f3 doblete y contribuy\u00f3 de gran manera a la victoria como visitante 0-3 del\u00a0<b>Bucaramanga<\/b>\u00a0sobre el\u00a0<b>Pereira<\/b>, en la \u00faltima jornada de la fase\u00a0<b>Todos contra Todos de la<\/b>\u00a0<b>Liga BetPlay Dimayor I-2022<\/b>, lo que le dio cupo al\u00a0<b>\u2018leopardo\u2019<\/b>\u00a0en los cuadrangulares.<\/span><\/p>\n<p class=\"x_ydp6eb9af12MsoNormal\" style=\"text-align: justify;\"><span style=\"font-family: helvetica, arial, sans-serif;\">Moreno, quien lleg\u00f3 a 10 goles esta temporada, convirti\u00f3 a los 40 y 86 minutos; mientras que el uruguayo\u00a0<b>Michel Acosta<\/b>\u00a0sum\u00f3 a los 71, dejando a los bumangueses octavos con 29 puntos, los mismos que\u00a0<b>Alianza Petrolera<\/b>, pero con mayor cantidad de goles marcados, 27 contra 22.<\/span><\/p>\n<p class=\"x_ydp6eb9af12MsoNormal\" style=\"text-align: justify;\"><span style=\"font-family: helvetica, arial, sans-serif;\">Los del puerto cayeron en su visita a\u00a0<b>Millonarios<\/b>\u00a01-0, con tanto del venezolano\u00a0<b>Eduardo Sosa<\/b>\u00a0a los 38 minutos.<\/span><\/p>\n<p class=\"x_ydp6eb9af12MsoNormal\" style=\"text-align: justify;\"><span style=\"font-family: helvetica, arial, sans-serif;\"><b>La Equidad<\/b>\u00a0confirm\u00f3 su clasificaci\u00f3n derrotando 1-0 a\u00a0<b>Atl\u00e9tico Nacional<\/b>\u00a0con gol de\u00a0<b>Francisco Chaverra<\/b>\u00a0a los 41 minutos.<\/span><\/p>\n<p class=\"x_ydp6eb9af12MsoNormal\" style=\"text-align: justify;\"><span style=\"font-family: helvetica, arial, sans-serif;\"><b>Once Caldas y Santa Fe<\/b>\u00a0resignaron sus aspiraciones al igualar 2-2 en\u00a0<b>Manizales<\/b>, con anotaciones de\u00a0<b>Fainer Torijano y Juan David P\u00e9rez<\/b>\u00a0para el\u00a0<b>\u2018blanco-blanco\u2019<\/b>\u00a0y doblete de\u00a0<b>Wilson Morelo<\/b>\u00a0para el\u00a0<b>\u2018cardenal\u2019<\/b>.<\/span><\/p>\n<p class=\"x_ydp6eb9af12MsoNormal\" style=\"text-align: justify;\"><span style=\"font-family: helvetica, arial, sans-serif;\">En los restantes partidos de la jornada sabatina,\u00a0<b>Junior<\/b>\u00a0cay\u00f3 aparatosamente en el\u00a0<b>Metropolitano\u00a0<\/b>2-4 con\u00a0<b>Jaguares<\/b>. Goles del\u00a0<b>\u2018tibur\u00f3n\u2019<\/b>\u00a0de\u00a0<b>Fernando Uribe<\/b>\u00a0(desperdici\u00f3 pena m\u00e1xima) y\u00a0<b>Daniel Giraldo<\/b>; y doblete de\u00a0<b>Pablo Rojas<\/b>\u00a0\u2013el primero de penalti-,\u00a0<b>Andr\u00e9s Arroyo y Duv\u00e1n Rodr\u00edguez<\/b>.<\/span><\/p>\n<p class=\"x_ydp6eb9af12MsoNormal\" style=\"text-align: justify;\"><span style=\"font-family: helvetica, arial, sans-serif;\"><b>Tolima<\/b>\u00a0igual\u00f3 1-1 con\u00a0<b>Envigado<\/b>\u00a0en el minuto 90+6 con tanto de\u00a0<b>Anderson Plata<\/b>; mientras que el\u00a0<b>\u2018naranja\u2019<\/b>\u00a0se hab\u00eda ido en ventaja por intermedio de\u00a0<b>Jes\u00fas Hern\u00e1ndez\u00a0<\/b>de penal.<\/span><\/p>\n<p class=\"x_ydp6eb9af12MsoNormal\" style=\"text-align: justify;\"><span style=\"font-family: helvetica, arial, sans-serif;\"><b>\u00c1guilas y Cortulua<\/b>\u00a0empataron 2-2 con anotaciones de\u00a0<b>Cristian Marrugo y Mateo Puerta<\/b>\u00a0para el local y\u00a0<b>Guillermo Murillo y Luis Carlos Ruiz<\/b>\u00a0para el visitante.<\/span><\/p>\n<p class=\"x_ydp6eb9af12MsoNormal\" style=\"text-align: justify;\"><span style=\"font-family: helvetica, arial, sans-serif;\">Ruiz, con 11 anotaciones es el m\u00e1ximo artillero del campeonato.<\/span><\/p>\n<p class=\"x_ydp6eb9af12MsoNormal\" style=\"text-align: justify;\"><span style=\"font-family: helvetica, arial, sans-serif;\">La jornada se inici\u00f3 con una protesta de todos los jugadores, quienes no disputaron el bal\u00f3n durante los dos primeros minutos de cada partido, buscando llamar la atenci\u00f3n de los dirigentes para ser tenidos en cuenta en las decisiones que respecto a calendarios y reglamento se tomen al interior de la\u00a0<b>Dimayor.<\/b><\/span><\/p>\n<p class=\"x_ydp6eb9af12MsoNormal\" style=\"text-align: justify;\"><span style=\"font-family: helvetica, arial, sans-serif;\">Millonarios estableci\u00f3 r\u00e9cord de puntos para el club en torneos cortos con 42 puntos.<\/span><\/p>\n","protected":false},"excerpt":{"rendered":"<p>El delantero tolimense\u00a0Dayro Moreno\u00a0marc\u00f3 doblete y contribuy\u00f3 de gran manera a la victoria como visitante 0-3 del\u00a0Bucaramanga\u00a0sobre el\u00a0Pereira, en la \u00faltima jornada de la fase\u00a0Todos contra Todos de la\u00a0Liga BetPlay Dimayor I-2022, lo que le dio cupo al\u00a0\u2018leopardo\u2019\u00a0en los cuadrangulares. Moreno, quien lleg\u00f3 a 10 goles esta temporada, convirti\u00f3 a los 40 y 86 minutos; [&hellip;]<\/p>\n","protected":false},"author":5,"featured_media":80118,"comment_status":"open","ping_status":"open","sticky":false,"template":"","format":"standard","meta":{"_acf_changed":false,"footnotes":""},"categories":[7],"tags":[],"class_list":{"0":"post-80117","1":"post","2":"type-post","3":"status-publish","4":"format-standard","5":"has-post-thumbnail","7":"category-liga-betplay"},"acf":[],"yoast_head":"<!-- This site is optimized with the Yoast SEO plugin v26.8 - https:\/\/yoast.com\/product\/yoast-seo-wordpress\/ -->\n<title>Dayro Moreno meti\u00f3 al Bucaramanga -<\/title>\n<meta name=\"robots\" content=\"index, follow, max-snippet:-1, max-image-preview:large, max-video-preview:-1\" \/>\n<link rel=\"canonical\" href=\"https:\/\/futbolhoy.co\/index.php\/2022\/05\/14\/dayro-moreno-metio-al-bucaramanga\/\" \/>\n<meta property=\"og:locale\" content=\"es_ES\" \/>\n<meta property=\"og:type\" content=\"article\" \/>\n<meta property=\"og:title\" content=\"Dayro Moreno meti\u00f3 al Bucaramanga -\" \/>\n<meta property=\"og:description\" content=\"El delantero tolimense\u00a0Dayro Moreno\u00a0marc\u00f3 doblete y contribuy\u00f3 de gran manera a la victoria como visitante 0-3 del\u00a0Bucaramanga\u00a0sobre el\u00a0Pereira, en la \u00faltima jornada de la fase\u00a0Todos contra Todos de la\u00a0Liga BetPlay Dimayor I-2022, lo que le dio cupo al\u00a0\u2018leopardo\u2019\u00a0en los cuadrangulares. Moreno, quien lleg\u00f3 a 10 goles esta temporada, convirti\u00f3 a los 40 y 86 minutos; [&hellip;]\" \/>\n<meta property=\"og:url\" content=\"https:\/\/futbolhoy.co\/index.php\/2022\/05\/14\/dayro-moreno-metio-al-bucaramanga\/\" \/>\n<meta property=\"article:publisher\" content=\"https:\/\/www.facebook.com\/FutbolHoyCol\/\" \/>\n<meta property=\"article:published_time\" content=\"2022-05-15T01:07:03+00:00\" \/>\n<meta property=\"article:modified_time\" content=\"2022-05-15T22:01:41+00:00\" \/>\n<meta property=\"og:image\" content=\"https:\/\/futbolhoy.co\/wp-content\/uploads\/2022\/05\/NtFKFEFI.jpeg\" \/>\n\t<meta property=\"og:image:width\" content=\"2400\" \/>\n\t<meta property=\"og:image:height\" content=\"1853\" \/>\n\t<meta property=\"og:image:type\" content=\"image\/jpeg\" \/>\n<meta name=\"author\" content=\"Laura Hern\u00e1ndez\" \/>\n<meta name=\"twitter:card\" content=\"summary_large_image\" \/>\n<meta name=\"twitter:creator\" content=\"@FutbolHoyCol\" \/>\n<meta name=\"twitter:site\" content=\"@FutbolHoyCol\" \/>\n<meta name=\"twitter:label1\" content=\"Escrito por\" \/>\n\t<meta name=\"twitter:data1\" content=\"Laura Hern\u00e1ndez\" \/>\n\t<meta name=\"twitter:label2\" content=\"Tiempo de lectura\" \/>\n\t<meta name=\"twitter:data2\" content=\"2 minutos\" \/>\n<script type=\"application\/ld+json\" class=\"yoast-schema-graph\">{\"@context\":\"https:\/\/schema.org\",\"@graph\":[{\"@type\":\"Article\",\"@id\":\"https:\/\/futbolhoy.co\/index.php\/2022\/05\/14\/dayro-moreno-metio-al-bucaramanga\/#article\",\"isPartOf\":{\"@id\":\"https:\/\/futbolhoy.co\/index.php\/2022\/05\/14\/dayro-moreno-metio-al-bucaramanga\/\"},\"author\":{\"name\":\"Laura Hern\u00e1ndez\",\"@id\":\"https:\/\/futbolhoy.co\/#\/schema\/person\/c4a353a512b127643723a34bb1812f7d\"},\"headline\":\"Dayro Moreno meti\u00f3 al Bucaramanga\",\"datePublished\":\"2022-05-15T01:07:03+00:00\",\"dateModified\":\"2022-05-15T22:01:41+00:00\",\"mainEntityOfPage\":{\"@id\":\"https:\/\/futbolhoy.co\/index.php\/2022\/05\/14\/dayro-moreno-metio-al-bucaramanga\/\"},\"wordCount\":352,\"commentCount\":0,\"publisher\":{\"@id\":\"https:\/\/futbolhoy.co\/#organization\"},\"image\":{\"@id\":\"https:\/\/futbolhoy.co\/index.php\/2022\/05\/14\/dayro-moreno-metio-al-bucaramanga\/#primaryimage\"},\"thumbnailUrl\":\"https:\/\/futbolhoy.co\/wp-content\/uploads\/2022\/05\/NtFKFEFI.jpeg\",\"articleSection\":[\"Liga BetPlay\"],\"inLanguage\":\"es\",\"potentialAction\":[{\"@type\":\"CommentAction\",\"name\":\"Comment\",\"target\":[\"https:\/\/futbolhoy.co\/index.php\/2022\/05\/14\/dayro-moreno-metio-al-bucaramanga\/#respond\"]}]},{\"@type\":\"WebPage\",\"@id\":\"https:\/\/futbolhoy.co\/index.php\/2022\/05\/14\/dayro-moreno-metio-al-bucaramanga\/\",\"url\":\"https:\/\/futbolhoy.co\/index.php\/2022\/05\/14\/dayro-moreno-metio-al-bucaramanga\/\",\"name\":\"Dayro Moreno meti\u00f3 al Bucaramanga -\",\"isPartOf\":{\"@id\":\"https:\/\/futbolhoy.co\/#website\"},\"primaryImageOfPage\":{\"@id\":\"https:\/\/futbolhoy.co\/index.php\/2022\/05\/14\/dayro-moreno-metio-al-bucaramanga\/#primaryimage\"},\"image\":{\"@id\":\"https:\/\/futbolhoy.co\/index.php\/2022\/05\/14\/dayro-moreno-metio-al-bucaramanga\/#primaryimage\"},\"thumbnailUrl\":\"https:\/\/futbolhoy.co\/wp-content\/uploads\/2022\/05\/NtFKFEFI.jpeg\",\"datePublished\":\"2022-05-15T01:07:03+00:00\",\"dateModified\":\"2022-05-15T22:01:41+00:00\",\"breadcrumb\":{\"@id\":\"https:\/\/futbolhoy.co\/index.php\/2022\/05\/14\/dayro-moreno-metio-al-bucaramanga\/#breadcrumb\"},\"inLanguage\":\"es\",\"potentialAction\":[{\"@type\":\"ReadAction\",\"target\":[\"https:\/\/futbolhoy.co\/index.php\/2022\/05\/14\/dayro-moreno-metio-al-bucaramanga\/\"]}]},{\"@type\":\"ImageObject\",\"inLanguage\":\"es\",\"@id\":\"https:\/\/futbolhoy.co\/index.php\/2022\/05\/14\/dayro-moreno-metio-al-bucaramanga\/#primaryimage\",\"url\":\"https:\/\/futbolhoy.co\/wp-content\/uploads\/2022\/05\/NtFKFEFI.jpeg\",\"contentUrl\":\"https:\/\/futbolhoy.co\/wp-content\/uploads\/2022\/05\/NtFKFEFI.jpeg\",\"width\":2400,\"height\":1853},{\"@type\":\"BreadcrumbList\",\"@id\":\"https:\/\/futbolhoy.co\/index.php\/2022\/05\/14\/dayro-moreno-metio-al-bucaramanga\/#breadcrumb\",\"itemListElement\":[{\"@type\":\"ListItem\",\"position\":1,\"name\":\"Portada\",\"item\":\"https:\/\/futbolhoy.co\/\"},{\"@type\":\"ListItem\",\"position\":2,\"name\":\"Dayro Moreno meti\u00f3 al Bucaramanga\"}]},{\"@type\":\"WebSite\",\"@id\":\"https:\/\/futbolhoy.co\/#website\",\"url\":\"https:\/\/futbolhoy.co\/\",\"name\":\"FutbolHoy\",\"description\":\"\",\"publisher\":{\"@id\":\"https:\/\/futbolhoy.co\/#organization\"},\"potentialAction\":[{\"@type\":\"SearchAction\",\"target\":{\"@type\":\"EntryPoint\",\"urlTemplate\":\"https:\/\/futbolhoy.co\/?s={search_term_string}\"},\"query-input\":{\"@type\":\"PropertyValueSpecification\",\"valueRequired\":true,\"valueName\":\"search_term_string\"}}],\"inLanguage\":\"es\"},{\"@type\":\"Organization\",\"@id\":\"https:\/\/futbolhoy.co\/#organization\",\"name\":\"Futbolhoy.co\",\"url\":\"https:\/\/futbolhoy.co\/\",\"logo\":{\"@type\":\"ImageObject\",\"inLanguage\":\"es\",\"@id\":\"https:\/\/futbolhoy.co\/#\/schema\/logo\/image\/\",\"url\":\"https:\/\/futbolhoy.co\/wp-content\/uploads\/2018\/08\/17426380_1906371736249227_6326180412931521141_n.jpg\",\"contentUrl\":\"https:\/\/futbolhoy.co\/wp-content\/uploads\/2018\/08\/17426380_1906371736249227_6326180412931521141_n.jpg\",\"width\":960,\"height\":960,\"caption\":\"Futbolhoy.co\"},\"image\":{\"@id\":\"https:\/\/futbolhoy.co\/#\/schema\/logo\/image\/\"},\"sameAs\":[\"https:\/\/www.facebook.com\/FutbolHoyCol\/\",\"https:\/\/x.com\/FutbolHoyCol\",\"https:\/\/www.instagram.com\/futbolhoycol\/\"]},{\"@type\":\"Person\",\"@id\":\"https:\/\/futbolhoy.co\/#\/schema\/person\/c4a353a512b127643723a34bb1812f7d\",\"name\":\"Laura Hern\u00e1ndez\",\"image\":{\"@type\":\"ImageObject\",\"inLanguage\":\"es\",\"@id\":\"https:\/\/futbolhoy.co\/#\/schema\/person\/image\/\",\"url\":\"https:\/\/secure.gravatar.com\/avatar\/d25959a15b9b293a743f99181c7cfd01?s=96&d=mm&r=g\",\"contentUrl\":\"https:\/\/secure.gravatar.com\/avatar\/d25959a15b9b293a743f99181c7cfd01?s=96&d=mm&r=g\",\"caption\":\"Laura Hern\u00e1ndez\"}}]}<\/script>\n<!-- \/ Yoast SEO plugin. -->","yoast_head_json":{"title":"Dayro Moreno meti\u00f3 al Bucaramanga -","robots":{"index":"index","follow":"follow","max-snippet":"max-snippet:-1","max-image-preview":"max-image-preview:large","max-video-preview":"max-video-preview:-1"},"canonical":"https:\/\/futbolhoy.co\/index.php\/2022\/05\/14\/dayro-moreno-metio-al-bucaramanga\/","og_locale":"es_ES","og_type":"article","og_title":"Dayro Moreno meti\u00f3 al Bucaramanga -","og_description":"El delantero tolimense\u00a0Dayro Moreno\u00a0marc\u00f3 doblete y contribuy\u00f3 de gran manera a la victoria como visitante 0-3 del\u00a0Bucaramanga\u00a0sobre el\u00a0Pereira, en la \u00faltima jornada de la fase\u00a0Todos contra Todos de la\u00a0Liga BetPlay Dimayor I-2022, lo que le dio cupo al\u00a0\u2018leopardo\u2019\u00a0en los cuadrangulares. Moreno, quien lleg\u00f3 a 10 goles esta temporada, convirti\u00f3 a los 40 y 86 minutos; [&hellip;]","og_url":"https:\/\/futbolhoy.co\/index.php\/2022\/05\/14\/dayro-moreno-metio-al-bucaramanga\/","article_publisher":"https:\/\/www.facebook.com\/FutbolHoyCol\/","article_published_time":"2022-05-15T01:07:03+00:00","article_modified_time":"2022-05-15T22:01:41+00:00","og_image":[{"width":2400,"height":1853,"url":"https:\/\/futbolhoy.co\/wp-content\/uploads\/2022\/05\/NtFKFEFI.jpeg","type":"image\/jpeg"}],"author":"Laura Hern\u00e1ndez","twitter_card":"summary_large_image","twitter_creator":"@FutbolHoyCol","twitter_site":"@FutbolHoyCol","twitter_misc":{"Escrito por":"Laura Hern\u00e1ndez","Tiempo de lectura":"2 minutos"},"schema":{"@context":"https:\/\/schema.org","@graph":[{"@type":"Article","@id":"https:\/\/futbolhoy.co\/index.php\/2022\/05\/14\/dayro-moreno-metio-al-bucaramanga\/#article","isPartOf":{"@id":"https:\/\/futbolhoy.co\/index.php\/2022\/05\/14\/dayro-moreno-metio-al-bucaramanga\/"},"author":{"name":"Laura Hern\u00e1ndez","@id":"https:\/\/futbolhoy.co\/#\/schema\/person\/c4a353a512b127643723a34bb1812f7d"},"headline":"Dayro Moreno meti\u00f3 al Bucaramanga","datePublished":"2022-05-15T01:07:03+00:00","dateModified":"2022-05-15T22:01:41+00:00","mainEntityOfPage":{"@id":"https:\/\/futbolhoy.co\/index.php\/2022\/05\/14\/dayro-moreno-metio-al-bucaramanga\/"},"wordCount":352,"commentCount":0,"publisher":{"@id":"https:\/\/futbolhoy.co\/#organization"},"image":{"@id":"https:\/\/futbolhoy.co\/index.php\/2022\/05\/14\/dayro-moreno-metio-al-bucaramanga\/#primaryimage"},"thumbnailUrl":"https:\/\/futbolhoy.co\/wp-content\/uploads\/2022\/05\/NtFKFEFI.jpeg","articleSection":["Liga BetPlay"],"inLanguage":"es","potentialAction":[{"@type":"CommentAction","name":"Comment","target":["https:\/\/futbolhoy.co\/index.php\/2022\/05\/14\/dayro-moreno-metio-al-bucaramanga\/#respond"]}]},{"@type":"WebPage","@id":"https:\/\/futbolhoy.co\/index.php\/2022\/05\/14\/dayro-moreno-metio-al-bucaramanga\/","url":"https:\/\/futbolhoy.co\/index.php\/2022\/05\/14\/dayro-moreno-metio-al-bucaramanga\/","name":"Dayro Moreno meti\u00f3 al Bucaramanga -","isPartOf":{"@id":"https:\/\/futbolhoy.co\/#website"},"primaryImageOfPage":{"@id":"https:\/\/futbolhoy.co\/index.php\/2022\/05\/14\/dayro-moreno-metio-al-bucaramanga\/#primaryimage"},"image":{"@id":"https:\/\/futbolhoy.co\/index.php\/2022\/05\/14\/dayro-moreno-metio-al-bucaramanga\/#primaryimage"},"thumbnailUrl":"https:\/\/futbolhoy.co\/wp-content\/uploads\/2022\/05\/NtFKFEFI.jpeg","datePublished":"2022-05-15T01:07:03+00:00","dateModified":"2022-05-15T22:01:41+00:00","breadcrumb":{"@id":"https:\/\/futbolhoy.co\/index.php\/2022\/05\/14\/dayro-moreno-metio-al-bucaramanga\/#breadcrumb"},"inLanguage":"es","potentialAction":[{"@type":"ReadAction","target":["https:\/\/futbolhoy.co\/index.php\/2022\/05\/14\/dayro-moreno-metio-al-bucaramanga\/"]}]},{"@type":"ImageObject","inLanguage":"es","@id":"https:\/\/futbolhoy.co\/index.php\/2022\/05\/14\/dayro-moreno-metio-al-bucaramanga\/#primaryimage","url":"https:\/\/futbolhoy.co\/wp-content\/uploads\/2022\/05\/NtFKFEFI.jpeg","contentUrl":"https:\/\/futbolhoy.co\/wp-content\/uploads\/2022\/05\/NtFKFEFI.jpeg","width":2400,"height":1853},{"@type":"BreadcrumbList","@id":"https:\/\/futbolhoy.co\/index.php\/2022\/05\/14\/dayro-moreno-metio-al-bucaramanga\/#breadcrumb","itemListElement":[{"@type":"ListItem","position":1,"name":"Portada","item":"https:\/\/futbolhoy.co\/"},{"@type":"ListItem","position":2,"name":"Dayro Moreno meti\u00f3 al Bucaramanga"}]},{"@type":"WebSite","@id":"https:\/\/futbolhoy.co\/#website","url":"https:\/\/futbolhoy.co\/","name":"FutbolHoy","description":"","publisher":{"@id":"https:\/\/futbolhoy.co\/#organization"},"potentialAction":[{"@type":"SearchAction","target":{"@type":"EntryPoint","urlTemplate":"https:\/\/futbolhoy.co\/?s={search_term_string}"},"query-input":{"@type":"PropertyValueSpecification","valueRequired":true,"valueName":"search_term_string"}}],"inLanguage":"es"},{"@type":"Organization","@id":"https:\/\/futbolhoy.co\/#organization","name":"Futbolhoy.co","url":"https:\/\/futbolhoy.co\/","logo":{"@type":"ImageObject","inLanguage":"es","@id":"https:\/\/futbolhoy.co\/#\/schema\/logo\/image\/","url":"https:\/\/futbolhoy.co\/wp-content\/uploads\/2018\/08\/17426380_1906371736249227_6326180412931521141_n.jpg","contentUrl":"https:\/\/futbolhoy.co\/wp-content\/uploads\/2018\/08\/17426380_1906371736249227_6326180412931521141_n.jpg","width":960,"height":960,"caption":"Futbolhoy.co"},"image":{"@id":"https:\/\/futbolhoy.co\/#\/schema\/logo\/image\/"},"sameAs":["https:\/\/www.facebook.com\/FutbolHoyCol\/","https:\/\/x.com\/FutbolHoyCol","https:\/\/www.instagram.com\/futbolhoycol\/"]},{"@type":"Person","@id":"https:\/\/futbolhoy.co\/#\/schema\/person\/c4a353a512b127643723a34bb1812f7d","name":"Laura Hern\u00e1ndez","image":{"@type":"ImageObject","inLanguage":"es","@id":"https:\/\/futbolhoy.co\/#\/schema\/person\/image\/","url":"https:\/\/secure.gravatar.com\/avatar\/d25959a15b9b293a743f99181c7cfd01?s=96&d=mm&r=g","contentUrl":"https:\/\/secure.gravatar.com\/avatar\/d25959a15b9b293a743f99181c7cfd01?s=96&d=mm&r=g","caption":"Laura Hern\u00e1ndez"}}]}},"publishpress_future_action":{"enabled":false,"date":"2026-05-04 06:37:47","action":"change-status","newStatus":"draft","terms":[],"taxonomy":"category","extraData":[]},"publishpress_future_workflow_manual_trigger":{"enabledWorkflows":[]},"_links":{"self":[{"href":"https:\/\/futbolhoy.co\/index.php\/wp-json\/wp\/v2\/posts\/80117","targetHints":{"allow":["GET"]}}],"collection":[{"href":"https:\/\/futbolhoy.co\/index.php\/wp-json\/wp\/v2\/posts"}],"about":[{"href":"https:\/\/futbolhoy.co\/index.php\/wp-json\/wp\/v2\/types\/post"}],"author":[{"embeddable":true,"href":"https:\/\/futbolhoy.co\/index.php\/wp-json\/wp\/v2\/users\/5"}],"replies":[{"embeddable":true,"href":"https:\/\/futbolhoy.co\/index.php\/wp-json\/wp\/v2\/comments?post=80117"}],"version-history":[{"count":4,"href":"https:\/\/futbolhoy.co\/index.php\/wp-json\/wp\/v2\/posts\/80117\/revisions"}],"predecessor-version":[{"id":80122,"href":"https:\/\/futbolhoy.co\/index.php\/wp-json\/wp\/v2\/posts\/80117\/revisions\/80122"}],"wp:featuredmedia":[{"embeddable":true,"href":"https:\/\/futbolhoy.co\/index.php\/wp-json\/wp\/v2\/media\/80118"}],"wp:attachment":[{"href":"https:\/\/futbolhoy.co\/index.php\/wp-json\/wp\/v2\/media?parent=80117"}],"wp:term":[{"taxonomy":"category","embeddable":true,"href":"https:\/\/futbolhoy.co\/index.php\/wp-json\/wp\/v2\/categories?post=80117"},{"taxonomy":"post_tag","embeddable":true,"href":"https:\/\/futbolhoy.co\/index.php\/wp-json\/wp\/v2\/tags?post=80117"}],"curies":[{"name":"wp","href":"https:\/\/api.w.org\/{rel}","templated":true}]}}