{"id":80126,"date":"2022-05-15T10:12:59","date_gmt":"2022-05-15T15:12:59","guid":{"rendered":"https:\/\/futbolhoy.co\/?p=80126"},"modified":"2022-05-15T21:18:24","modified_gmt":"2022-05-16T02:18:24","slug":"alvarez-balanta-e-izquierdo-campeones-con-brujas","status":"publish","type":"post","link":"https:\/\/futbolhoy.co\/index.php\/2022\/05\/15\/alvarez-balanta-e-izquierdo-campeones-con-brujas\/","title":{"rendered":"\u00c1lvarez Balanta e Izquierdo, campeones con Brujas"},"content":{"rendered":"<p style=\"text-align: justify;\"><span style=\"font-family: helvetica, arial, sans-serif;\"><strong>Brujas,<\/strong> con el colombiano <strong>Eder \u00c1lvarez Balanta,<\/strong> venci\u00f3 1-3 al <strong>Amberes<\/strong> y confirm\u00f3 su decimoctavo t\u00edtulo de <strong>Liga de B\u00e9lgica<\/strong> de su historia al dejar sin opciones al <strong>Royale Union Saint Gilloise<\/strong>, que domin\u00f3 durante toda la temporada.<\/span><\/p>\n<p style=\"text-align: justify;\"><span style=\"font-family: helvetica, arial, sans-serif;\">El equipo que dirige el neerland\u00e9s <strong>Alfred Schreuder,<\/strong> que la pr\u00f3xima temporada llegar\u00e1 al <strong>Ajax,<\/strong> no fall\u00f3 en la parte definitiva del campeonato, donde cerr\u00f3 con 49 puntos y sum\u00f3 su tercera corona consecutiva.<\/span><\/p>\n<p style=\"text-align: justify;\"><span style=\"font-family: helvetica, arial, sans-serif;\">\u00c1lvarez fue sustituido al inicio de la segunda parte. El tambi\u00e9n colombiano <strong>Jos\u00e9 Heriberto Izquierdo,<\/strong> de una temporada irregular por varias molestias f\u00edsicas, no fue concentrado para el encuentro.<\/span><\/p>\n","protected":false},"excerpt":{"rendered":"<p>Brujas, con el colombiano Eder \u00c1lvarez Balanta, venci\u00f3 1-3 al Amberes y confirm\u00f3 su decimoctavo t\u00edtulo de Liga de B\u00e9lgica de su historia al dejar sin opciones al Royale Union Saint Gilloise, que domin\u00f3 durante toda la temporada. El equipo que dirige el neerland\u00e9s Alfred Schreuder, que la pr\u00f3xima temporada llegar\u00e1 al Ajax, no fall\u00f3 [&hellip;]<\/p>\n","protected":false},"author":5,"featured_media":80127,"comment_status":"open","ping_status":"open","sticky":false,"template":"","format":"standard","meta":{"_acf_changed":false,"footnotes":""},"categories":[152],"tags":[2333,2335,2334],"class_list":{"0":"post-80126","1":"post","2":"type-post","3":"status-publish","4":"format-standard","5":"has-post-thumbnail","7":"category-mundo-futbol","8":"tag-balanta","9":"tag-brujas","10":"tag-izquierdo"},"acf":[],"yoast_head":"<!-- This site is optimized with the Yoast SEO plugin v26.8 - https:\/\/yoast.com\/product\/yoast-seo-wordpress\/ -->\n<title>\u00c1lvarez Balanta e Izquierdo, campeones con Brujas -<\/title>\n<meta name=\"robots\" content=\"index, follow, max-snippet:-1, max-image-preview:large, max-video-preview:-1\" \/>\n<link rel=\"canonical\" href=\"https:\/\/futbolhoy.co\/index.php\/2022\/05\/15\/alvarez-balanta-e-izquierdo-campeones-con-brujas\/\" \/>\n<meta property=\"og:locale\" content=\"es_ES\" \/>\n<meta property=\"og:type\" content=\"article\" \/>\n<meta property=\"og:title\" content=\"\u00c1lvarez Balanta e Izquierdo, campeones con Brujas -\" \/>\n<meta property=\"og:description\" content=\"Brujas, con el colombiano Eder \u00c1lvarez Balanta, venci\u00f3 1-3 al Amberes y confirm\u00f3 su decimoctavo t\u00edtulo de Liga de B\u00e9lgica de su historia al dejar sin opciones al Royale Union Saint Gilloise, que domin\u00f3 durante toda la temporada. El equipo que dirige el neerland\u00e9s Alfred Schreuder, que la pr\u00f3xima temporada llegar\u00e1 al Ajax, no fall\u00f3 [&hellip;]\" \/>\n<meta property=\"og:url\" content=\"https:\/\/futbolhoy.co\/index.php\/2022\/05\/15\/alvarez-balanta-e-izquierdo-campeones-con-brujas\/\" \/>\n<meta property=\"article:publisher\" content=\"https:\/\/www.facebook.com\/FutbolHoyCol\/\" \/>\n<meta property=\"article:published_time\" content=\"2022-05-15T15:12:59+00:00\" \/>\n<meta property=\"article:modified_time\" content=\"2022-05-16T02:18:24+00:00\" \/>\n<meta property=\"og:image\" content=\"https:\/\/futbolhoy.co\/wp-content\/uploads\/2022\/05\/FSzVNHaX0AAWIEI-scaled.jpg\" \/>\n\t<meta property=\"og:image:width\" content=\"2048\" \/>\n\t<meta property=\"og:image:height\" content=\"2560\" \/>\n\t<meta property=\"og:image:type\" content=\"image\/jpeg\" \/>\n<meta name=\"author\" content=\"Laura Hern\u00e1ndez\" \/>\n<meta name=\"twitter:card\" content=\"summary_large_image\" \/>\n<meta name=\"twitter:creator\" content=\"@FutbolHoyCol\" \/>\n<meta name=\"twitter:site\" content=\"@FutbolHoyCol\" \/>\n<meta name=\"twitter:label1\" content=\"Escrito por\" \/>\n\t<meta name=\"twitter:data1\" content=\"Laura Hern\u00e1ndez\" \/>\n\t<meta name=\"twitter:label2\" content=\"Tiempo de lectura\" \/>\n\t<meta name=\"twitter:data2\" content=\"1 minuto\" \/>\n<script type=\"application\/ld+json\" class=\"yoast-schema-graph\">{\"@context\":\"https:\/\/schema.org\",\"@graph\":[{\"@type\":\"Article\",\"@id\":\"https:\/\/futbolhoy.co\/index.php\/2022\/05\/15\/alvarez-balanta-e-izquierdo-campeones-con-brujas\/#article\",\"isPartOf\":{\"@id\":\"https:\/\/futbolhoy.co\/index.php\/2022\/05\/15\/alvarez-balanta-e-izquierdo-campeones-con-brujas\/\"},\"author\":{\"name\":\"Laura Hern\u00e1ndez\",\"@id\":\"https:\/\/futbolhoy.co\/#\/schema\/person\/c4a353a512b127643723a34bb1812f7d\"},\"headline\":\"\u00c1lvarez Balanta e Izquierdo, campeones con Brujas\",\"datePublished\":\"2022-05-15T15:12:59+00:00\",\"dateModified\":\"2022-05-16T02:18:24+00:00\",\"mainEntityOfPage\":{\"@id\":\"https:\/\/futbolhoy.co\/index.php\/2022\/05\/15\/alvarez-balanta-e-izquierdo-campeones-con-brujas\/\"},\"wordCount\":113,\"commentCount\":0,\"publisher\":{\"@id\":\"https:\/\/futbolhoy.co\/#organization\"},\"image\":{\"@id\":\"https:\/\/futbolhoy.co\/index.php\/2022\/05\/15\/alvarez-balanta-e-izquierdo-campeones-con-brujas\/#primaryimage\"},\"thumbnailUrl\":\"https:\/\/futbolhoy.co\/wp-content\/uploads\/2022\/05\/FSzVNHaX0AAWIEI-scaled.jpg\",\"keywords\":[\"Balanta\",\"Brujas\",\"Izquierdo\"],\"articleSection\":[\"Mundo Futbol\"],\"inLanguage\":\"es\",\"potentialAction\":[{\"@type\":\"CommentAction\",\"name\":\"Comment\",\"target\":[\"https:\/\/futbolhoy.co\/index.php\/2022\/05\/15\/alvarez-balanta-e-izquierdo-campeones-con-brujas\/#respond\"]}]},{\"@type\":\"WebPage\",\"@id\":\"https:\/\/futbolhoy.co\/index.php\/2022\/05\/15\/alvarez-balanta-e-izquierdo-campeones-con-brujas\/\",\"url\":\"https:\/\/futbolhoy.co\/index.php\/2022\/05\/15\/alvarez-balanta-e-izquierdo-campeones-con-brujas\/\",\"name\":\"\u00c1lvarez Balanta e Izquierdo, campeones con Brujas -\",\"isPartOf\":{\"@id\":\"https:\/\/futbolhoy.co\/#website\"},\"primaryImageOfPage\":{\"@id\":\"https:\/\/futbolhoy.co\/index.php\/2022\/05\/15\/alvarez-balanta-e-izquierdo-campeones-con-brujas\/#primaryimage\"},\"image\":{\"@id\":\"https:\/\/futbolhoy.co\/index.php\/2022\/05\/15\/alvarez-balanta-e-izquierdo-campeones-con-brujas\/#primaryimage\"},\"thumbnailUrl\":\"https:\/\/futbolhoy.co\/wp-content\/uploads\/2022\/05\/FSzVNHaX0AAWIEI-scaled.jpg\",\"datePublished\":\"2022-05-15T15:12:59+00:00\",\"dateModified\":\"2022-05-16T02:18:24+00:00\",\"breadcrumb\":{\"@id\":\"https:\/\/futbolhoy.co\/index.php\/2022\/05\/15\/alvarez-balanta-e-izquierdo-campeones-con-brujas\/#breadcrumb\"},\"inLanguage\":\"es\",\"potentialAction\":[{\"@type\":\"ReadAction\",\"target\":[\"https:\/\/futbolhoy.co\/index.php\/2022\/05\/15\/alvarez-balanta-e-izquierdo-campeones-con-brujas\/\"]}]},{\"@type\":\"ImageObject\",\"inLanguage\":\"es\",\"@id\":\"https:\/\/futbolhoy.co\/index.php\/2022\/05\/15\/alvarez-balanta-e-izquierdo-campeones-con-brujas\/#primaryimage\",\"url\":\"https:\/\/futbolhoy.co\/wp-content\/uploads\/2022\/05\/FSzVNHaX0AAWIEI-scaled.jpg\",\"contentUrl\":\"https:\/\/futbolhoy.co\/wp-content\/uploads\/2022\/05\/FSzVNHaX0AAWIEI-scaled.jpg\",\"width\":2048,\"height\":2560},{\"@type\":\"BreadcrumbList\",\"@id\":\"https:\/\/futbolhoy.co\/index.php\/2022\/05\/15\/alvarez-balanta-e-izquierdo-campeones-con-brujas\/#breadcrumb\",\"itemListElement\":[{\"@type\":\"ListItem\",\"position\":1,\"name\":\"Portada\",\"item\":\"https:\/\/futbolhoy.co\/\"},{\"@type\":\"ListItem\",\"position\":2,\"name\":\"\u00c1lvarez Balanta e Izquierdo, campeones con Brujas\"}]},{\"@type\":\"WebSite\",\"@id\":\"https:\/\/futbolhoy.co\/#website\",\"url\":\"https:\/\/futbolhoy.co\/\",\"name\":\"FutbolHoy\",\"description\":\"\",\"publisher\":{\"@id\":\"https:\/\/futbolhoy.co\/#organization\"},\"potentialAction\":[{\"@type\":\"SearchAction\",\"target\":{\"@type\":\"EntryPoint\",\"urlTemplate\":\"https:\/\/futbolhoy.co\/?s={search_term_string}\"},\"query-input\":{\"@type\":\"PropertyValueSpecification\",\"valueRequired\":true,\"valueName\":\"search_term_string\"}}],\"inLanguage\":\"es\"},{\"@type\":\"Organization\",\"@id\":\"https:\/\/futbolhoy.co\/#organization\",\"name\":\"Futbolhoy.co\",\"url\":\"https:\/\/futbolhoy.co\/\",\"logo\":{\"@type\":\"ImageObject\",\"inLanguage\":\"es\",\"@id\":\"https:\/\/futbolhoy.co\/#\/schema\/logo\/image\/\",\"url\":\"https:\/\/futbolhoy.co\/wp-content\/uploads\/2018\/08\/17426380_1906371736249227_6326180412931521141_n.jpg\",\"contentUrl\":\"https:\/\/futbolhoy.co\/wp-content\/uploads\/2018\/08\/17426380_1906371736249227_6326180412931521141_n.jpg\",\"width\":960,\"height\":960,\"caption\":\"Futbolhoy.co\"},\"image\":{\"@id\":\"https:\/\/futbolhoy.co\/#\/schema\/logo\/image\/\"},\"sameAs\":[\"https:\/\/www.facebook.com\/FutbolHoyCol\/\",\"https:\/\/x.com\/FutbolHoyCol\",\"https:\/\/www.instagram.com\/futbolhoycol\/\"]},{\"@type\":\"Person\",\"@id\":\"https:\/\/futbolhoy.co\/#\/schema\/person\/c4a353a512b127643723a34bb1812f7d\",\"name\":\"Laura Hern\u00e1ndez\",\"image\":{\"@type\":\"ImageObject\",\"inLanguage\":\"es\",\"@id\":\"https:\/\/futbolhoy.co\/#\/schema\/person\/image\/\",\"url\":\"https:\/\/secure.gravatar.com\/avatar\/d25959a15b9b293a743f99181c7cfd01?s=96&d=mm&r=g\",\"contentUrl\":\"https:\/\/secure.gravatar.com\/avatar\/d25959a15b9b293a743f99181c7cfd01?s=96&d=mm&r=g\",\"caption\":\"Laura Hern\u00e1ndez\"}}]}<\/script>\n<!-- \/ Yoast SEO plugin. -->","yoast_head_json":{"title":"\u00c1lvarez Balanta e Izquierdo, campeones con Brujas -","robots":{"index":"index","follow":"follow","max-snippet":"max-snippet:-1","max-image-preview":"max-image-preview:large","max-video-preview":"max-video-preview:-1"},"canonical":"https:\/\/futbolhoy.co\/index.php\/2022\/05\/15\/alvarez-balanta-e-izquierdo-campeones-con-brujas\/","og_locale":"es_ES","og_type":"article","og_title":"\u00c1lvarez Balanta e Izquierdo, campeones con Brujas -","og_description":"Brujas, con el colombiano Eder \u00c1lvarez Balanta, venci\u00f3 1-3 al Amberes y confirm\u00f3 su decimoctavo t\u00edtulo de Liga de B\u00e9lgica de su historia al dejar sin opciones al Royale Union Saint Gilloise, que domin\u00f3 durante toda la temporada. El equipo que dirige el neerland\u00e9s Alfred Schreuder, que la pr\u00f3xima temporada llegar\u00e1 al Ajax, no fall\u00f3 [&hellip;]","og_url":"https:\/\/futbolhoy.co\/index.php\/2022\/05\/15\/alvarez-balanta-e-izquierdo-campeones-con-brujas\/","article_publisher":"https:\/\/www.facebook.com\/FutbolHoyCol\/","article_published_time":"2022-05-15T15:12:59+00:00","article_modified_time":"2022-05-16T02:18:24+00:00","og_image":[{"width":2048,"height":2560,"url":"https:\/\/futbolhoy.co\/wp-content\/uploads\/2022\/05\/FSzVNHaX0AAWIEI-scaled.jpg","type":"image\/jpeg"}],"author":"Laura Hern\u00e1ndez","twitter_card":"summary_large_image","twitter_creator":"@FutbolHoyCol","twitter_site":"@FutbolHoyCol","twitter_misc":{"Escrito por":"Laura Hern\u00e1ndez","Tiempo de lectura":"1 minuto"},"schema":{"@context":"https:\/\/schema.org","@graph":[{"@type":"Article","@id":"https:\/\/futbolhoy.co\/index.php\/2022\/05\/15\/alvarez-balanta-e-izquierdo-campeones-con-brujas\/#article","isPartOf":{"@id":"https:\/\/futbolhoy.co\/index.php\/2022\/05\/15\/alvarez-balanta-e-izquierdo-campeones-con-brujas\/"},"author":{"name":"Laura Hern\u00e1ndez","@id":"https:\/\/futbolhoy.co\/#\/schema\/person\/c4a353a512b127643723a34bb1812f7d"},"headline":"\u00c1lvarez Balanta e Izquierdo, campeones con Brujas","datePublished":"2022-05-15T15:12:59+00:00","dateModified":"2022-05-16T02:18:24+00:00","mainEntityOfPage":{"@id":"https:\/\/futbolhoy.co\/index.php\/2022\/05\/15\/alvarez-balanta-e-izquierdo-campeones-con-brujas\/"},"wordCount":113,"commentCount":0,"publisher":{"@id":"https:\/\/futbolhoy.co\/#organization"},"image":{"@id":"https:\/\/futbolhoy.co\/index.php\/2022\/05\/15\/alvarez-balanta-e-izquierdo-campeones-con-brujas\/#primaryimage"},"thumbnailUrl":"https:\/\/futbolhoy.co\/wp-content\/uploads\/2022\/05\/FSzVNHaX0AAWIEI-scaled.jpg","keywords":["Balanta","Brujas","Izquierdo"],"articleSection":["Mundo Futbol"],"inLanguage":"es","potentialAction":[{"@type":"CommentAction","name":"Comment","target":["https:\/\/futbolhoy.co\/index.php\/2022\/05\/15\/alvarez-balanta-e-izquierdo-campeones-con-brujas\/#respond"]}]},{"@type":"WebPage","@id":"https:\/\/futbolhoy.co\/index.php\/2022\/05\/15\/alvarez-balanta-e-izquierdo-campeones-con-brujas\/","url":"https:\/\/futbolhoy.co\/index.php\/2022\/05\/15\/alvarez-balanta-e-izquierdo-campeones-con-brujas\/","name":"\u00c1lvarez Balanta e Izquierdo, campeones con Brujas -","isPartOf":{"@id":"https:\/\/futbolhoy.co\/#website"},"primaryImageOfPage":{"@id":"https:\/\/futbolhoy.co\/index.php\/2022\/05\/15\/alvarez-balanta-e-izquierdo-campeones-con-brujas\/#primaryimage"},"image":{"@id":"https:\/\/futbolhoy.co\/index.php\/2022\/05\/15\/alvarez-balanta-e-izquierdo-campeones-con-brujas\/#primaryimage"},"thumbnailUrl":"https:\/\/futbolhoy.co\/wp-content\/uploads\/2022\/05\/FSzVNHaX0AAWIEI-scaled.jpg","datePublished":"2022-05-15T15:12:59+00:00","dateModified":"2022-05-16T02:18:24+00:00","breadcrumb":{"@id":"https:\/\/futbolhoy.co\/index.php\/2022\/05\/15\/alvarez-balanta-e-izquierdo-campeones-con-brujas\/#breadcrumb"},"inLanguage":"es","potentialAction":[{"@type":"ReadAction","target":["https:\/\/futbolhoy.co\/index.php\/2022\/05\/15\/alvarez-balanta-e-izquierdo-campeones-con-brujas\/"]}]},{"@type":"ImageObject","inLanguage":"es","@id":"https:\/\/futbolhoy.co\/index.php\/2022\/05\/15\/alvarez-balanta-e-izquierdo-campeones-con-brujas\/#primaryimage","url":"https:\/\/futbolhoy.co\/wp-content\/uploads\/2022\/05\/FSzVNHaX0AAWIEI-scaled.jpg","contentUrl":"https:\/\/futbolhoy.co\/wp-content\/uploads\/2022\/05\/FSzVNHaX0AAWIEI-scaled.jpg","width":2048,"height":2560},{"@type":"BreadcrumbList","@id":"https:\/\/futbolhoy.co\/index.php\/2022\/05\/15\/alvarez-balanta-e-izquierdo-campeones-con-brujas\/#breadcrumb","itemListElement":[{"@type":"ListItem","position":1,"name":"Portada","item":"https:\/\/futbolhoy.co\/"},{"@type":"ListItem","position":2,"name":"\u00c1lvarez Balanta e Izquierdo, campeones con Brujas"}]},{"@type":"WebSite","@id":"https:\/\/futbolhoy.co\/#website","url":"https:\/\/futbolhoy.co\/","name":"FutbolHoy","description":"","publisher":{"@id":"https:\/\/futbolhoy.co\/#organization"},"potentialAction":[{"@type":"SearchAction","target":{"@type":"EntryPoint","urlTemplate":"https:\/\/futbolhoy.co\/?s={search_term_string}"},"query-input":{"@type":"PropertyValueSpecification","valueRequired":true,"valueName":"search_term_string"}}],"inLanguage":"es"},{"@type":"Organization","@id":"https:\/\/futbolhoy.co\/#organization","name":"Futbolhoy.co","url":"https:\/\/futbolhoy.co\/","logo":{"@type":"ImageObject","inLanguage":"es","@id":"https:\/\/futbolhoy.co\/#\/schema\/logo\/image\/","url":"https:\/\/futbolhoy.co\/wp-content\/uploads\/2018\/08\/17426380_1906371736249227_6326180412931521141_n.jpg","contentUrl":"https:\/\/futbolhoy.co\/wp-content\/uploads\/2018\/08\/17426380_1906371736249227_6326180412931521141_n.jpg","width":960,"height":960,"caption":"Futbolhoy.co"},"image":{"@id":"https:\/\/futbolhoy.co\/#\/schema\/logo\/image\/"},"sameAs":["https:\/\/www.facebook.com\/FutbolHoyCol\/","https:\/\/x.com\/FutbolHoyCol","https:\/\/www.instagram.com\/futbolhoycol\/"]},{"@type":"Person","@id":"https:\/\/futbolhoy.co\/#\/schema\/person\/c4a353a512b127643723a34bb1812f7d","name":"Laura Hern\u00e1ndez","image":{"@type":"ImageObject","inLanguage":"es","@id":"https:\/\/futbolhoy.co\/#\/schema\/person\/image\/","url":"https:\/\/secure.gravatar.com\/avatar\/d25959a15b9b293a743f99181c7cfd01?s=96&d=mm&r=g","contentUrl":"https:\/\/secure.gravatar.com\/avatar\/d25959a15b9b293a743f99181c7cfd01?s=96&d=mm&r=g","caption":"Laura Hern\u00e1ndez"}}]}},"publishpress_future_action":{"enabled":false,"date":"2026-05-04 12:13:22","action":"change-status","newStatus":"draft","terms":[],"taxonomy":"category","extraData":[]},"publishpress_future_workflow_manual_trigger":{"enabledWorkflows":[]},"_links":{"self":[{"href":"https:\/\/futbolhoy.co\/index.php\/wp-json\/wp\/v2\/posts\/80126","targetHints":{"allow":["GET"]}}],"collection":[{"href":"https:\/\/futbolhoy.co\/index.php\/wp-json\/wp\/v2\/posts"}],"about":[{"href":"https:\/\/futbolhoy.co\/index.php\/wp-json\/wp\/v2\/types\/post"}],"author":[{"embeddable":true,"href":"https:\/\/futbolhoy.co\/index.php\/wp-json\/wp\/v2\/users\/5"}],"replies":[{"embeddable":true,"href":"https:\/\/futbolhoy.co\/index.php\/wp-json\/wp\/v2\/comments?post=80126"}],"version-history":[{"count":3,"href":"https:\/\/futbolhoy.co\/index.php\/wp-json\/wp\/v2\/posts\/80126\/revisions"}],"predecessor-version":[{"id":80134,"href":"https:\/\/futbolhoy.co\/index.php\/wp-json\/wp\/v2\/posts\/80126\/revisions\/80134"}],"wp:featuredmedia":[{"embeddable":true,"href":"https:\/\/futbolhoy.co\/index.php\/wp-json\/wp\/v2\/media\/80127"}],"wp:attachment":[{"href":"https:\/\/futbolhoy.co\/index.php\/wp-json\/wp\/v2\/media?parent=80126"}],"wp:term":[{"taxonomy":"category","embeddable":true,"href":"https:\/\/futbolhoy.co\/index.php\/wp-json\/wp\/v2\/categories?post=80126"},{"taxonomy":"post_tag","embeddable":true,"href":"https:\/\/futbolhoy.co\/index.php\/wp-json\/wp\/v2\/tags?post=80126"}],"curies":[{"name":"wp","href":"https:\/\/api.w.org\/{rel}","templated":true}]}}