{"id":80129,"date":"2022-05-15T10:00:21","date_gmt":"2022-05-15T15:00:21","guid":{"rendered":"https:\/\/futbolhoy.co\/?p=80129"},"modified":"2022-05-17T15:42:37","modified_gmt":"2022-05-17T20:42:37","slug":"cali-y-america-cierran-sin-opciones","status":"publish","type":"post","link":"https:\/\/futbolhoy.co\/index.php\/2022\/05\/15\/cali-y-america-cierran-sin-opciones\/","title":{"rendered":"Cali y Am\u00e9rica cierran sin opciones"},"content":{"rendered":"<p class=\"x_ydp48c36b79MsoNormal\" style=\"text-align: justify;\"><span style=\"font-family: helvetica, arial, sans-serif;\"><strong>Deportivo Cali<\/strong> y <strong>Am\u00e9rica<\/strong> cierran este domingo una de las campa\u00f1as m\u00e1s discretas de su historia. Los dos equipos llegan a la \u00faltima fecha para cumplir calendario, sin ninguna opci\u00f3n de clasificar a cuadrangulares.<\/span><\/p>\n<p class=\"x_ydp48c36b79MsoNormal\" style=\"text-align: justify;\"><strong><span style=\"font-family: helvetica, arial, sans-serif;\"><i>Patriotas-Deportivo Cali<\/i><\/span><\/strong><\/p>\n<p class=\"x_ydp48c36b79MsoNormal\" style=\"text-align: justify;\"><span style=\"font-family: helvetica, arial, sans-serif;\">\u2022 Despu\u00e9s de no haber perdido ninguno de sus primeros seis encuentros en casa ante Deportivo Cali en Primera Divisi\u00f3n, ganando cinco de ellos (1E), Patriotas suma cuatro sin vencer hasta la fecha, cayendo en tres ocasiones (1E).<\/span><\/p>\n<p class=\"x_ydp48c36b79MsoNormal\" style=\"text-align: justify;\"><span style=\"font-family: helvetica, arial, sans-serif;\">\u2022 Los boyacenses han perdido dos de sus \u00faltimos tres partidos como local en la Liga BetPlay Dimayor I-2022 (1E), sumando la misma cantidad de derrotas que en sus siete compromisos anteriores en casa (3V 2E).<\/span><\/p>\n<p class=\"x_ydp48c36b79MsoNormal\" style=\"text-align: justify;\"><span style=\"font-family: helvetica, arial, sans-serif;\">\u2022 Despu\u00e9s de haber perdido ocho de sus primeros 11 partidos de la Liga, Deportivo Cali ha perdido solo uno de los ocho m\u00e1s recientes (2V 5E). Tras ganar a Once Caldas en su \u00faltimo encuentro como visitante (0-1), los vallecaucanos pueden enlazar victorias fuera de casa por primera vez en este campeonato<\/span><\/p>\n<p class=\"x_ydp48c36b79MsoNormal\" style=\"text-align: justify;\"><span style=\"font-family: helvetica, arial, sans-serif;\"><i>\u00a0<\/i><\/span><strong><span style=\"font-family: helvetica, arial, sans-serif;\"><i>Am\u00e9rica-Uni\u00f3n Magdalena<\/i><\/span><\/strong><\/p>\n<p class=\"x_ydp48c36b79MsoNormal\" style=\"text-align: justify;\"><span style=\"font-family: helvetica, arial, sans-serif;\">\u2022 Desde 2002, Am\u00e9rica se mantiene invicto como local ante Uni\u00f3n Magdalena en Primera Divisi\u00f3n, tras ocho enfrentamientos (7V 1E), empatando el primero de todos y ganando los siete m\u00e1s recientes. Adem\u00e1s, los vallecaucanos promedian tres goles por encuentro en esos ocho duelos.<\/span><\/p>\n<p class=\"x_ydp48c36b79MsoNormal\" style=\"text-align: justify;\"><span style=\"font-family: helvetica, arial, sans-serif;\">\u2022 El equipo cale\u00f1o ha ganado solo dos de sus \u00faltimos siete partidos como local en la Liga (3E 2D), despu\u00e9s de haber ganado cinco de sus seis encuentros anteriores en casa en Primera Divisi\u00f3n (1D).<\/span><\/p>\n<p class=\"x_ydp48c36b79MsoNormal\" style=\"text-align: justify;\"><span style=\"font-family: helvetica, arial, sans-serif;\">\u2022 Los samarios acumulan cuatro partidos como visitante sin anotar gol en este campeonato (1E 3D), su peor sequ\u00eda goleadora fuera de casa en un mismo torneo de Primera Divisi\u00f3n desde el Finalizaci\u00f3n 2004 (siete visitas sin marcar).<\/span><\/p>\n<p class=\"x_ydp48c36b79MsoNormal\" style=\"text-align: justify;\"><span style=\"font-family: helvetica, arial, sans-serif;\">\u2022 Am\u00e9rica ha recibido gol en sus \u00faltimos cuatro encuentros como local en la Liga (siete en total) y no enlaza m\u00e1s encuentros en casa recibiendo gol en un mismo torneo de Primera Divisi\u00f3n desde abril-mayo de 2011 (6 \u201310 goles en total).<\/span><\/p>\n","protected":false},"excerpt":{"rendered":"<p>Deportivo Cali y Am\u00e9rica cierran este domingo una de las campa\u00f1as m\u00e1s discretas de su historia. Los dos equipos llegan a la \u00faltima fecha para cumplir calendario, sin ninguna opci\u00f3n de clasificar a cuadrangulares. Patriotas-Deportivo Cali \u2022 Despu\u00e9s de no haber perdido ninguno de sus primeros seis encuentros en casa ante Deportivo Cali en Primera [&hellip;]<\/p>\n","protected":false},"author":5,"featured_media":80132,"comment_status":"open","ping_status":"open","sticky":false,"template":"","format":"standard","meta":{"_acf_changed":false,"footnotes":""},"categories":[7],"tags":[],"class_list":{"0":"post-80129","1":"post","2":"type-post","3":"status-publish","4":"format-standard","5":"has-post-thumbnail","7":"category-liga-betplay"},"acf":[],"yoast_head":"<!-- This site is optimized with the Yoast SEO plugin v26.8 - https:\/\/yoast.com\/product\/yoast-seo-wordpress\/ -->\n<title>Cali y Am\u00e9rica cierran sin opciones -<\/title>\n<meta name=\"robots\" content=\"index, follow, max-snippet:-1, max-image-preview:large, max-video-preview:-1\" \/>\n<link rel=\"canonical\" href=\"https:\/\/futbolhoy.co\/index.php\/2022\/05\/15\/cali-y-america-cierran-sin-opciones\/\" \/>\n<meta property=\"og:locale\" content=\"es_ES\" \/>\n<meta property=\"og:type\" content=\"article\" \/>\n<meta property=\"og:title\" content=\"Cali y Am\u00e9rica cierran sin opciones -\" \/>\n<meta property=\"og:description\" content=\"Deportivo Cali y Am\u00e9rica cierran este domingo una de las campa\u00f1as m\u00e1s discretas de su historia. Los dos equipos llegan a la \u00faltima fecha para cumplir calendario, sin ninguna opci\u00f3n de clasificar a cuadrangulares. Patriotas-Deportivo Cali \u2022 Despu\u00e9s de no haber perdido ninguno de sus primeros seis encuentros en casa ante Deportivo Cali en Primera [&hellip;]\" \/>\n<meta property=\"og:url\" content=\"https:\/\/futbolhoy.co\/index.php\/2022\/05\/15\/cali-y-america-cierran-sin-opciones\/\" \/>\n<meta property=\"article:publisher\" content=\"https:\/\/www.facebook.com\/FutbolHoyCol\/\" \/>\n<meta property=\"article:published_time\" content=\"2022-05-15T15:00:21+00:00\" \/>\n<meta property=\"article:modified_time\" content=\"2022-05-17T20:42:37+00:00\" \/>\n<meta property=\"og:image\" content=\"https:\/\/futbolhoy.co\/wp-content\/uploads\/2022\/05\/j7wVjSdE.jpeg\" \/>\n\t<meta property=\"og:image:width\" content=\"2400\" \/>\n\t<meta property=\"og:image:height\" content=\"1599\" \/>\n\t<meta property=\"og:image:type\" content=\"image\/jpeg\" \/>\n<meta name=\"author\" content=\"Laura Hern\u00e1ndez\" \/>\n<meta name=\"twitter:card\" content=\"summary_large_image\" \/>\n<meta name=\"twitter:creator\" content=\"@FutbolHoyCol\" \/>\n<meta name=\"twitter:site\" content=\"@FutbolHoyCol\" \/>\n<meta name=\"twitter:label1\" content=\"Escrito por\" \/>\n\t<meta name=\"twitter:data1\" content=\"Laura Hern\u00e1ndez\" \/>\n\t<meta name=\"twitter:label2\" content=\"Tiempo de lectura\" \/>\n\t<meta name=\"twitter:data2\" content=\"2 minutos\" \/>\n<script type=\"application\/ld+json\" class=\"yoast-schema-graph\">{\"@context\":\"https:\/\/schema.org\",\"@graph\":[{\"@type\":\"Article\",\"@id\":\"https:\/\/futbolhoy.co\/index.php\/2022\/05\/15\/cali-y-america-cierran-sin-opciones\/#article\",\"isPartOf\":{\"@id\":\"https:\/\/futbolhoy.co\/index.php\/2022\/05\/15\/cali-y-america-cierran-sin-opciones\/\"},\"author\":{\"name\":\"Laura Hern\u00e1ndez\",\"@id\":\"https:\/\/futbolhoy.co\/#\/schema\/person\/c4a353a512b127643723a34bb1812f7d\"},\"headline\":\"Cali y Am\u00e9rica cierran sin opciones\",\"datePublished\":\"2022-05-15T15:00:21+00:00\",\"dateModified\":\"2022-05-17T20:42:37+00:00\",\"mainEntityOfPage\":{\"@id\":\"https:\/\/futbolhoy.co\/index.php\/2022\/05\/15\/cali-y-america-cierran-sin-opciones\/\"},\"wordCount\":343,\"commentCount\":0,\"publisher\":{\"@id\":\"https:\/\/futbolhoy.co\/#organization\"},\"image\":{\"@id\":\"https:\/\/futbolhoy.co\/index.php\/2022\/05\/15\/cali-y-america-cierran-sin-opciones\/#primaryimage\"},\"thumbnailUrl\":\"https:\/\/futbolhoy.co\/wp-content\/uploads\/2022\/05\/j7wVjSdE.jpeg\",\"articleSection\":[\"Liga BetPlay\"],\"inLanguage\":\"es\",\"potentialAction\":[{\"@type\":\"CommentAction\",\"name\":\"Comment\",\"target\":[\"https:\/\/futbolhoy.co\/index.php\/2022\/05\/15\/cali-y-america-cierran-sin-opciones\/#respond\"]}]},{\"@type\":\"WebPage\",\"@id\":\"https:\/\/futbolhoy.co\/index.php\/2022\/05\/15\/cali-y-america-cierran-sin-opciones\/\",\"url\":\"https:\/\/futbolhoy.co\/index.php\/2022\/05\/15\/cali-y-america-cierran-sin-opciones\/\",\"name\":\"Cali y Am\u00e9rica cierran sin opciones -\",\"isPartOf\":{\"@id\":\"https:\/\/futbolhoy.co\/#website\"},\"primaryImageOfPage\":{\"@id\":\"https:\/\/futbolhoy.co\/index.php\/2022\/05\/15\/cali-y-america-cierran-sin-opciones\/#primaryimage\"},\"image\":{\"@id\":\"https:\/\/futbolhoy.co\/index.php\/2022\/05\/15\/cali-y-america-cierran-sin-opciones\/#primaryimage\"},\"thumbnailUrl\":\"https:\/\/futbolhoy.co\/wp-content\/uploads\/2022\/05\/j7wVjSdE.jpeg\",\"datePublished\":\"2022-05-15T15:00:21+00:00\",\"dateModified\":\"2022-05-17T20:42:37+00:00\",\"breadcrumb\":{\"@id\":\"https:\/\/futbolhoy.co\/index.php\/2022\/05\/15\/cali-y-america-cierran-sin-opciones\/#breadcrumb\"},\"inLanguage\":\"es\",\"potentialAction\":[{\"@type\":\"ReadAction\",\"target\":[\"https:\/\/futbolhoy.co\/index.php\/2022\/05\/15\/cali-y-america-cierran-sin-opciones\/\"]}]},{\"@type\":\"ImageObject\",\"inLanguage\":\"es\",\"@id\":\"https:\/\/futbolhoy.co\/index.php\/2022\/05\/15\/cali-y-america-cierran-sin-opciones\/#primaryimage\",\"url\":\"https:\/\/futbolhoy.co\/wp-content\/uploads\/2022\/05\/j7wVjSdE.jpeg\",\"contentUrl\":\"https:\/\/futbolhoy.co\/wp-content\/uploads\/2022\/05\/j7wVjSdE.jpeg\",\"width\":2400,\"height\":1599},{\"@type\":\"BreadcrumbList\",\"@id\":\"https:\/\/futbolhoy.co\/index.php\/2022\/05\/15\/cali-y-america-cierran-sin-opciones\/#breadcrumb\",\"itemListElement\":[{\"@type\":\"ListItem\",\"position\":1,\"name\":\"Portada\",\"item\":\"https:\/\/futbolhoy.co\/\"},{\"@type\":\"ListItem\",\"position\":2,\"name\":\"Cali y Am\u00e9rica cierran sin opciones\"}]},{\"@type\":\"WebSite\",\"@id\":\"https:\/\/futbolhoy.co\/#website\",\"url\":\"https:\/\/futbolhoy.co\/\",\"name\":\"FutbolHoy\",\"description\":\"\",\"publisher\":{\"@id\":\"https:\/\/futbolhoy.co\/#organization\"},\"potentialAction\":[{\"@type\":\"SearchAction\",\"target\":{\"@type\":\"EntryPoint\",\"urlTemplate\":\"https:\/\/futbolhoy.co\/?s={search_term_string}\"},\"query-input\":{\"@type\":\"PropertyValueSpecification\",\"valueRequired\":true,\"valueName\":\"search_term_string\"}}],\"inLanguage\":\"es\"},{\"@type\":\"Organization\",\"@id\":\"https:\/\/futbolhoy.co\/#organization\",\"name\":\"Futbolhoy.co\",\"url\":\"https:\/\/futbolhoy.co\/\",\"logo\":{\"@type\":\"ImageObject\",\"inLanguage\":\"es\",\"@id\":\"https:\/\/futbolhoy.co\/#\/schema\/logo\/image\/\",\"url\":\"https:\/\/futbolhoy.co\/wp-content\/uploads\/2018\/08\/17426380_1906371736249227_6326180412931521141_n.jpg\",\"contentUrl\":\"https:\/\/futbolhoy.co\/wp-content\/uploads\/2018\/08\/17426380_1906371736249227_6326180412931521141_n.jpg\",\"width\":960,\"height\":960,\"caption\":\"Futbolhoy.co\"},\"image\":{\"@id\":\"https:\/\/futbolhoy.co\/#\/schema\/logo\/image\/\"},\"sameAs\":[\"https:\/\/www.facebook.com\/FutbolHoyCol\/\",\"https:\/\/x.com\/FutbolHoyCol\",\"https:\/\/www.instagram.com\/futbolhoycol\/\"]},{\"@type\":\"Person\",\"@id\":\"https:\/\/futbolhoy.co\/#\/schema\/person\/c4a353a512b127643723a34bb1812f7d\",\"name\":\"Laura Hern\u00e1ndez\",\"image\":{\"@type\":\"ImageObject\",\"inLanguage\":\"es\",\"@id\":\"https:\/\/futbolhoy.co\/#\/schema\/person\/image\/\",\"url\":\"https:\/\/secure.gravatar.com\/avatar\/d25959a15b9b293a743f99181c7cfd01?s=96&d=mm&r=g\",\"contentUrl\":\"https:\/\/secure.gravatar.com\/avatar\/d25959a15b9b293a743f99181c7cfd01?s=96&d=mm&r=g\",\"caption\":\"Laura Hern\u00e1ndez\"}}]}<\/script>\n<!-- \/ Yoast SEO plugin. -->","yoast_head_json":{"title":"Cali y Am\u00e9rica cierran sin opciones -","robots":{"index":"index","follow":"follow","max-snippet":"max-snippet:-1","max-image-preview":"max-image-preview:large","max-video-preview":"max-video-preview:-1"},"canonical":"https:\/\/futbolhoy.co\/index.php\/2022\/05\/15\/cali-y-america-cierran-sin-opciones\/","og_locale":"es_ES","og_type":"article","og_title":"Cali y Am\u00e9rica cierran sin opciones -","og_description":"Deportivo Cali y Am\u00e9rica cierran este domingo una de las campa\u00f1as m\u00e1s discretas de su historia. Los dos equipos llegan a la \u00faltima fecha para cumplir calendario, sin ninguna opci\u00f3n de clasificar a cuadrangulares. Patriotas-Deportivo Cali \u2022 Despu\u00e9s de no haber perdido ninguno de sus primeros seis encuentros en casa ante Deportivo Cali en Primera [&hellip;]","og_url":"https:\/\/futbolhoy.co\/index.php\/2022\/05\/15\/cali-y-america-cierran-sin-opciones\/","article_publisher":"https:\/\/www.facebook.com\/FutbolHoyCol\/","article_published_time":"2022-05-15T15:00:21+00:00","article_modified_time":"2022-05-17T20:42:37+00:00","og_image":[{"width":2400,"height":1599,"url":"https:\/\/futbolhoy.co\/wp-content\/uploads\/2022\/05\/j7wVjSdE.jpeg","type":"image\/jpeg"}],"author":"Laura Hern\u00e1ndez","twitter_card":"summary_large_image","twitter_creator":"@FutbolHoyCol","twitter_site":"@FutbolHoyCol","twitter_misc":{"Escrito por":"Laura Hern\u00e1ndez","Tiempo de lectura":"2 minutos"},"schema":{"@context":"https:\/\/schema.org","@graph":[{"@type":"Article","@id":"https:\/\/futbolhoy.co\/index.php\/2022\/05\/15\/cali-y-america-cierran-sin-opciones\/#article","isPartOf":{"@id":"https:\/\/futbolhoy.co\/index.php\/2022\/05\/15\/cali-y-america-cierran-sin-opciones\/"},"author":{"name":"Laura Hern\u00e1ndez","@id":"https:\/\/futbolhoy.co\/#\/schema\/person\/c4a353a512b127643723a34bb1812f7d"},"headline":"Cali y Am\u00e9rica cierran sin opciones","datePublished":"2022-05-15T15:00:21+00:00","dateModified":"2022-05-17T20:42:37+00:00","mainEntityOfPage":{"@id":"https:\/\/futbolhoy.co\/index.php\/2022\/05\/15\/cali-y-america-cierran-sin-opciones\/"},"wordCount":343,"commentCount":0,"publisher":{"@id":"https:\/\/futbolhoy.co\/#organization"},"image":{"@id":"https:\/\/futbolhoy.co\/index.php\/2022\/05\/15\/cali-y-america-cierran-sin-opciones\/#primaryimage"},"thumbnailUrl":"https:\/\/futbolhoy.co\/wp-content\/uploads\/2022\/05\/j7wVjSdE.jpeg","articleSection":["Liga BetPlay"],"inLanguage":"es","potentialAction":[{"@type":"CommentAction","name":"Comment","target":["https:\/\/futbolhoy.co\/index.php\/2022\/05\/15\/cali-y-america-cierran-sin-opciones\/#respond"]}]},{"@type":"WebPage","@id":"https:\/\/futbolhoy.co\/index.php\/2022\/05\/15\/cali-y-america-cierran-sin-opciones\/","url":"https:\/\/futbolhoy.co\/index.php\/2022\/05\/15\/cali-y-america-cierran-sin-opciones\/","name":"Cali y Am\u00e9rica cierran sin opciones -","isPartOf":{"@id":"https:\/\/futbolhoy.co\/#website"},"primaryImageOfPage":{"@id":"https:\/\/futbolhoy.co\/index.php\/2022\/05\/15\/cali-y-america-cierran-sin-opciones\/#primaryimage"},"image":{"@id":"https:\/\/futbolhoy.co\/index.php\/2022\/05\/15\/cali-y-america-cierran-sin-opciones\/#primaryimage"},"thumbnailUrl":"https:\/\/futbolhoy.co\/wp-content\/uploads\/2022\/05\/j7wVjSdE.jpeg","datePublished":"2022-05-15T15:00:21+00:00","dateModified":"2022-05-17T20:42:37+00:00","breadcrumb":{"@id":"https:\/\/futbolhoy.co\/index.php\/2022\/05\/15\/cali-y-america-cierran-sin-opciones\/#breadcrumb"},"inLanguage":"es","potentialAction":[{"@type":"ReadAction","target":["https:\/\/futbolhoy.co\/index.php\/2022\/05\/15\/cali-y-america-cierran-sin-opciones\/"]}]},{"@type":"ImageObject","inLanguage":"es","@id":"https:\/\/futbolhoy.co\/index.php\/2022\/05\/15\/cali-y-america-cierran-sin-opciones\/#primaryimage","url":"https:\/\/futbolhoy.co\/wp-content\/uploads\/2022\/05\/j7wVjSdE.jpeg","contentUrl":"https:\/\/futbolhoy.co\/wp-content\/uploads\/2022\/05\/j7wVjSdE.jpeg","width":2400,"height":1599},{"@type":"BreadcrumbList","@id":"https:\/\/futbolhoy.co\/index.php\/2022\/05\/15\/cali-y-america-cierran-sin-opciones\/#breadcrumb","itemListElement":[{"@type":"ListItem","position":1,"name":"Portada","item":"https:\/\/futbolhoy.co\/"},{"@type":"ListItem","position":2,"name":"Cali y Am\u00e9rica cierran sin opciones"}]},{"@type":"WebSite","@id":"https:\/\/futbolhoy.co\/#website","url":"https:\/\/futbolhoy.co\/","name":"FutbolHoy","description":"","publisher":{"@id":"https:\/\/futbolhoy.co\/#organization"},"potentialAction":[{"@type":"SearchAction","target":{"@type":"EntryPoint","urlTemplate":"https:\/\/futbolhoy.co\/?s={search_term_string}"},"query-input":{"@type":"PropertyValueSpecification","valueRequired":true,"valueName":"search_term_string"}}],"inLanguage":"es"},{"@type":"Organization","@id":"https:\/\/futbolhoy.co\/#organization","name":"Futbolhoy.co","url":"https:\/\/futbolhoy.co\/","logo":{"@type":"ImageObject","inLanguage":"es","@id":"https:\/\/futbolhoy.co\/#\/schema\/logo\/image\/","url":"https:\/\/futbolhoy.co\/wp-content\/uploads\/2018\/08\/17426380_1906371736249227_6326180412931521141_n.jpg","contentUrl":"https:\/\/futbolhoy.co\/wp-content\/uploads\/2018\/08\/17426380_1906371736249227_6326180412931521141_n.jpg","width":960,"height":960,"caption":"Futbolhoy.co"},"image":{"@id":"https:\/\/futbolhoy.co\/#\/schema\/logo\/image\/"},"sameAs":["https:\/\/www.facebook.com\/FutbolHoyCol\/","https:\/\/x.com\/FutbolHoyCol","https:\/\/www.instagram.com\/futbolhoycol\/"]},{"@type":"Person","@id":"https:\/\/futbolhoy.co\/#\/schema\/person\/c4a353a512b127643723a34bb1812f7d","name":"Laura Hern\u00e1ndez","image":{"@type":"ImageObject","inLanguage":"es","@id":"https:\/\/futbolhoy.co\/#\/schema\/person\/image\/","url":"https:\/\/secure.gravatar.com\/avatar\/d25959a15b9b293a743f99181c7cfd01?s=96&d=mm&r=g","contentUrl":"https:\/\/secure.gravatar.com\/avatar\/d25959a15b9b293a743f99181c7cfd01?s=96&d=mm&r=g","caption":"Laura Hern\u00e1ndez"}}]}},"publishpress_future_action":{"enabled":false,"date":"2026-05-04 13:38:24","action":"change-status","newStatus":"draft","terms":[],"taxonomy":"category","extraData":[]},"publishpress_future_workflow_manual_trigger":{"enabledWorkflows":[]},"_links":{"self":[{"href":"https:\/\/futbolhoy.co\/index.php\/wp-json\/wp\/v2\/posts\/80129","targetHints":{"allow":["GET"]}}],"collection":[{"href":"https:\/\/futbolhoy.co\/index.php\/wp-json\/wp\/v2\/posts"}],"about":[{"href":"https:\/\/futbolhoy.co\/index.php\/wp-json\/wp\/v2\/types\/post"}],"author":[{"embeddable":true,"href":"https:\/\/futbolhoy.co\/index.php\/wp-json\/wp\/v2\/users\/5"}],"replies":[{"embeddable":true,"href":"https:\/\/futbolhoy.co\/index.php\/wp-json\/wp\/v2\/comments?post=80129"}],"version-history":[{"count":1,"href":"https:\/\/futbolhoy.co\/index.php\/wp-json\/wp\/v2\/posts\/80129\/revisions"}],"predecessor-version":[{"id":80133,"href":"https:\/\/futbolhoy.co\/index.php\/wp-json\/wp\/v2\/posts\/80129\/revisions\/80133"}],"wp:featuredmedia":[{"embeddable":true,"href":"https:\/\/futbolhoy.co\/index.php\/wp-json\/wp\/v2\/media\/80132"}],"wp:attachment":[{"href":"https:\/\/futbolhoy.co\/index.php\/wp-json\/wp\/v2\/media?parent=80129"}],"wp:term":[{"taxonomy":"category","embeddable":true,"href":"https:\/\/futbolhoy.co\/index.php\/wp-json\/wp\/v2\/categories?post=80129"},{"taxonomy":"post_tag","embeddable":true,"href":"https:\/\/futbolhoy.co\/index.php\/wp-json\/wp\/v2\/tags?post=80129"}],"curies":[{"name":"wp","href":"https:\/\/api.w.org\/{rel}","templated":true}]}}