{"id":80135,"date":"2022-05-15T12:05:34","date_gmt":"2022-05-15T17:05:34","guid":{"rendered":"https:\/\/futbolhoy.co\/?p=80135"},"modified":"2022-05-16T07:48:50","modified_gmt":"2022-05-16T12:48:50","slug":"suarez-le-dice-adios-al-atletico","status":"publish","type":"post","link":"https:\/\/futbolhoy.co\/index.php\/2022\/05\/15\/suarez-le-dice-adios-al-atletico\/","title":{"rendered":"Su\u00e1rez le dice adi\u00f3s al Atl\u00e9tico"},"content":{"rendered":"<p class=\"ydp69227ebdMsoNormal\" style=\"text-align: justify;\"><span style=\"font-family: helvetica, arial, sans-serif;\">El uruguayo <strong>Luis Su\u00e1rez<\/strong> disputar\u00e1 este domingo su \u00faltimo encuentro con el <strong>Atl\u00e9tico de Madrid<\/strong>, cuando reciba al <strong>Sevilla<\/strong> en la pen\u00faltima fecha de <strong>LaLiga<\/strong>.<\/span><\/p>\n<p class=\"ydp69227ebdMsoNormal\" style=\"text-align: justify;\"><span style=\"font-family: helvetica, arial, sans-serif;\">\u201cAl t\u00e9rmino de partido, el <strong>Wanda<\/strong> <strong>Metropolitano<\/strong> rendir\u00e1 homenaje a Luis Su\u00e1rez y <strong>H\u00e9ctor<\/strong> <strong>Herrera<\/strong>, que se despiden hoy de la familia atl\u00e9tica. Tras el final del duelo, no os levant\u00e9is de vuestras butacas porque viviremos un momento muy especial\u201d, public\u00f3 el club en sus redes oficiales.<\/span><\/p>\n<p class=\"ydp69227ebdMsoNormal\" style=\"text-align: justify;\"><span style=\"font-family: helvetica, arial, sans-serif;\">Su\u00e1rez, quien lleg\u00f3 al equipo colchonero el 23 de septiembre de 2020 desde el <strong>Barcelona<\/strong>, particip\u00f3 en 81 partidos, donde marc\u00f3 34 goles en todas las competencias.<\/span><\/p>\n<p class=\"ydp69227ebdMsoNormal\" style=\"text-align: justify;\"><span style=\"font-family: helvetica, arial, sans-serif;\">El delantero, en su carrera deportiva, tambi\u00e9n actu\u00f3 con Nacional de su pa\u00eds, <strong>Groningen<\/strong> y <strong>Ajax<\/strong> de <strong>Pa\u00edses Bajos y Liverpool de Inglaterra.<\/strong><\/span><\/p>\n","protected":false},"excerpt":{"rendered":"<p>El uruguayo Luis Su\u00e1rez disputar\u00e1 este domingo su \u00faltimo encuentro con el Atl\u00e9tico de Madrid, cuando reciba al Sevilla en la pen\u00faltima fecha de LaLiga. \u201cAl t\u00e9rmino de partido, el Wanda Metropolitano rendir\u00e1 homenaje a Luis Su\u00e1rez y H\u00e9ctor Herrera, que se despiden hoy de la familia atl\u00e9tica. Tras el final del duelo, no os [&hellip;]<\/p>\n","protected":false},"author":5,"featured_media":80136,"comment_status":"open","ping_status":"open","sticky":false,"template":"","format":"standard","meta":{"_acf_changed":false,"footnotes":""},"categories":[152],"tags":[],"class_list":{"0":"post-80135","1":"post","2":"type-post","3":"status-publish","4":"format-standard","5":"has-post-thumbnail","7":"category-mundo-futbol"},"acf":[],"yoast_head":"<!-- This site is optimized with the Yoast SEO plugin v26.8 - https:\/\/yoast.com\/product\/yoast-seo-wordpress\/ -->\n<title>Su\u00e1rez le dice adi\u00f3s al Atl\u00e9tico -<\/title>\n<meta name=\"robots\" content=\"index, follow, max-snippet:-1, max-image-preview:large, max-video-preview:-1\" \/>\n<link rel=\"canonical\" href=\"https:\/\/futbolhoy.co\/index.php\/2022\/05\/15\/suarez-le-dice-adios-al-atletico\/\" \/>\n<meta property=\"og:locale\" content=\"es_ES\" \/>\n<meta property=\"og:type\" content=\"article\" \/>\n<meta property=\"og:title\" content=\"Su\u00e1rez le dice adi\u00f3s al Atl\u00e9tico -\" \/>\n<meta property=\"og:description\" content=\"El uruguayo Luis Su\u00e1rez disputar\u00e1 este domingo su \u00faltimo encuentro con el Atl\u00e9tico de Madrid, cuando reciba al Sevilla en la pen\u00faltima fecha de LaLiga. \u201cAl t\u00e9rmino de partido, el Wanda Metropolitano rendir\u00e1 homenaje a Luis Su\u00e1rez y H\u00e9ctor Herrera, que se despiden hoy de la familia atl\u00e9tica. Tras el final del duelo, no os [&hellip;]\" \/>\n<meta property=\"og:url\" content=\"https:\/\/futbolhoy.co\/index.php\/2022\/05\/15\/suarez-le-dice-adios-al-atletico\/\" \/>\n<meta property=\"article:publisher\" content=\"https:\/\/www.facebook.com\/FutbolHoyCol\/\" \/>\n<meta property=\"article:published_time\" content=\"2022-05-15T17:05:34+00:00\" \/>\n<meta property=\"article:modified_time\" content=\"2022-05-16T12:48:50+00:00\" \/>\n<meta property=\"og:image\" content=\"https:\/\/futbolhoy.co\/wp-content\/uploads\/2022\/05\/7B9296BE-47E6-46F0-A340-EC40D0BA91E3.jpeg\" \/>\n\t<meta property=\"og:image:width\" content=\"1353\" \/>\n\t<meta property=\"og:image:height\" content=\"857\" \/>\n\t<meta property=\"og:image:type\" content=\"image\/jpeg\" \/>\n<meta name=\"author\" content=\"Laura Hern\u00e1ndez\" \/>\n<meta name=\"twitter:card\" content=\"summary_large_image\" \/>\n<meta name=\"twitter:creator\" content=\"@FutbolHoyCol\" \/>\n<meta name=\"twitter:site\" content=\"@FutbolHoyCol\" \/>\n<meta name=\"twitter:label1\" content=\"Escrito por\" \/>\n\t<meta name=\"twitter:data1\" content=\"Laura Hern\u00e1ndez\" \/>\n\t<meta name=\"twitter:label2\" content=\"Tiempo de lectura\" \/>\n\t<meta name=\"twitter:data2\" content=\"1 minuto\" \/>\n<script type=\"application\/ld+json\" class=\"yoast-schema-graph\">{\"@context\":\"https:\/\/schema.org\",\"@graph\":[{\"@type\":\"Article\",\"@id\":\"https:\/\/futbolhoy.co\/index.php\/2022\/05\/15\/suarez-le-dice-adios-al-atletico\/#article\",\"isPartOf\":{\"@id\":\"https:\/\/futbolhoy.co\/index.php\/2022\/05\/15\/suarez-le-dice-adios-al-atletico\/\"},\"author\":{\"name\":\"Laura Hern\u00e1ndez\",\"@id\":\"https:\/\/futbolhoy.co\/#\/schema\/person\/c4a353a512b127643723a34bb1812f7d\"},\"headline\":\"Su\u00e1rez le dice adi\u00f3s al Atl\u00e9tico\",\"datePublished\":\"2022-05-15T17:05:34+00:00\",\"dateModified\":\"2022-05-16T12:48:50+00:00\",\"mainEntityOfPage\":{\"@id\":\"https:\/\/futbolhoy.co\/index.php\/2022\/05\/15\/suarez-le-dice-adios-al-atletico\/\"},\"wordCount\":139,\"commentCount\":0,\"publisher\":{\"@id\":\"https:\/\/futbolhoy.co\/#organization\"},\"image\":{\"@id\":\"https:\/\/futbolhoy.co\/index.php\/2022\/05\/15\/suarez-le-dice-adios-al-atletico\/#primaryimage\"},\"thumbnailUrl\":\"https:\/\/futbolhoy.co\/wp-content\/uploads\/2022\/05\/7B9296BE-47E6-46F0-A340-EC40D0BA91E3.jpeg\",\"articleSection\":[\"Mundo Futbol\"],\"inLanguage\":\"es\",\"potentialAction\":[{\"@type\":\"CommentAction\",\"name\":\"Comment\",\"target\":[\"https:\/\/futbolhoy.co\/index.php\/2022\/05\/15\/suarez-le-dice-adios-al-atletico\/#respond\"]}]},{\"@type\":\"WebPage\",\"@id\":\"https:\/\/futbolhoy.co\/index.php\/2022\/05\/15\/suarez-le-dice-adios-al-atletico\/\",\"url\":\"https:\/\/futbolhoy.co\/index.php\/2022\/05\/15\/suarez-le-dice-adios-al-atletico\/\",\"name\":\"Su\u00e1rez le dice adi\u00f3s al Atl\u00e9tico -\",\"isPartOf\":{\"@id\":\"https:\/\/futbolhoy.co\/#website\"},\"primaryImageOfPage\":{\"@id\":\"https:\/\/futbolhoy.co\/index.php\/2022\/05\/15\/suarez-le-dice-adios-al-atletico\/#primaryimage\"},\"image\":{\"@id\":\"https:\/\/futbolhoy.co\/index.php\/2022\/05\/15\/suarez-le-dice-adios-al-atletico\/#primaryimage\"},\"thumbnailUrl\":\"https:\/\/futbolhoy.co\/wp-content\/uploads\/2022\/05\/7B9296BE-47E6-46F0-A340-EC40D0BA91E3.jpeg\",\"datePublished\":\"2022-05-15T17:05:34+00:00\",\"dateModified\":\"2022-05-16T12:48:50+00:00\",\"breadcrumb\":{\"@id\":\"https:\/\/futbolhoy.co\/index.php\/2022\/05\/15\/suarez-le-dice-adios-al-atletico\/#breadcrumb\"},\"inLanguage\":\"es\",\"potentialAction\":[{\"@type\":\"ReadAction\",\"target\":[\"https:\/\/futbolhoy.co\/index.php\/2022\/05\/15\/suarez-le-dice-adios-al-atletico\/\"]}]},{\"@type\":\"ImageObject\",\"inLanguage\":\"es\",\"@id\":\"https:\/\/futbolhoy.co\/index.php\/2022\/05\/15\/suarez-le-dice-adios-al-atletico\/#primaryimage\",\"url\":\"https:\/\/futbolhoy.co\/wp-content\/uploads\/2022\/05\/7B9296BE-47E6-46F0-A340-EC40D0BA91E3.jpeg\",\"contentUrl\":\"https:\/\/futbolhoy.co\/wp-content\/uploads\/2022\/05\/7B9296BE-47E6-46F0-A340-EC40D0BA91E3.jpeg\",\"width\":1353,\"height\":857},{\"@type\":\"BreadcrumbList\",\"@id\":\"https:\/\/futbolhoy.co\/index.php\/2022\/05\/15\/suarez-le-dice-adios-al-atletico\/#breadcrumb\",\"itemListElement\":[{\"@type\":\"ListItem\",\"position\":1,\"name\":\"Portada\",\"item\":\"https:\/\/futbolhoy.co\/\"},{\"@type\":\"ListItem\",\"position\":2,\"name\":\"Su\u00e1rez le dice adi\u00f3s al Atl\u00e9tico\"}]},{\"@type\":\"WebSite\",\"@id\":\"https:\/\/futbolhoy.co\/#website\",\"url\":\"https:\/\/futbolhoy.co\/\",\"name\":\"FutbolHoy\",\"description\":\"\",\"publisher\":{\"@id\":\"https:\/\/futbolhoy.co\/#organization\"},\"potentialAction\":[{\"@type\":\"SearchAction\",\"target\":{\"@type\":\"EntryPoint\",\"urlTemplate\":\"https:\/\/futbolhoy.co\/?s={search_term_string}\"},\"query-input\":{\"@type\":\"PropertyValueSpecification\",\"valueRequired\":true,\"valueName\":\"search_term_string\"}}],\"inLanguage\":\"es\"},{\"@type\":\"Organization\",\"@id\":\"https:\/\/futbolhoy.co\/#organization\",\"name\":\"Futbolhoy.co\",\"url\":\"https:\/\/futbolhoy.co\/\",\"logo\":{\"@type\":\"ImageObject\",\"inLanguage\":\"es\",\"@id\":\"https:\/\/futbolhoy.co\/#\/schema\/logo\/image\/\",\"url\":\"https:\/\/futbolhoy.co\/wp-content\/uploads\/2018\/08\/17426380_1906371736249227_6326180412931521141_n.jpg\",\"contentUrl\":\"https:\/\/futbolhoy.co\/wp-content\/uploads\/2018\/08\/17426380_1906371736249227_6326180412931521141_n.jpg\",\"width\":960,\"height\":960,\"caption\":\"Futbolhoy.co\"},\"image\":{\"@id\":\"https:\/\/futbolhoy.co\/#\/schema\/logo\/image\/\"},\"sameAs\":[\"https:\/\/www.facebook.com\/FutbolHoyCol\/\",\"https:\/\/x.com\/FutbolHoyCol\",\"https:\/\/www.instagram.com\/futbolhoycol\/\"]},{\"@type\":\"Person\",\"@id\":\"https:\/\/futbolhoy.co\/#\/schema\/person\/c4a353a512b127643723a34bb1812f7d\",\"name\":\"Laura Hern\u00e1ndez\",\"image\":{\"@type\":\"ImageObject\",\"inLanguage\":\"es\",\"@id\":\"https:\/\/futbolhoy.co\/#\/schema\/person\/image\/\",\"url\":\"https:\/\/secure.gravatar.com\/avatar\/d25959a15b9b293a743f99181c7cfd01?s=96&d=mm&r=g\",\"contentUrl\":\"https:\/\/secure.gravatar.com\/avatar\/d25959a15b9b293a743f99181c7cfd01?s=96&d=mm&r=g\",\"caption\":\"Laura Hern\u00e1ndez\"}}]}<\/script>\n<!-- \/ Yoast SEO plugin. -->","yoast_head_json":{"title":"Su\u00e1rez le dice adi\u00f3s al Atl\u00e9tico -","robots":{"index":"index","follow":"follow","max-snippet":"max-snippet:-1","max-image-preview":"max-image-preview:large","max-video-preview":"max-video-preview:-1"},"canonical":"https:\/\/futbolhoy.co\/index.php\/2022\/05\/15\/suarez-le-dice-adios-al-atletico\/","og_locale":"es_ES","og_type":"article","og_title":"Su\u00e1rez le dice adi\u00f3s al Atl\u00e9tico -","og_description":"El uruguayo Luis Su\u00e1rez disputar\u00e1 este domingo su \u00faltimo encuentro con el Atl\u00e9tico de Madrid, cuando reciba al Sevilla en la pen\u00faltima fecha de LaLiga. \u201cAl t\u00e9rmino de partido, el Wanda Metropolitano rendir\u00e1 homenaje a Luis Su\u00e1rez y H\u00e9ctor Herrera, que se despiden hoy de la familia atl\u00e9tica. Tras el final del duelo, no os [&hellip;]","og_url":"https:\/\/futbolhoy.co\/index.php\/2022\/05\/15\/suarez-le-dice-adios-al-atletico\/","article_publisher":"https:\/\/www.facebook.com\/FutbolHoyCol\/","article_published_time":"2022-05-15T17:05:34+00:00","article_modified_time":"2022-05-16T12:48:50+00:00","og_image":[{"width":1353,"height":857,"url":"https:\/\/futbolhoy.co\/wp-content\/uploads\/2022\/05\/7B9296BE-47E6-46F0-A340-EC40D0BA91E3.jpeg","type":"image\/jpeg"}],"author":"Laura Hern\u00e1ndez","twitter_card":"summary_large_image","twitter_creator":"@FutbolHoyCol","twitter_site":"@FutbolHoyCol","twitter_misc":{"Escrito por":"Laura Hern\u00e1ndez","Tiempo de lectura":"1 minuto"},"schema":{"@context":"https:\/\/schema.org","@graph":[{"@type":"Article","@id":"https:\/\/futbolhoy.co\/index.php\/2022\/05\/15\/suarez-le-dice-adios-al-atletico\/#article","isPartOf":{"@id":"https:\/\/futbolhoy.co\/index.php\/2022\/05\/15\/suarez-le-dice-adios-al-atletico\/"},"author":{"name":"Laura Hern\u00e1ndez","@id":"https:\/\/futbolhoy.co\/#\/schema\/person\/c4a353a512b127643723a34bb1812f7d"},"headline":"Su\u00e1rez le dice adi\u00f3s al Atl\u00e9tico","datePublished":"2022-05-15T17:05:34+00:00","dateModified":"2022-05-16T12:48:50+00:00","mainEntityOfPage":{"@id":"https:\/\/futbolhoy.co\/index.php\/2022\/05\/15\/suarez-le-dice-adios-al-atletico\/"},"wordCount":139,"commentCount":0,"publisher":{"@id":"https:\/\/futbolhoy.co\/#organization"},"image":{"@id":"https:\/\/futbolhoy.co\/index.php\/2022\/05\/15\/suarez-le-dice-adios-al-atletico\/#primaryimage"},"thumbnailUrl":"https:\/\/futbolhoy.co\/wp-content\/uploads\/2022\/05\/7B9296BE-47E6-46F0-A340-EC40D0BA91E3.jpeg","articleSection":["Mundo Futbol"],"inLanguage":"es","potentialAction":[{"@type":"CommentAction","name":"Comment","target":["https:\/\/futbolhoy.co\/index.php\/2022\/05\/15\/suarez-le-dice-adios-al-atletico\/#respond"]}]},{"@type":"WebPage","@id":"https:\/\/futbolhoy.co\/index.php\/2022\/05\/15\/suarez-le-dice-adios-al-atletico\/","url":"https:\/\/futbolhoy.co\/index.php\/2022\/05\/15\/suarez-le-dice-adios-al-atletico\/","name":"Su\u00e1rez le dice adi\u00f3s al Atl\u00e9tico -","isPartOf":{"@id":"https:\/\/futbolhoy.co\/#website"},"primaryImageOfPage":{"@id":"https:\/\/futbolhoy.co\/index.php\/2022\/05\/15\/suarez-le-dice-adios-al-atletico\/#primaryimage"},"image":{"@id":"https:\/\/futbolhoy.co\/index.php\/2022\/05\/15\/suarez-le-dice-adios-al-atletico\/#primaryimage"},"thumbnailUrl":"https:\/\/futbolhoy.co\/wp-content\/uploads\/2022\/05\/7B9296BE-47E6-46F0-A340-EC40D0BA91E3.jpeg","datePublished":"2022-05-15T17:05:34+00:00","dateModified":"2022-05-16T12:48:50+00:00","breadcrumb":{"@id":"https:\/\/futbolhoy.co\/index.php\/2022\/05\/15\/suarez-le-dice-adios-al-atletico\/#breadcrumb"},"inLanguage":"es","potentialAction":[{"@type":"ReadAction","target":["https:\/\/futbolhoy.co\/index.php\/2022\/05\/15\/suarez-le-dice-adios-al-atletico\/"]}]},{"@type":"ImageObject","inLanguage":"es","@id":"https:\/\/futbolhoy.co\/index.php\/2022\/05\/15\/suarez-le-dice-adios-al-atletico\/#primaryimage","url":"https:\/\/futbolhoy.co\/wp-content\/uploads\/2022\/05\/7B9296BE-47E6-46F0-A340-EC40D0BA91E3.jpeg","contentUrl":"https:\/\/futbolhoy.co\/wp-content\/uploads\/2022\/05\/7B9296BE-47E6-46F0-A340-EC40D0BA91E3.jpeg","width":1353,"height":857},{"@type":"BreadcrumbList","@id":"https:\/\/futbolhoy.co\/index.php\/2022\/05\/15\/suarez-le-dice-adios-al-atletico\/#breadcrumb","itemListElement":[{"@type":"ListItem","position":1,"name":"Portada","item":"https:\/\/futbolhoy.co\/"},{"@type":"ListItem","position":2,"name":"Su\u00e1rez le dice adi\u00f3s al Atl\u00e9tico"}]},{"@type":"WebSite","@id":"https:\/\/futbolhoy.co\/#website","url":"https:\/\/futbolhoy.co\/","name":"FutbolHoy","description":"","publisher":{"@id":"https:\/\/futbolhoy.co\/#organization"},"potentialAction":[{"@type":"SearchAction","target":{"@type":"EntryPoint","urlTemplate":"https:\/\/futbolhoy.co\/?s={search_term_string}"},"query-input":{"@type":"PropertyValueSpecification","valueRequired":true,"valueName":"search_term_string"}}],"inLanguage":"es"},{"@type":"Organization","@id":"https:\/\/futbolhoy.co\/#organization","name":"Futbolhoy.co","url":"https:\/\/futbolhoy.co\/","logo":{"@type":"ImageObject","inLanguage":"es","@id":"https:\/\/futbolhoy.co\/#\/schema\/logo\/image\/","url":"https:\/\/futbolhoy.co\/wp-content\/uploads\/2018\/08\/17426380_1906371736249227_6326180412931521141_n.jpg","contentUrl":"https:\/\/futbolhoy.co\/wp-content\/uploads\/2018\/08\/17426380_1906371736249227_6326180412931521141_n.jpg","width":960,"height":960,"caption":"Futbolhoy.co"},"image":{"@id":"https:\/\/futbolhoy.co\/#\/schema\/logo\/image\/"},"sameAs":["https:\/\/www.facebook.com\/FutbolHoyCol\/","https:\/\/x.com\/FutbolHoyCol","https:\/\/www.instagram.com\/futbolhoycol\/"]},{"@type":"Person","@id":"https:\/\/futbolhoy.co\/#\/schema\/person\/c4a353a512b127643723a34bb1812f7d","name":"Laura Hern\u00e1ndez","image":{"@type":"ImageObject","inLanguage":"es","@id":"https:\/\/futbolhoy.co\/#\/schema\/person\/image\/","url":"https:\/\/secure.gravatar.com\/avatar\/d25959a15b9b293a743f99181c7cfd01?s=96&d=mm&r=g","contentUrl":"https:\/\/secure.gravatar.com\/avatar\/d25959a15b9b293a743f99181c7cfd01?s=96&d=mm&r=g","caption":"Laura Hern\u00e1ndez"}}]}},"publishpress_future_action":{"enabled":false,"date":"2026-05-04 12:13:01","action":"change-status","newStatus":"draft","terms":[],"taxonomy":"category","extraData":[]},"publishpress_future_workflow_manual_trigger":{"enabledWorkflows":[]},"_links":{"self":[{"href":"https:\/\/futbolhoy.co\/index.php\/wp-json\/wp\/v2\/posts\/80135","targetHints":{"allow":["GET"]}}],"collection":[{"href":"https:\/\/futbolhoy.co\/index.php\/wp-json\/wp\/v2\/posts"}],"about":[{"href":"https:\/\/futbolhoy.co\/index.php\/wp-json\/wp\/v2\/types\/post"}],"author":[{"embeddable":true,"href":"https:\/\/futbolhoy.co\/index.php\/wp-json\/wp\/v2\/users\/5"}],"replies":[{"embeddable":true,"href":"https:\/\/futbolhoy.co\/index.php\/wp-json\/wp\/v2\/comments?post=80135"}],"version-history":[{"count":1,"href":"https:\/\/futbolhoy.co\/index.php\/wp-json\/wp\/v2\/posts\/80135\/revisions"}],"predecessor-version":[{"id":80137,"href":"https:\/\/futbolhoy.co\/index.php\/wp-json\/wp\/v2\/posts\/80135\/revisions\/80137"}],"wp:featuredmedia":[{"embeddable":true,"href":"https:\/\/futbolhoy.co\/index.php\/wp-json\/wp\/v2\/media\/80136"}],"wp:attachment":[{"href":"https:\/\/futbolhoy.co\/index.php\/wp-json\/wp\/v2\/media?parent=80135"}],"wp:term":[{"taxonomy":"category","embeddable":true,"href":"https:\/\/futbolhoy.co\/index.php\/wp-json\/wp\/v2\/categories?post=80135"},{"taxonomy":"post_tag","embeddable":true,"href":"https:\/\/futbolhoy.co\/index.php\/wp-json\/wp\/v2\/tags?post=80135"}],"curies":[{"name":"wp","href":"https:\/\/api.w.org\/{rel}","templated":true}]}}