{"id":80198,"date":"2022-05-16T16:47:25","date_gmt":"2022-05-16T21:47:25","guid":{"rendered":"https:\/\/futbolhoy.co\/?p=80198"},"modified":"2022-05-17T12:09:07","modified_gmt":"2022-05-17T17:09:07","slug":"morelos-en-el-once-de-escocia","status":"publish","type":"post","link":"https:\/\/futbolhoy.co\/index.php\/2022\/05\/16\/morelos-en-el-once-de-escocia\/","title":{"rendered":"Morelos en el \u2018Once\u2019 de Escocia"},"content":{"rendered":"<p style=\"text-align: justify;\"><span style=\"font-family: helvetica, arial, sans-serif;\">El goleador del <strong>Rangers,<\/strong> el cordob\u00e9s <strong>Alfredo Morelos<\/strong>, fue incluido en el \u2018Once Ideal\u2019 de la <strong>Liga de Escocia<\/strong>, a pesar de que no pudo terminar como titular debido a una lesi\u00f3n en su muslo izquierdo.<\/span><\/p>\n<p style=\"text-align: justify;\"><span style=\"font-family: helvetica, arial, sans-serif;\">El colombiano, de 25 a\u00f1os y quien disput\u00f3 su \u00faltimo partido el pasado 20 de marzo frente al <strong>Dundee,<\/strong> marc\u00f3 18 goles y aport\u00f3 7 asistencias en 42 partidos en los que particip\u00f3.<\/span><\/p>\n<p style=\"text-align: justify;\"><span style=\"font-family: helvetica, arial, sans-serif;\"><strong>Morelos<\/strong> recibi\u00f3 7.32 de calificaci\u00f3n y aparece en el selecto grupo de jugadores, seg\u00fan el portal <strong>SofaScore.<\/strong><\/span><\/p>\n<p style=\"text-align: justify;\"><span style=\"font-family: helvetica, arial, sans-serif;\">El mejor calificado en el equipo ideal, fue James Tavernier, compa\u00f1ero de Morelos, con 7.7.<\/span><\/p>\n<p style=\"text-align: justify;\"><span style=\"font-family: helvetica, arial, sans-serif;\">El \u2018Bufalo\u2019 complet\u00f3 cinco temporadas con el equipo de <strong>Glasgow<\/strong> y ser\u00e1 el gran ausente en la final de la <strong>Liga de Europa<\/strong>, que su equipo disputar\u00e1 el mi\u00e9rcoles en <strong>Sevilla<\/strong> frente al <strong>Eintracht Frankfurt<\/strong>.<\/span><\/p>\n<p style=\"text-align: justify;\"><span style=\"font-family: helvetica, arial, sans-serif;\"><img fetchpriority=\"high\" decoding=\"async\" class=\"alignnone size-full wp-image-80200\" src=\"https:\/\/futbolhoy.co\/wp-content\/uploads\/2022\/05\/descarga.jpeg.jpg\" alt=\"\" width=\"881\" height=\"855\" srcset=\"https:\/\/futbolhoy.co\/wp-content\/uploads\/2022\/05\/descarga.jpeg.jpg 881w, https:\/\/futbolhoy.co\/wp-content\/uploads\/2022\/05\/descarga.jpeg-300x291.jpg 300w, https:\/\/futbolhoy.co\/wp-content\/uploads\/2022\/05\/descarga.jpeg-768x745.jpg 768w, https:\/\/futbolhoy.co\/wp-content\/uploads\/2022\/05\/descarga.jpeg-696x675.jpg 696w, https:\/\/futbolhoy.co\/wp-content\/uploads\/2022\/05\/descarga.jpeg-433x420.jpg 433w, https:\/\/futbolhoy.co\/wp-content\/uploads\/2022\/05\/descarga.jpeg-128x124.jpg 128w, https:\/\/futbolhoy.co\/wp-content\/uploads\/2022\/05\/descarga.jpeg-32x32.jpg 32w\" sizes=\"(max-width: 881px) 100vw, 881px\" \/><\/span><\/p>\n","protected":false},"excerpt":{"rendered":"<p>El goleador del Rangers, el cordob\u00e9s Alfredo Morelos, fue incluido en el \u2018Once Ideal\u2019 de la Liga de Escocia, a pesar de que no pudo terminar como titular debido a una lesi\u00f3n en su muslo izquierdo. El colombiano, de 25 a\u00f1os y quien disput\u00f3 su \u00faltimo partido el pasado 20 de marzo frente al Dundee, [&hellip;]<\/p>\n","protected":false},"author":5,"featured_media":80199,"comment_status":"open","ping_status":"open","sticky":false,"template":"","format":"standard","meta":{"_acf_changed":false,"footnotes":""},"categories":[418],"tags":[],"class_list":{"0":"post-80198","1":"post","2":"type-post","3":"status-publish","4":"format-standard","5":"has-post-thumbnail","7":"category-colombia"},"acf":[],"yoast_head":"<!-- This site is optimized with the Yoast SEO plugin v26.8 - https:\/\/yoast.com\/product\/yoast-seo-wordpress\/ -->\n<title>Morelos en el \u2018Once\u2019 de Escocia -<\/title>\n<meta name=\"robots\" content=\"index, follow, max-snippet:-1, max-image-preview:large, max-video-preview:-1\" \/>\n<link rel=\"canonical\" href=\"https:\/\/futbolhoy.co\/index.php\/2022\/05\/16\/morelos-en-el-once-de-escocia\/\" \/>\n<meta property=\"og:locale\" content=\"es_ES\" \/>\n<meta property=\"og:type\" content=\"article\" \/>\n<meta property=\"og:title\" content=\"Morelos en el \u2018Once\u2019 de Escocia -\" \/>\n<meta property=\"og:description\" content=\"El goleador del Rangers, el cordob\u00e9s Alfredo Morelos, fue incluido en el \u2018Once Ideal\u2019 de la Liga de Escocia, a pesar de que no pudo terminar como titular debido a una lesi\u00f3n en su muslo izquierdo. El colombiano, de 25 a\u00f1os y quien disput\u00f3 su \u00faltimo partido el pasado 20 de marzo frente al Dundee, [&hellip;]\" \/>\n<meta property=\"og:url\" content=\"https:\/\/futbolhoy.co\/index.php\/2022\/05\/16\/morelos-en-el-once-de-escocia\/\" \/>\n<meta property=\"article:publisher\" content=\"https:\/\/www.facebook.com\/FutbolHoyCol\/\" \/>\n<meta property=\"article:published_time\" content=\"2022-05-16T21:47:25+00:00\" \/>\n<meta property=\"article:modified_time\" content=\"2022-05-17T17:09:07+00:00\" \/>\n<meta property=\"og:image\" content=\"https:\/\/futbolhoy.co\/wp-content\/uploads\/2022\/05\/20220516_164425.jpg\" \/>\n\t<meta property=\"og:image:width\" content=\"990\" \/>\n\t<meta property=\"og:image:height\" content=\"557\" \/>\n\t<meta property=\"og:image:type\" content=\"image\/jpeg\" \/>\n<meta name=\"author\" content=\"Laura Hern\u00e1ndez\" \/>\n<meta name=\"twitter:card\" content=\"summary_large_image\" \/>\n<meta name=\"twitter:creator\" content=\"@FutbolHoyCol\" \/>\n<meta name=\"twitter:site\" content=\"@FutbolHoyCol\" \/>\n<meta name=\"twitter:label1\" content=\"Escrito por\" \/>\n\t<meta name=\"twitter:data1\" content=\"Laura Hern\u00e1ndez\" \/>\n\t<meta name=\"twitter:label2\" content=\"Tiempo de lectura\" \/>\n\t<meta name=\"twitter:data2\" content=\"1 minuto\" \/>\n<script type=\"application\/ld+json\" class=\"yoast-schema-graph\">{\"@context\":\"https:\/\/schema.org\",\"@graph\":[{\"@type\":\"Article\",\"@id\":\"https:\/\/futbolhoy.co\/index.php\/2022\/05\/16\/morelos-en-el-once-de-escocia\/#article\",\"isPartOf\":{\"@id\":\"https:\/\/futbolhoy.co\/index.php\/2022\/05\/16\/morelos-en-el-once-de-escocia\/\"},\"author\":{\"name\":\"Laura Hern\u00e1ndez\",\"@id\":\"https:\/\/futbolhoy.co\/#\/schema\/person\/c4a353a512b127643723a34bb1812f7d\"},\"headline\":\"Morelos en el \u2018Once\u2019 de Escocia\",\"datePublished\":\"2022-05-16T21:47:25+00:00\",\"dateModified\":\"2022-05-17T17:09:07+00:00\",\"mainEntityOfPage\":{\"@id\":\"https:\/\/futbolhoy.co\/index.php\/2022\/05\/16\/morelos-en-el-once-de-escocia\/\"},\"wordCount\":142,\"commentCount\":0,\"publisher\":{\"@id\":\"https:\/\/futbolhoy.co\/#organization\"},\"image\":{\"@id\":\"https:\/\/futbolhoy.co\/index.php\/2022\/05\/16\/morelos-en-el-once-de-escocia\/#primaryimage\"},\"thumbnailUrl\":\"https:\/\/futbolhoy.co\/wp-content\/uploads\/2022\/05\/20220516_164425.jpg\",\"articleSection\":[\"Colombia\"],\"inLanguage\":\"es\",\"potentialAction\":[{\"@type\":\"CommentAction\",\"name\":\"Comment\",\"target\":[\"https:\/\/futbolhoy.co\/index.php\/2022\/05\/16\/morelos-en-el-once-de-escocia\/#respond\"]}]},{\"@type\":\"WebPage\",\"@id\":\"https:\/\/futbolhoy.co\/index.php\/2022\/05\/16\/morelos-en-el-once-de-escocia\/\",\"url\":\"https:\/\/futbolhoy.co\/index.php\/2022\/05\/16\/morelos-en-el-once-de-escocia\/\",\"name\":\"Morelos en el \u2018Once\u2019 de Escocia -\",\"isPartOf\":{\"@id\":\"https:\/\/futbolhoy.co\/#website\"},\"primaryImageOfPage\":{\"@id\":\"https:\/\/futbolhoy.co\/index.php\/2022\/05\/16\/morelos-en-el-once-de-escocia\/#primaryimage\"},\"image\":{\"@id\":\"https:\/\/futbolhoy.co\/index.php\/2022\/05\/16\/morelos-en-el-once-de-escocia\/#primaryimage\"},\"thumbnailUrl\":\"https:\/\/futbolhoy.co\/wp-content\/uploads\/2022\/05\/20220516_164425.jpg\",\"datePublished\":\"2022-05-16T21:47:25+00:00\",\"dateModified\":\"2022-05-17T17:09:07+00:00\",\"breadcrumb\":{\"@id\":\"https:\/\/futbolhoy.co\/index.php\/2022\/05\/16\/morelos-en-el-once-de-escocia\/#breadcrumb\"},\"inLanguage\":\"es\",\"potentialAction\":[{\"@type\":\"ReadAction\",\"target\":[\"https:\/\/futbolhoy.co\/index.php\/2022\/05\/16\/morelos-en-el-once-de-escocia\/\"]}]},{\"@type\":\"ImageObject\",\"inLanguage\":\"es\",\"@id\":\"https:\/\/futbolhoy.co\/index.php\/2022\/05\/16\/morelos-en-el-once-de-escocia\/#primaryimage\",\"url\":\"https:\/\/futbolhoy.co\/wp-content\/uploads\/2022\/05\/20220516_164425.jpg\",\"contentUrl\":\"https:\/\/futbolhoy.co\/wp-content\/uploads\/2022\/05\/20220516_164425.jpg\",\"width\":990,\"height\":557},{\"@type\":\"BreadcrumbList\",\"@id\":\"https:\/\/futbolhoy.co\/index.php\/2022\/05\/16\/morelos-en-el-once-de-escocia\/#breadcrumb\",\"itemListElement\":[{\"@type\":\"ListItem\",\"position\":1,\"name\":\"Portada\",\"item\":\"https:\/\/futbolhoy.co\/\"},{\"@type\":\"ListItem\",\"position\":2,\"name\":\"Morelos en el \u2018Once\u2019 de Escocia\"}]},{\"@type\":\"WebSite\",\"@id\":\"https:\/\/futbolhoy.co\/#website\",\"url\":\"https:\/\/futbolhoy.co\/\",\"name\":\"FutbolHoy\",\"description\":\"\",\"publisher\":{\"@id\":\"https:\/\/futbolhoy.co\/#organization\"},\"potentialAction\":[{\"@type\":\"SearchAction\",\"target\":{\"@type\":\"EntryPoint\",\"urlTemplate\":\"https:\/\/futbolhoy.co\/?s={search_term_string}\"},\"query-input\":{\"@type\":\"PropertyValueSpecification\",\"valueRequired\":true,\"valueName\":\"search_term_string\"}}],\"inLanguage\":\"es\"},{\"@type\":\"Organization\",\"@id\":\"https:\/\/futbolhoy.co\/#organization\",\"name\":\"Futbolhoy.co\",\"url\":\"https:\/\/futbolhoy.co\/\",\"logo\":{\"@type\":\"ImageObject\",\"inLanguage\":\"es\",\"@id\":\"https:\/\/futbolhoy.co\/#\/schema\/logo\/image\/\",\"url\":\"https:\/\/futbolhoy.co\/wp-content\/uploads\/2018\/08\/17426380_1906371736249227_6326180412931521141_n.jpg\",\"contentUrl\":\"https:\/\/futbolhoy.co\/wp-content\/uploads\/2018\/08\/17426380_1906371736249227_6326180412931521141_n.jpg\",\"width\":960,\"height\":960,\"caption\":\"Futbolhoy.co\"},\"image\":{\"@id\":\"https:\/\/futbolhoy.co\/#\/schema\/logo\/image\/\"},\"sameAs\":[\"https:\/\/www.facebook.com\/FutbolHoyCol\/\",\"https:\/\/x.com\/FutbolHoyCol\",\"https:\/\/www.instagram.com\/futbolhoycol\/\"]},{\"@type\":\"Person\",\"@id\":\"https:\/\/futbolhoy.co\/#\/schema\/person\/c4a353a512b127643723a34bb1812f7d\",\"name\":\"Laura Hern\u00e1ndez\",\"image\":{\"@type\":\"ImageObject\",\"inLanguage\":\"es\",\"@id\":\"https:\/\/futbolhoy.co\/#\/schema\/person\/image\/\",\"url\":\"https:\/\/secure.gravatar.com\/avatar\/d25959a15b9b293a743f99181c7cfd01?s=96&d=mm&r=g\",\"contentUrl\":\"https:\/\/secure.gravatar.com\/avatar\/d25959a15b9b293a743f99181c7cfd01?s=96&d=mm&r=g\",\"caption\":\"Laura Hern\u00e1ndez\"}}]}<\/script>\n<!-- \/ Yoast SEO plugin. -->","yoast_head_json":{"title":"Morelos en el \u2018Once\u2019 de Escocia -","robots":{"index":"index","follow":"follow","max-snippet":"max-snippet:-1","max-image-preview":"max-image-preview:large","max-video-preview":"max-video-preview:-1"},"canonical":"https:\/\/futbolhoy.co\/index.php\/2022\/05\/16\/morelos-en-el-once-de-escocia\/","og_locale":"es_ES","og_type":"article","og_title":"Morelos en el \u2018Once\u2019 de Escocia -","og_description":"El goleador del Rangers, el cordob\u00e9s Alfredo Morelos, fue incluido en el \u2018Once Ideal\u2019 de la Liga de Escocia, a pesar de que no pudo terminar como titular debido a una lesi\u00f3n en su muslo izquierdo. El colombiano, de 25 a\u00f1os y quien disput\u00f3 su \u00faltimo partido el pasado 20 de marzo frente al Dundee, [&hellip;]","og_url":"https:\/\/futbolhoy.co\/index.php\/2022\/05\/16\/morelos-en-el-once-de-escocia\/","article_publisher":"https:\/\/www.facebook.com\/FutbolHoyCol\/","article_published_time":"2022-05-16T21:47:25+00:00","article_modified_time":"2022-05-17T17:09:07+00:00","og_image":[{"width":990,"height":557,"url":"https:\/\/futbolhoy.co\/wp-content\/uploads\/2022\/05\/20220516_164425.jpg","type":"image\/jpeg"}],"author":"Laura Hern\u00e1ndez","twitter_card":"summary_large_image","twitter_creator":"@FutbolHoyCol","twitter_site":"@FutbolHoyCol","twitter_misc":{"Escrito por":"Laura Hern\u00e1ndez","Tiempo de lectura":"1 minuto"},"schema":{"@context":"https:\/\/schema.org","@graph":[{"@type":"Article","@id":"https:\/\/futbolhoy.co\/index.php\/2022\/05\/16\/morelos-en-el-once-de-escocia\/#article","isPartOf":{"@id":"https:\/\/futbolhoy.co\/index.php\/2022\/05\/16\/morelos-en-el-once-de-escocia\/"},"author":{"name":"Laura Hern\u00e1ndez","@id":"https:\/\/futbolhoy.co\/#\/schema\/person\/c4a353a512b127643723a34bb1812f7d"},"headline":"Morelos en el \u2018Once\u2019 de Escocia","datePublished":"2022-05-16T21:47:25+00:00","dateModified":"2022-05-17T17:09:07+00:00","mainEntityOfPage":{"@id":"https:\/\/futbolhoy.co\/index.php\/2022\/05\/16\/morelos-en-el-once-de-escocia\/"},"wordCount":142,"commentCount":0,"publisher":{"@id":"https:\/\/futbolhoy.co\/#organization"},"image":{"@id":"https:\/\/futbolhoy.co\/index.php\/2022\/05\/16\/morelos-en-el-once-de-escocia\/#primaryimage"},"thumbnailUrl":"https:\/\/futbolhoy.co\/wp-content\/uploads\/2022\/05\/20220516_164425.jpg","articleSection":["Colombia"],"inLanguage":"es","potentialAction":[{"@type":"CommentAction","name":"Comment","target":["https:\/\/futbolhoy.co\/index.php\/2022\/05\/16\/morelos-en-el-once-de-escocia\/#respond"]}]},{"@type":"WebPage","@id":"https:\/\/futbolhoy.co\/index.php\/2022\/05\/16\/morelos-en-el-once-de-escocia\/","url":"https:\/\/futbolhoy.co\/index.php\/2022\/05\/16\/morelos-en-el-once-de-escocia\/","name":"Morelos en el \u2018Once\u2019 de Escocia -","isPartOf":{"@id":"https:\/\/futbolhoy.co\/#website"},"primaryImageOfPage":{"@id":"https:\/\/futbolhoy.co\/index.php\/2022\/05\/16\/morelos-en-el-once-de-escocia\/#primaryimage"},"image":{"@id":"https:\/\/futbolhoy.co\/index.php\/2022\/05\/16\/morelos-en-el-once-de-escocia\/#primaryimage"},"thumbnailUrl":"https:\/\/futbolhoy.co\/wp-content\/uploads\/2022\/05\/20220516_164425.jpg","datePublished":"2022-05-16T21:47:25+00:00","dateModified":"2022-05-17T17:09:07+00:00","breadcrumb":{"@id":"https:\/\/futbolhoy.co\/index.php\/2022\/05\/16\/morelos-en-el-once-de-escocia\/#breadcrumb"},"inLanguage":"es","potentialAction":[{"@type":"ReadAction","target":["https:\/\/futbolhoy.co\/index.php\/2022\/05\/16\/morelos-en-el-once-de-escocia\/"]}]},{"@type":"ImageObject","inLanguage":"es","@id":"https:\/\/futbolhoy.co\/index.php\/2022\/05\/16\/morelos-en-el-once-de-escocia\/#primaryimage","url":"https:\/\/futbolhoy.co\/wp-content\/uploads\/2022\/05\/20220516_164425.jpg","contentUrl":"https:\/\/futbolhoy.co\/wp-content\/uploads\/2022\/05\/20220516_164425.jpg","width":990,"height":557},{"@type":"BreadcrumbList","@id":"https:\/\/futbolhoy.co\/index.php\/2022\/05\/16\/morelos-en-el-once-de-escocia\/#breadcrumb","itemListElement":[{"@type":"ListItem","position":1,"name":"Portada","item":"https:\/\/futbolhoy.co\/"},{"@type":"ListItem","position":2,"name":"Morelos en el \u2018Once\u2019 de Escocia"}]},{"@type":"WebSite","@id":"https:\/\/futbolhoy.co\/#website","url":"https:\/\/futbolhoy.co\/","name":"FutbolHoy","description":"","publisher":{"@id":"https:\/\/futbolhoy.co\/#organization"},"potentialAction":[{"@type":"SearchAction","target":{"@type":"EntryPoint","urlTemplate":"https:\/\/futbolhoy.co\/?s={search_term_string}"},"query-input":{"@type":"PropertyValueSpecification","valueRequired":true,"valueName":"search_term_string"}}],"inLanguage":"es"},{"@type":"Organization","@id":"https:\/\/futbolhoy.co\/#organization","name":"Futbolhoy.co","url":"https:\/\/futbolhoy.co\/","logo":{"@type":"ImageObject","inLanguage":"es","@id":"https:\/\/futbolhoy.co\/#\/schema\/logo\/image\/","url":"https:\/\/futbolhoy.co\/wp-content\/uploads\/2018\/08\/17426380_1906371736249227_6326180412931521141_n.jpg","contentUrl":"https:\/\/futbolhoy.co\/wp-content\/uploads\/2018\/08\/17426380_1906371736249227_6326180412931521141_n.jpg","width":960,"height":960,"caption":"Futbolhoy.co"},"image":{"@id":"https:\/\/futbolhoy.co\/#\/schema\/logo\/image\/"},"sameAs":["https:\/\/www.facebook.com\/FutbolHoyCol\/","https:\/\/x.com\/FutbolHoyCol","https:\/\/www.instagram.com\/futbolhoycol\/"]},{"@type":"Person","@id":"https:\/\/futbolhoy.co\/#\/schema\/person\/c4a353a512b127643723a34bb1812f7d","name":"Laura Hern\u00e1ndez","image":{"@type":"ImageObject","inLanguage":"es","@id":"https:\/\/futbolhoy.co\/#\/schema\/person\/image\/","url":"https:\/\/secure.gravatar.com\/avatar\/d25959a15b9b293a743f99181c7cfd01?s=96&d=mm&r=g","contentUrl":"https:\/\/secure.gravatar.com\/avatar\/d25959a15b9b293a743f99181c7cfd01?s=96&d=mm&r=g","caption":"Laura Hern\u00e1ndez"}}]}},"publishpress_future_action":{"enabled":false,"date":"2026-05-03 10:19:38","action":"change-status","newStatus":"draft","terms":[],"taxonomy":"category","extraData":[]},"publishpress_future_workflow_manual_trigger":{"enabledWorkflows":[]},"_links":{"self":[{"href":"https:\/\/futbolhoy.co\/index.php\/wp-json\/wp\/v2\/posts\/80198","targetHints":{"allow":["GET"]}}],"collection":[{"href":"https:\/\/futbolhoy.co\/index.php\/wp-json\/wp\/v2\/posts"}],"about":[{"href":"https:\/\/futbolhoy.co\/index.php\/wp-json\/wp\/v2\/types\/post"}],"author":[{"embeddable":true,"href":"https:\/\/futbolhoy.co\/index.php\/wp-json\/wp\/v2\/users\/5"}],"replies":[{"embeddable":true,"href":"https:\/\/futbolhoy.co\/index.php\/wp-json\/wp\/v2\/comments?post=80198"}],"version-history":[{"count":1,"href":"https:\/\/futbolhoy.co\/index.php\/wp-json\/wp\/v2\/posts\/80198\/revisions"}],"predecessor-version":[{"id":80201,"href":"https:\/\/futbolhoy.co\/index.php\/wp-json\/wp\/v2\/posts\/80198\/revisions\/80201"}],"wp:featuredmedia":[{"embeddable":true,"href":"https:\/\/futbolhoy.co\/index.php\/wp-json\/wp\/v2\/media\/80199"}],"wp:attachment":[{"href":"https:\/\/futbolhoy.co\/index.php\/wp-json\/wp\/v2\/media?parent=80198"}],"wp:term":[{"taxonomy":"category","embeddable":true,"href":"https:\/\/futbolhoy.co\/index.php\/wp-json\/wp\/v2\/categories?post=80198"},{"taxonomy":"post_tag","embeddable":true,"href":"https:\/\/futbolhoy.co\/index.php\/wp-json\/wp\/v2\/tags?post=80198"}],"curies":[{"name":"wp","href":"https:\/\/api.w.org\/{rel}","templated":true}]}}