{"id":80262,"date":"2022-05-18T19:43:04","date_gmt":"2022-05-19T00:43:04","guid":{"rendered":"https:\/\/futbolhoy.co\/?p=80262"},"modified":"2022-05-19T10:49:09","modified_gmt":"2022-05-19T15:49:09","slug":"borre-le-dio-el-titulo-de-europa-al-frankfurt","status":"publish","type":"post","link":"https:\/\/futbolhoy.co\/index.php\/2022\/05\/18\/borre-le-dio-el-titulo-de-europa-al-frankfurt\/","title":{"rendered":"Borr\u00e9 le dio el t\u00edtulo de Europa al Frankfurt"},"content":{"rendered":"<!--[if lt IE 9]><script>document.createElement('audio');<\/script><![endif]-->\n<audio class=\"wp-audio-shortcode\" id=\"audio-80262-1\" preload=\"none\" style=\"width: 100%;\" controls=\"controls\"><source type=\"audio\/mpeg\" src=\"https:\/\/futbolhoy.co\/wp-content\/uploads\/2022\/05\/VOZ-SANTOS-BORRE2022-05-18-1.mp3?_=1\" \/><a href=\"https:\/\/futbolhoy.co\/wp-content\/uploads\/2022\/05\/VOZ-SANTOS-BORRE2022-05-18-1.mp3\">https:\/\/futbolhoy.co\/wp-content\/uploads\/2022\/05\/VOZ-SANTOS-BORRE2022-05-18-1.mp3<\/a><\/audio>\n<p>Rafael Santos Borr\u00e9 - Jugador Eintracht Frankfurt, Cortes\u00eda UEFA<\/p>\n<p style=\"text-align: justify;\"><span style=\"font-family: helvetica, arial, sans-serif;\">El<strong> Eintracht Frankfurt<\/strong> se proclam\u00f3 campe\u00f3n de la <strong>Liga Europa<\/strong> al imponerse en la tanda de penaltis 5-4 sobre el <strong>Glasgow Rangers,<\/strong> en la final disputada en el <strong>estadio Ram\u00f3n S\u00e1nchez Pizju\u00e1n<\/strong> de <strong>Sevilla<\/strong> y que termin\u00f3 con empate 1-1 en 120 minutos de juego.<\/span><\/p>\n<p style=\"text-align: justify;\"><span style=\"font-family: helvetica, arial, sans-serif;\">Los goles fueron marcados en la segunda parte del encuentro por el nigeriano <strong>Joe Aribo<\/strong> (57\u2019) para los escoceses y <strong>Rafael Santos Borr\u00e9<\/strong> (69\u2019) para los alemanes.<\/span><\/p>\n<p style=\"text-align: justify;\"><span style=\"font-family: helvetica, arial, sans-serif;\">El tanto de <strong>Borr\u00e9<\/strong> lleg\u00f3 despu\u00e9s de un centro del serbio <strong>Filip Kostic,<\/strong> donde el barranquillero se anticip\u00f3 a su marca para superar al portero del equipo escoces.<\/span><\/p>\n<p style=\"text-align: justify;\"><span style=\"font-family: helvetica, arial, sans-serif;\">En la definici\u00f3n, el colombiano convirti\u00f3 la quinta ejecuci\u00f3n, despu\u00e9s que el portero del equipo alem\u00e1n, <strong>Kevin Trapp,<\/strong> ataj\u00f3 el cobro de <strong>Aaron Ramsey<\/strong><\/span><\/p>\n<p style=\"text-align: justify;\"><span style=\"font-family: helvetica, arial, sans-serif;\"><strong>Santos Borr\u00e9<\/strong> sum\u00f3 su cuarto gol en 13 partidos disputados en esta edici\u00f3n del torneo.<\/span><\/p>\n<p style=\"text-align: justify;\"><span style=\"font-family: helvetica, arial, sans-serif;\">\u2018Maquina\u2019 se convirti\u00f3 en el tercer colombiano en marcar gol en una final de este campeonato. Previamente <strong>Falcao Garc\u00eda<\/strong> anot\u00f3 el tanto del triunfo de <strong>Porto<\/strong> 1-0 sobre <strong>Braga<\/strong> en 2011 y doblete en la victoria del <strong>Atl\u00e9tico<\/strong>\u00a0<strong>de Madrid<\/strong> 3-0 sobre <strong>Athletic de Bilbao<\/strong> en 2012.<\/span><\/p>\n<p style=\"text-align: justify;\"><span style=\"font-family: helvetica, arial, sans-serif;\">Adem\u00e1s, <strong>Carlos Bacca<\/strong> marc\u00f3 con <strong>Sevilla<\/strong> en la definici\u00f3n de los penaltis sobre <strong>Benfica<\/strong> (4-2) en 2014 y un doblete en el t\u00edtulo del 2015, donde <strong>Sevilla<\/strong> se impuso 3-2 a <strong>Dnipro<\/strong> de Ucrania.<\/span><\/p>\n<p><span style=\"font-family: helvetica, arial, sans-serif;\">En la historia de la<strong> Liga de Europa,<\/strong> siete colombianos han conquistado el t\u00edtulo, as\u00ed:<\/span><\/p>\n<ul>\n<li style=\"text-align: justify;\"><span style=\"font-family: helvetica, arial, sans-serif;\">Faustino Asprilla (Parma) en 1995 y 1999<\/span><\/li>\n<li style=\"text-align: justify;\"><span style=\"font-family: helvetica, arial, sans-serif;\">Amaranto Perea (Atl. De Madrid) en 2010 y 2012<\/span><\/li>\n<li style=\"text-align: justify;\"><span style=\"font-family: helvetica, arial, sans-serif;\">Falcao Garc\u00eda (Porto y Atl. De Madrid) en 2011 y 2012<\/span><\/li>\n<li style=\"text-align: justify;\"><span style=\"font-family: helvetica, arial, sans-serif;\">Freddy Guar\u00edn (Porto) en 2011<\/span><\/li>\n<li style=\"text-align: justify;\"><span style=\"font-family: helvetica, arial, sans-serif;\">James Rodr\u00edguez (Porto) en 2011<\/span><\/li>\n<li style=\"text-align: justify;\"><span style=\"font-family: helvetica, arial, sans-serif;\">Carlos Bacca (Sevilla y Villarreal) en 2014, 2015 y 2021<\/span><\/li>\n<li style=\"text-align: justify;\"><span style=\"font-family: helvetica, arial, sans-serif;\">Rafael Santos Borr\u00e9 (Eintracht Frankfurt) en 2022<\/span><\/li>\n<\/ul>\n","protected":false},"excerpt":{"rendered":"<p>Rafael Santos Borr\u00e9 - Jugador Eintracht Frankfurt, Cortes\u00eda UEFA El Eintracht Frankfurt se proclam\u00f3 campe\u00f3n de la Liga Europa al imponerse en la tanda de penaltis 5-4 sobre el Glasgow Rangers, en la final disputada en el estadio Ram\u00f3n S\u00e1nchez Pizju\u00e1n de Sevilla y que termin\u00f3 con empate 1-1 en 120 minutos de juego. Los [&hellip;]<\/p>\n","protected":false},"author":5,"featured_media":80267,"comment_status":"open","ping_status":"open","sticky":false,"template":"","format":"video","meta":{"_acf_changed":false,"footnotes":""},"categories":[418],"tags":[],"class_list":{"0":"post-80262","1":"post","2":"type-post","3":"status-publish","4":"format-video","5":"has-post-thumbnail","7":"category-colombia","8":"post_format-post-format-video"},"acf":[],"yoast_head":"<!-- This site is optimized with the Yoast SEO plugin v26.8 - https:\/\/yoast.com\/product\/yoast-seo-wordpress\/ -->\n<title>Borr\u00e9 le dio el t\u00edtulo de Europa al Frankfurt -<\/title>\n<meta name=\"robots\" content=\"index, follow, max-snippet:-1, max-image-preview:large, max-video-preview:-1\" \/>\n<link rel=\"canonical\" href=\"https:\/\/futbolhoy.co\/index.php\/2022\/05\/18\/borre-le-dio-el-titulo-de-europa-al-frankfurt\/\" \/>\n<meta property=\"og:locale\" content=\"es_ES\" \/>\n<meta property=\"og:type\" content=\"article\" \/>\n<meta property=\"og:title\" content=\"Borr\u00e9 le dio el t\u00edtulo de Europa al Frankfurt -\" \/>\n<meta property=\"og:description\" content=\"Rafael Santos Borr\u00e9 - Jugador Eintracht Frankfurt, Cortes\u00eda UEFA El Eintracht Frankfurt se proclam\u00f3 campe\u00f3n de la Liga Europa al imponerse en la tanda de penaltis 5-4 sobre el Glasgow Rangers, en la final disputada en el estadio Ram\u00f3n S\u00e1nchez Pizju\u00e1n de Sevilla y que termin\u00f3 con empate 1-1 en 120 minutos de juego. Los [&hellip;]\" \/>\n<meta property=\"og:url\" content=\"https:\/\/futbolhoy.co\/index.php\/2022\/05\/18\/borre-le-dio-el-titulo-de-europa-al-frankfurt\/\" \/>\n<meta property=\"article:publisher\" content=\"https:\/\/www.facebook.com\/FutbolHoyCol\/\" \/>\n<meta property=\"article:published_time\" content=\"2022-05-19T00:43:04+00:00\" \/>\n<meta property=\"article:modified_time\" content=\"2022-05-19T15:49:09+00:00\" \/>\n<meta property=\"og:image\" content=\"https:\/\/futbolhoy.co\/wp-content\/uploads\/2022\/05\/FTEW82GX0AAT8uz-1.jpg\" \/>\n\t<meta property=\"og:image:width\" content=\"1024\" \/>\n\t<meta property=\"og:image:height\" content=\"725\" \/>\n\t<meta property=\"og:image:type\" content=\"image\/jpeg\" \/>\n<meta name=\"author\" content=\"Laura Hern\u00e1ndez\" \/>\n<meta name=\"twitter:card\" content=\"summary_large_image\" \/>\n<meta name=\"twitter:creator\" content=\"@FutbolHoyCol\" \/>\n<meta name=\"twitter:site\" content=\"@FutbolHoyCol\" \/>\n<meta name=\"twitter:label1\" content=\"Escrito por\" \/>\n\t<meta name=\"twitter:data1\" content=\"Laura Hern\u00e1ndez\" \/>\n\t<meta name=\"twitter:label2\" content=\"Tiempo de lectura\" \/>\n\t<meta name=\"twitter:data2\" content=\"2 minutos\" \/>\n<script type=\"application\/ld+json\" class=\"yoast-schema-graph\">{\"@context\":\"https:\/\/schema.org\",\"@graph\":[{\"@type\":\"Article\",\"@id\":\"https:\/\/futbolhoy.co\/index.php\/2022\/05\/18\/borre-le-dio-el-titulo-de-europa-al-frankfurt\/#article\",\"isPartOf\":{\"@id\":\"https:\/\/futbolhoy.co\/index.php\/2022\/05\/18\/borre-le-dio-el-titulo-de-europa-al-frankfurt\/\"},\"author\":{\"name\":\"Laura Hern\u00e1ndez\",\"@id\":\"https:\/\/futbolhoy.co\/#\/schema\/person\/c4a353a512b127643723a34bb1812f7d\"},\"headline\":\"Borr\u00e9 le dio el t\u00edtulo de Europa al Frankfurt\",\"datePublished\":\"2022-05-19T00:43:04+00:00\",\"dateModified\":\"2022-05-19T15:49:09+00:00\",\"mainEntityOfPage\":{\"@id\":\"https:\/\/futbolhoy.co\/index.php\/2022\/05\/18\/borre-le-dio-el-titulo-de-europa-al-frankfurt\/\"},\"wordCount\":321,\"commentCount\":0,\"publisher\":{\"@id\":\"https:\/\/futbolhoy.co\/#organization\"},\"image\":{\"@id\":\"https:\/\/futbolhoy.co\/index.php\/2022\/05\/18\/borre-le-dio-el-titulo-de-europa-al-frankfurt\/#primaryimage\"},\"thumbnailUrl\":\"https:\/\/futbolhoy.co\/wp-content\/uploads\/2022\/05\/FTEW82GX0AAT8uz-1.jpg\",\"articleSection\":[\"Colombia\"],\"inLanguage\":\"es\",\"potentialAction\":[{\"@type\":\"CommentAction\",\"name\":\"Comment\",\"target\":[\"https:\/\/futbolhoy.co\/index.php\/2022\/05\/18\/borre-le-dio-el-titulo-de-europa-al-frankfurt\/#respond\"]}]},{\"@type\":\"WebPage\",\"@id\":\"https:\/\/futbolhoy.co\/index.php\/2022\/05\/18\/borre-le-dio-el-titulo-de-europa-al-frankfurt\/\",\"url\":\"https:\/\/futbolhoy.co\/index.php\/2022\/05\/18\/borre-le-dio-el-titulo-de-europa-al-frankfurt\/\",\"name\":\"Borr\u00e9 le dio el t\u00edtulo de Europa al Frankfurt -\",\"isPartOf\":{\"@id\":\"https:\/\/futbolhoy.co\/#website\"},\"primaryImageOfPage\":{\"@id\":\"https:\/\/futbolhoy.co\/index.php\/2022\/05\/18\/borre-le-dio-el-titulo-de-europa-al-frankfurt\/#primaryimage\"},\"image\":{\"@id\":\"https:\/\/futbolhoy.co\/index.php\/2022\/05\/18\/borre-le-dio-el-titulo-de-europa-al-frankfurt\/#primaryimage\"},\"thumbnailUrl\":\"https:\/\/futbolhoy.co\/wp-content\/uploads\/2022\/05\/FTEW82GX0AAT8uz-1.jpg\",\"datePublished\":\"2022-05-19T00:43:04+00:00\",\"dateModified\":\"2022-05-19T15:49:09+00:00\",\"breadcrumb\":{\"@id\":\"https:\/\/futbolhoy.co\/index.php\/2022\/05\/18\/borre-le-dio-el-titulo-de-europa-al-frankfurt\/#breadcrumb\"},\"inLanguage\":\"es\",\"potentialAction\":[{\"@type\":\"ReadAction\",\"target\":[\"https:\/\/futbolhoy.co\/index.php\/2022\/05\/18\/borre-le-dio-el-titulo-de-europa-al-frankfurt\/\"]}]},{\"@type\":\"ImageObject\",\"inLanguage\":\"es\",\"@id\":\"https:\/\/futbolhoy.co\/index.php\/2022\/05\/18\/borre-le-dio-el-titulo-de-europa-al-frankfurt\/#primaryimage\",\"url\":\"https:\/\/futbolhoy.co\/wp-content\/uploads\/2022\/05\/FTEW82GX0AAT8uz-1.jpg\",\"contentUrl\":\"https:\/\/futbolhoy.co\/wp-content\/uploads\/2022\/05\/FTEW82GX0AAT8uz-1.jpg\",\"width\":1024,\"height\":725},{\"@type\":\"BreadcrumbList\",\"@id\":\"https:\/\/futbolhoy.co\/index.php\/2022\/05\/18\/borre-le-dio-el-titulo-de-europa-al-frankfurt\/#breadcrumb\",\"itemListElement\":[{\"@type\":\"ListItem\",\"position\":1,\"name\":\"Portada\",\"item\":\"https:\/\/futbolhoy.co\/\"},{\"@type\":\"ListItem\",\"position\":2,\"name\":\"Borr\u00e9 le dio el t\u00edtulo de Europa al Frankfurt\"}]},{\"@type\":\"WebSite\",\"@id\":\"https:\/\/futbolhoy.co\/#website\",\"url\":\"https:\/\/futbolhoy.co\/\",\"name\":\"FutbolHoy\",\"description\":\"\",\"publisher\":{\"@id\":\"https:\/\/futbolhoy.co\/#organization\"},\"potentialAction\":[{\"@type\":\"SearchAction\",\"target\":{\"@type\":\"EntryPoint\",\"urlTemplate\":\"https:\/\/futbolhoy.co\/?s={search_term_string}\"},\"query-input\":{\"@type\":\"PropertyValueSpecification\",\"valueRequired\":true,\"valueName\":\"search_term_string\"}}],\"inLanguage\":\"es\"},{\"@type\":\"Organization\",\"@id\":\"https:\/\/futbolhoy.co\/#organization\",\"name\":\"Futbolhoy.co\",\"url\":\"https:\/\/futbolhoy.co\/\",\"logo\":{\"@type\":\"ImageObject\",\"inLanguage\":\"es\",\"@id\":\"https:\/\/futbolhoy.co\/#\/schema\/logo\/image\/\",\"url\":\"https:\/\/futbolhoy.co\/wp-content\/uploads\/2018\/08\/17426380_1906371736249227_6326180412931521141_n.jpg\",\"contentUrl\":\"https:\/\/futbolhoy.co\/wp-content\/uploads\/2018\/08\/17426380_1906371736249227_6326180412931521141_n.jpg\",\"width\":960,\"height\":960,\"caption\":\"Futbolhoy.co\"},\"image\":{\"@id\":\"https:\/\/futbolhoy.co\/#\/schema\/logo\/image\/\"},\"sameAs\":[\"https:\/\/www.facebook.com\/FutbolHoyCol\/\",\"https:\/\/x.com\/FutbolHoyCol\",\"https:\/\/www.instagram.com\/futbolhoycol\/\"]},{\"@type\":\"Person\",\"@id\":\"https:\/\/futbolhoy.co\/#\/schema\/person\/c4a353a512b127643723a34bb1812f7d\",\"name\":\"Laura Hern\u00e1ndez\",\"image\":{\"@type\":\"ImageObject\",\"inLanguage\":\"es\",\"@id\":\"https:\/\/futbolhoy.co\/#\/schema\/person\/image\/\",\"url\":\"https:\/\/secure.gravatar.com\/avatar\/d25959a15b9b293a743f99181c7cfd01?s=96&d=mm&r=g\",\"contentUrl\":\"https:\/\/secure.gravatar.com\/avatar\/d25959a15b9b293a743f99181c7cfd01?s=96&d=mm&r=g\",\"caption\":\"Laura Hern\u00e1ndez\"}}]}<\/script>\n<!-- \/ Yoast SEO plugin. -->","yoast_head_json":{"title":"Borr\u00e9 le dio el t\u00edtulo de Europa al Frankfurt -","robots":{"index":"index","follow":"follow","max-snippet":"max-snippet:-1","max-image-preview":"max-image-preview:large","max-video-preview":"max-video-preview:-1"},"canonical":"https:\/\/futbolhoy.co\/index.php\/2022\/05\/18\/borre-le-dio-el-titulo-de-europa-al-frankfurt\/","og_locale":"es_ES","og_type":"article","og_title":"Borr\u00e9 le dio el t\u00edtulo de Europa al Frankfurt -","og_description":"Rafael Santos Borr\u00e9 - Jugador Eintracht Frankfurt, Cortes\u00eda UEFA El Eintracht Frankfurt se proclam\u00f3 campe\u00f3n de la Liga Europa al imponerse en la tanda de penaltis 5-4 sobre el Glasgow Rangers, en la final disputada en el estadio Ram\u00f3n S\u00e1nchez Pizju\u00e1n de Sevilla y que termin\u00f3 con empate 1-1 en 120 minutos de juego. Los [&hellip;]","og_url":"https:\/\/futbolhoy.co\/index.php\/2022\/05\/18\/borre-le-dio-el-titulo-de-europa-al-frankfurt\/","article_publisher":"https:\/\/www.facebook.com\/FutbolHoyCol\/","article_published_time":"2022-05-19T00:43:04+00:00","article_modified_time":"2022-05-19T15:49:09+00:00","og_image":[{"width":1024,"height":725,"url":"https:\/\/futbolhoy.co\/wp-content\/uploads\/2022\/05\/FTEW82GX0AAT8uz-1.jpg","type":"image\/jpeg"}],"author":"Laura Hern\u00e1ndez","twitter_card":"summary_large_image","twitter_creator":"@FutbolHoyCol","twitter_site":"@FutbolHoyCol","twitter_misc":{"Escrito por":"Laura Hern\u00e1ndez","Tiempo de lectura":"2 minutos"},"schema":{"@context":"https:\/\/schema.org","@graph":[{"@type":"Article","@id":"https:\/\/futbolhoy.co\/index.php\/2022\/05\/18\/borre-le-dio-el-titulo-de-europa-al-frankfurt\/#article","isPartOf":{"@id":"https:\/\/futbolhoy.co\/index.php\/2022\/05\/18\/borre-le-dio-el-titulo-de-europa-al-frankfurt\/"},"author":{"name":"Laura Hern\u00e1ndez","@id":"https:\/\/futbolhoy.co\/#\/schema\/person\/c4a353a512b127643723a34bb1812f7d"},"headline":"Borr\u00e9 le dio el t\u00edtulo de Europa al Frankfurt","datePublished":"2022-05-19T00:43:04+00:00","dateModified":"2022-05-19T15:49:09+00:00","mainEntityOfPage":{"@id":"https:\/\/futbolhoy.co\/index.php\/2022\/05\/18\/borre-le-dio-el-titulo-de-europa-al-frankfurt\/"},"wordCount":321,"commentCount":0,"publisher":{"@id":"https:\/\/futbolhoy.co\/#organization"},"image":{"@id":"https:\/\/futbolhoy.co\/index.php\/2022\/05\/18\/borre-le-dio-el-titulo-de-europa-al-frankfurt\/#primaryimage"},"thumbnailUrl":"https:\/\/futbolhoy.co\/wp-content\/uploads\/2022\/05\/FTEW82GX0AAT8uz-1.jpg","articleSection":["Colombia"],"inLanguage":"es","potentialAction":[{"@type":"CommentAction","name":"Comment","target":["https:\/\/futbolhoy.co\/index.php\/2022\/05\/18\/borre-le-dio-el-titulo-de-europa-al-frankfurt\/#respond"]}]},{"@type":"WebPage","@id":"https:\/\/futbolhoy.co\/index.php\/2022\/05\/18\/borre-le-dio-el-titulo-de-europa-al-frankfurt\/","url":"https:\/\/futbolhoy.co\/index.php\/2022\/05\/18\/borre-le-dio-el-titulo-de-europa-al-frankfurt\/","name":"Borr\u00e9 le dio el t\u00edtulo de Europa al Frankfurt -","isPartOf":{"@id":"https:\/\/futbolhoy.co\/#website"},"primaryImageOfPage":{"@id":"https:\/\/futbolhoy.co\/index.php\/2022\/05\/18\/borre-le-dio-el-titulo-de-europa-al-frankfurt\/#primaryimage"},"image":{"@id":"https:\/\/futbolhoy.co\/index.php\/2022\/05\/18\/borre-le-dio-el-titulo-de-europa-al-frankfurt\/#primaryimage"},"thumbnailUrl":"https:\/\/futbolhoy.co\/wp-content\/uploads\/2022\/05\/FTEW82GX0AAT8uz-1.jpg","datePublished":"2022-05-19T00:43:04+00:00","dateModified":"2022-05-19T15:49:09+00:00","breadcrumb":{"@id":"https:\/\/futbolhoy.co\/index.php\/2022\/05\/18\/borre-le-dio-el-titulo-de-europa-al-frankfurt\/#breadcrumb"},"inLanguage":"es","potentialAction":[{"@type":"ReadAction","target":["https:\/\/futbolhoy.co\/index.php\/2022\/05\/18\/borre-le-dio-el-titulo-de-europa-al-frankfurt\/"]}]},{"@type":"ImageObject","inLanguage":"es","@id":"https:\/\/futbolhoy.co\/index.php\/2022\/05\/18\/borre-le-dio-el-titulo-de-europa-al-frankfurt\/#primaryimage","url":"https:\/\/futbolhoy.co\/wp-content\/uploads\/2022\/05\/FTEW82GX0AAT8uz-1.jpg","contentUrl":"https:\/\/futbolhoy.co\/wp-content\/uploads\/2022\/05\/FTEW82GX0AAT8uz-1.jpg","width":1024,"height":725},{"@type":"BreadcrumbList","@id":"https:\/\/futbolhoy.co\/index.php\/2022\/05\/18\/borre-le-dio-el-titulo-de-europa-al-frankfurt\/#breadcrumb","itemListElement":[{"@type":"ListItem","position":1,"name":"Portada","item":"https:\/\/futbolhoy.co\/"},{"@type":"ListItem","position":2,"name":"Borr\u00e9 le dio el t\u00edtulo de Europa al Frankfurt"}]},{"@type":"WebSite","@id":"https:\/\/futbolhoy.co\/#website","url":"https:\/\/futbolhoy.co\/","name":"FutbolHoy","description":"","publisher":{"@id":"https:\/\/futbolhoy.co\/#organization"},"potentialAction":[{"@type":"SearchAction","target":{"@type":"EntryPoint","urlTemplate":"https:\/\/futbolhoy.co\/?s={search_term_string}"},"query-input":{"@type":"PropertyValueSpecification","valueRequired":true,"valueName":"search_term_string"}}],"inLanguage":"es"},{"@type":"Organization","@id":"https:\/\/futbolhoy.co\/#organization","name":"Futbolhoy.co","url":"https:\/\/futbolhoy.co\/","logo":{"@type":"ImageObject","inLanguage":"es","@id":"https:\/\/futbolhoy.co\/#\/schema\/logo\/image\/","url":"https:\/\/futbolhoy.co\/wp-content\/uploads\/2018\/08\/17426380_1906371736249227_6326180412931521141_n.jpg","contentUrl":"https:\/\/futbolhoy.co\/wp-content\/uploads\/2018\/08\/17426380_1906371736249227_6326180412931521141_n.jpg","width":960,"height":960,"caption":"Futbolhoy.co"},"image":{"@id":"https:\/\/futbolhoy.co\/#\/schema\/logo\/image\/"},"sameAs":["https:\/\/www.facebook.com\/FutbolHoyCol\/","https:\/\/x.com\/FutbolHoyCol","https:\/\/www.instagram.com\/futbolhoycol\/"]},{"@type":"Person","@id":"https:\/\/futbolhoy.co\/#\/schema\/person\/c4a353a512b127643723a34bb1812f7d","name":"Laura Hern\u00e1ndez","image":{"@type":"ImageObject","inLanguage":"es","@id":"https:\/\/futbolhoy.co\/#\/schema\/person\/image\/","url":"https:\/\/secure.gravatar.com\/avatar\/d25959a15b9b293a743f99181c7cfd01?s=96&d=mm&r=g","contentUrl":"https:\/\/secure.gravatar.com\/avatar\/d25959a15b9b293a743f99181c7cfd01?s=96&d=mm&r=g","caption":"Laura Hern\u00e1ndez"}}]}},"publishpress_future_action":{"enabled":false,"date":"2026-05-03 13:09:13","action":"change-status","newStatus":"draft","terms":[],"taxonomy":"category","extraData":[]},"publishpress_future_workflow_manual_trigger":{"enabledWorkflows":[]},"_links":{"self":[{"href":"https:\/\/futbolhoy.co\/index.php\/wp-json\/wp\/v2\/posts\/80262","targetHints":{"allow":["GET"]}}],"collection":[{"href":"https:\/\/futbolhoy.co\/index.php\/wp-json\/wp\/v2\/posts"}],"about":[{"href":"https:\/\/futbolhoy.co\/index.php\/wp-json\/wp\/v2\/types\/post"}],"author":[{"embeddable":true,"href":"https:\/\/futbolhoy.co\/index.php\/wp-json\/wp\/v2\/users\/5"}],"replies":[{"embeddable":true,"href":"https:\/\/futbolhoy.co\/index.php\/wp-json\/wp\/v2\/comments?post=80262"}],"version-history":[{"count":4,"href":"https:\/\/futbolhoy.co\/index.php\/wp-json\/wp\/v2\/posts\/80262\/revisions"}],"predecessor-version":[{"id":80278,"href":"https:\/\/futbolhoy.co\/index.php\/wp-json\/wp\/v2\/posts\/80262\/revisions\/80278"}],"wp:featuredmedia":[{"embeddable":true,"href":"https:\/\/futbolhoy.co\/index.php\/wp-json\/wp\/v2\/media\/80267"}],"wp:attachment":[{"href":"https:\/\/futbolhoy.co\/index.php\/wp-json\/wp\/v2\/media?parent=80262"}],"wp:term":[{"taxonomy":"category","embeddable":true,"href":"https:\/\/futbolhoy.co\/index.php\/wp-json\/wp\/v2\/categories?post=80262"},{"taxonomy":"post_tag","embeddable":true,"href":"https:\/\/futbolhoy.co\/index.php\/wp-json\/wp\/v2\/tags?post=80262"}],"curies":[{"name":"wp","href":"https:\/\/api.w.org\/{rel}","templated":true}]}}