{"id":80293,"date":"2022-05-19T10:53:40","date_gmt":"2022-05-19T15:53:40","guid":{"rendered":"https:\/\/futbolhoy.co\/?p=80293"},"modified":"2022-05-20T08:18:31","modified_gmt":"2022-05-20T13:18:31","slug":"alfredo-arias-nuevo-tecnico-de-santa-fe","status":"publish","type":"post","link":"https:\/\/futbolhoy.co\/index.php\/2022\/05\/19\/alfredo-arias-nuevo-tecnico-de-santa-fe\/","title":{"rendered":"Alfredo Arias, nuevo t\u00e9cnico de Santa Fe"},"content":{"rendered":"<p class=\"x_ydpf2b1db09MsoNormal\" style=\"text-align: justify;\"><span style=\"font-family: helvetica, arial, sans-serif;\"><b><span lang=\"ES-MX\">El uruguayo Alfredo Arias<\/span><\/b><span lang=\"ES-MX\">\u00a0fue designado como nuevo entrenador de\u00a0<b>Independiente Santa Fe<\/b>\u00a0y llegar\u00e1 a\u00a0<b>Bogot\u00e1<\/b>\u00a0este viernes para asumir el cargo.<\/span><\/span><\/p>\n<p class=\"x_ydpf2b1db09MsoNormal\" style=\"text-align: justify;\"><span lang=\"ES-MX\" style=\"font-family: helvetica, arial, sans-serif;\">Arias, de 63 a\u00f1os, tuvo su \u00faltima experiencia como t\u00e9cnico en el\u00a0<b>Deportivo Cali,<\/b>\u00a0durante 2020 y 2021, con un\u00a0<b>rendimiento del 50,54 %<\/b>\u00a0en todas las competiciones, con\u00a0<b>62 partidos dirigidos, 23 ganados, 25 empatados y 12 perdidos.<\/b><\/span><\/p>\n<p class=\"x_ydpf2b1db09MsoNormal\" style=\"text-align: justify;\"><span lang=\"ES-MX\" style=\"font-family: helvetica, arial, sans-serif;\">El uruguayo, adem\u00e1s, ha sido t\u00e9cnico de\u00a0<b>Montevideo Wanderers, Santiago Wanderers, Emelec, Bol\u00edvar y Universidad de Chile,<\/b>\u00a0ganando t\u00edtulos de liga en\u00a0<b>Ecuador<\/b>\u00a0y su pa\u00eds natal.<\/span><\/p>\n<p style=\"text-align: justify;\"><span style=\"font-family: helvetica, arial, sans-serif;\">Arias firm\u00f3 un contrato hasta diciembre del 2023 y estar\u00e1 acompa\u00f1ado de <strong>Ignacio Berriel<\/strong> como su preparador f\u00edsico.<\/span><\/p>\n","protected":false},"excerpt":{"rendered":"<p>El uruguayo Alfredo Arias\u00a0fue designado como nuevo entrenador de\u00a0Independiente Santa Fe\u00a0y llegar\u00e1 a\u00a0Bogot\u00e1\u00a0este viernes para asumir el cargo. Arias, de 63 a\u00f1os, tuvo su \u00faltima experiencia como t\u00e9cnico en el\u00a0Deportivo Cali,\u00a0durante 2020 y 2021, con un\u00a0rendimiento del 50,54 %\u00a0en todas las competiciones, con\u00a062 partidos dirigidos, 23 ganados, 25 empatados y 12 perdidos. El uruguayo, adem\u00e1s, [&hellip;]<\/p>\n","protected":false},"author":5,"featured_media":80294,"comment_status":"open","ping_status":"closed","sticky":false,"template":"","format":"standard","meta":{"_acf_changed":false,"footnotes":""},"categories":[7],"tags":[],"class_list":{"0":"post-80293","1":"post","2":"type-post","3":"status-publish","4":"format-standard","5":"has-post-thumbnail","7":"category-liga-betplay"},"acf":[],"_links":{"self":[{"href":"https:\/\/futbolhoy.co\/index.php\/wp-json\/wp\/v2\/posts\/80293","targetHints":{"allow":["GET"]}}],"collection":[{"href":"https:\/\/futbolhoy.co\/index.php\/wp-json\/wp\/v2\/posts"}],"about":[{"href":"https:\/\/futbolhoy.co\/index.php\/wp-json\/wp\/v2\/types\/post"}],"author":[{"embeddable":true,"href":"https:\/\/futbolhoy.co\/index.php\/wp-json\/wp\/v2\/users\/5"}],"replies":[{"embeddable":true,"href":"https:\/\/futbolhoy.co\/index.php\/wp-json\/wp\/v2\/comments?post=80293"}],"version-history":[{"count":1,"href":"https:\/\/futbolhoy.co\/index.php\/wp-json\/wp\/v2\/posts\/80293\/revisions"}],"predecessor-version":[{"id":80295,"href":"https:\/\/futbolhoy.co\/index.php\/wp-json\/wp\/v2\/posts\/80293\/revisions\/80295"}],"wp:featuredmedia":[{"embeddable":true,"href":"https:\/\/futbolhoy.co\/index.php\/wp-json\/wp\/v2\/media\/80294"}],"wp:attachment":[{"href":"https:\/\/futbolhoy.co\/index.php\/wp-json\/wp\/v2\/media?parent=80293"}],"wp:term":[{"taxonomy":"category","embeddable":true,"href":"https:\/\/futbolhoy.co\/index.php\/wp-json\/wp\/v2\/categories?post=80293"},{"taxonomy":"post_tag","embeddable":true,"href":"https:\/\/futbolhoy.co\/index.php\/wp-json\/wp\/v2\/tags?post=80293"}],"curies":[{"name":"wp","href":"https:\/\/api.w.org\/{rel}","templated":true}]}}