{"id":80305,"date":"2022-05-19T17:10:34","date_gmt":"2022-05-19T22:10:34","guid":{"rendered":"https:\/\/futbolhoy.co\/?p=80305"},"modified":"2022-05-20T12:53:48","modified_gmt":"2022-05-20T17:53:48","slug":"villa-imputado-por-abuso-sexual","status":"publish","type":"post","link":"https:\/\/futbolhoy.co\/index.php\/2022\/05\/19\/villa-imputado-por-abuso-sexual\/","title":{"rendered":"Villa imputado por abuso sexual"},"content":{"rendered":"<p style=\"text-align: justify;\"><span style=\"font-family: helvetica, arial, sans-serif;\">El extremo antioque\u00f1o, <strong>Sebasti\u00e1n Villa<\/strong>, qued\u00f3 formalmente vinculado a la investigaci\u00f3n por la denuncia de abuso sexual a una joven, a quien supuestamente agredi\u00f3 en 2021.<\/span><\/p>\n<p style=\"text-align: justify;\"><span style=\"font-family: helvetica, arial, sans-serif;\"><strong>Villa,<\/strong> jugador de <strong>Boca Juniors<\/strong>, fue notificado de la imputaci\u00f3n por ese delito por parte de las autoridades penales de la localidad de Lomas de Zamora, en las afueras de Buenos Aires, donde se radic\u00f3 la denuncia.<\/span><\/p>\n<p style=\"text-align: justify;\"><span style=\"font-family: helvetica, arial, sans-serif;\">Seg\u00fan relat\u00f3 la mujer en su demanda, ese d\u00eda (26 de junio de 2021) el futbolista, en estado de ebriedad, la atac\u00f3 al regreso de una cena en casa de amigos.<\/span><\/p>\n<p style=\"text-align: justify;\"><span style=\"font-family: helvetica, arial, sans-serif;\">\u201cUna vez finalizado el sometimiento sexual me largu\u00e9 a llorar de manera descontrolada y le suplicaba que me dejara irme, a lo que me manifestaba que no me pod\u00eda retirar hasta tanto no me calme\u201d, asegur\u00f3 en su testimonio la joven, cuya identidad se ha mantenido en reserva.<\/span><\/p>\n<p style=\"text-align: justify;\"><span style=\"font-family: helvetica, arial, sans-serif;\">Adem\u00e1s de este caso, Villa enfrenta desde 2020 una causa por violencia de g\u00e9nero a ra\u00edz de una denuncia de su pareja de entonces, la colombiana Daniela Cort\u00e9s, por maltrato f\u00edsico y psicol\u00f3gico.<\/span><\/p>\n","protected":false},"excerpt":{"rendered":"<p>El extremo antioque\u00f1o, Sebasti\u00e1n Villa, qued\u00f3 formalmente vinculado a la investigaci\u00f3n por la denuncia de abuso sexual a una joven, a quien supuestamente agredi\u00f3 en 2021. Villa, jugador de Boca Juniors, fue notificado de la imputaci\u00f3n por ese delito por parte de las autoridades penales de la localidad de Lomas de Zamora, en las afueras [&hellip;]<\/p>\n","protected":false},"author":5,"featured_media":80309,"comment_status":"open","ping_status":"closed","sticky":false,"template":"","format":"standard","meta":{"_acf_changed":false,"footnotes":""},"categories":[152],"tags":[],"class_list":{"0":"post-80305","1":"post","2":"type-post","3":"status-publish","4":"format-standard","5":"has-post-thumbnail","7":"category-mundo-futbol"},"acf":[],"_links":{"self":[{"href":"https:\/\/futbolhoy.co\/index.php\/wp-json\/wp\/v2\/posts\/80305","targetHints":{"allow":["GET"]}}],"collection":[{"href":"https:\/\/futbolhoy.co\/index.php\/wp-json\/wp\/v2\/posts"}],"about":[{"href":"https:\/\/futbolhoy.co\/index.php\/wp-json\/wp\/v2\/types\/post"}],"author":[{"embeddable":true,"href":"https:\/\/futbolhoy.co\/index.php\/wp-json\/wp\/v2\/users\/5"}],"replies":[{"embeddable":true,"href":"https:\/\/futbolhoy.co\/index.php\/wp-json\/wp\/v2\/comments?post=80305"}],"version-history":[{"count":1,"href":"https:\/\/futbolhoy.co\/index.php\/wp-json\/wp\/v2\/posts\/80305\/revisions"}],"predecessor-version":[{"id":80310,"href":"https:\/\/futbolhoy.co\/index.php\/wp-json\/wp\/v2\/posts\/80305\/revisions\/80310"}],"wp:featuredmedia":[{"embeddable":true,"href":"https:\/\/futbolhoy.co\/index.php\/wp-json\/wp\/v2\/media\/80309"}],"wp:attachment":[{"href":"https:\/\/futbolhoy.co\/index.php\/wp-json\/wp\/v2\/media?parent=80305"}],"wp:term":[{"taxonomy":"category","embeddable":true,"href":"https:\/\/futbolhoy.co\/index.php\/wp-json\/wp\/v2\/categories?post=80305"},{"taxonomy":"post_tag","embeddable":true,"href":"https:\/\/futbolhoy.co\/index.php\/wp-json\/wp\/v2\/tags?post=80305"}],"curies":[{"name":"wp","href":"https:\/\/api.w.org\/{rel}","templated":true}]}}