{"id":80323,"date":"2022-05-20T12:58:00","date_gmt":"2022-05-20T17:58:00","guid":{"rendered":"https:\/\/futbolhoy.co\/?p=80323"},"modified":"2022-05-21T09:22:04","modified_gmt":"2022-05-21T14:22:04","slug":"el-paton-bauza-sufre-alzheimer","status":"publish","type":"post","link":"https:\/\/futbolhoy.co\/index.php\/2022\/05\/20\/el-paton-bauza-sufre-alzheimer\/","title":{"rendered":"\u2018El Pat\u00f3n\u2019 Bauza sufre Alzheimer"},"content":{"rendered":"<p style=\"text-align: justify;\"><span style=\"font-family: helvetica, arial, sans-serif;\">El ex jugador de <strong>Junior de Barranquilla, Edgardo \u2018Pat\u00f3n\u2019 Bauza,<\/strong> quien se retir\u00f3 de toda actividad futbol\u00edstica en octubre de 2021, atraviesa un delicado estado de salud y su condici\u00f3n no es la mejor, se asegur\u00f3 en <strong>Argentina.<\/strong><\/span><\/p>\n<p style=\"text-align: justify;\"><span style=\"font-family: helvetica, arial, sans-serif;\">\u201cBauza tiene muy avanzado el <strong>Alzheimer<\/strong> y hoy est\u00e1 complicado. Al \u2018Pat\u00f3n\u2019 le empez\u00f3 a agarrar despu\u00e9s de la <strong>Copa Argentina.<\/strong> Somos seres muy fr\u00e1giles. Hoy vive en <strong>Quito<\/strong> y un poco en <strong>Rosario.<\/strong> Confunde los colores y hasta el orden de las comidas\u201d, revel\u00f3 el periodista argentino<strong> &#8216;Bambino&#8217; Pons.<\/strong><\/span><\/p>\n<p style=\"text-align: justify;\"><span style=\"font-family: helvetica, arial, sans-serif;\">El ex defensa, quien integr\u00f3 el plantel del equipo barranquillero entre 1983 y 1985, se inici\u00f3 en <strong>Rosario Central<\/strong> y tambi\u00e9n pas\u00f3 por <strong>Independiente de Avellaneda<\/strong> y <strong>Veracruz<\/strong> de <strong>M\u00e9xico.<\/strong><\/span><\/p>\n<p style=\"text-align: justify;\"><span style=\"font-family: helvetica, arial, sans-serif;\">Como entrenador dirigi\u00f3 a <strong>Rosario, V\u00e9lez Sarsfield, Col\u00f3n, San Lorenzo<\/strong> y <strong>Liga de Quito<\/strong>, con el que gan\u00f3 la <strong>Copa Libertadores<\/strong> en 2008.<\/span><\/p>\n<p style=\"text-align: justify;\"><span style=\"font-family: helvetica, arial, sans-serif;\">Adem\u00e1s, estuvo al frente de las selecciones de <strong>Argentina, Emiratos \u00c1rabes<\/strong> y <strong>Arabia Saudita.<\/strong><\/span><\/p>\n","protected":false},"excerpt":{"rendered":"<p>El ex jugador de Junior de Barranquilla, Edgardo \u2018Pat\u00f3n\u2019 Bauza, quien se retir\u00f3 de toda actividad futbol\u00edstica en octubre de 2021, atraviesa un delicado estado de salud y su condici\u00f3n no es la mejor, se asegur\u00f3 en Argentina. \u201cBauza tiene muy avanzado el Alzheimer y hoy est\u00e1 complicado. Al \u2018Pat\u00f3n\u2019 le empez\u00f3 a agarrar despu\u00e9s [&hellip;]<\/p>\n","protected":false},"author":5,"featured_media":80324,"comment_status":"open","ping_status":"closed","sticky":false,"template":"","format":"standard","meta":{"_acf_changed":false,"footnotes":""},"categories":[152],"tags":[471],"class_list":{"0":"post-80323","1":"post","2":"type-post","3":"status-publish","4":"format-standard","5":"has-post-thumbnail","7":"category-mundo-futbol","8":"tag-bauza"},"acf":[],"_links":{"self":[{"href":"https:\/\/futbolhoy.co\/index.php\/wp-json\/wp\/v2\/posts\/80323","targetHints":{"allow":["GET"]}}],"collection":[{"href":"https:\/\/futbolhoy.co\/index.php\/wp-json\/wp\/v2\/posts"}],"about":[{"href":"https:\/\/futbolhoy.co\/index.php\/wp-json\/wp\/v2\/types\/post"}],"author":[{"embeddable":true,"href":"https:\/\/futbolhoy.co\/index.php\/wp-json\/wp\/v2\/users\/5"}],"replies":[{"embeddable":true,"href":"https:\/\/futbolhoy.co\/index.php\/wp-json\/wp\/v2\/comments?post=80323"}],"version-history":[{"count":1,"href":"https:\/\/futbolhoy.co\/index.php\/wp-json\/wp\/v2\/posts\/80323\/revisions"}],"predecessor-version":[{"id":80325,"href":"https:\/\/futbolhoy.co\/index.php\/wp-json\/wp\/v2\/posts\/80323\/revisions\/80325"}],"wp:featuredmedia":[{"embeddable":true,"href":"https:\/\/futbolhoy.co\/index.php\/wp-json\/wp\/v2\/media\/80324"}],"wp:attachment":[{"href":"https:\/\/futbolhoy.co\/index.php\/wp-json\/wp\/v2\/media?parent=80323"}],"wp:term":[{"taxonomy":"category","embeddable":true,"href":"https:\/\/futbolhoy.co\/index.php\/wp-json\/wp\/v2\/categories?post=80323"},{"taxonomy":"post_tag","embeddable":true,"href":"https:\/\/futbolhoy.co\/index.php\/wp-json\/wp\/v2\/tags?post=80323"}],"curies":[{"name":"wp","href":"https:\/\/api.w.org\/{rel}","templated":true}]}}