{"id":80330,"date":"2022-05-21T08:40:00","date_gmt":"2022-05-21T13:40:00","guid":{"rendered":"https:\/\/futbolhoy.co\/?p=80330"},"modified":"2022-05-21T13:08:00","modified_gmt":"2022-05-21T18:08:00","slug":"el-nuevo-dt-de-santa-fe-ya-esta-en-bogota","status":"publish","type":"post","link":"https:\/\/futbolhoy.co\/index.php\/2022\/05\/21\/el-nuevo-dt-de-santa-fe-ya-esta-en-bogota\/","title":{"rendered":"El nuevo DT de Santa Fe ya est\u00e1 en Bogot\u00e1"},"content":{"rendered":"<p style=\"text-align: justify;\"><span style=\"font-family: helvetica, arial, sans-serif;\">El entrenador uruguayo, <strong>Alfredo Arias<\/strong>, arrib\u00f3 en la tarde de este viernes a Bogot\u00e1, para asumir la direcci\u00f3n de <strong>Santa Fe<\/strong> en sustituci\u00f3n de <strong>Grigori M\u00e9ndez \u00a0y Agust\u00edn Julio,<\/strong> quienes estaban encargados tras el retiro del argentino <strong>Mart\u00edn Cardetti<\/strong>.<\/span><\/p>\n<p style=\"text-align: justify;\"><span style=\"font-family: helvetica, arial, sans-serif;\">\u201cNo puse ninguna condici\u00f3n. \u00bfC\u00f3mo voy a poner condiciones para venir a Santa Fe? Es un equipo grande, ganador a nivel sudamericano que pocos lo pueden decir en el mundo. Ninguna condici\u00f3n, solamente el orgullo y el gran honor que me est\u00e1n haciendo\u201d, sostuvo <strong>Arias.<\/strong><\/span><\/p>\n<p style=\"text-align: justify;\"><span style=\"font-family: helvetica, arial, sans-serif;\">El t\u00e9cnico precis\u00f3 que en las pr\u00f3ximas horas firmar\u00e1 su contrato con el equipo cardenal. \u201cTodav\u00eda no hicimos la firma, pero las palabras para m\u00ed son muy importantes. El contrato va a ser hasta finales de 2023. Un a\u00f1o y medio\u201d.<\/span><\/p>\n<p style=\"text-align: justify;\"><span style=\"font-family: helvetica, arial, sans-serif;\">\u201cQuiero ganar en todas las canchas. Nosotros vamos a todas las canchas a proponer lo nuestro. L\u00f3gicamente que dentro de eso siempre hay diferentes estrategias y nombres, pero hay una idea, porque el jugador no puede estar cambiando de un d\u00eda para otro. Nosotros vamos a ir al frente, con pelota y sin pelota, vamos a ir arriba\u201d, agreg\u00f3 Arias sobre la idea de juego que va a implantar.<\/span><\/p>\n<p style=\"text-align: justify;\"><span style=\"font-family: helvetica, arial, sans-serif;\">\u201cHablar\u00e9 con el presidente (<strong>Eduardo M\u00e9ndez),<\/strong> sentaremos las bases para ir armando el equipo definitivo, pero <strong>Santa Fe<\/strong> tiene buen plantel. Si exig\u00ed algo realmente es que ten\u00eda que venir ya y no el primero de junio porque quiero ver la cantera, jugadores que estaban prestados.\u00a0 Tengo que ver, porque el tiempo pasa volando\u201d, puntualiz\u00f3 el estratega.<\/span><\/p>\n<p style=\"text-align: justify;\"><span style=\"font-family: helvetica, arial, sans-serif;\">El equipo tiene previsto reanudar sus entrenamientos, el pr\u00f3ximo 1 de junio.<\/span><\/p>\n","protected":false},"excerpt":{"rendered":"<p>El entrenador uruguayo, Alfredo Arias, arrib\u00f3 en la tarde de este viernes a Bogot\u00e1, para asumir la direcci\u00f3n de Santa Fe en sustituci\u00f3n de Grigori M\u00e9ndez \u00a0y Agust\u00edn Julio, quienes estaban encargados tras el retiro del argentino Mart\u00edn Cardetti. \u201cNo puse ninguna condici\u00f3n. \u00bfC\u00f3mo voy a poner condiciones para venir a Santa Fe? Es un [&hellip;]<\/p>\n","protected":false},"author":5,"featured_media":80331,"comment_status":"open","ping_status":"closed","sticky":false,"template":"","format":"standard","meta":{"_acf_changed":false,"footnotes":""},"categories":[7],"tags":[],"class_list":{"0":"post-80330","1":"post","2":"type-post","3":"status-publish","4":"format-standard","5":"has-post-thumbnail","7":"category-liga-betplay"},"acf":[],"_links":{"self":[{"href":"https:\/\/futbolhoy.co\/index.php\/wp-json\/wp\/v2\/posts\/80330","targetHints":{"allow":["GET"]}}],"collection":[{"href":"https:\/\/futbolhoy.co\/index.php\/wp-json\/wp\/v2\/posts"}],"about":[{"href":"https:\/\/futbolhoy.co\/index.php\/wp-json\/wp\/v2\/types\/post"}],"author":[{"embeddable":true,"href":"https:\/\/futbolhoy.co\/index.php\/wp-json\/wp\/v2\/users\/5"}],"replies":[{"embeddable":true,"href":"https:\/\/futbolhoy.co\/index.php\/wp-json\/wp\/v2\/comments?post=80330"}],"version-history":[{"count":1,"href":"https:\/\/futbolhoy.co\/index.php\/wp-json\/wp\/v2\/posts\/80330\/revisions"}],"predecessor-version":[{"id":80332,"href":"https:\/\/futbolhoy.co\/index.php\/wp-json\/wp\/v2\/posts\/80330\/revisions\/80332"}],"wp:featuredmedia":[{"embeddable":true,"href":"https:\/\/futbolhoy.co\/index.php\/wp-json\/wp\/v2\/media\/80331"}],"wp:attachment":[{"href":"https:\/\/futbolhoy.co\/index.php\/wp-json\/wp\/v2\/media?parent=80330"}],"wp:term":[{"taxonomy":"category","embeddable":true,"href":"https:\/\/futbolhoy.co\/index.php\/wp-json\/wp\/v2\/categories?post=80330"},{"taxonomy":"post_tag","embeddable":true,"href":"https:\/\/futbolhoy.co\/index.php\/wp-json\/wp\/v2\/tags?post=80330"}],"curies":[{"name":"wp","href":"https:\/\/api.w.org\/{rel}","templated":true}]}}