{"id":80470,"date":"2022-05-24T11:34:17","date_gmt":"2022-05-24T16:34:17","guid":{"rendered":"https:\/\/futbolhoy.co\/?p=80470"},"modified":"2022-05-25T10:51:37","modified_gmt":"2022-05-25T15:51:37","slug":"luis-diaz-delantero-destacado-en-europa-cies","status":"publish","type":"post","link":"https:\/\/futbolhoy.co\/index.php\/2022\/05\/24\/luis-diaz-delantero-destacado-en-europa-cies\/","title":{"rendered":"Luis D\u00edaz, delantero destacado en Europa: CIES"},"content":{"rendered":"<p style=\"text-align: justify;\"><span style=\"font-family: helvetica, arial, sans-serif;\">El delantero <strong>Luis D\u00edaz<\/strong> fue incluido entre los atacantes m\u00e1s destacados de la temporada, seg\u00fan el <strong>Centro Internacional de Estudios Deportivos, CIES.<\/strong><\/span><\/p>\n<p style=\"text-align: justify;\"><span style=\"font-family: helvetica, arial, sans-serif;\">D\u00edaz es el segundo mejor delantero en <strong>Inglaterra,<\/strong> donde lo super\u00f3 el brit\u00e1nico <strong>Phil Foden (Manchester City),<\/strong> mientras que en Europa ocupa la tercera posici\u00f3n con un puntaje de<strong> 87.6,<\/strong> superando a figuras como el brasile\u00f1o<strong> Vinicius Jr. (Real Madrid),<\/strong> el polaco<strong> Robert Lewandowski (Bayern M\u00fanich)<\/strong> y el franc\u00e9s<strong> Kylian Mbapp\u00e9 (PSG).<\/strong><\/span><\/p>\n<p style=\"text-align: justify;\"><span style=\"font-family: helvetica, arial, sans-serif;\">El mejor en Europa, es el franc\u00e9s <strong>Karim Benzema (Real Madrid)<\/strong> con un puntaje de 88.2, seguido por Foden con 87.7.<\/span><\/p>\n<p style=\"text-align: justify;\"><span style=\"font-family: helvetica, arial, sans-serif;\">El guajiro fue incluido en el \u2018Once Ideal\u2019 de la<strong> FA Cup<\/strong> en <strong>Inglaterra,<\/strong> torneo que gan\u00f3 con el Liverpool, luego de superar en la final al <strong>Chelsea.<\/strong><\/span><\/p>\n","protected":false},"excerpt":{"rendered":"<p>El delantero Luis D\u00edaz fue incluido entre los atacantes m\u00e1s destacados de la temporada, seg\u00fan el Centro Internacional de Estudios Deportivos, CIES. D\u00edaz es el segundo mejor delantero en Inglaterra, donde lo super\u00f3 el brit\u00e1nico Phil Foden (Manchester City), mientras que en Europa ocupa la tercera posici\u00f3n con un puntaje de 87.6, superando a figuras [&hellip;]<\/p>\n","protected":false},"author":5,"featured_media":80471,"comment_status":"open","ping_status":"open","sticky":false,"template":"","format":"standard","meta":{"_acf_changed":false,"footnotes":""},"categories":[418],"tags":[2133,1309],"class_list":{"0":"post-80470","1":"post","2":"type-post","3":"status-publish","4":"format-standard","5":"has-post-thumbnail","7":"category-colombia","8":"tag-cies","9":"tag-luis-diaz"},"acf":[],"yoast_head":"<!-- This site is optimized with the Yoast SEO plugin v26.8 - https:\/\/yoast.com\/product\/yoast-seo-wordpress\/ -->\n<title>Luis D\u00edaz, delantero destacado en Europa: CIES -<\/title>\n<meta name=\"robots\" content=\"index, follow, max-snippet:-1, max-image-preview:large, max-video-preview:-1\" \/>\n<link rel=\"canonical\" href=\"https:\/\/futbolhoy.co\/index.php\/2022\/05\/24\/luis-diaz-delantero-destacado-en-europa-cies\/\" \/>\n<meta property=\"og:locale\" content=\"es_ES\" \/>\n<meta property=\"og:type\" content=\"article\" \/>\n<meta property=\"og:title\" content=\"Luis D\u00edaz, delantero destacado en Europa: CIES -\" \/>\n<meta property=\"og:description\" content=\"El delantero Luis D\u00edaz fue incluido entre los atacantes m\u00e1s destacados de la temporada, seg\u00fan el Centro Internacional de Estudios Deportivos, CIES. D\u00edaz es el segundo mejor delantero en Inglaterra, donde lo super\u00f3 el brit\u00e1nico Phil Foden (Manchester City), mientras que en Europa ocupa la tercera posici\u00f3n con un puntaje de 87.6, superando a figuras [&hellip;]\" \/>\n<meta property=\"og:url\" content=\"https:\/\/futbolhoy.co\/index.php\/2022\/05\/24\/luis-diaz-delantero-destacado-en-europa-cies\/\" \/>\n<meta property=\"article:publisher\" content=\"https:\/\/www.facebook.com\/FutbolHoyCol\/\" \/>\n<meta property=\"article:published_time\" content=\"2022-05-24T16:34:17+00:00\" \/>\n<meta property=\"article:modified_time\" content=\"2022-05-25T15:51:37+00:00\" \/>\n<meta property=\"og:image\" content=\"https:\/\/futbolhoy.co\/wp-content\/uploads\/2022\/05\/Lucho.gif\" \/>\n\t<meta property=\"og:image:width\" content=\"734\" \/>\n\t<meta property=\"og:image:height\" content=\"603\" \/>\n\t<meta property=\"og:image:type\" content=\"image\/gif\" \/>\n<meta name=\"author\" content=\"Laura Hern\u00e1ndez\" \/>\n<meta name=\"twitter:card\" content=\"summary_large_image\" \/>\n<meta name=\"twitter:creator\" content=\"@FutbolHoyCol\" \/>\n<meta name=\"twitter:site\" content=\"@FutbolHoyCol\" \/>\n<meta name=\"twitter:label1\" content=\"Escrito por\" \/>\n\t<meta name=\"twitter:data1\" content=\"Laura Hern\u00e1ndez\" \/>\n\t<meta name=\"twitter:label2\" content=\"Tiempo de lectura\" \/>\n\t<meta name=\"twitter:data2\" content=\"1 minuto\" \/>\n<script type=\"application\/ld+json\" class=\"yoast-schema-graph\">{\"@context\":\"https:\/\/schema.org\",\"@graph\":[{\"@type\":\"Article\",\"@id\":\"https:\/\/futbolhoy.co\/index.php\/2022\/05\/24\/luis-diaz-delantero-destacado-en-europa-cies\/#article\",\"isPartOf\":{\"@id\":\"https:\/\/futbolhoy.co\/index.php\/2022\/05\/24\/luis-diaz-delantero-destacado-en-europa-cies\/\"},\"author\":{\"name\":\"Laura Hern\u00e1ndez\",\"@id\":\"https:\/\/futbolhoy.co\/#\/schema\/person\/c4a353a512b127643723a34bb1812f7d\"},\"headline\":\"Luis D\u00edaz, delantero destacado en Europa: CIES\",\"datePublished\":\"2022-05-24T16:34:17+00:00\",\"dateModified\":\"2022-05-25T15:51:37+00:00\",\"mainEntityOfPage\":{\"@id\":\"https:\/\/futbolhoy.co\/index.php\/2022\/05\/24\/luis-diaz-delantero-destacado-en-europa-cies\/\"},\"wordCount\":138,\"commentCount\":0,\"publisher\":{\"@id\":\"https:\/\/futbolhoy.co\/#organization\"},\"image\":{\"@id\":\"https:\/\/futbolhoy.co\/index.php\/2022\/05\/24\/luis-diaz-delantero-destacado-en-europa-cies\/#primaryimage\"},\"thumbnailUrl\":\"https:\/\/futbolhoy.co\/wp-content\/uploads\/2022\/05\/Lucho.gif\",\"keywords\":[\"CIES\",\"Luis diaz\"],\"articleSection\":[\"Colombia\"],\"inLanguage\":\"es\",\"potentialAction\":[{\"@type\":\"CommentAction\",\"name\":\"Comment\",\"target\":[\"https:\/\/futbolhoy.co\/index.php\/2022\/05\/24\/luis-diaz-delantero-destacado-en-europa-cies\/#respond\"]}]},{\"@type\":\"WebPage\",\"@id\":\"https:\/\/futbolhoy.co\/index.php\/2022\/05\/24\/luis-diaz-delantero-destacado-en-europa-cies\/\",\"url\":\"https:\/\/futbolhoy.co\/index.php\/2022\/05\/24\/luis-diaz-delantero-destacado-en-europa-cies\/\",\"name\":\"Luis D\u00edaz, delantero destacado en Europa: CIES -\",\"isPartOf\":{\"@id\":\"https:\/\/futbolhoy.co\/#website\"},\"primaryImageOfPage\":{\"@id\":\"https:\/\/futbolhoy.co\/index.php\/2022\/05\/24\/luis-diaz-delantero-destacado-en-europa-cies\/#primaryimage\"},\"image\":{\"@id\":\"https:\/\/futbolhoy.co\/index.php\/2022\/05\/24\/luis-diaz-delantero-destacado-en-europa-cies\/#primaryimage\"},\"thumbnailUrl\":\"https:\/\/futbolhoy.co\/wp-content\/uploads\/2022\/05\/Lucho.gif\",\"datePublished\":\"2022-05-24T16:34:17+00:00\",\"dateModified\":\"2022-05-25T15:51:37+00:00\",\"breadcrumb\":{\"@id\":\"https:\/\/futbolhoy.co\/index.php\/2022\/05\/24\/luis-diaz-delantero-destacado-en-europa-cies\/#breadcrumb\"},\"inLanguage\":\"es\",\"potentialAction\":[{\"@type\":\"ReadAction\",\"target\":[\"https:\/\/futbolhoy.co\/index.php\/2022\/05\/24\/luis-diaz-delantero-destacado-en-europa-cies\/\"]}]},{\"@type\":\"ImageObject\",\"inLanguage\":\"es\",\"@id\":\"https:\/\/futbolhoy.co\/index.php\/2022\/05\/24\/luis-diaz-delantero-destacado-en-europa-cies\/#primaryimage\",\"url\":\"https:\/\/futbolhoy.co\/wp-content\/uploads\/2022\/05\/Lucho.gif\",\"contentUrl\":\"https:\/\/futbolhoy.co\/wp-content\/uploads\/2022\/05\/Lucho.gif\",\"width\":734,\"height\":603},{\"@type\":\"BreadcrumbList\",\"@id\":\"https:\/\/futbolhoy.co\/index.php\/2022\/05\/24\/luis-diaz-delantero-destacado-en-europa-cies\/#breadcrumb\",\"itemListElement\":[{\"@type\":\"ListItem\",\"position\":1,\"name\":\"Portada\",\"item\":\"https:\/\/futbolhoy.co\/\"},{\"@type\":\"ListItem\",\"position\":2,\"name\":\"Luis D\u00edaz, delantero destacado en Europa: CIES\"}]},{\"@type\":\"WebSite\",\"@id\":\"https:\/\/futbolhoy.co\/#website\",\"url\":\"https:\/\/futbolhoy.co\/\",\"name\":\"FutbolHoy\",\"description\":\"\",\"publisher\":{\"@id\":\"https:\/\/futbolhoy.co\/#organization\"},\"potentialAction\":[{\"@type\":\"SearchAction\",\"target\":{\"@type\":\"EntryPoint\",\"urlTemplate\":\"https:\/\/futbolhoy.co\/?s={search_term_string}\"},\"query-input\":{\"@type\":\"PropertyValueSpecification\",\"valueRequired\":true,\"valueName\":\"search_term_string\"}}],\"inLanguage\":\"es\"},{\"@type\":\"Organization\",\"@id\":\"https:\/\/futbolhoy.co\/#organization\",\"name\":\"Futbolhoy.co\",\"url\":\"https:\/\/futbolhoy.co\/\",\"logo\":{\"@type\":\"ImageObject\",\"inLanguage\":\"es\",\"@id\":\"https:\/\/futbolhoy.co\/#\/schema\/logo\/image\/\",\"url\":\"https:\/\/futbolhoy.co\/wp-content\/uploads\/2018\/08\/17426380_1906371736249227_6326180412931521141_n.jpg\",\"contentUrl\":\"https:\/\/futbolhoy.co\/wp-content\/uploads\/2018\/08\/17426380_1906371736249227_6326180412931521141_n.jpg\",\"width\":960,\"height\":960,\"caption\":\"Futbolhoy.co\"},\"image\":{\"@id\":\"https:\/\/futbolhoy.co\/#\/schema\/logo\/image\/\"},\"sameAs\":[\"https:\/\/www.facebook.com\/FutbolHoyCol\/\",\"https:\/\/x.com\/FutbolHoyCol\",\"https:\/\/www.instagram.com\/futbolhoycol\/\"]},{\"@type\":\"Person\",\"@id\":\"https:\/\/futbolhoy.co\/#\/schema\/person\/c4a353a512b127643723a34bb1812f7d\",\"name\":\"Laura Hern\u00e1ndez\",\"image\":{\"@type\":\"ImageObject\",\"inLanguage\":\"es\",\"@id\":\"https:\/\/futbolhoy.co\/#\/schema\/person\/image\/\",\"url\":\"https:\/\/secure.gravatar.com\/avatar\/d25959a15b9b293a743f99181c7cfd01?s=96&d=mm&r=g\",\"contentUrl\":\"https:\/\/secure.gravatar.com\/avatar\/d25959a15b9b293a743f99181c7cfd01?s=96&d=mm&r=g\",\"caption\":\"Laura Hern\u00e1ndez\"}}]}<\/script>\n<!-- \/ Yoast SEO plugin. -->","yoast_head_json":{"title":"Luis D\u00edaz, delantero destacado en Europa: CIES -","robots":{"index":"index","follow":"follow","max-snippet":"max-snippet:-1","max-image-preview":"max-image-preview:large","max-video-preview":"max-video-preview:-1"},"canonical":"https:\/\/futbolhoy.co\/index.php\/2022\/05\/24\/luis-diaz-delantero-destacado-en-europa-cies\/","og_locale":"es_ES","og_type":"article","og_title":"Luis D\u00edaz, delantero destacado en Europa: CIES -","og_description":"El delantero Luis D\u00edaz fue incluido entre los atacantes m\u00e1s destacados de la temporada, seg\u00fan el Centro Internacional de Estudios Deportivos, CIES. D\u00edaz es el segundo mejor delantero en Inglaterra, donde lo super\u00f3 el brit\u00e1nico Phil Foden (Manchester City), mientras que en Europa ocupa la tercera posici\u00f3n con un puntaje de 87.6, superando a figuras [&hellip;]","og_url":"https:\/\/futbolhoy.co\/index.php\/2022\/05\/24\/luis-diaz-delantero-destacado-en-europa-cies\/","article_publisher":"https:\/\/www.facebook.com\/FutbolHoyCol\/","article_published_time":"2022-05-24T16:34:17+00:00","article_modified_time":"2022-05-25T15:51:37+00:00","og_image":[{"width":734,"height":603,"url":"https:\/\/futbolhoy.co\/wp-content\/uploads\/2022\/05\/Lucho.gif","type":"image\/gif"}],"author":"Laura Hern\u00e1ndez","twitter_card":"summary_large_image","twitter_creator":"@FutbolHoyCol","twitter_site":"@FutbolHoyCol","twitter_misc":{"Escrito por":"Laura Hern\u00e1ndez","Tiempo de lectura":"1 minuto"},"schema":{"@context":"https:\/\/schema.org","@graph":[{"@type":"Article","@id":"https:\/\/futbolhoy.co\/index.php\/2022\/05\/24\/luis-diaz-delantero-destacado-en-europa-cies\/#article","isPartOf":{"@id":"https:\/\/futbolhoy.co\/index.php\/2022\/05\/24\/luis-diaz-delantero-destacado-en-europa-cies\/"},"author":{"name":"Laura Hern\u00e1ndez","@id":"https:\/\/futbolhoy.co\/#\/schema\/person\/c4a353a512b127643723a34bb1812f7d"},"headline":"Luis D\u00edaz, delantero destacado en Europa: CIES","datePublished":"2022-05-24T16:34:17+00:00","dateModified":"2022-05-25T15:51:37+00:00","mainEntityOfPage":{"@id":"https:\/\/futbolhoy.co\/index.php\/2022\/05\/24\/luis-diaz-delantero-destacado-en-europa-cies\/"},"wordCount":138,"commentCount":0,"publisher":{"@id":"https:\/\/futbolhoy.co\/#organization"},"image":{"@id":"https:\/\/futbolhoy.co\/index.php\/2022\/05\/24\/luis-diaz-delantero-destacado-en-europa-cies\/#primaryimage"},"thumbnailUrl":"https:\/\/futbolhoy.co\/wp-content\/uploads\/2022\/05\/Lucho.gif","keywords":["CIES","Luis diaz"],"articleSection":["Colombia"],"inLanguage":"es","potentialAction":[{"@type":"CommentAction","name":"Comment","target":["https:\/\/futbolhoy.co\/index.php\/2022\/05\/24\/luis-diaz-delantero-destacado-en-europa-cies\/#respond"]}]},{"@type":"WebPage","@id":"https:\/\/futbolhoy.co\/index.php\/2022\/05\/24\/luis-diaz-delantero-destacado-en-europa-cies\/","url":"https:\/\/futbolhoy.co\/index.php\/2022\/05\/24\/luis-diaz-delantero-destacado-en-europa-cies\/","name":"Luis D\u00edaz, delantero destacado en Europa: CIES -","isPartOf":{"@id":"https:\/\/futbolhoy.co\/#website"},"primaryImageOfPage":{"@id":"https:\/\/futbolhoy.co\/index.php\/2022\/05\/24\/luis-diaz-delantero-destacado-en-europa-cies\/#primaryimage"},"image":{"@id":"https:\/\/futbolhoy.co\/index.php\/2022\/05\/24\/luis-diaz-delantero-destacado-en-europa-cies\/#primaryimage"},"thumbnailUrl":"https:\/\/futbolhoy.co\/wp-content\/uploads\/2022\/05\/Lucho.gif","datePublished":"2022-05-24T16:34:17+00:00","dateModified":"2022-05-25T15:51:37+00:00","breadcrumb":{"@id":"https:\/\/futbolhoy.co\/index.php\/2022\/05\/24\/luis-diaz-delantero-destacado-en-europa-cies\/#breadcrumb"},"inLanguage":"es","potentialAction":[{"@type":"ReadAction","target":["https:\/\/futbolhoy.co\/index.php\/2022\/05\/24\/luis-diaz-delantero-destacado-en-europa-cies\/"]}]},{"@type":"ImageObject","inLanguage":"es","@id":"https:\/\/futbolhoy.co\/index.php\/2022\/05\/24\/luis-diaz-delantero-destacado-en-europa-cies\/#primaryimage","url":"https:\/\/futbolhoy.co\/wp-content\/uploads\/2022\/05\/Lucho.gif","contentUrl":"https:\/\/futbolhoy.co\/wp-content\/uploads\/2022\/05\/Lucho.gif","width":734,"height":603},{"@type":"BreadcrumbList","@id":"https:\/\/futbolhoy.co\/index.php\/2022\/05\/24\/luis-diaz-delantero-destacado-en-europa-cies\/#breadcrumb","itemListElement":[{"@type":"ListItem","position":1,"name":"Portada","item":"https:\/\/futbolhoy.co\/"},{"@type":"ListItem","position":2,"name":"Luis D\u00edaz, delantero destacado en Europa: CIES"}]},{"@type":"WebSite","@id":"https:\/\/futbolhoy.co\/#website","url":"https:\/\/futbolhoy.co\/","name":"FutbolHoy","description":"","publisher":{"@id":"https:\/\/futbolhoy.co\/#organization"},"potentialAction":[{"@type":"SearchAction","target":{"@type":"EntryPoint","urlTemplate":"https:\/\/futbolhoy.co\/?s={search_term_string}"},"query-input":{"@type":"PropertyValueSpecification","valueRequired":true,"valueName":"search_term_string"}}],"inLanguage":"es"},{"@type":"Organization","@id":"https:\/\/futbolhoy.co\/#organization","name":"Futbolhoy.co","url":"https:\/\/futbolhoy.co\/","logo":{"@type":"ImageObject","inLanguage":"es","@id":"https:\/\/futbolhoy.co\/#\/schema\/logo\/image\/","url":"https:\/\/futbolhoy.co\/wp-content\/uploads\/2018\/08\/17426380_1906371736249227_6326180412931521141_n.jpg","contentUrl":"https:\/\/futbolhoy.co\/wp-content\/uploads\/2018\/08\/17426380_1906371736249227_6326180412931521141_n.jpg","width":960,"height":960,"caption":"Futbolhoy.co"},"image":{"@id":"https:\/\/futbolhoy.co\/#\/schema\/logo\/image\/"},"sameAs":["https:\/\/www.facebook.com\/FutbolHoyCol\/","https:\/\/x.com\/FutbolHoyCol","https:\/\/www.instagram.com\/futbolhoycol\/"]},{"@type":"Person","@id":"https:\/\/futbolhoy.co\/#\/schema\/person\/c4a353a512b127643723a34bb1812f7d","name":"Laura Hern\u00e1ndez","image":{"@type":"ImageObject","inLanguage":"es","@id":"https:\/\/futbolhoy.co\/#\/schema\/person\/image\/","url":"https:\/\/secure.gravatar.com\/avatar\/d25959a15b9b293a743f99181c7cfd01?s=96&d=mm&r=g","contentUrl":"https:\/\/secure.gravatar.com\/avatar\/d25959a15b9b293a743f99181c7cfd01?s=96&d=mm&r=g","caption":"Laura Hern\u00e1ndez"}}]}},"publishpress_future_action":{"enabled":false,"date":"2026-05-03 07:38:31","action":"change-status","newStatus":"draft","terms":[],"taxonomy":"category","extraData":[]},"publishpress_future_workflow_manual_trigger":{"enabledWorkflows":[]},"_links":{"self":[{"href":"https:\/\/futbolhoy.co\/index.php\/wp-json\/wp\/v2\/posts\/80470","targetHints":{"allow":["GET"]}}],"collection":[{"href":"https:\/\/futbolhoy.co\/index.php\/wp-json\/wp\/v2\/posts"}],"about":[{"href":"https:\/\/futbolhoy.co\/index.php\/wp-json\/wp\/v2\/types\/post"}],"author":[{"embeddable":true,"href":"https:\/\/futbolhoy.co\/index.php\/wp-json\/wp\/v2\/users\/5"}],"replies":[{"embeddable":true,"href":"https:\/\/futbolhoy.co\/index.php\/wp-json\/wp\/v2\/comments?post=80470"}],"version-history":[{"count":1,"href":"https:\/\/futbolhoy.co\/index.php\/wp-json\/wp\/v2\/posts\/80470\/revisions"}],"predecessor-version":[{"id":80472,"href":"https:\/\/futbolhoy.co\/index.php\/wp-json\/wp\/v2\/posts\/80470\/revisions\/80472"}],"wp:featuredmedia":[{"embeddable":true,"href":"https:\/\/futbolhoy.co\/index.php\/wp-json\/wp\/v2\/media\/80471"}],"wp:attachment":[{"href":"https:\/\/futbolhoy.co\/index.php\/wp-json\/wp\/v2\/media?parent=80470"}],"wp:term":[{"taxonomy":"category","embeddable":true,"href":"https:\/\/futbolhoy.co\/index.php\/wp-json\/wp\/v2\/categories?post=80470"},{"taxonomy":"post_tag","embeddable":true,"href":"https:\/\/futbolhoy.co\/index.php\/wp-json\/wp\/v2\/tags?post=80470"}],"curies":[{"name":"wp","href":"https:\/\/api.w.org\/{rel}","templated":true}]}}